{"id":26484,"date":"2023-03-23T11:05:57","date_gmt":"2023-03-23T10:05:57","guid":{"rendered":"https:\/\/www.article-marketing.eu\/comunicatistampa\/?p=26484"},"modified":"2023-03-22T13:21:30","modified_gmt":"2023-03-22T12:21:30","slug":"cielo-appassionante-1908-in-anteprima-al-festival-film-di-berlino","status":"publish","type":"post","link":"https:\/\/www.article-marketing.eu\/comunicatistampa\/cielo-appassionante-1908-in-anteprima-al-festival-film-di-berlino\/","title":{"rendered":"Cielo Appassionante 1908 in anteprima  al Festival Film di Berlino"},"content":{"rendered":"<p><em>Un omaggio alle origini della cantina vicentina Cielo e Terra che alla kermesse cinematografica porta in anteprima <\/em><em>la selezione premium di famiglia Cielo, nata dalla passione di 4 generazioni<\/em><\/p>\n<p>&nbsp;<\/p>\n<p>Una sorpresa speciale per i visitatori del padiglione italiano del Festival Film Berlino dove la celebre cantina Cielo e Terra \u00e8 presente come wine partner della kermess cinematografica, presentando in anteprima la selezione premium di famiglia Cielo, con Appassionante 1908, nata dalla passione di 4 generazioni.<\/p>\n<p>Tra le eccellenze italiane selezionate da Cinecitt\u00e0 per\u00a0\u00a0<strong>Berlinale\u00a02023<\/strong>\u00a0all&#8217;<strong>Italian Pavilion\u00a0<\/strong>&#8211; c\u2019\u00e8 infatti anche Cielo 1908 che proprio in occasione della rassegna tedesca ha svelato in anteprima la nuova veste del marchio rappresentativo della storica famiglia vicentina.<\/p>\n<p>Gli ospiti che visiteranno la &#8220;casa italiana al Festival&#8221; &#8211;\u00a0 promosso da\u00a0<strong>Cinecitt\u00e0<\/strong>,\u00a0<strong>Direzione generale Cinema e Audiovisivo<\/strong>,\u00a0<strong>MiC<\/strong>,<strong>\u00a0MAECI\u00a0<\/strong>e<strong>\u00a0ICE Agenzia\u00a0<\/strong>potranno degustare cos\u00ec i vini rossi e bianchi della casa vicentina durante i momenti di incontro e condivisione.<\/p>\n<p>\u201c<em>A Berlino abbiamo portato Appassionante Rosso Veneto, gi\u00e0 premiato da James Suckling 92 punti con l&#8217;annata 2019 e il nuovo Appassionante Bianco veneto che verr\u00e0 lanciato al Prowein e Vinitaly 2023. L&#8217;intento di questi vini \u00e8 offrire un ottimo rapporto prezzo qualit\u00e0, con uno stile unico, e di salvaguardare l&#8217;insieme delle variet\u00e0 locali, non abbandonando quelle meno rinomate, ma che possono offrire in un blend sapientemente elaborato dai nostri winemakers. Per la linea appassionante siamo felici di aver trovato anche una bottiglia speciale, conica bassa, ma di solo 410 grammi che rientra nei limiti richiesti da alcune nazioni\u00a0 e persegue il nostro obiettivo di una maggior sostenibilit\u00e0 di filiera<\/em>\u201d spiega <strong>Pierpaolo Cielo, Sales and Marketing manager<\/strong>.<\/p>\n<p>La Berlinale, avr\u00e0 luogo\u00a0<strong>dal 16 al 26 febbraio<\/strong>, sar\u00e0 possibile frequentare il Pavilion del Martin Gropius Bau, nello stand 03\/C6, quartier generale dell&#8217;<strong>European Film Market<\/strong>. Si terranno incontri business, convegni, accoglienza di produzioni, buyers, venditori internazionali.<\/p>\n<p>&nbsp;<\/p>\n<p>www.cieloeterravini.com<\/p>\n<p><strong>Cielo e Terra<\/strong> nasce nel 1908, \u00a0nelle campagne di Vicenza, vicino ai Castelli di Romeo e Giulietta, dove il<strong>\u00a0<\/strong>bisnonno<strong>\u00a0<\/strong>aveva acquistato un piccolo podere con vigneto, Casa Defr\u00e0.\u00a0Il\u00a0nonno Pietro<strong>\u00a0<\/strong>ha proseguito la guida dell\u2019azienda con grande passione impegno sociale. Oggi<strong>\u00a0<\/strong>alla guida dell&#8217;azienda\u00a0ci sono\u00a0Luca e Pierpaolo Cielo, assieme ai soci delle Cantine dei Colli Berici unitisi all\u2019azienda della famiglia Cielo nel 1999. Oggi l\u2019azienda che conta 3000 ettari di vigneto tra Vincenza e Verona, \u00e8 conosciuta in tutto il mondo con i marchi Cielo, Casa Defr\u00e0 e Bericanto. Il gruppo che nel 2021 ha sfiorato i 60 milioni si caratterizza per un approccio socialmente responsabile, orientato alla trasparenza e alla sostenibilit\u00e0. Dopo aver ottenuto la certificazione B Corp, l\u2019azienda ha aderito anche VIVA Sustainable, con l\u2019obiettivo di ottimizzare l\u2019impatto ambientale della filiera vite \u2013 vino. Prima realt\u00e0 vinicola italiana a introdurre in azienda il modello della Lean Organization, Cielo e Terra integra numerosi progetti con un piano di economia circolare, affermandosi come realt\u00e0 in grado di fronteggiare le sfide dei mercati mondiali ed attestare la sua presenza in oltre 60 Paesi.<\/p>\n","protected":false},"excerpt":{"rendered":"<p>Un omaggio alle origini della cantina vicentina Cielo e Terra che alla kermesse cinematografica porta in anteprima la selezione premium di famiglia Cielo, nata dalla passione di 4 generazioni &nbsp; Una sorpresa speciale per i visitatori del padiglione italiano del Festival Film Berlino dove la celebre cantina Cielo e Terra \u00e8 presente come wine partner della kermess cinematografica, presentando in anteprima la selezione premium di famiglia Cielo, con Appassionante 1908,<\/p>\n<p><a class=\"continue-reading\" href=\"https:\/\/www.article-marketing.eu\/comunicatistampa\/cielo-appassionante-1908-in-anteprima-al-festival-film-di-berlino\/\">Continue reading&#8230;<\/a><\/p>\n","protected":false},"author":397,"featured_media":0,"comment_status":"open","ping_status":"open","sticky":false,"template":"","format":"standard","meta":{"_monsterinsights_skip_tracking":false,"_monsterinsights_sitenote_active":false,"_monsterinsights_sitenote_note":"","_monsterinsights_sitenote_category":0,"footnotes":""},"categories":[78],"tags":[],"class_list":["post-26484","post","type-post","status-publish","format-standard","hentry","category-comunicati-stampa"],"yoast_head":"<!-- This site is optimized with the Yoast SEO plugin v27.3 - https:\/\/yoast.com\/product\/yoast-seo-wordpress\/ -->\n<title>Cielo Appassionante 1908 in anteprima al Festival Film di Berlino<\/title>\n<meta name=\"robots\" content=\"index, follow, max-snippet:-1, max-image-preview:large, max-video-preview:-1\" \/>\n<link rel=\"canonical\" href=\"https:\/\/www.article-marketing.eu\/comunicatistampa\/cielo-appassionante-1908-in-anteprima-al-festival-film-di-berlino\/\" \/>\n<meta property=\"og:locale\" content=\"it_IT\" \/>\n<meta property=\"og:type\" content=\"article\" \/>\n<meta property=\"og:title\" content=\"Cielo Appassionante 1908 in anteprima al Festival Film di Berlino\" \/>\n<meta property=\"og:description\" content=\"Un omaggio alle origini della cantina vicentina Cielo e Terra che alla kermesse cinematografica porta in anteprima la selezione premium di famiglia Cielo, nata dalla passione di 4 generazioni &nbsp; Una sorpresa speciale per i visitatori del padiglione italiano del Festival Film Berlino dove la celebre cantina Cielo e Terra \u00e8 presente come wine partner della kermess cinematografica, presentando in anteprima la selezione premium di famiglia Cielo, con Appassionante 1908,Continue reading...\" \/>\n<meta property=\"og:url\" content=\"https:\/\/www.article-marketing.eu\/comunicatistampa\/cielo-appassionante-1908-in-anteprima-al-festival-film-di-berlino\/\" \/>\n<meta property=\"og:site_name\" content=\"Article Marketing\" \/>\n<meta property=\"article:published_time\" content=\"2023-03-23T10:05:57+00:00\" \/>\n<meta name=\"author\" content=\"Borderline Agency\" \/>\n<meta name=\"twitter:card\" content=\"summary_large_image\" \/>\n<meta name=\"twitter:label1\" content=\"Scritto da\" \/>\n\t<meta name=\"twitter:data1\" content=\"Borderline Agency\" \/>\n\t<meta name=\"twitter:label2\" content=\"Tempo di lettura stimato\" \/>\n\t<meta name=\"twitter:data2\" content=\"3 minuti\" \/>\n<script type=\"application\/ld+json\" class=\"yoast-schema-graph\">{\"@context\":\"https:\\\/\\\/schema.org\",\"@graph\":[{\"@type\":\"Article\",\"@id\":\"https:\\\/\\\/www.article-marketing.eu\\\/comunicatistampa\\\/cielo-appassionante-1908-in-anteprima-al-festival-film-di-berlino\\\/#article\",\"isPartOf\":{\"@id\":\"https:\\\/\\\/www.article-marketing.eu\\\/comunicatistampa\\\/cielo-appassionante-1908-in-anteprima-al-festival-film-di-berlino\\\/\"},\"author\":{\"name\":\"Borderline Agency\",\"@id\":\"https:\\\/\\\/www.article-marketing.eu\\\/comunicatistampa\\\/#\\\/schema\\\/person\\\/1c4ab1c7aad84347e26e78235da6ff1b\"},\"headline\":\"Cielo Appassionante 1908 in anteprima al Festival Film di Berlino\",\"datePublished\":\"2023-03-23T10:05:57+00:00\",\"mainEntityOfPage\":{\"@id\":\"https:\\\/\\\/www.article-marketing.eu\\\/comunicatistampa\\\/cielo-appassionante-1908-in-anteprima-al-festival-film-di-berlino\\\/\"},\"wordCount\":493,\"commentCount\":0,\"articleSection\":[\"Comunicati stampa\"],\"inLanguage\":\"it-IT\",\"potentialAction\":[{\"@type\":\"CommentAction\",\"name\":\"Comment\",\"target\":[\"https:\\\/\\\/www.article-marketing.eu\\\/comunicatistampa\\\/cielo-appassionante-1908-in-anteprima-al-festival-film-di-berlino\\\/#respond\"]}]},{\"@type\":\"WebPage\",\"@id\":\"https:\\\/\\\/www.article-marketing.eu\\\/comunicatistampa\\\/cielo-appassionante-1908-in-anteprima-al-festival-film-di-berlino\\\/\",\"url\":\"https:\\\/\\\/www.article-marketing.eu\\\/comunicatistampa\\\/cielo-appassionante-1908-in-anteprima-al-festival-film-di-berlino\\\/\",\"name\":\"Cielo Appassionante 1908 in anteprima al Festival Film di Berlino\",\"isPartOf\":{\"@id\":\"https:\\\/\\\/www.article-marketing.eu\\\/comunicatistampa\\\/#website\"},\"datePublished\":\"2023-03-23T10:05:57+00:00\",\"author\":{\"@id\":\"https:\\\/\\\/www.article-marketing.eu\\\/comunicatistampa\\\/#\\\/schema\\\/person\\\/1c4ab1c7aad84347e26e78235da6ff1b\"},\"breadcrumb\":{\"@id\":\"https:\\\/\\\/www.article-marketing.eu\\\/comunicatistampa\\\/cielo-appassionante-1908-in-anteprima-al-festival-film-di-berlino\\\/#breadcrumb\"},\"inLanguage\":\"it-IT\",\"potentialAction\":[{\"@type\":\"ReadAction\",\"target\":[\"https:\\\/\\\/www.article-marketing.eu\\\/comunicatistampa\\\/cielo-appassionante-1908-in-anteprima-al-festival-film-di-berlino\\\/\"]}]},{\"@type\":\"BreadcrumbList\",\"@id\":\"https:\\\/\\\/www.article-marketing.eu\\\/comunicatistampa\\\/cielo-appassionante-1908-in-anteprima-al-festival-film-di-berlino\\\/#breadcrumb\",\"itemListElement\":[{\"@type\":\"ListItem\",\"position\":1,\"name\":\"Home\",\"item\":\"https:\\\/\\\/www.article-marketing.eu\\\/comunicatistampa\\\/\"},{\"@type\":\"ListItem\",\"position\":2,\"name\":\"Cielo Appassionante 1908 in anteprima al Festival Film di Berlino\"}]},{\"@type\":\"WebSite\",\"@id\":\"https:\\\/\\\/www.article-marketing.eu\\\/comunicatistampa\\\/#website\",\"url\":\"https:\\\/\\\/www.article-marketing.eu\\\/comunicatistampa\\\/\",\"name\":\"Article Marketing\",\"description\":\"article marketing &amp; press release\",\"potentialAction\":[{\"@type\":\"SearchAction\",\"target\":{\"@type\":\"EntryPoint\",\"urlTemplate\":\"https:\\\/\\\/www.article-marketing.eu\\\/comunicatistampa\\\/?s={search_term_string}\"},\"query-input\":{\"@type\":\"PropertyValueSpecification\",\"valueRequired\":true,\"valueName\":\"search_term_string\"}}],\"inLanguage\":\"it-IT\"},{\"@type\":\"Person\",\"@id\":\"https:\\\/\\\/www.article-marketing.eu\\\/comunicatistampa\\\/#\\\/schema\\\/person\\\/1c4ab1c7aad84347e26e78235da6ff1b\",\"name\":\"Borderline Agency\",\"image\":{\"@type\":\"ImageObject\",\"inLanguage\":\"it-IT\",\"@id\":\"https:\\\/\\\/secure.gravatar.com\\\/avatar\\\/741fa053101610cb0be7dc835c116926549ae4ae2142ff35eac04d78fda61461?s=96&d=mm&r=g\",\"url\":\"https:\\\/\\\/secure.gravatar.com\\\/avatar\\\/741fa053101610cb0be7dc835c116926549ae4ae2142ff35eac04d78fda61461?s=96&d=mm&r=g\",\"contentUrl\":\"https:\\\/\\\/secure.gravatar.com\\\/avatar\\\/741fa053101610cb0be7dc835c116926549ae4ae2142ff35eac04d78fda61461?s=96&d=mm&r=g\",\"caption\":\"Borderline Agency\"},\"url\":\"https:\\\/\\\/www.article-marketing.eu\\\/comunicatistampa\\\/author\\\/borderline-agency\\\/\"}]}<\/script>\n<!-- \/ Yoast SEO plugin. -->","yoast_head_json":{"title":"Cielo Appassionante 1908 in anteprima al Festival Film di Berlino","robots":{"index":"index","follow":"follow","max-snippet":"max-snippet:-1","max-image-preview":"max-image-preview:large","max-video-preview":"max-video-preview:-1"},"canonical":"https:\/\/www.article-marketing.eu\/comunicatistampa\/cielo-appassionante-1908-in-anteprima-al-festival-film-di-berlino\/","og_locale":"it_IT","og_type":"article","og_title":"Cielo Appassionante 1908 in anteprima al Festival Film di Berlino","og_description":"Un omaggio alle origini della cantina vicentina Cielo e Terra che alla kermesse cinematografica porta in anteprima la selezione premium di famiglia Cielo, nata dalla passione di 4 generazioni &nbsp; Una sorpresa speciale per i visitatori del padiglione italiano del Festival Film Berlino dove la celebre cantina Cielo e Terra \u00e8 presente come wine partner della kermess cinematografica, presentando in anteprima la selezione premium di famiglia Cielo, con Appassionante 1908,Continue reading...","og_url":"https:\/\/www.article-marketing.eu\/comunicatistampa\/cielo-appassionante-1908-in-anteprima-al-festival-film-di-berlino\/","og_site_name":"Article Marketing","article_published_time":"2023-03-23T10:05:57+00:00","author":"Borderline Agency","twitter_card":"summary_large_image","twitter_misc":{"Scritto da":"Borderline Agency","Tempo di lettura stimato":"3 minuti"},"schema":{"@context":"https:\/\/schema.org","@graph":[{"@type":"Article","@id":"https:\/\/www.article-marketing.eu\/comunicatistampa\/cielo-appassionante-1908-in-anteprima-al-festival-film-di-berlino\/#article","isPartOf":{"@id":"https:\/\/www.article-marketing.eu\/comunicatistampa\/cielo-appassionante-1908-in-anteprima-al-festival-film-di-berlino\/"},"author":{"name":"Borderline Agency","@id":"https:\/\/www.article-marketing.eu\/comunicatistampa\/#\/schema\/person\/1c4ab1c7aad84347e26e78235da6ff1b"},"headline":"Cielo Appassionante 1908 in anteprima al Festival Film di Berlino","datePublished":"2023-03-23T10:05:57+00:00","mainEntityOfPage":{"@id":"https:\/\/www.article-marketing.eu\/comunicatistampa\/cielo-appassionante-1908-in-anteprima-al-festival-film-di-berlino\/"},"wordCount":493,"commentCount":0,"articleSection":["Comunicati stampa"],"inLanguage":"it-IT","potentialAction":[{"@type":"CommentAction","name":"Comment","target":["https:\/\/www.article-marketing.eu\/comunicatistampa\/cielo-appassionante-1908-in-anteprima-al-festival-film-di-berlino\/#respond"]}]},{"@type":"WebPage","@id":"https:\/\/www.article-marketing.eu\/comunicatistampa\/cielo-appassionante-1908-in-anteprima-al-festival-film-di-berlino\/","url":"https:\/\/www.article-marketing.eu\/comunicatistampa\/cielo-appassionante-1908-in-anteprima-al-festival-film-di-berlino\/","name":"Cielo Appassionante 1908 in anteprima al Festival Film di Berlino","isPartOf":{"@id":"https:\/\/www.article-marketing.eu\/comunicatistampa\/#website"},"datePublished":"2023-03-23T10:05:57+00:00","author":{"@id":"https:\/\/www.article-marketing.eu\/comunicatistampa\/#\/schema\/person\/1c4ab1c7aad84347e26e78235da6ff1b"},"breadcrumb":{"@id":"https:\/\/www.article-marketing.eu\/comunicatistampa\/cielo-appassionante-1908-in-anteprima-al-festival-film-di-berlino\/#breadcrumb"},"inLanguage":"it-IT","potentialAction":[{"@type":"ReadAction","target":["https:\/\/www.article-marketing.eu\/comunicatistampa\/cielo-appassionante-1908-in-anteprima-al-festival-film-di-berlino\/"]}]},{"@type":"BreadcrumbList","@id":"https:\/\/www.article-marketing.eu\/comunicatistampa\/cielo-appassionante-1908-in-anteprima-al-festival-film-di-berlino\/#breadcrumb","itemListElement":[{"@type":"ListItem","position":1,"name":"Home","item":"https:\/\/www.article-marketing.eu\/comunicatistampa\/"},{"@type":"ListItem","position":2,"name":"Cielo Appassionante 1908 in anteprima al Festival Film di Berlino"}]},{"@type":"WebSite","@id":"https:\/\/www.article-marketing.eu\/comunicatistampa\/#website","url":"https:\/\/www.article-marketing.eu\/comunicatistampa\/","name":"Article Marketing","description":"article marketing &amp; press release","potentialAction":[{"@type":"SearchAction","target":{"@type":"EntryPoint","urlTemplate":"https:\/\/www.article-marketing.eu\/comunicatistampa\/?s={search_term_string}"},"query-input":{"@type":"PropertyValueSpecification","valueRequired":true,"valueName":"search_term_string"}}],"inLanguage":"it-IT"},{"@type":"Person","@id":"https:\/\/www.article-marketing.eu\/comunicatistampa\/#\/schema\/person\/1c4ab1c7aad84347e26e78235da6ff1b","name":"Borderline Agency","image":{"@type":"ImageObject","inLanguage":"it-IT","@id":"https:\/\/secure.gravatar.com\/avatar\/741fa053101610cb0be7dc835c116926549ae4ae2142ff35eac04d78fda61461?s=96&d=mm&r=g","url":"https:\/\/secure.gravatar.com\/avatar\/741fa053101610cb0be7dc835c116926549ae4ae2142ff35eac04d78fda61461?s=96&d=mm&r=g","contentUrl":"https:\/\/secure.gravatar.com\/avatar\/741fa053101610cb0be7dc835c116926549ae4ae2142ff35eac04d78fda61461?s=96&d=mm&r=g","caption":"Borderline Agency"},"url":"https:\/\/www.article-marketing.eu\/comunicatistampa\/author\/borderline-agency\/"}]}},"_links":{"self":[{"href":"https:\/\/www.article-marketing.eu\/comunicatistampa\/wp-json\/wp\/v2\/posts\/26484","targetHints":{"allow":["GET"]}}],"collection":[{"href":"https:\/\/www.article-marketing.eu\/comunicatistampa\/wp-json\/wp\/v2\/posts"}],"about":[{"href":"https:\/\/www.article-marketing.eu\/comunicatistampa\/wp-json\/wp\/v2\/types\/post"}],"author":[{"embeddable":true,"href":"https:\/\/www.article-marketing.eu\/comunicatistampa\/wp-json\/wp\/v2\/users\/397"}],"replies":[{"embeddable":true,"href":"https:\/\/www.article-marketing.eu\/comunicatistampa\/wp-json\/wp\/v2\/comments?post=26484"}],"version-history":[{"count":2,"href":"https:\/\/www.article-marketing.eu\/comunicatistampa\/wp-json\/wp\/v2\/posts\/26484\/revisions"}],"predecessor-version":[{"id":26706,"href":"https:\/\/www.article-marketing.eu\/comunicatistampa\/wp-json\/wp\/v2\/posts\/26484\/revisions\/26706"}],"wp:attachment":[{"href":"https:\/\/www.article-marketing.eu\/comunicatistampa\/wp-json\/wp\/v2\/media?parent=26484"}],"wp:term":[{"taxonomy":"category","embeddable":true,"href":"https:\/\/www.article-marketing.eu\/comunicatistampa\/wp-json\/wp\/v2\/categories?post=26484"},{"taxonomy":"post_tag","embeddable":true,"href":"https:\/\/www.article-marketing.eu\/comunicatistampa\/wp-json\/wp\/v2\/tags?post=26484"}],"curies":[{"name":"wp","href":"https:\/\/api.w.org\/{rel}","templated":true}]}}