{"id":26486,"date":"2023-03-09T14:02:08","date_gmt":"2023-03-09T13:02:08","guid":{"rendered":"https:\/\/www.article-marketing.eu\/comunicatistampa\/?p=26486"},"modified":"2023-03-09T14:02:08","modified_gmt":"2023-03-09T13:02:08","slug":"il-brand-di-cosmesi-che-celebra-la-bellezza-interiore-della-donna","status":"publish","type":"post","link":"https:\/\/www.article-marketing.eu\/comunicatistampa\/il-brand-di-cosmesi-che-celebra-la-bellezza-interiore-della-donna\/","title":{"rendered":"Il brand di cosmesi che celebra la bellezza interiore della donna"},"content":{"rendered":"<p><em>Un\u2019immagine per ogni mese. Con una serie di opere create dall\u2019artista Alessandra Bolognesi, Crema una Volta racconta, a partire dalla Festa delle Donne, il mondo onirico e interiore che non sempre riescono a mostrare<\/em><\/p>\n<p><em>\u00a0<\/em><\/p>\n<p>La bellezza esteriore ma soprattutto quella interiore. Cos\u00ec <strong>Crema Una Volta celebra con una serie di disegni la donna nella sua totalit\u00e0<\/strong>. Il brand, specializzato nella formulazione di prodotti cosmetici per la cura del corpo, ha arricchito la customer experience delle proprie clienti con un progetto di comunicazione ispirato dalle visioni dell\u2019artista bolognese Alessandra.<\/p>\n<p>La luna ha una storia profonda e misteriosamente affascinante che lega la sua apparente purezza e bellezza ad un celato e profondo mistero derivato dal suo lato oscuro. Cos\u00ec come la luna, la donna appare nella sua bellezza tutti i giorni, curandosi e prendendosi cura di s\u00e9.<\/p>\n<p><strong>Crema Una Volta vuole guardare la bellezza nella sua totalit\u00e0<\/strong>, risaltando ogni aspetto interiore femminile. \u00c8 <strong>questa la dimensione che ha deciso di esaltare e valorizzare attraverso le opere artistiche di Alessandra<\/strong>, che insieme alla dedica firmata con penna, piuma e il calamaio, accompagnano la vendita del prodotto.<\/p>\n<p>\u201c<em>Abbiamo deciso di creare un\u2019immagine per ogni mese<\/em>\u201d \u2013 spiega Davide Masetti, fondatore del brand \u2013 <em>cercando di proporre una bellezza diversa,<\/em><em> non convenzionale. Una donna che raggiunge il culmine del suo fascino grazie ai riflessi di un mondo interiore ampio, meraviglioso e da scoprire\u201d. <\/em><\/p>\n<p>Fin dalla sua nascita nel 2019, Crema Una Volta si caratterizza per l\u2019utilizzo di ingredienti di altissima qualit\u00e0, per la trasparenza nella loro traduzione in italiano e la volont\u00e0 di diffondere prodotti estremamente efficaci. Oltre a ci\u00f2 la creazione di un\u2019esperienza unica ed esclusiva per i suoi clienti: una piccola finestra di pace nel mezzo di un\u2019epoca di stress e tensione dove il tempo riservato a s\u00e9 \u00e8 sempre pi\u00f9 sacrificato. <strong>Con il nuovo progetto artistico ad Edizione Limitata, il brand aggiunge un nuovo tassello alla propria vision arricchendo l\u2019esperienza delle clienti donne<\/strong>, destinatarie di un\u2019attenzione e di uno sguardo inedito che le valorizza nella loro globalit\u00e0.<\/p>\n<p>&nbsp;<\/p>\n<p>www.cremaunavolta.it<\/p>\n<p><strong>Crema una Volta <\/strong>\u00e8 una boutique di cosmesi aperta nel 2019 a Bologna da Davide Masetti, esperto conoscitore del settore da oltre 20 anni. A partire dalla formulazione di formulati efficaci e derivati da ingredienti naturali, la missione del brand \u00e8 quella di regalare ai propri clienti una piccola finestra di pace dove dedicare tempo alla cura di s\u00e9. I prodotti, pura espressione del Made in Italy, sono acquistabili in negozio o sul sito aziendale <a href=\"https:\/\/cremaunavolta.it\/\">https:\/\/cremaunavolta.it\/<\/a><\/p>\n","protected":false},"excerpt":{"rendered":"<p>Un\u2019immagine per ogni mese. Con una serie di opere create dall\u2019artista Alessandra Bolognesi, Crema una Volta racconta, a partire dalla Festa delle Donne, il mondo onirico e interiore che non sempre riescono a mostrare \u00a0 La bellezza esteriore ma soprattutto quella interiore. Cos\u00ec Crema Una Volta celebra con una serie di disegni la donna nella sua totalit\u00e0. Il brand, specializzato nella formulazione di prodotti cosmetici per la cura del corpo,<\/p>\n<p><a class=\"continue-reading\" href=\"https:\/\/www.article-marketing.eu\/comunicatistampa\/il-brand-di-cosmesi-che-celebra-la-bellezza-interiore-della-donna\/\">Continue reading&#8230;<\/a><\/p>\n","protected":false},"author":397,"featured_media":0,"comment_status":"open","ping_status":"open","sticky":false,"template":"","format":"standard","meta":{"_monsterinsights_skip_tracking":false,"_monsterinsights_sitenote_active":false,"_monsterinsights_sitenote_note":"","_monsterinsights_sitenote_category":0,"footnotes":""},"categories":[78],"tags":[],"class_list":["post-26486","post","type-post","status-publish","format-standard","hentry","category-comunicati-stampa"],"yoast_head":"<!-- This site is optimized with the Yoast SEO plugin v27.3 - https:\/\/yoast.com\/product\/yoast-seo-wordpress\/ -->\n<title>Il brand di cosmesi che celebra la bellezza interiore della donna<\/title>\n<meta name=\"robots\" content=\"index, follow, max-snippet:-1, max-image-preview:large, max-video-preview:-1\" \/>\n<link rel=\"canonical\" href=\"https:\/\/www.article-marketing.eu\/comunicatistampa\/il-brand-di-cosmesi-che-celebra-la-bellezza-interiore-della-donna\/\" \/>\n<meta property=\"og:locale\" content=\"it_IT\" \/>\n<meta property=\"og:type\" content=\"article\" \/>\n<meta property=\"og:title\" content=\"Il brand di cosmesi che celebra la bellezza interiore della donna\" \/>\n<meta property=\"og:description\" content=\"Un\u2019immagine per ogni mese. Con una serie di opere create dall\u2019artista Alessandra Bolognesi, Crema una Volta racconta, a partire dalla Festa delle Donne, il mondo onirico e interiore che non sempre riescono a mostrare \u00a0 La bellezza esteriore ma soprattutto quella interiore. Cos\u00ec Crema Una Volta celebra con una serie di disegni la donna nella sua totalit\u00e0. Il brand, specializzato nella formulazione di prodotti cosmetici per la cura del corpo,Continue reading...\" \/>\n<meta property=\"og:url\" content=\"https:\/\/www.article-marketing.eu\/comunicatistampa\/il-brand-di-cosmesi-che-celebra-la-bellezza-interiore-della-donna\/\" \/>\n<meta property=\"og:site_name\" content=\"Article Marketing\" \/>\n<meta property=\"article:published_time\" content=\"2023-03-09T13:02:08+00:00\" \/>\n<meta name=\"author\" content=\"Borderline Agency\" \/>\n<meta name=\"twitter:card\" content=\"summary_large_image\" \/>\n<meta name=\"twitter:label1\" content=\"Scritto da\" \/>\n\t<meta name=\"twitter:data1\" content=\"Borderline Agency\" \/>\n\t<meta name=\"twitter:label2\" content=\"Tempo di lettura stimato\" \/>\n\t<meta name=\"twitter:data2\" content=\"3 minuti\" \/>\n<script type=\"application\/ld+json\" class=\"yoast-schema-graph\">{\"@context\":\"https:\\\/\\\/schema.org\",\"@graph\":[{\"@type\":\"Article\",\"@id\":\"https:\\\/\\\/www.article-marketing.eu\\\/comunicatistampa\\\/il-brand-di-cosmesi-che-celebra-la-bellezza-interiore-della-donna\\\/#article\",\"isPartOf\":{\"@id\":\"https:\\\/\\\/www.article-marketing.eu\\\/comunicatistampa\\\/il-brand-di-cosmesi-che-celebra-la-bellezza-interiore-della-donna\\\/\"},\"author\":{\"name\":\"Borderline Agency\",\"@id\":\"https:\\\/\\\/www.article-marketing.eu\\\/comunicatistampa\\\/#\\\/schema\\\/person\\\/1c4ab1c7aad84347e26e78235da6ff1b\"},\"headline\":\"Il brand di cosmesi che celebra la bellezza interiore della donna\",\"datePublished\":\"2023-03-09T13:02:08+00:00\",\"mainEntityOfPage\":{\"@id\":\"https:\\\/\\\/www.article-marketing.eu\\\/comunicatistampa\\\/il-brand-di-cosmesi-che-celebra-la-bellezza-interiore-della-donna\\\/\"},\"wordCount\":428,\"commentCount\":0,\"articleSection\":[\"Comunicati stampa\"],\"inLanguage\":\"it-IT\",\"potentialAction\":[{\"@type\":\"CommentAction\",\"name\":\"Comment\",\"target\":[\"https:\\\/\\\/www.article-marketing.eu\\\/comunicatistampa\\\/il-brand-di-cosmesi-che-celebra-la-bellezza-interiore-della-donna\\\/#respond\"]}]},{\"@type\":\"WebPage\",\"@id\":\"https:\\\/\\\/www.article-marketing.eu\\\/comunicatistampa\\\/il-brand-di-cosmesi-che-celebra-la-bellezza-interiore-della-donna\\\/\",\"url\":\"https:\\\/\\\/www.article-marketing.eu\\\/comunicatistampa\\\/il-brand-di-cosmesi-che-celebra-la-bellezza-interiore-della-donna\\\/\",\"name\":\"Il brand di cosmesi che celebra la bellezza interiore della donna\",\"isPartOf\":{\"@id\":\"https:\\\/\\\/www.article-marketing.eu\\\/comunicatistampa\\\/#website\"},\"datePublished\":\"2023-03-09T13:02:08+00:00\",\"author\":{\"@id\":\"https:\\\/\\\/www.article-marketing.eu\\\/comunicatistampa\\\/#\\\/schema\\\/person\\\/1c4ab1c7aad84347e26e78235da6ff1b\"},\"breadcrumb\":{\"@id\":\"https:\\\/\\\/www.article-marketing.eu\\\/comunicatistampa\\\/il-brand-di-cosmesi-che-celebra-la-bellezza-interiore-della-donna\\\/#breadcrumb\"},\"inLanguage\":\"it-IT\",\"potentialAction\":[{\"@type\":\"ReadAction\",\"target\":[\"https:\\\/\\\/www.article-marketing.eu\\\/comunicatistampa\\\/il-brand-di-cosmesi-che-celebra-la-bellezza-interiore-della-donna\\\/\"]}]},{\"@type\":\"BreadcrumbList\",\"@id\":\"https:\\\/\\\/www.article-marketing.eu\\\/comunicatistampa\\\/il-brand-di-cosmesi-che-celebra-la-bellezza-interiore-della-donna\\\/#breadcrumb\",\"itemListElement\":[{\"@type\":\"ListItem\",\"position\":1,\"name\":\"Home\",\"item\":\"https:\\\/\\\/www.article-marketing.eu\\\/comunicatistampa\\\/\"},{\"@type\":\"ListItem\",\"position\":2,\"name\":\"Il brand di cosmesi che celebra la bellezza interiore della donna\"}]},{\"@type\":\"WebSite\",\"@id\":\"https:\\\/\\\/www.article-marketing.eu\\\/comunicatistampa\\\/#website\",\"url\":\"https:\\\/\\\/www.article-marketing.eu\\\/comunicatistampa\\\/\",\"name\":\"Article Marketing\",\"description\":\"article marketing &amp; press release\",\"potentialAction\":[{\"@type\":\"SearchAction\",\"target\":{\"@type\":\"EntryPoint\",\"urlTemplate\":\"https:\\\/\\\/www.article-marketing.eu\\\/comunicatistampa\\\/?s={search_term_string}\"},\"query-input\":{\"@type\":\"PropertyValueSpecification\",\"valueRequired\":true,\"valueName\":\"search_term_string\"}}],\"inLanguage\":\"it-IT\"},{\"@type\":\"Person\",\"@id\":\"https:\\\/\\\/www.article-marketing.eu\\\/comunicatistampa\\\/#\\\/schema\\\/person\\\/1c4ab1c7aad84347e26e78235da6ff1b\",\"name\":\"Borderline Agency\",\"image\":{\"@type\":\"ImageObject\",\"inLanguage\":\"it-IT\",\"@id\":\"https:\\\/\\\/secure.gravatar.com\\\/avatar\\\/741fa053101610cb0be7dc835c116926549ae4ae2142ff35eac04d78fda61461?s=96&d=mm&r=g\",\"url\":\"https:\\\/\\\/secure.gravatar.com\\\/avatar\\\/741fa053101610cb0be7dc835c116926549ae4ae2142ff35eac04d78fda61461?s=96&d=mm&r=g\",\"contentUrl\":\"https:\\\/\\\/secure.gravatar.com\\\/avatar\\\/741fa053101610cb0be7dc835c116926549ae4ae2142ff35eac04d78fda61461?s=96&d=mm&r=g\",\"caption\":\"Borderline Agency\"},\"url\":\"https:\\\/\\\/www.article-marketing.eu\\\/comunicatistampa\\\/author\\\/borderline-agency\\\/\"}]}<\/script>\n<!-- \/ Yoast SEO plugin. -->","yoast_head_json":{"title":"Il brand di cosmesi che celebra la bellezza interiore della donna","robots":{"index":"index","follow":"follow","max-snippet":"max-snippet:-1","max-image-preview":"max-image-preview:large","max-video-preview":"max-video-preview:-1"},"canonical":"https:\/\/www.article-marketing.eu\/comunicatistampa\/il-brand-di-cosmesi-che-celebra-la-bellezza-interiore-della-donna\/","og_locale":"it_IT","og_type":"article","og_title":"Il brand di cosmesi che celebra la bellezza interiore della donna","og_description":"Un\u2019immagine per ogni mese. Con una serie di opere create dall\u2019artista Alessandra Bolognesi, Crema una Volta racconta, a partire dalla Festa delle Donne, il mondo onirico e interiore che non sempre riescono a mostrare \u00a0 La bellezza esteriore ma soprattutto quella interiore. Cos\u00ec Crema Una Volta celebra con una serie di disegni la donna nella sua totalit\u00e0. Il brand, specializzato nella formulazione di prodotti cosmetici per la cura del corpo,Continue reading...","og_url":"https:\/\/www.article-marketing.eu\/comunicatistampa\/il-brand-di-cosmesi-che-celebra-la-bellezza-interiore-della-donna\/","og_site_name":"Article Marketing","article_published_time":"2023-03-09T13:02:08+00:00","author":"Borderline Agency","twitter_card":"summary_large_image","twitter_misc":{"Scritto da":"Borderline Agency","Tempo di lettura stimato":"3 minuti"},"schema":{"@context":"https:\/\/schema.org","@graph":[{"@type":"Article","@id":"https:\/\/www.article-marketing.eu\/comunicatistampa\/il-brand-di-cosmesi-che-celebra-la-bellezza-interiore-della-donna\/#article","isPartOf":{"@id":"https:\/\/www.article-marketing.eu\/comunicatistampa\/il-brand-di-cosmesi-che-celebra-la-bellezza-interiore-della-donna\/"},"author":{"name":"Borderline Agency","@id":"https:\/\/www.article-marketing.eu\/comunicatistampa\/#\/schema\/person\/1c4ab1c7aad84347e26e78235da6ff1b"},"headline":"Il brand di cosmesi che celebra la bellezza interiore della donna","datePublished":"2023-03-09T13:02:08+00:00","mainEntityOfPage":{"@id":"https:\/\/www.article-marketing.eu\/comunicatistampa\/il-brand-di-cosmesi-che-celebra-la-bellezza-interiore-della-donna\/"},"wordCount":428,"commentCount":0,"articleSection":["Comunicati stampa"],"inLanguage":"it-IT","potentialAction":[{"@type":"CommentAction","name":"Comment","target":["https:\/\/www.article-marketing.eu\/comunicatistampa\/il-brand-di-cosmesi-che-celebra-la-bellezza-interiore-della-donna\/#respond"]}]},{"@type":"WebPage","@id":"https:\/\/www.article-marketing.eu\/comunicatistampa\/il-brand-di-cosmesi-che-celebra-la-bellezza-interiore-della-donna\/","url":"https:\/\/www.article-marketing.eu\/comunicatistampa\/il-brand-di-cosmesi-che-celebra-la-bellezza-interiore-della-donna\/","name":"Il brand di cosmesi che celebra la bellezza interiore della donna","isPartOf":{"@id":"https:\/\/www.article-marketing.eu\/comunicatistampa\/#website"},"datePublished":"2023-03-09T13:02:08+00:00","author":{"@id":"https:\/\/www.article-marketing.eu\/comunicatistampa\/#\/schema\/person\/1c4ab1c7aad84347e26e78235da6ff1b"},"breadcrumb":{"@id":"https:\/\/www.article-marketing.eu\/comunicatistampa\/il-brand-di-cosmesi-che-celebra-la-bellezza-interiore-della-donna\/#breadcrumb"},"inLanguage":"it-IT","potentialAction":[{"@type":"ReadAction","target":["https:\/\/www.article-marketing.eu\/comunicatistampa\/il-brand-di-cosmesi-che-celebra-la-bellezza-interiore-della-donna\/"]}]},{"@type":"BreadcrumbList","@id":"https:\/\/www.article-marketing.eu\/comunicatistampa\/il-brand-di-cosmesi-che-celebra-la-bellezza-interiore-della-donna\/#breadcrumb","itemListElement":[{"@type":"ListItem","position":1,"name":"Home","item":"https:\/\/www.article-marketing.eu\/comunicatistampa\/"},{"@type":"ListItem","position":2,"name":"Il brand di cosmesi che celebra la bellezza interiore della donna"}]},{"@type":"WebSite","@id":"https:\/\/www.article-marketing.eu\/comunicatistampa\/#website","url":"https:\/\/www.article-marketing.eu\/comunicatistampa\/","name":"Article Marketing","description":"article marketing &amp; press release","potentialAction":[{"@type":"SearchAction","target":{"@type":"EntryPoint","urlTemplate":"https:\/\/www.article-marketing.eu\/comunicatistampa\/?s={search_term_string}"},"query-input":{"@type":"PropertyValueSpecification","valueRequired":true,"valueName":"search_term_string"}}],"inLanguage":"it-IT"},{"@type":"Person","@id":"https:\/\/www.article-marketing.eu\/comunicatistampa\/#\/schema\/person\/1c4ab1c7aad84347e26e78235da6ff1b","name":"Borderline Agency","image":{"@type":"ImageObject","inLanguage":"it-IT","@id":"https:\/\/secure.gravatar.com\/avatar\/741fa053101610cb0be7dc835c116926549ae4ae2142ff35eac04d78fda61461?s=96&d=mm&r=g","url":"https:\/\/secure.gravatar.com\/avatar\/741fa053101610cb0be7dc835c116926549ae4ae2142ff35eac04d78fda61461?s=96&d=mm&r=g","contentUrl":"https:\/\/secure.gravatar.com\/avatar\/741fa053101610cb0be7dc835c116926549ae4ae2142ff35eac04d78fda61461?s=96&d=mm&r=g","caption":"Borderline Agency"},"url":"https:\/\/www.article-marketing.eu\/comunicatistampa\/author\/borderline-agency\/"}]}},"_links":{"self":[{"href":"https:\/\/www.article-marketing.eu\/comunicatistampa\/wp-json\/wp\/v2\/posts\/26486","targetHints":{"allow":["GET"]}}],"collection":[{"href":"https:\/\/www.article-marketing.eu\/comunicatistampa\/wp-json\/wp\/v2\/posts"}],"about":[{"href":"https:\/\/www.article-marketing.eu\/comunicatistampa\/wp-json\/wp\/v2\/types\/post"}],"author":[{"embeddable":true,"href":"https:\/\/www.article-marketing.eu\/comunicatistampa\/wp-json\/wp\/v2\/users\/397"}],"replies":[{"embeddable":true,"href":"https:\/\/www.article-marketing.eu\/comunicatistampa\/wp-json\/wp\/v2\/comments?post=26486"}],"version-history":[{"count":2,"href":"https:\/\/www.article-marketing.eu\/comunicatistampa\/wp-json\/wp\/v2\/posts\/26486\/revisions"}],"predecessor-version":[{"id":26565,"href":"https:\/\/www.article-marketing.eu\/comunicatistampa\/wp-json\/wp\/v2\/posts\/26486\/revisions\/26565"}],"wp:attachment":[{"href":"https:\/\/www.article-marketing.eu\/comunicatistampa\/wp-json\/wp\/v2\/media?parent=26486"}],"wp:term":[{"taxonomy":"category","embeddable":true,"href":"https:\/\/www.article-marketing.eu\/comunicatistampa\/wp-json\/wp\/v2\/categories?post=26486"},{"taxonomy":"post_tag","embeddable":true,"href":"https:\/\/www.article-marketing.eu\/comunicatistampa\/wp-json\/wp\/v2\/tags?post=26486"}],"curies":[{"name":"wp","href":"https:\/\/api.w.org\/{rel}","templated":true}]}}