{"id":26504,"date":"2023-03-09T12:52:42","date_gmt":"2023-03-09T11:52:42","guid":{"rendered":"https:\/\/www.article-marketing.eu\/comunicatistampa\/?p=26504"},"modified":"2023-03-09T12:52:42","modified_gmt":"2023-03-09T11:52:42","slug":"mappa-dei-rischi-2023-di-sace-le-dichiarazioni-dellad-e-dg-alessandra-ricci","status":"publish","type":"post","link":"https:\/\/www.article-marketing.eu\/comunicatistampa\/mappa-dei-rischi-2023-di-sace-le-dichiarazioni-dellad-e-dg-alessandra-ricci\/","title":{"rendered":"Mappa dei Rischi 2023 di SACE: le dichiarazioni dell\u2019AD e DG Alessandra Ricci"},"content":{"rendered":"<p><em><strong>\u201cStabile fragilit\u00e0. Le vie di crescita sostenibile\u201d \u00e8 il titolo dell\u2019edizione 2023 della Mappa dei Rischi di SACE, presentata lo scorso 9 febbraio: per l\u2019AD e DG <a title=\"Alessandra Ricci, AD e Dg di Sace, la priorit\u00e0 \u00e8 investire in sostenibilit\u00e0 \" href=\"https:\/\/www.ansa.it\/sito\/notizie\/economia\/pmi\/2023\/02\/09\/ricci-sace-priorita-investire-in-sostenibilita-e-transizione_1be1ad68-b9fc-41af-b913-429033fe45f7.html\">Alessandra Ricci<\/a> \u00e8 fondamentale puntare sulla sostenibilit\u00e0 e sulla transizione energetica nell\u2019attuale contesto geopolitico.<\/strong><\/em><\/p>\n<p><a title=\"Alessandra Ricci, AD e DG di Sace\" href=\"https:\/\/www.ansa.it\/sito\/notizie\/economia\/pmi\/2023\/02\/09\/ricci-sace-priorita-investire-in-sostenibilita-e-transizione_1be1ad68-b9fc-41af-b913-429033fe45f7.html\"><img loading=\"lazy\" decoding=\"async\" src=\"https:\/\/www.topmanagers.it\/SharingFolder\/TopManager\/it\/ManagerProfilePhoto\/Photo\/alessandra-ricci-topmanagers.jpg\" alt=\"Alessandra Ricci\" width=\"200\" height=\"158\" \/><\/a><\/p>\n<h2>Alessandra Ricci: crescere sui mercati in maniera <em>\u201ccompetitiva, sana e sostenibile\u201d<\/em><\/h2>\n<p><em>\u201cI rischi del credito, politici e climatici dialogano tra loro e vanno letti in maniera integrata, ma emerge con forza il messaggio che sostenibilit\u00e0 e transizione sono priorit\u00e0 imprescindibili su cui investire per sviluppare resilienza e costruire vie di crescita futura per le aziende e per il nostro Paese\u201d<\/em>: ad evidenziarlo \u00e8 <strong>Alessandra Ricci<\/strong>, AD e DG di SACE, durante la presentazione della Mappa dei Rischi 2023, strumento che dal 2006 delinea i profili di rischio per le imprese che esportano e investono nei mercati internazionali. Il quadro presentato evidenzia uno stato di fragilit\u00e0 che rallenta il commercio e le attivit\u00e0 economiche globali, fenomeno integrato da ulteriori elementi quali l\u2019incertezza geopolitica, l\u2019allerta climatica e la crisi energetica. Anche alla luce di ci\u00f2, l\u2019impegno di SACE \u00e8 sempre maggiore per supportare le aziende italiane nello scenario globale: la Mappa dei Rischi guarda proprio in tale direzione, quale strumento chiave per una crescita <em>\u201c<\/em><em>competitiva, sana e sostenibile\u201d<\/em> sui mercati, come ricordato da <strong>Alessandra Ricci<\/strong> nel corso della presentazione.<\/p>\n<h2>Alessandra Ricci: contesto incerto, integrazione tra rischi del credito, politici e climatici<\/h2>\n<p>La Mappa dei Rischi di SACE aggiorna annualmente i profili di rischio per le imprese che esportano e investono in circa 200 mercati esteri: la metodologia impiegata si avvale di un set aggiornato di indicatori che valutano il rischio di credito, il rischio politico e gli aspetti di sostenibilit\u00e0, quali il cambiamento climatico, il benessere sociale e la transizione energetica. Elementi che <em>\u201cdialogano tra loro e vanno letti in maniera integrata\u201d<\/em>, ha specificato <a title=\"Alessandra Ricci, AD e DG di Sace, focus di Ansa \" href=\"https:\/\/www.ansa.it\/sito\/notizie\/economia\/pmi\/2023\/02\/09\/ricci-sace-priorita-investire-in-sostenibilita-e-transizione_1be1ad68-b9fc-41af-b913-429033fe45f7.html\">Alessandra Ricci<\/a>, e per questo motivo <em>\u201cstrumenti come la nostra mappa dei rischi sono oggi pi\u00f9 che mai indispensabili alle imprese italiane per continuare a crescere sui mercati in maniera competitiva, sana e sostenibile\u201d<\/em>. In questo modo SACE prosegue nelle attivit\u00e0 al fianco delle imprese italiane, sostenendole nella crescita e fornendo strumenti adeguati per affrontare al meglio la congiuntura storica in corso. <em>\u201cIl lavoro svolto dal nostro ufficio studi si affianca a tutte le iniziative di formazione e informazione che noi di SACE portiamo avanti per accompagnare ogni giorno le aziende italiane, soprattutto le PMI, in un contesto internazionale fluido e incerto\u201d<\/em>, ha aggiunto <strong>Alessandra Ricci<\/strong> al termine dell\u2019intervento.<\/p>\n","protected":false},"excerpt":{"rendered":"<p>\u201cStabile fragilit\u00e0. Le vie di crescita sostenibile\u201d \u00e8 il titolo dell\u2019edizione 2023 della Mappa dei Rischi di SACE, presentata lo scorso 9 febbraio: per l\u2019AD e DG Alessandra Ricci \u00e8 fondamentale puntare sulla sostenibilit\u00e0 e sulla transizione energetica nell\u2019attuale contesto geopolitico. Alessandra Ricci: crescere sui mercati in maniera \u201ccompetitiva, sana e sostenibile\u201d \u201cI rischi del credito, politici e climatici dialogano tra loro e vanno letti in maniera integrata, ma emerge<\/p>\n<p><a class=\"continue-reading\" href=\"https:\/\/www.article-marketing.eu\/comunicatistampa\/mappa-dei-rischi-2023-di-sace-le-dichiarazioni-dellad-e-dg-alessandra-ricci\/\">Continue reading&#8230;<\/a><\/p>\n","protected":false},"author":6477,"featured_media":0,"comment_status":"open","ping_status":"open","sticky":false,"template":"","format":"standard","meta":{"_monsterinsights_skip_tracking":false,"_monsterinsights_sitenote_active":false,"_monsterinsights_sitenote_note":"","_monsterinsights_sitenote_category":0,"footnotes":""},"categories":[386],"tags":[10148],"class_list":["post-26504","post","type-post","status-publish","format-standard","hentry","category-economia-e-lavoro","tag-alessandra-ricci"],"yoast_head":"<!-- This site is optimized with the Yoast SEO plugin v27.3 - https:\/\/yoast.com\/product\/yoast-seo-wordpress\/ -->\n<title>Mappa dei Rischi 2023 di SACE: le dichiarazioni dell\u2019AD e DG Alessandra Ricci<\/title>\n<meta name=\"robots\" content=\"index, follow, max-snippet:-1, max-image-preview:large, max-video-preview:-1\" \/>\n<link rel=\"canonical\" href=\"https:\/\/www.article-marketing.eu\/comunicatistampa\/mappa-dei-rischi-2023-di-sace-le-dichiarazioni-dellad-e-dg-alessandra-ricci\/\" \/>\n<meta property=\"og:locale\" content=\"it_IT\" \/>\n<meta property=\"og:type\" content=\"article\" \/>\n<meta property=\"og:title\" content=\"Mappa dei Rischi 2023 di SACE: le dichiarazioni dell\u2019AD e DG Alessandra Ricci\" \/>\n<meta property=\"og:description\" content=\"\u201cStabile fragilit\u00e0. Le vie di crescita sostenibile\u201d \u00e8 il titolo dell\u2019edizione 2023 della Mappa dei Rischi di SACE, presentata lo scorso 9 febbraio: per l\u2019AD e DG Alessandra Ricci \u00e8 fondamentale puntare sulla sostenibilit\u00e0 e sulla transizione energetica nell\u2019attuale contesto geopolitico. Alessandra Ricci: crescere sui mercati in maniera \u201ccompetitiva, sana e sostenibile\u201d \u201cI rischi del credito, politici e climatici dialogano tra loro e vanno letti in maniera integrata, ma emergeContinue reading...\" \/>\n<meta property=\"og:url\" content=\"https:\/\/www.article-marketing.eu\/comunicatistampa\/mappa-dei-rischi-2023-di-sace-le-dichiarazioni-dellad-e-dg-alessandra-ricci\/\" \/>\n<meta property=\"og:site_name\" content=\"Article Marketing\" \/>\n<meta property=\"article:published_time\" content=\"2023-03-09T11:52:42+00:00\" \/>\n<meta property=\"og:image\" content=\"https:\/\/www.topmanagers.it\/SharingFolder\/TopManager\/it\/ManagerProfilePhoto\/Photo\/alessandra-ricci-topmanagers.jpg\" \/>\n<meta name=\"author\" content=\"articolinews\" \/>\n<meta name=\"twitter:card\" content=\"summary_large_image\" \/>\n<meta name=\"twitter:label1\" content=\"Scritto da\" \/>\n\t<meta name=\"twitter:data1\" content=\"articolinews\" \/>\n\t<meta name=\"twitter:label2\" content=\"Tempo di lettura stimato\" \/>\n\t<meta name=\"twitter:data2\" content=\"3 minuti\" \/>\n<script type=\"application\/ld+json\" class=\"yoast-schema-graph\">{\"@context\":\"https:\\\/\\\/schema.org\",\"@graph\":[{\"@type\":\"Article\",\"@id\":\"https:\\\/\\\/www.article-marketing.eu\\\/comunicatistampa\\\/mappa-dei-rischi-2023-di-sace-le-dichiarazioni-dellad-e-dg-alessandra-ricci\\\/#article\",\"isPartOf\":{\"@id\":\"https:\\\/\\\/www.article-marketing.eu\\\/comunicatistampa\\\/mappa-dei-rischi-2023-di-sace-le-dichiarazioni-dellad-e-dg-alessandra-ricci\\\/\"},\"author\":{\"name\":\"articolinews\",\"@id\":\"https:\\\/\\\/www.article-marketing.eu\\\/comunicatistampa\\\/#\\\/schema\\\/person\\\/2fcaf8f8f3a9eef9eb7f27532d3ca458\"},\"headline\":\"Mappa dei Rischi 2023 di SACE: le dichiarazioni dell\u2019AD e DG Alessandra Ricci\",\"datePublished\":\"2023-03-09T11:52:42+00:00\",\"mainEntityOfPage\":{\"@id\":\"https:\\\/\\\/www.article-marketing.eu\\\/comunicatistampa\\\/mappa-dei-rischi-2023-di-sace-le-dichiarazioni-dellad-e-dg-alessandra-ricci\\\/\"},\"wordCount\":423,\"commentCount\":0,\"image\":{\"@id\":\"https:\\\/\\\/www.article-marketing.eu\\\/comunicatistampa\\\/mappa-dei-rischi-2023-di-sace-le-dichiarazioni-dellad-e-dg-alessandra-ricci\\\/#primaryimage\"},\"thumbnailUrl\":\"https:\\\/\\\/www.topmanagers.it\\\/SharingFolder\\\/TopManager\\\/it\\\/ManagerProfilePhoto\\\/Photo\\\/alessandra-ricci-topmanagers.jpg\",\"keywords\":[\"Alessandra Ricci\"],\"articleSection\":[\"Economia e lavoro\"],\"inLanguage\":\"it-IT\",\"potentialAction\":[{\"@type\":\"CommentAction\",\"name\":\"Comment\",\"target\":[\"https:\\\/\\\/www.article-marketing.eu\\\/comunicatistampa\\\/mappa-dei-rischi-2023-di-sace-le-dichiarazioni-dellad-e-dg-alessandra-ricci\\\/#respond\"]}]},{\"@type\":\"WebPage\",\"@id\":\"https:\\\/\\\/www.article-marketing.eu\\\/comunicatistampa\\\/mappa-dei-rischi-2023-di-sace-le-dichiarazioni-dellad-e-dg-alessandra-ricci\\\/\",\"url\":\"https:\\\/\\\/www.article-marketing.eu\\\/comunicatistampa\\\/mappa-dei-rischi-2023-di-sace-le-dichiarazioni-dellad-e-dg-alessandra-ricci\\\/\",\"name\":\"Mappa dei Rischi 2023 di SACE: le dichiarazioni dell\u2019AD e DG Alessandra Ricci\",\"isPartOf\":{\"@id\":\"https:\\\/\\\/www.article-marketing.eu\\\/comunicatistampa\\\/#website\"},\"primaryImageOfPage\":{\"@id\":\"https:\\\/\\\/www.article-marketing.eu\\\/comunicatistampa\\\/mappa-dei-rischi-2023-di-sace-le-dichiarazioni-dellad-e-dg-alessandra-ricci\\\/#primaryimage\"},\"image\":{\"@id\":\"https:\\\/\\\/www.article-marketing.eu\\\/comunicatistampa\\\/mappa-dei-rischi-2023-di-sace-le-dichiarazioni-dellad-e-dg-alessandra-ricci\\\/#primaryimage\"},\"thumbnailUrl\":\"https:\\\/\\\/www.topmanagers.it\\\/SharingFolder\\\/TopManager\\\/it\\\/ManagerProfilePhoto\\\/Photo\\\/alessandra-ricci-topmanagers.jpg\",\"datePublished\":\"2023-03-09T11:52:42+00:00\",\"author\":{\"@id\":\"https:\\\/\\\/www.article-marketing.eu\\\/comunicatistampa\\\/#\\\/schema\\\/person\\\/2fcaf8f8f3a9eef9eb7f27532d3ca458\"},\"breadcrumb\":{\"@id\":\"https:\\\/\\\/www.article-marketing.eu\\\/comunicatistampa\\\/mappa-dei-rischi-2023-di-sace-le-dichiarazioni-dellad-e-dg-alessandra-ricci\\\/#breadcrumb\"},\"inLanguage\":\"it-IT\",\"potentialAction\":[{\"@type\":\"ReadAction\",\"target\":[\"https:\\\/\\\/www.article-marketing.eu\\\/comunicatistampa\\\/mappa-dei-rischi-2023-di-sace-le-dichiarazioni-dellad-e-dg-alessandra-ricci\\\/\"]}]},{\"@type\":\"ImageObject\",\"inLanguage\":\"it-IT\",\"@id\":\"https:\\\/\\\/www.article-marketing.eu\\\/comunicatistampa\\\/mappa-dei-rischi-2023-di-sace-le-dichiarazioni-dellad-e-dg-alessandra-ricci\\\/#primaryimage\",\"url\":\"https:\\\/\\\/www.topmanagers.it\\\/SharingFolder\\\/TopManager\\\/it\\\/ManagerProfilePhoto\\\/Photo\\\/alessandra-ricci-topmanagers.jpg\",\"contentUrl\":\"https:\\\/\\\/www.topmanagers.it\\\/SharingFolder\\\/TopManager\\\/it\\\/ManagerProfilePhoto\\\/Photo\\\/alessandra-ricci-topmanagers.jpg\"},{\"@type\":\"BreadcrumbList\",\"@id\":\"https:\\\/\\\/www.article-marketing.eu\\\/comunicatistampa\\\/mappa-dei-rischi-2023-di-sace-le-dichiarazioni-dellad-e-dg-alessandra-ricci\\\/#breadcrumb\",\"itemListElement\":[{\"@type\":\"ListItem\",\"position\":1,\"name\":\"Home\",\"item\":\"https:\\\/\\\/www.article-marketing.eu\\\/comunicatistampa\\\/\"},{\"@type\":\"ListItem\",\"position\":2,\"name\":\"Mappa dei Rischi 2023 di SACE: le dichiarazioni dell\u2019AD e DG Alessandra Ricci\"}]},{\"@type\":\"WebSite\",\"@id\":\"https:\\\/\\\/www.article-marketing.eu\\\/comunicatistampa\\\/#website\",\"url\":\"https:\\\/\\\/www.article-marketing.eu\\\/comunicatistampa\\\/\",\"name\":\"Article Marketing\",\"description\":\"article marketing &amp; press release\",\"potentialAction\":[{\"@type\":\"SearchAction\",\"target\":{\"@type\":\"EntryPoint\",\"urlTemplate\":\"https:\\\/\\\/www.article-marketing.eu\\\/comunicatistampa\\\/?s={search_term_string}\"},\"query-input\":{\"@type\":\"PropertyValueSpecification\",\"valueRequired\":true,\"valueName\":\"search_term_string\"}}],\"inLanguage\":\"it-IT\"},{\"@type\":\"Person\",\"@id\":\"https:\\\/\\\/www.article-marketing.eu\\\/comunicatistampa\\\/#\\\/schema\\\/person\\\/2fcaf8f8f3a9eef9eb7f27532d3ca458\",\"name\":\"articolinews\",\"image\":{\"@type\":\"ImageObject\",\"inLanguage\":\"it-IT\",\"@id\":\"https:\\\/\\\/secure.gravatar.com\\\/avatar\\\/9e2a264bab04e17dea24d937c9956304649a848cb73c46747a692ff1bdeb1cb7?s=96&d=mm&r=g\",\"url\":\"https:\\\/\\\/secure.gravatar.com\\\/avatar\\\/9e2a264bab04e17dea24d937c9956304649a848cb73c46747a692ff1bdeb1cb7?s=96&d=mm&r=g\",\"contentUrl\":\"https:\\\/\\\/secure.gravatar.com\\\/avatar\\\/9e2a264bab04e17dea24d937c9956304649a848cb73c46747a692ff1bdeb1cb7?s=96&d=mm&r=g\",\"caption\":\"articolinews\"},\"url\":\"https:\\\/\\\/www.article-marketing.eu\\\/comunicatistampa\\\/author\\\/articolinews\\\/\"}]}<\/script>\n<!-- \/ Yoast SEO plugin. -->","yoast_head_json":{"title":"Mappa dei Rischi 2023 di SACE: le dichiarazioni dell\u2019AD e DG Alessandra Ricci","robots":{"index":"index","follow":"follow","max-snippet":"max-snippet:-1","max-image-preview":"max-image-preview:large","max-video-preview":"max-video-preview:-1"},"canonical":"https:\/\/www.article-marketing.eu\/comunicatistampa\/mappa-dei-rischi-2023-di-sace-le-dichiarazioni-dellad-e-dg-alessandra-ricci\/","og_locale":"it_IT","og_type":"article","og_title":"Mappa dei Rischi 2023 di SACE: le dichiarazioni dell\u2019AD e DG Alessandra Ricci","og_description":"\u201cStabile fragilit\u00e0. Le vie di crescita sostenibile\u201d \u00e8 il titolo dell\u2019edizione 2023 della Mappa dei Rischi di SACE, presentata lo scorso 9 febbraio: per l\u2019AD e DG Alessandra Ricci \u00e8 fondamentale puntare sulla sostenibilit\u00e0 e sulla transizione energetica nell\u2019attuale contesto geopolitico. Alessandra Ricci: crescere sui mercati in maniera \u201ccompetitiva, sana e sostenibile\u201d \u201cI rischi del credito, politici e climatici dialogano tra loro e vanno letti in maniera integrata, ma emergeContinue reading...","og_url":"https:\/\/www.article-marketing.eu\/comunicatistampa\/mappa-dei-rischi-2023-di-sace-le-dichiarazioni-dellad-e-dg-alessandra-ricci\/","og_site_name":"Article Marketing","article_published_time":"2023-03-09T11:52:42+00:00","og_image":[{"url":"https:\/\/www.topmanagers.it\/SharingFolder\/TopManager\/it\/ManagerProfilePhoto\/Photo\/alessandra-ricci-topmanagers.jpg","type":"","width":"","height":""}],"author":"articolinews","twitter_card":"summary_large_image","twitter_misc":{"Scritto da":"articolinews","Tempo di lettura stimato":"3 minuti"},"schema":{"@context":"https:\/\/schema.org","@graph":[{"@type":"Article","@id":"https:\/\/www.article-marketing.eu\/comunicatistampa\/mappa-dei-rischi-2023-di-sace-le-dichiarazioni-dellad-e-dg-alessandra-ricci\/#article","isPartOf":{"@id":"https:\/\/www.article-marketing.eu\/comunicatistampa\/mappa-dei-rischi-2023-di-sace-le-dichiarazioni-dellad-e-dg-alessandra-ricci\/"},"author":{"name":"articolinews","@id":"https:\/\/www.article-marketing.eu\/comunicatistampa\/#\/schema\/person\/2fcaf8f8f3a9eef9eb7f27532d3ca458"},"headline":"Mappa dei Rischi 2023 di SACE: le dichiarazioni dell\u2019AD e DG Alessandra Ricci","datePublished":"2023-03-09T11:52:42+00:00","mainEntityOfPage":{"@id":"https:\/\/www.article-marketing.eu\/comunicatistampa\/mappa-dei-rischi-2023-di-sace-le-dichiarazioni-dellad-e-dg-alessandra-ricci\/"},"wordCount":423,"commentCount":0,"image":{"@id":"https:\/\/www.article-marketing.eu\/comunicatistampa\/mappa-dei-rischi-2023-di-sace-le-dichiarazioni-dellad-e-dg-alessandra-ricci\/#primaryimage"},"thumbnailUrl":"https:\/\/www.topmanagers.it\/SharingFolder\/TopManager\/it\/ManagerProfilePhoto\/Photo\/alessandra-ricci-topmanagers.jpg","keywords":["Alessandra Ricci"],"articleSection":["Economia e lavoro"],"inLanguage":"it-IT","potentialAction":[{"@type":"CommentAction","name":"Comment","target":["https:\/\/www.article-marketing.eu\/comunicatistampa\/mappa-dei-rischi-2023-di-sace-le-dichiarazioni-dellad-e-dg-alessandra-ricci\/#respond"]}]},{"@type":"WebPage","@id":"https:\/\/www.article-marketing.eu\/comunicatistampa\/mappa-dei-rischi-2023-di-sace-le-dichiarazioni-dellad-e-dg-alessandra-ricci\/","url":"https:\/\/www.article-marketing.eu\/comunicatistampa\/mappa-dei-rischi-2023-di-sace-le-dichiarazioni-dellad-e-dg-alessandra-ricci\/","name":"Mappa dei Rischi 2023 di SACE: le dichiarazioni dell\u2019AD e DG Alessandra Ricci","isPartOf":{"@id":"https:\/\/www.article-marketing.eu\/comunicatistampa\/#website"},"primaryImageOfPage":{"@id":"https:\/\/www.article-marketing.eu\/comunicatistampa\/mappa-dei-rischi-2023-di-sace-le-dichiarazioni-dellad-e-dg-alessandra-ricci\/#primaryimage"},"image":{"@id":"https:\/\/www.article-marketing.eu\/comunicatistampa\/mappa-dei-rischi-2023-di-sace-le-dichiarazioni-dellad-e-dg-alessandra-ricci\/#primaryimage"},"thumbnailUrl":"https:\/\/www.topmanagers.it\/SharingFolder\/TopManager\/it\/ManagerProfilePhoto\/Photo\/alessandra-ricci-topmanagers.jpg","datePublished":"2023-03-09T11:52:42+00:00","author":{"@id":"https:\/\/www.article-marketing.eu\/comunicatistampa\/#\/schema\/person\/2fcaf8f8f3a9eef9eb7f27532d3ca458"},"breadcrumb":{"@id":"https:\/\/www.article-marketing.eu\/comunicatistampa\/mappa-dei-rischi-2023-di-sace-le-dichiarazioni-dellad-e-dg-alessandra-ricci\/#breadcrumb"},"inLanguage":"it-IT","potentialAction":[{"@type":"ReadAction","target":["https:\/\/www.article-marketing.eu\/comunicatistampa\/mappa-dei-rischi-2023-di-sace-le-dichiarazioni-dellad-e-dg-alessandra-ricci\/"]}]},{"@type":"ImageObject","inLanguage":"it-IT","@id":"https:\/\/www.article-marketing.eu\/comunicatistampa\/mappa-dei-rischi-2023-di-sace-le-dichiarazioni-dellad-e-dg-alessandra-ricci\/#primaryimage","url":"https:\/\/www.topmanagers.it\/SharingFolder\/TopManager\/it\/ManagerProfilePhoto\/Photo\/alessandra-ricci-topmanagers.jpg","contentUrl":"https:\/\/www.topmanagers.it\/SharingFolder\/TopManager\/it\/ManagerProfilePhoto\/Photo\/alessandra-ricci-topmanagers.jpg"},{"@type":"BreadcrumbList","@id":"https:\/\/www.article-marketing.eu\/comunicatistampa\/mappa-dei-rischi-2023-di-sace-le-dichiarazioni-dellad-e-dg-alessandra-ricci\/#breadcrumb","itemListElement":[{"@type":"ListItem","position":1,"name":"Home","item":"https:\/\/www.article-marketing.eu\/comunicatistampa\/"},{"@type":"ListItem","position":2,"name":"Mappa dei Rischi 2023 di SACE: le dichiarazioni dell\u2019AD e DG Alessandra Ricci"}]},{"@type":"WebSite","@id":"https:\/\/www.article-marketing.eu\/comunicatistampa\/#website","url":"https:\/\/www.article-marketing.eu\/comunicatistampa\/","name":"Article Marketing","description":"article marketing &amp; press release","potentialAction":[{"@type":"SearchAction","target":{"@type":"EntryPoint","urlTemplate":"https:\/\/www.article-marketing.eu\/comunicatistampa\/?s={search_term_string}"},"query-input":{"@type":"PropertyValueSpecification","valueRequired":true,"valueName":"search_term_string"}}],"inLanguage":"it-IT"},{"@type":"Person","@id":"https:\/\/www.article-marketing.eu\/comunicatistampa\/#\/schema\/person\/2fcaf8f8f3a9eef9eb7f27532d3ca458","name":"articolinews","image":{"@type":"ImageObject","inLanguage":"it-IT","@id":"https:\/\/secure.gravatar.com\/avatar\/9e2a264bab04e17dea24d937c9956304649a848cb73c46747a692ff1bdeb1cb7?s=96&d=mm&r=g","url":"https:\/\/secure.gravatar.com\/avatar\/9e2a264bab04e17dea24d937c9956304649a848cb73c46747a692ff1bdeb1cb7?s=96&d=mm&r=g","contentUrl":"https:\/\/secure.gravatar.com\/avatar\/9e2a264bab04e17dea24d937c9956304649a848cb73c46747a692ff1bdeb1cb7?s=96&d=mm&r=g","caption":"articolinews"},"url":"https:\/\/www.article-marketing.eu\/comunicatistampa\/author\/articolinews\/"}]}},"_links":{"self":[{"href":"https:\/\/www.article-marketing.eu\/comunicatistampa\/wp-json\/wp\/v2\/posts\/26504","targetHints":{"allow":["GET"]}}],"collection":[{"href":"https:\/\/www.article-marketing.eu\/comunicatistampa\/wp-json\/wp\/v2\/posts"}],"about":[{"href":"https:\/\/www.article-marketing.eu\/comunicatistampa\/wp-json\/wp\/v2\/types\/post"}],"author":[{"embeddable":true,"href":"https:\/\/www.article-marketing.eu\/comunicatistampa\/wp-json\/wp\/v2\/users\/6477"}],"replies":[{"embeddable":true,"href":"https:\/\/www.article-marketing.eu\/comunicatistampa\/wp-json\/wp\/v2\/comments?post=26504"}],"version-history":[{"count":2,"href":"https:\/\/www.article-marketing.eu\/comunicatistampa\/wp-json\/wp\/v2\/posts\/26504\/revisions"}],"predecessor-version":[{"id":26541,"href":"https:\/\/www.article-marketing.eu\/comunicatistampa\/wp-json\/wp\/v2\/posts\/26504\/revisions\/26541"}],"wp:attachment":[{"href":"https:\/\/www.article-marketing.eu\/comunicatistampa\/wp-json\/wp\/v2\/media?parent=26504"}],"wp:term":[{"taxonomy":"category","embeddable":true,"href":"https:\/\/www.article-marketing.eu\/comunicatistampa\/wp-json\/wp\/v2\/categories?post=26504"},{"taxonomy":"post_tag","embeddable":true,"href":"https:\/\/www.article-marketing.eu\/comunicatistampa\/wp-json\/wp\/v2\/tags?post=26504"}],"curies":[{"name":"wp","href":"https:\/\/api.w.org\/{rel}","templated":true}]}}