{"id":26531,"date":"2023-03-09T14:05:59","date_gmt":"2023-03-09T13:05:59","guid":{"rendered":"https:\/\/www.article-marketing.eu\/comunicatistampa\/?p=26531"},"modified":"2023-03-09T14:05:59","modified_gmt":"2023-03-09T13:05:59","slug":"le-rose-e-il-deserto-due-note-soltanto","status":"publish","type":"post","link":"https:\/\/www.article-marketing.eu\/comunicatistampa\/le-rose-e-il-deserto-due-note-soltanto\/","title":{"rendered":"Le rose e il deserto &#8211; Due note soltanto"},"content":{"rendered":"<p class=\"p1\" style=\"text-align: center;\"><span class=\"s1\"><i>Il nuovo singolo estratto da \u201cCocci sparsi\u201d, l\u2019album del cantautore Luca Cassano<br \/>\n<\/i><\/span><i>Una canzone che parla della bellezza e della poesia nascosta nei profumi<\/i><\/p>\n<p><img loading=\"lazy\" decoding=\"async\" class=\"aligncenter\" src=\"https:\/\/www.joyfreepress.com\/wp-content\/uploads\/2023\/03\/Duenotesoltanto-3661x3661-1.jpg\" width=\"370\" height=\"370\" \/><\/p>\n<p class=\"p3\"><span class=\"s1\">La memoria olfattiva \u00e8 una delle pi\u00f9 profonde del nostro inconscio eppure profumi e odori sono sfuggenti e incontrollati e non possiamo richiamarli alla mente quando ne sentiamo il bisogno. <\/span><\/p>\n<p class=\"p3\"><span class=\"s1\">\u00ab<i>Siamo vittime, schiavi, dell\u2019udito e della vista. Possiamo ricordare il colore rosso pensando al sangue o a un semaforo. Possiamo ricordare e riprodurre lo stridio delle ruote sull\u2019asfalto oppure la voce del nostro compagno di banco delle elementari. Ma non possiamo in alcun modo ricordare i profumi: non possiamo rievocare il profumo dei capelli della mamma o l\u2019odore del mare in un giorno di maggio.<\/i>\u00bb <b>Le rose e il deserto<\/b><\/span><\/p>\n<p class=\"p3\"><span class=\"s1\">\u201cDue note soltanto\u201d \u00e8 una delle dieci canzoni che compongono \u201cCocci sparsi\u201d, <b>viaggio dal piccolo, personale e domestico al grande e universale<\/b>. Si guarda alla vita partendo, per forza di cose, da quella che si conosce meglio, la propria, per allargare gradualmente l\u2019inquadratura canzone dopo canzone. <\/span><\/p>\n<p class=\"p3\"><span class=\"s1\">Al contempo il disco \u00e8 un viaggio fra i generi e le sonorit\u00e0, nato dall\u2019incontro\/scontro fra i mondi musicali di<b> Luca Cassano (voce, penna e anima de Le rose e il deserto) <\/b>e <b>Martino Cuman <\/b>(<i>Non voglio che Clara<\/i>) che ha prodotto il disco, oltre a suonare il basso e cantare i cori su tutti i brani. Il disco \u00e8 <b>profondamente ispirato dalle sonorit\u00e0 acustiche e dall\u2019elettronica rarefatta delle ultime produzioni di Niccol\u00f2 Fabi e Piercortese, <\/b>mantenendo al tempo stesso la profondissima impronta cantautorale di <b>dieci canzoni nate sul taccuino e sulla chitarra<\/b>. <\/span><\/p>\n<p class=\"p3\"><span class=\"s2\"><b>Dicono di Cocci Sparsi<\/b><\/span><\/p>\n<p class=\"p3\"><span class=\"s1\">\u00ab<i>Lo spirito \u00e8 semplice, lo stile \u00e8 diretto, le emozioni sincere e universali<\/i>\u00bb <b>Rumore<\/b><\/span><\/p>\n<p class=\"p3\"><span class=\"s1\">\u00ab<i>\u2026E il risultato \u00e8 delicato, ricco di aria espansa dentro lunghi tratti strumentali e questa voce di periferia, cruda ai bordi, lontana, narrante da un tempo che sembra non questo.<\/i>\u00bb<b> Raro pi\u00f9<\/b><\/span><\/p>\n<p class=\"p3\"><span class=\"s1\">\u00ab<i>Sono davvero cocci sparsi queste dieci belle e intense canzoni. Dieci storie, dieci film mentali, raccontati con semplicit\u00e0 e gusto da cantautore classico con riferimenti internazionali<\/i>.\u00bb<b> Il blog dell\u2019alligatore<\/b><\/span><\/p>\n<p class=\"p3\"><span class=\"s1\">\u00ab<i>Tante le influenze sonore, gli stili e le suggestioni musicali che Le Rose e Il Deserto ha inserito all\u2019interno di questo lavoro, eleganti componenti elettronici, arrangiamenti in cui i synth sono la matrice sonora pi\u00f9 definita e marcata ma anche una parte pi\u00f9 folk e indie, oltre che la lezione cantautorale della scuola romana<\/i>.\u00bb<b> RockOn<\/b><\/span><\/p>\n<p class=\"p4\"><span class=\"s1\">Etichetta: <b> PFMusic<br \/>\n<\/b>Release album: <b>18 novembre 2022<\/b><\/span><\/p>\n<p class=\"p3\"><span class=\"s1\"><b>Le rose e il deserto<\/b> \u00e8 il progetto artistico di Luca Cassano, un po&#8217; calabrese, un po&#8217; pisano, attualmente milanese. <\/span><\/p>\n<p class=\"p3\"><span class=\"s1\">Come un Tuareg, Luca osserva le dune metropolitane alla ricerca delle poesie che spontaneamente affiorano dalle sabbie della sua immaginazione. Il testo \u00e8 al centro della sua ricerca: il suo interesse \u00e8 nei suoni e nelle immagini che le parole da sole, anche senza musica, sono in grado di evocare. Le rose e il deserto \u00e8 un progetto con due anime. Da un lato l\u2019esigenza di esternare le proprie inquietudini, le paure e le passioni, la malinconia. Dall&#8217;altro la voglia di gridare contro le ingiustizie che quotidianamente osserviamo.<\/span><\/p>\n<p class=\"p3\"><span class=\"s1\">Nato a Corigliano Calabro, in provincia di Cosenza nel 1985, Luca Cassano studia sin da ragazzino chitarra e pianoforte. I lunghi e noiosi pomeriggi di solfeggio insieme alla vecchia maestra di musica ben presto lo allontaneranno per\u00f2 dagli strumenti. Per i successivi vent&#8217;anni Luca si dedicher\u00e0 esclusivamente alla lettura di qualsiasi forma di testo scritto passasse per casa iniziando contemporaneamente ad avvicinarsi alla scrittura di poesie. Alla soglia dei trent&#8217;anni, da poco arrivato a Milano, decide di riprendere la via abbandonata e di affiancare la chitarra ai testi e poesie che nel frattempo aveva prodotto. Inizia cos\u00ec l&#8217;attivit\u00e0 di busking che viene affiancata dalle serate nei locali di Milano dove suona cover con il duo che nel frattempo aveva fondato con l&#8217;allora coinquilino: i <i>Citofonare Colombo<\/i>. Allo scioglimento del duo, Luca decide che \u00e8 arrivato il momento di lanciare un progetto con cui portare sui palchi le canzoni che nel frattempo prendevano vita: \u00e8 la primavera del 2018 e nascono <i>Le rose e il deserto<\/i>. Dopo il primo anno e mezzo, in cui si muove sui palchi di Milano e della Lombardia, nell&#8217;autunno 2019 il progetto entra in studio, presso le Manifatture Morselli Recording di Modena per registrare l&#8217;EP d&#8217;esordio, intitolato &#8220;Io non sono sabbia&#8221; pubblicato per PFMusic nel giugno del 2020. Nel Marzo 2021 Le rose e il deserto ha anche pubblicato la sua prima raccolta di poesie, intitolata &#8220;Poesie a gettoni vol.1&#8221;. <\/span><\/p>\n<p class=\"p3\"><span class=\"s1\">Le rose e il deserto ha avuto il piacere di aprire i concerti di <b>Gnut, Bianco, Nicol\u00f2 Carnesi, The Niro, kuTso, Sandro Joyeux, Gianluca De Rubertis, Federico Sirianni, Livia Ferri, Andrea Labanca e Rufus Coates &amp; Jess Smith.<\/b><\/span><\/p>\n<p class=\"p3\"><span class=\"s1\">Fra gli altri, Le rose del deserto ha avuto l&#8217;opportunit\u00e0 di suonare a Milano nei circoli Ohib\u00f3 e Bellezza e allo storico Legend Club, al circolo Tambourine di Seregno, al salotto di Mao a Torino, a Ferrara per la rassegna<i> Il silenzio del cantautore<\/i>, a Roma per la rassegna <i>Piccoli concerti<\/i>, al Joe Koala ad Osio Sopra, al teatro San Teodoro di Cant\u00f9, al circolo Scuotivento di Monza, al Catomes tot di Reggio Emilia. Il 18 novembre 2022 pubblica \u201cCocci sparsi\u201d. <\/span><\/p>\n<p class=\"p5\"><span class=\"s2\"><b>Contatti social<\/b><\/span><\/p>\n<p class=\"p6\"><span class=\"s3\"><b>Facebook<\/b><\/span><span class=\"s4\"><b><br \/>\n<\/b><a href=\"https:\/\/m.facebook.com\/leroseeildeserto\"><span class=\"s5\">https:\/\/m.facebook.com\/leroseeildeserto<\/span><\/a><br \/>\n<\/span><span class=\"s3\"><b>Instagram<\/b><\/span><span class=\"s4\"><b><br \/>\n<\/b><a href=\"https:\/\/www.instagram.com\/leroseeildeserto_music\/\"><span class=\"s5\">https:\/\/www.instagram.com\/leroseeildeserto_music\/<\/span><\/a><br \/>\n<\/span><span class=\"s3\"><b>Spotify<\/b><\/span><span class=\"s4\"><br \/>\n<a href=\"https:\/\/open.spotify.com\/artist\/7uzNihnFzWlwef1vHCe1Ry?si=vWGpmdMzRryAqVssBfY8_A&amp;nd=1\"><span class=\"s5\">https:\/\/open.spotify.com\/artist\/7uzNihnFzWlwef1vHCe1Ry?si=vWGpmdMzRryAqVssBfY8_A&amp;nd=1<\/span><\/a><br \/>\n<\/span><span class=\"s3\"><b>Youtube<\/b><\/span><span class=\"s4\"><br \/>\n<span class=\"s5\">https:\/\/www.youtube.com\/channel\/UCwMeiPcJVWIiEFoFU-29dfw<\/span><\/span><\/p>\n","protected":false},"excerpt":{"rendered":"<p>Il nuovo singolo estratto da \u201cCocci sparsi\u201d, l\u2019album del cantautore Luca Cassano Una canzone che parla della bellezza e della poesia nascosta nei profumi La memoria olfattiva \u00e8 una delle pi\u00f9 profonde del nostro inconscio eppure profumi e odori sono sfuggenti e incontrollati e non possiamo richiamarli alla mente quando ne sentiamo il bisogno. \u00abSiamo vittime, schiavi, dell\u2019udito e della vista. Possiamo ricordare il colore rosso pensando al sangue o<\/p>\n<p><a class=\"continue-reading\" href=\"https:\/\/www.article-marketing.eu\/comunicatistampa\/le-rose-e-il-deserto-due-note-soltanto\/\">Continue reading&#8230;<\/a><\/p>\n","protected":false},"author":1680,"featured_media":0,"comment_status":"open","ping_status":"open","sticky":false,"template":"","format":"standard","meta":{"_monsterinsights_skip_tracking":false,"_monsterinsights_sitenote_active":false,"_monsterinsights_sitenote_note":"","_monsterinsights_sitenote_category":0,"footnotes":""},"categories":[411],"tags":[10475,6963,3522],"class_list":["post-26531","post","type-post","status-publish","format-standard","hentry","category-musica","tag-le-rose-e-il-deserto","tag-new","tag-singolo"],"yoast_head":"<!-- This site is optimized with the Yoast SEO plugin v27.3 - https:\/\/yoast.com\/product\/yoast-seo-wordpress\/ -->\n<title>Le rose e il deserto - Due note soltanto - Article Marketing<\/title>\n<meta name=\"robots\" content=\"index, follow, max-snippet:-1, max-image-preview:large, max-video-preview:-1\" \/>\n<link rel=\"canonical\" href=\"https:\/\/www.article-marketing.eu\/comunicatistampa\/le-rose-e-il-deserto-due-note-soltanto\/\" \/>\n<meta property=\"og:locale\" content=\"it_IT\" \/>\n<meta property=\"og:type\" content=\"article\" \/>\n<meta property=\"og:title\" content=\"Le rose e il deserto - Due note soltanto - Article Marketing\" \/>\n<meta property=\"og:description\" content=\"Il nuovo singolo estratto da \u201cCocci sparsi\u201d, l\u2019album del cantautore Luca Cassano Una canzone che parla della bellezza e della poesia nascosta nei profumi La memoria olfattiva \u00e8 una delle pi\u00f9 profonde del nostro inconscio eppure profumi e odori sono sfuggenti e incontrollati e non possiamo richiamarli alla mente quando ne sentiamo il bisogno. \u00abSiamo vittime, schiavi, dell\u2019udito e della vista. Possiamo ricordare il colore rosso pensando al sangue oContinue reading...\" \/>\n<meta property=\"og:url\" content=\"https:\/\/www.article-marketing.eu\/comunicatistampa\/le-rose-e-il-deserto-due-note-soltanto\/\" \/>\n<meta property=\"og:site_name\" content=\"Article Marketing\" \/>\n<meta property=\"article:published_time\" content=\"2023-03-09T13:05:59+00:00\" \/>\n<meta property=\"og:image\" content=\"https:\/\/www.joyfreepress.com\/wp-content\/uploads\/2023\/03\/Duenotesoltanto-3661x3661-1.jpg\" \/>\n<meta name=\"author\" content=\"Micro961\" \/>\n<meta name=\"twitter:card\" content=\"summary_large_image\" \/>\n<meta name=\"twitter:label1\" content=\"Scritto da\" \/>\n\t<meta name=\"twitter:data1\" content=\"Micro961\" \/>\n\t<meta name=\"twitter:label2\" content=\"Tempo di lettura stimato\" \/>\n\t<meta name=\"twitter:data2\" content=\"5 minuti\" \/>\n<script type=\"application\/ld+json\" class=\"yoast-schema-graph\">{\"@context\":\"https:\\\/\\\/schema.org\",\"@graph\":[{\"@type\":\"Article\",\"@id\":\"https:\\\/\\\/www.article-marketing.eu\\\/comunicatistampa\\\/le-rose-e-il-deserto-due-note-soltanto\\\/#article\",\"isPartOf\":{\"@id\":\"https:\\\/\\\/www.article-marketing.eu\\\/comunicatistampa\\\/le-rose-e-il-deserto-due-note-soltanto\\\/\"},\"author\":{\"name\":\"Micro961\",\"@id\":\"https:\\\/\\\/www.article-marketing.eu\\\/comunicatistampa\\\/#\\\/schema\\\/person\\\/9beeb909be59832a9bcbec84cb3786f5\"},\"headline\":\"Le rose e il deserto &#8211; Due note soltanto\",\"datePublished\":\"2023-03-09T13:05:59+00:00\",\"mainEntityOfPage\":{\"@id\":\"https:\\\/\\\/www.article-marketing.eu\\\/comunicatistampa\\\/le-rose-e-il-deserto-due-note-soltanto\\\/\"},\"wordCount\":900,\"commentCount\":0,\"image\":{\"@id\":\"https:\\\/\\\/www.article-marketing.eu\\\/comunicatistampa\\\/le-rose-e-il-deserto-due-note-soltanto\\\/#primaryimage\"},\"thumbnailUrl\":\"https:\\\/\\\/www.joyfreepress.com\\\/wp-content\\\/uploads\\\/2023\\\/03\\\/Duenotesoltanto-3661x3661-1.jpg\",\"keywords\":[\"Le rose e il deserto\",\"New\",\"Singolo\"],\"articleSection\":[\"Musica\"],\"inLanguage\":\"it-IT\",\"potentialAction\":[{\"@type\":\"CommentAction\",\"name\":\"Comment\",\"target\":[\"https:\\\/\\\/www.article-marketing.eu\\\/comunicatistampa\\\/le-rose-e-il-deserto-due-note-soltanto\\\/#respond\"]}]},{\"@type\":\"WebPage\",\"@id\":\"https:\\\/\\\/www.article-marketing.eu\\\/comunicatistampa\\\/le-rose-e-il-deserto-due-note-soltanto\\\/\",\"url\":\"https:\\\/\\\/www.article-marketing.eu\\\/comunicatistampa\\\/le-rose-e-il-deserto-due-note-soltanto\\\/\",\"name\":\"Le rose e il deserto - Due note soltanto - Article Marketing\",\"isPartOf\":{\"@id\":\"https:\\\/\\\/www.article-marketing.eu\\\/comunicatistampa\\\/#website\"},\"primaryImageOfPage\":{\"@id\":\"https:\\\/\\\/www.article-marketing.eu\\\/comunicatistampa\\\/le-rose-e-il-deserto-due-note-soltanto\\\/#primaryimage\"},\"image\":{\"@id\":\"https:\\\/\\\/www.article-marketing.eu\\\/comunicatistampa\\\/le-rose-e-il-deserto-due-note-soltanto\\\/#primaryimage\"},\"thumbnailUrl\":\"https:\\\/\\\/www.joyfreepress.com\\\/wp-content\\\/uploads\\\/2023\\\/03\\\/Duenotesoltanto-3661x3661-1.jpg\",\"datePublished\":\"2023-03-09T13:05:59+00:00\",\"author\":{\"@id\":\"https:\\\/\\\/www.article-marketing.eu\\\/comunicatistampa\\\/#\\\/schema\\\/person\\\/9beeb909be59832a9bcbec84cb3786f5\"},\"breadcrumb\":{\"@id\":\"https:\\\/\\\/www.article-marketing.eu\\\/comunicatistampa\\\/le-rose-e-il-deserto-due-note-soltanto\\\/#breadcrumb\"},\"inLanguage\":\"it-IT\",\"potentialAction\":[{\"@type\":\"ReadAction\",\"target\":[\"https:\\\/\\\/www.article-marketing.eu\\\/comunicatistampa\\\/le-rose-e-il-deserto-due-note-soltanto\\\/\"]}]},{\"@type\":\"ImageObject\",\"inLanguage\":\"it-IT\",\"@id\":\"https:\\\/\\\/www.article-marketing.eu\\\/comunicatistampa\\\/le-rose-e-il-deserto-due-note-soltanto\\\/#primaryimage\",\"url\":\"https:\\\/\\\/www.joyfreepress.com\\\/wp-content\\\/uploads\\\/2023\\\/03\\\/Duenotesoltanto-3661x3661-1.jpg\",\"contentUrl\":\"https:\\\/\\\/www.joyfreepress.com\\\/wp-content\\\/uploads\\\/2023\\\/03\\\/Duenotesoltanto-3661x3661-1.jpg\"},{\"@type\":\"BreadcrumbList\",\"@id\":\"https:\\\/\\\/www.article-marketing.eu\\\/comunicatistampa\\\/le-rose-e-il-deserto-due-note-soltanto\\\/#breadcrumb\",\"itemListElement\":[{\"@type\":\"ListItem\",\"position\":1,\"name\":\"Home\",\"item\":\"https:\\\/\\\/www.article-marketing.eu\\\/comunicatistampa\\\/\"},{\"@type\":\"ListItem\",\"position\":2,\"name\":\"Le rose e il deserto &#8211; Due note soltanto\"}]},{\"@type\":\"WebSite\",\"@id\":\"https:\\\/\\\/www.article-marketing.eu\\\/comunicatistampa\\\/#website\",\"url\":\"https:\\\/\\\/www.article-marketing.eu\\\/comunicatistampa\\\/\",\"name\":\"Article Marketing\",\"description\":\"article marketing &amp; press release\",\"potentialAction\":[{\"@type\":\"SearchAction\",\"target\":{\"@type\":\"EntryPoint\",\"urlTemplate\":\"https:\\\/\\\/www.article-marketing.eu\\\/comunicatistampa\\\/?s={search_term_string}\"},\"query-input\":{\"@type\":\"PropertyValueSpecification\",\"valueRequired\":true,\"valueName\":\"search_term_string\"}}],\"inLanguage\":\"it-IT\"},{\"@type\":\"Person\",\"@id\":\"https:\\\/\\\/www.article-marketing.eu\\\/comunicatistampa\\\/#\\\/schema\\\/person\\\/9beeb909be59832a9bcbec84cb3786f5\",\"name\":\"Micro961\",\"image\":{\"@type\":\"ImageObject\",\"inLanguage\":\"it-IT\",\"@id\":\"https:\\\/\\\/secure.gravatar.com\\\/avatar\\\/cd6f5864b85cc3687c05b2965bb186afcd70a2a89789a156c92a4f1d66e87827?s=96&d=mm&r=g\",\"url\":\"https:\\\/\\\/secure.gravatar.com\\\/avatar\\\/cd6f5864b85cc3687c05b2965bb186afcd70a2a89789a156c92a4f1d66e87827?s=96&d=mm&r=g\",\"contentUrl\":\"https:\\\/\\\/secure.gravatar.com\\\/avatar\\\/cd6f5864b85cc3687c05b2965bb186afcd70a2a89789a156c92a4f1d66e87827?s=96&d=mm&r=g\",\"caption\":\"Micro961\"},\"url\":\"https:\\\/\\\/www.article-marketing.eu\\\/comunicatistampa\\\/author\\\/micro961\\\/\"}]}<\/script>\n<!-- \/ Yoast SEO plugin. -->","yoast_head_json":{"title":"Le rose e il deserto - Due note soltanto - Article Marketing","robots":{"index":"index","follow":"follow","max-snippet":"max-snippet:-1","max-image-preview":"max-image-preview:large","max-video-preview":"max-video-preview:-1"},"canonical":"https:\/\/www.article-marketing.eu\/comunicatistampa\/le-rose-e-il-deserto-due-note-soltanto\/","og_locale":"it_IT","og_type":"article","og_title":"Le rose e il deserto - Due note soltanto - Article Marketing","og_description":"Il nuovo singolo estratto da \u201cCocci sparsi\u201d, l\u2019album del cantautore Luca Cassano Una canzone che parla della bellezza e della poesia nascosta nei profumi La memoria olfattiva \u00e8 una delle pi\u00f9 profonde del nostro inconscio eppure profumi e odori sono sfuggenti e incontrollati e non possiamo richiamarli alla mente quando ne sentiamo il bisogno. \u00abSiamo vittime, schiavi, dell\u2019udito e della vista. Possiamo ricordare il colore rosso pensando al sangue oContinue reading...","og_url":"https:\/\/www.article-marketing.eu\/comunicatistampa\/le-rose-e-il-deserto-due-note-soltanto\/","og_site_name":"Article Marketing","article_published_time":"2023-03-09T13:05:59+00:00","og_image":[{"url":"https:\/\/www.joyfreepress.com\/wp-content\/uploads\/2023\/03\/Duenotesoltanto-3661x3661-1.jpg","type":"","width":"","height":""}],"author":"Micro961","twitter_card":"summary_large_image","twitter_misc":{"Scritto da":"Micro961","Tempo di lettura stimato":"5 minuti"},"schema":{"@context":"https:\/\/schema.org","@graph":[{"@type":"Article","@id":"https:\/\/www.article-marketing.eu\/comunicatistampa\/le-rose-e-il-deserto-due-note-soltanto\/#article","isPartOf":{"@id":"https:\/\/www.article-marketing.eu\/comunicatistampa\/le-rose-e-il-deserto-due-note-soltanto\/"},"author":{"name":"Micro961","@id":"https:\/\/www.article-marketing.eu\/comunicatistampa\/#\/schema\/person\/9beeb909be59832a9bcbec84cb3786f5"},"headline":"Le rose e il deserto &#8211; Due note soltanto","datePublished":"2023-03-09T13:05:59+00:00","mainEntityOfPage":{"@id":"https:\/\/www.article-marketing.eu\/comunicatistampa\/le-rose-e-il-deserto-due-note-soltanto\/"},"wordCount":900,"commentCount":0,"image":{"@id":"https:\/\/www.article-marketing.eu\/comunicatistampa\/le-rose-e-il-deserto-due-note-soltanto\/#primaryimage"},"thumbnailUrl":"https:\/\/www.joyfreepress.com\/wp-content\/uploads\/2023\/03\/Duenotesoltanto-3661x3661-1.jpg","keywords":["Le rose e il deserto","New","Singolo"],"articleSection":["Musica"],"inLanguage":"it-IT","potentialAction":[{"@type":"CommentAction","name":"Comment","target":["https:\/\/www.article-marketing.eu\/comunicatistampa\/le-rose-e-il-deserto-due-note-soltanto\/#respond"]}]},{"@type":"WebPage","@id":"https:\/\/www.article-marketing.eu\/comunicatistampa\/le-rose-e-il-deserto-due-note-soltanto\/","url":"https:\/\/www.article-marketing.eu\/comunicatistampa\/le-rose-e-il-deserto-due-note-soltanto\/","name":"Le rose e il deserto - Due note soltanto - Article Marketing","isPartOf":{"@id":"https:\/\/www.article-marketing.eu\/comunicatistampa\/#website"},"primaryImageOfPage":{"@id":"https:\/\/www.article-marketing.eu\/comunicatistampa\/le-rose-e-il-deserto-due-note-soltanto\/#primaryimage"},"image":{"@id":"https:\/\/www.article-marketing.eu\/comunicatistampa\/le-rose-e-il-deserto-due-note-soltanto\/#primaryimage"},"thumbnailUrl":"https:\/\/www.joyfreepress.com\/wp-content\/uploads\/2023\/03\/Duenotesoltanto-3661x3661-1.jpg","datePublished":"2023-03-09T13:05:59+00:00","author":{"@id":"https:\/\/www.article-marketing.eu\/comunicatistampa\/#\/schema\/person\/9beeb909be59832a9bcbec84cb3786f5"},"breadcrumb":{"@id":"https:\/\/www.article-marketing.eu\/comunicatistampa\/le-rose-e-il-deserto-due-note-soltanto\/#breadcrumb"},"inLanguage":"it-IT","potentialAction":[{"@type":"ReadAction","target":["https:\/\/www.article-marketing.eu\/comunicatistampa\/le-rose-e-il-deserto-due-note-soltanto\/"]}]},{"@type":"ImageObject","inLanguage":"it-IT","@id":"https:\/\/www.article-marketing.eu\/comunicatistampa\/le-rose-e-il-deserto-due-note-soltanto\/#primaryimage","url":"https:\/\/www.joyfreepress.com\/wp-content\/uploads\/2023\/03\/Duenotesoltanto-3661x3661-1.jpg","contentUrl":"https:\/\/www.joyfreepress.com\/wp-content\/uploads\/2023\/03\/Duenotesoltanto-3661x3661-1.jpg"},{"@type":"BreadcrumbList","@id":"https:\/\/www.article-marketing.eu\/comunicatistampa\/le-rose-e-il-deserto-due-note-soltanto\/#breadcrumb","itemListElement":[{"@type":"ListItem","position":1,"name":"Home","item":"https:\/\/www.article-marketing.eu\/comunicatistampa\/"},{"@type":"ListItem","position":2,"name":"Le rose e il deserto &#8211; Due note soltanto"}]},{"@type":"WebSite","@id":"https:\/\/www.article-marketing.eu\/comunicatistampa\/#website","url":"https:\/\/www.article-marketing.eu\/comunicatistampa\/","name":"Article Marketing","description":"article marketing &amp; press release","potentialAction":[{"@type":"SearchAction","target":{"@type":"EntryPoint","urlTemplate":"https:\/\/www.article-marketing.eu\/comunicatistampa\/?s={search_term_string}"},"query-input":{"@type":"PropertyValueSpecification","valueRequired":true,"valueName":"search_term_string"}}],"inLanguage":"it-IT"},{"@type":"Person","@id":"https:\/\/www.article-marketing.eu\/comunicatistampa\/#\/schema\/person\/9beeb909be59832a9bcbec84cb3786f5","name":"Micro961","image":{"@type":"ImageObject","inLanguage":"it-IT","@id":"https:\/\/secure.gravatar.com\/avatar\/cd6f5864b85cc3687c05b2965bb186afcd70a2a89789a156c92a4f1d66e87827?s=96&d=mm&r=g","url":"https:\/\/secure.gravatar.com\/avatar\/cd6f5864b85cc3687c05b2965bb186afcd70a2a89789a156c92a4f1d66e87827?s=96&d=mm&r=g","contentUrl":"https:\/\/secure.gravatar.com\/avatar\/cd6f5864b85cc3687c05b2965bb186afcd70a2a89789a156c92a4f1d66e87827?s=96&d=mm&r=g","caption":"Micro961"},"url":"https:\/\/www.article-marketing.eu\/comunicatistampa\/author\/micro961\/"}]}},"_links":{"self":[{"href":"https:\/\/www.article-marketing.eu\/comunicatistampa\/wp-json\/wp\/v2\/posts\/26531","targetHints":{"allow":["GET"]}}],"collection":[{"href":"https:\/\/www.article-marketing.eu\/comunicatistampa\/wp-json\/wp\/v2\/posts"}],"about":[{"href":"https:\/\/www.article-marketing.eu\/comunicatistampa\/wp-json\/wp\/v2\/types\/post"}],"author":[{"embeddable":true,"href":"https:\/\/www.article-marketing.eu\/comunicatistampa\/wp-json\/wp\/v2\/users\/1680"}],"replies":[{"embeddable":true,"href":"https:\/\/www.article-marketing.eu\/comunicatistampa\/wp-json\/wp\/v2\/comments?post=26531"}],"version-history":[{"count":2,"href":"https:\/\/www.article-marketing.eu\/comunicatistampa\/wp-json\/wp\/v2\/posts\/26531\/revisions"}],"predecessor-version":[{"id":26573,"href":"https:\/\/www.article-marketing.eu\/comunicatistampa\/wp-json\/wp\/v2\/posts\/26531\/revisions\/26573"}],"wp:attachment":[{"href":"https:\/\/www.article-marketing.eu\/comunicatistampa\/wp-json\/wp\/v2\/media?parent=26531"}],"wp:term":[{"taxonomy":"category","embeddable":true,"href":"https:\/\/www.article-marketing.eu\/comunicatistampa\/wp-json\/wp\/v2\/categories?post=26531"},{"taxonomy":"post_tag","embeddable":true,"href":"https:\/\/www.article-marketing.eu\/comunicatistampa\/wp-json\/wp\/v2\/tags?post=26531"}],"curies":[{"name":"wp","href":"https:\/\/api.w.org\/{rel}","templated":true}]}}