{"id":26580,"date":"2023-03-10T10:17:46","date_gmt":"2023-03-10T09:17:46","guid":{"rendered":"https:\/\/www.article-marketing.eu\/comunicatistampa\/?p=26580"},"modified":"2023-03-10T10:17:46","modified_gmt":"2023-03-10T09:17:46","slug":"federico-motta-editore-lorigine-della-famiglia-addams-e-il-successo-della-serie-mercoledi","status":"publish","type":"post","link":"https:\/\/www.article-marketing.eu\/comunicatistampa\/federico-motta-editore-lorigine-della-famiglia-addams-e-il-successo-della-serie-mercoledi\/","title":{"rendered":"Federico Motta Editore: l\u2019origine della famiglia Addams e il successo della serie Mercoled\u00ec"},"content":{"rendered":"<p><em><strong>Ispirandosi al successo della serie trasmessa su Netflix, Mercoled\u00ec, <a title=\"Federico Motta Editore, profilo aziendale \" href=\"https:\/\/www.webbrand.it\/Federico-Motta-Editore\/\">Federico Motta Editore<\/a> ripercorre in un articolo la storia dell\u2019iconica famiglia Addams.<\/strong><\/em><\/p>\n<p><img loading=\"lazy\" decoding=\"async\" src=\"http:\/\/www.webbrand.it\/images\/comprofiler\/0_5dbb11c262864.png\" alt=\"Federico Motta Editore\" width=\"200\" height=\"152\" \/><\/p>\n<h2>Federico Motta Editore: la nascita della Famiglia Addams<\/h2>\n<p>Icona della cultura popolare, la famiglia Addams \u00e8 recentemente tornata sotto una nuova veste grazie alla piattaforma Netflix. Ma qual \u00e8 l\u2019origine dei suoi personaggi? Come ricorda <a title=\"Federico Motta Editore su Web Brand \" href=\"https:\/\/www.webbrand.it\/Federico-Motta-Editore\/\">Federico Motta Editore<\/a>, pochi sanno che la celebre e macabra famiglia nacque grazie a Charles Addams, un disegnatore americano le cui vignette satiriche venivano pubblicate sul giornale <em>The New Yorker<\/em>. \u00c8 su quelle stesse pagine che la famiglia, caratterizzata dal tono gotico e dall\u2019umorismo nero, ha visto la luce nel 1938. Mercoled\u00ec Addams ha invece fatto la sua comparsa nel 1940: il nome fu scelto successivamente quando, negli anni \u201860, furono prodotte le prime bambole del personaggio. Passando da serie televisive, cartoni animati e film, l\u2019iconica famiglia ha avuto successo in tutto il mondo (<em>La famiglia Addams<\/em>, 1964-1966 e l\u2019omonima serie animata, 1973). La primogenita, in particolare, ha recentemente riscosso grande fama grazie alla serie <em>Mercoled\u00ec<\/em>, interpretata da Jenna Ortega e prodotta da Tim Burton, conquistando le giovani generazioni. L\u2019interesse per storie fantastiche e comiche per\u00f2, ricorda <strong>Federico Motta Editore<\/strong>, nacque agli albori del cinema.<\/p>\n<h2>Federico Motta Editore: la storia del cinema<\/h2>\n<p>Mentre Mercoled\u00ec Addams conquista il pubblico del nuovo millennio, la Casa Editrice ricorda l\u2019inizio della storia del cinema e come questo mezzo abbia da sempre raccontato storie fantastiche e comiche. La data di nascita del cinema, specifica Monica Dall\u2019Asta sull\u2019<em>Et\u00e0 Moderna <\/em>di <strong>Federico Motta Editore<\/strong>, viene convenzionalmente posta il 28 dicembre 1895 quando i fratelli Lumi\u00e8re proiettarono il loro primo film al Grand Caf\u00e9 di Parigi, utilizzando il cinematografo da loro inventato. Gi\u00e0 all\u2019epoca si affermarono vari generi di film tra cui quelli comici che ruotavano attorno a una sola gag. Con il tempo, il cinema conobbe numerose innovazioni tecniche, tra queste i primi effetti speciali di Georges M\u00e9li\u00e8s: applicando al cinema alcuni trucchi da illusionista riusc\u00ec a regalare un\u2019atmosfera fiabesca e fantastica ai suoi film. Nel corso degli anni la pellicola a colori e le proiezioni con il sonoro divennero una realt\u00e0 (rispettivamente negli anni \u201820 e \u201830). Infine, ricorda ancora <strong>Federico Motta Editore<\/strong>, a partire dal 1907 nacquero i primi edifici adibiti esclusivamente alle proiezioni.<\/p>\n","protected":false},"excerpt":{"rendered":"<p>Ispirandosi al successo della serie trasmessa su Netflix, Mercoled\u00ec, Federico Motta Editore ripercorre in un articolo la storia dell\u2019iconica famiglia Addams. Federico Motta Editore: la nascita della Famiglia Addams Icona della cultura popolare, la famiglia Addams \u00e8 recentemente tornata sotto una nuova veste grazie alla piattaforma Netflix. Ma qual \u00e8 l\u2019origine dei suoi personaggi? Come ricorda Federico Motta Editore, pochi sanno che la celebre e macabra famiglia nacque grazie a<\/p>\n<p><a class=\"continue-reading\" href=\"https:\/\/www.article-marketing.eu\/comunicatistampa\/federico-motta-editore-lorigine-della-famiglia-addams-e-il-successo-della-serie-mercoledi\/\">Continue reading&#8230;<\/a><\/p>\n","protected":false},"author":6477,"featured_media":0,"comment_status":"open","ping_status":"open","sticky":false,"template":"","format":"standard","meta":{"_monsterinsights_skip_tracking":false,"_monsterinsights_sitenote_active":false,"_monsterinsights_sitenote_note":"","_monsterinsights_sitenote_category":0,"footnotes":""},"categories":[78],"tags":[9413],"class_list":["post-26580","post","type-post","status-publish","format-standard","hentry","category-comunicati-stampa","tag-federico-motta-editore"],"yoast_head":"<!-- This site is optimized with the Yoast SEO plugin v27.3 - https:\/\/yoast.com\/product\/yoast-seo-wordpress\/ -->\n<title>Federico Motta Editore: l\u2019origine della famiglia Addams e il successo della serie Mercoled\u00ec<\/title>\n<meta name=\"robots\" content=\"index, follow, max-snippet:-1, max-image-preview:large, max-video-preview:-1\" \/>\n<link rel=\"canonical\" href=\"https:\/\/www.article-marketing.eu\/comunicatistampa\/federico-motta-editore-lorigine-della-famiglia-addams-e-il-successo-della-serie-mercoledi\/\" \/>\n<meta property=\"og:locale\" content=\"it_IT\" \/>\n<meta property=\"og:type\" content=\"article\" \/>\n<meta property=\"og:title\" content=\"Federico Motta Editore: l\u2019origine della famiglia Addams e il successo della serie Mercoled\u00ec\" \/>\n<meta property=\"og:description\" content=\"Ispirandosi al successo della serie trasmessa su Netflix, Mercoled\u00ec, Federico Motta Editore ripercorre in un articolo la storia dell\u2019iconica famiglia Addams. Federico Motta Editore: la nascita della Famiglia Addams Icona della cultura popolare, la famiglia Addams \u00e8 recentemente tornata sotto una nuova veste grazie alla piattaforma Netflix. Ma qual \u00e8 l\u2019origine dei suoi personaggi? Come ricorda Federico Motta Editore, pochi sanno che la celebre e macabra famiglia nacque grazie aContinue reading...\" \/>\n<meta property=\"og:url\" content=\"https:\/\/www.article-marketing.eu\/comunicatistampa\/federico-motta-editore-lorigine-della-famiglia-addams-e-il-successo-della-serie-mercoledi\/\" \/>\n<meta property=\"og:site_name\" content=\"Article Marketing\" \/>\n<meta property=\"article:published_time\" content=\"2023-03-10T09:17:46+00:00\" \/>\n<meta property=\"og:image\" content=\"http:\/\/www.webbrand.it\/images\/comprofiler\/0_5dbb11c262864.png\" \/>\n<meta name=\"author\" content=\"articolinews\" \/>\n<meta name=\"twitter:card\" content=\"summary_large_image\" \/>\n<meta name=\"twitter:label1\" content=\"Scritto da\" \/>\n\t<meta name=\"twitter:data1\" content=\"articolinews\" \/>\n\t<meta name=\"twitter:label2\" content=\"Tempo di lettura stimato\" \/>\n\t<meta name=\"twitter:data2\" content=\"3 minuti\" \/>\n<script type=\"application\/ld+json\" class=\"yoast-schema-graph\">{\"@context\":\"https:\\\/\\\/schema.org\",\"@graph\":[{\"@type\":\"Article\",\"@id\":\"https:\\\/\\\/www.article-marketing.eu\\\/comunicatistampa\\\/federico-motta-editore-lorigine-della-famiglia-addams-e-il-successo-della-serie-mercoledi\\\/#article\",\"isPartOf\":{\"@id\":\"https:\\\/\\\/www.article-marketing.eu\\\/comunicatistampa\\\/federico-motta-editore-lorigine-della-famiglia-addams-e-il-successo-della-serie-mercoledi\\\/\"},\"author\":{\"name\":\"articolinews\",\"@id\":\"https:\\\/\\\/www.article-marketing.eu\\\/comunicatistampa\\\/#\\\/schema\\\/person\\\/2fcaf8f8f3a9eef9eb7f27532d3ca458\"},\"headline\":\"Federico Motta Editore: l\u2019origine della famiglia Addams e il successo della serie Mercoled\u00ec\",\"datePublished\":\"2023-03-10T09:17:46+00:00\",\"mainEntityOfPage\":{\"@id\":\"https:\\\/\\\/www.article-marketing.eu\\\/comunicatistampa\\\/federico-motta-editore-lorigine-della-famiglia-addams-e-il-successo-della-serie-mercoledi\\\/\"},\"wordCount\":391,\"commentCount\":0,\"image\":{\"@id\":\"https:\\\/\\\/www.article-marketing.eu\\\/comunicatistampa\\\/federico-motta-editore-lorigine-della-famiglia-addams-e-il-successo-della-serie-mercoledi\\\/#primaryimage\"},\"thumbnailUrl\":\"http:\\\/\\\/www.webbrand.it\\\/images\\\/comprofiler\\\/0_5dbb11c262864.png\",\"keywords\":[\"Federico Motta Editore\"],\"articleSection\":[\"Comunicati stampa\"],\"inLanguage\":\"it-IT\",\"potentialAction\":[{\"@type\":\"CommentAction\",\"name\":\"Comment\",\"target\":[\"https:\\\/\\\/www.article-marketing.eu\\\/comunicatistampa\\\/federico-motta-editore-lorigine-della-famiglia-addams-e-il-successo-della-serie-mercoledi\\\/#respond\"]}]},{\"@type\":\"WebPage\",\"@id\":\"https:\\\/\\\/www.article-marketing.eu\\\/comunicatistampa\\\/federico-motta-editore-lorigine-della-famiglia-addams-e-il-successo-della-serie-mercoledi\\\/\",\"url\":\"https:\\\/\\\/www.article-marketing.eu\\\/comunicatistampa\\\/federico-motta-editore-lorigine-della-famiglia-addams-e-il-successo-della-serie-mercoledi\\\/\",\"name\":\"Federico Motta Editore: l\u2019origine della famiglia Addams e il successo della serie Mercoled\u00ec\",\"isPartOf\":{\"@id\":\"https:\\\/\\\/www.article-marketing.eu\\\/comunicatistampa\\\/#website\"},\"primaryImageOfPage\":{\"@id\":\"https:\\\/\\\/www.article-marketing.eu\\\/comunicatistampa\\\/federico-motta-editore-lorigine-della-famiglia-addams-e-il-successo-della-serie-mercoledi\\\/#primaryimage\"},\"image\":{\"@id\":\"https:\\\/\\\/www.article-marketing.eu\\\/comunicatistampa\\\/federico-motta-editore-lorigine-della-famiglia-addams-e-il-successo-della-serie-mercoledi\\\/#primaryimage\"},\"thumbnailUrl\":\"http:\\\/\\\/www.webbrand.it\\\/images\\\/comprofiler\\\/0_5dbb11c262864.png\",\"datePublished\":\"2023-03-10T09:17:46+00:00\",\"author\":{\"@id\":\"https:\\\/\\\/www.article-marketing.eu\\\/comunicatistampa\\\/#\\\/schema\\\/person\\\/2fcaf8f8f3a9eef9eb7f27532d3ca458\"},\"breadcrumb\":{\"@id\":\"https:\\\/\\\/www.article-marketing.eu\\\/comunicatistampa\\\/federico-motta-editore-lorigine-della-famiglia-addams-e-il-successo-della-serie-mercoledi\\\/#breadcrumb\"},\"inLanguage\":\"it-IT\",\"potentialAction\":[{\"@type\":\"ReadAction\",\"target\":[\"https:\\\/\\\/www.article-marketing.eu\\\/comunicatistampa\\\/federico-motta-editore-lorigine-della-famiglia-addams-e-il-successo-della-serie-mercoledi\\\/\"]}]},{\"@type\":\"ImageObject\",\"inLanguage\":\"it-IT\",\"@id\":\"https:\\\/\\\/www.article-marketing.eu\\\/comunicatistampa\\\/federico-motta-editore-lorigine-della-famiglia-addams-e-il-successo-della-serie-mercoledi\\\/#primaryimage\",\"url\":\"http:\\\/\\\/www.webbrand.it\\\/images\\\/comprofiler\\\/0_5dbb11c262864.png\",\"contentUrl\":\"http:\\\/\\\/www.webbrand.it\\\/images\\\/comprofiler\\\/0_5dbb11c262864.png\"},{\"@type\":\"BreadcrumbList\",\"@id\":\"https:\\\/\\\/www.article-marketing.eu\\\/comunicatistampa\\\/federico-motta-editore-lorigine-della-famiglia-addams-e-il-successo-della-serie-mercoledi\\\/#breadcrumb\",\"itemListElement\":[{\"@type\":\"ListItem\",\"position\":1,\"name\":\"Home\",\"item\":\"https:\\\/\\\/www.article-marketing.eu\\\/comunicatistampa\\\/\"},{\"@type\":\"ListItem\",\"position\":2,\"name\":\"Federico Motta Editore: l\u2019origine della famiglia Addams e il successo della serie Mercoled\u00ec\"}]},{\"@type\":\"WebSite\",\"@id\":\"https:\\\/\\\/www.article-marketing.eu\\\/comunicatistampa\\\/#website\",\"url\":\"https:\\\/\\\/www.article-marketing.eu\\\/comunicatistampa\\\/\",\"name\":\"Article Marketing\",\"description\":\"article marketing &amp; press release\",\"potentialAction\":[{\"@type\":\"SearchAction\",\"target\":{\"@type\":\"EntryPoint\",\"urlTemplate\":\"https:\\\/\\\/www.article-marketing.eu\\\/comunicatistampa\\\/?s={search_term_string}\"},\"query-input\":{\"@type\":\"PropertyValueSpecification\",\"valueRequired\":true,\"valueName\":\"search_term_string\"}}],\"inLanguage\":\"it-IT\"},{\"@type\":\"Person\",\"@id\":\"https:\\\/\\\/www.article-marketing.eu\\\/comunicatistampa\\\/#\\\/schema\\\/person\\\/2fcaf8f8f3a9eef9eb7f27532d3ca458\",\"name\":\"articolinews\",\"image\":{\"@type\":\"ImageObject\",\"inLanguage\":\"it-IT\",\"@id\":\"https:\\\/\\\/secure.gravatar.com\\\/avatar\\\/9e2a264bab04e17dea24d937c9956304649a848cb73c46747a692ff1bdeb1cb7?s=96&d=mm&r=g\",\"url\":\"https:\\\/\\\/secure.gravatar.com\\\/avatar\\\/9e2a264bab04e17dea24d937c9956304649a848cb73c46747a692ff1bdeb1cb7?s=96&d=mm&r=g\",\"contentUrl\":\"https:\\\/\\\/secure.gravatar.com\\\/avatar\\\/9e2a264bab04e17dea24d937c9956304649a848cb73c46747a692ff1bdeb1cb7?s=96&d=mm&r=g\",\"caption\":\"articolinews\"},\"url\":\"https:\\\/\\\/www.article-marketing.eu\\\/comunicatistampa\\\/author\\\/articolinews\\\/\"}]}<\/script>\n<!-- \/ Yoast SEO plugin. -->","yoast_head_json":{"title":"Federico Motta Editore: l\u2019origine della famiglia Addams e il successo della serie Mercoled\u00ec","robots":{"index":"index","follow":"follow","max-snippet":"max-snippet:-1","max-image-preview":"max-image-preview:large","max-video-preview":"max-video-preview:-1"},"canonical":"https:\/\/www.article-marketing.eu\/comunicatistampa\/federico-motta-editore-lorigine-della-famiglia-addams-e-il-successo-della-serie-mercoledi\/","og_locale":"it_IT","og_type":"article","og_title":"Federico Motta Editore: l\u2019origine della famiglia Addams e il successo della serie Mercoled\u00ec","og_description":"Ispirandosi al successo della serie trasmessa su Netflix, Mercoled\u00ec, Federico Motta Editore ripercorre in un articolo la storia dell\u2019iconica famiglia Addams. Federico Motta Editore: la nascita della Famiglia Addams Icona della cultura popolare, la famiglia Addams \u00e8 recentemente tornata sotto una nuova veste grazie alla piattaforma Netflix. Ma qual \u00e8 l\u2019origine dei suoi personaggi? Come ricorda Federico Motta Editore, pochi sanno che la celebre e macabra famiglia nacque grazie aContinue reading...","og_url":"https:\/\/www.article-marketing.eu\/comunicatistampa\/federico-motta-editore-lorigine-della-famiglia-addams-e-il-successo-della-serie-mercoledi\/","og_site_name":"Article Marketing","article_published_time":"2023-03-10T09:17:46+00:00","og_image":[{"url":"http:\/\/www.webbrand.it\/images\/comprofiler\/0_5dbb11c262864.png","type":"","width":"","height":""}],"author":"articolinews","twitter_card":"summary_large_image","twitter_misc":{"Scritto da":"articolinews","Tempo di lettura stimato":"3 minuti"},"schema":{"@context":"https:\/\/schema.org","@graph":[{"@type":"Article","@id":"https:\/\/www.article-marketing.eu\/comunicatistampa\/federico-motta-editore-lorigine-della-famiglia-addams-e-il-successo-della-serie-mercoledi\/#article","isPartOf":{"@id":"https:\/\/www.article-marketing.eu\/comunicatistampa\/federico-motta-editore-lorigine-della-famiglia-addams-e-il-successo-della-serie-mercoledi\/"},"author":{"name":"articolinews","@id":"https:\/\/www.article-marketing.eu\/comunicatistampa\/#\/schema\/person\/2fcaf8f8f3a9eef9eb7f27532d3ca458"},"headline":"Federico Motta Editore: l\u2019origine della famiglia Addams e il successo della serie Mercoled\u00ec","datePublished":"2023-03-10T09:17:46+00:00","mainEntityOfPage":{"@id":"https:\/\/www.article-marketing.eu\/comunicatistampa\/federico-motta-editore-lorigine-della-famiglia-addams-e-il-successo-della-serie-mercoledi\/"},"wordCount":391,"commentCount":0,"image":{"@id":"https:\/\/www.article-marketing.eu\/comunicatistampa\/federico-motta-editore-lorigine-della-famiglia-addams-e-il-successo-della-serie-mercoledi\/#primaryimage"},"thumbnailUrl":"http:\/\/www.webbrand.it\/images\/comprofiler\/0_5dbb11c262864.png","keywords":["Federico Motta Editore"],"articleSection":["Comunicati stampa"],"inLanguage":"it-IT","potentialAction":[{"@type":"CommentAction","name":"Comment","target":["https:\/\/www.article-marketing.eu\/comunicatistampa\/federico-motta-editore-lorigine-della-famiglia-addams-e-il-successo-della-serie-mercoledi\/#respond"]}]},{"@type":"WebPage","@id":"https:\/\/www.article-marketing.eu\/comunicatistampa\/federico-motta-editore-lorigine-della-famiglia-addams-e-il-successo-della-serie-mercoledi\/","url":"https:\/\/www.article-marketing.eu\/comunicatistampa\/federico-motta-editore-lorigine-della-famiglia-addams-e-il-successo-della-serie-mercoledi\/","name":"Federico Motta Editore: l\u2019origine della famiglia Addams e il successo della serie Mercoled\u00ec","isPartOf":{"@id":"https:\/\/www.article-marketing.eu\/comunicatistampa\/#website"},"primaryImageOfPage":{"@id":"https:\/\/www.article-marketing.eu\/comunicatistampa\/federico-motta-editore-lorigine-della-famiglia-addams-e-il-successo-della-serie-mercoledi\/#primaryimage"},"image":{"@id":"https:\/\/www.article-marketing.eu\/comunicatistampa\/federico-motta-editore-lorigine-della-famiglia-addams-e-il-successo-della-serie-mercoledi\/#primaryimage"},"thumbnailUrl":"http:\/\/www.webbrand.it\/images\/comprofiler\/0_5dbb11c262864.png","datePublished":"2023-03-10T09:17:46+00:00","author":{"@id":"https:\/\/www.article-marketing.eu\/comunicatistampa\/#\/schema\/person\/2fcaf8f8f3a9eef9eb7f27532d3ca458"},"breadcrumb":{"@id":"https:\/\/www.article-marketing.eu\/comunicatistampa\/federico-motta-editore-lorigine-della-famiglia-addams-e-il-successo-della-serie-mercoledi\/#breadcrumb"},"inLanguage":"it-IT","potentialAction":[{"@type":"ReadAction","target":["https:\/\/www.article-marketing.eu\/comunicatistampa\/federico-motta-editore-lorigine-della-famiglia-addams-e-il-successo-della-serie-mercoledi\/"]}]},{"@type":"ImageObject","inLanguage":"it-IT","@id":"https:\/\/www.article-marketing.eu\/comunicatistampa\/federico-motta-editore-lorigine-della-famiglia-addams-e-il-successo-della-serie-mercoledi\/#primaryimage","url":"http:\/\/www.webbrand.it\/images\/comprofiler\/0_5dbb11c262864.png","contentUrl":"http:\/\/www.webbrand.it\/images\/comprofiler\/0_5dbb11c262864.png"},{"@type":"BreadcrumbList","@id":"https:\/\/www.article-marketing.eu\/comunicatistampa\/federico-motta-editore-lorigine-della-famiglia-addams-e-il-successo-della-serie-mercoledi\/#breadcrumb","itemListElement":[{"@type":"ListItem","position":1,"name":"Home","item":"https:\/\/www.article-marketing.eu\/comunicatistampa\/"},{"@type":"ListItem","position":2,"name":"Federico Motta Editore: l\u2019origine della famiglia Addams e il successo della serie Mercoled\u00ec"}]},{"@type":"WebSite","@id":"https:\/\/www.article-marketing.eu\/comunicatistampa\/#website","url":"https:\/\/www.article-marketing.eu\/comunicatistampa\/","name":"Article Marketing","description":"article marketing &amp; press release","potentialAction":[{"@type":"SearchAction","target":{"@type":"EntryPoint","urlTemplate":"https:\/\/www.article-marketing.eu\/comunicatistampa\/?s={search_term_string}"},"query-input":{"@type":"PropertyValueSpecification","valueRequired":true,"valueName":"search_term_string"}}],"inLanguage":"it-IT"},{"@type":"Person","@id":"https:\/\/www.article-marketing.eu\/comunicatistampa\/#\/schema\/person\/2fcaf8f8f3a9eef9eb7f27532d3ca458","name":"articolinews","image":{"@type":"ImageObject","inLanguage":"it-IT","@id":"https:\/\/secure.gravatar.com\/avatar\/9e2a264bab04e17dea24d937c9956304649a848cb73c46747a692ff1bdeb1cb7?s=96&d=mm&r=g","url":"https:\/\/secure.gravatar.com\/avatar\/9e2a264bab04e17dea24d937c9956304649a848cb73c46747a692ff1bdeb1cb7?s=96&d=mm&r=g","contentUrl":"https:\/\/secure.gravatar.com\/avatar\/9e2a264bab04e17dea24d937c9956304649a848cb73c46747a692ff1bdeb1cb7?s=96&d=mm&r=g","caption":"articolinews"},"url":"https:\/\/www.article-marketing.eu\/comunicatistampa\/author\/articolinews\/"}]}},"_links":{"self":[{"href":"https:\/\/www.article-marketing.eu\/comunicatistampa\/wp-json\/wp\/v2\/posts\/26580","targetHints":{"allow":["GET"]}}],"collection":[{"href":"https:\/\/www.article-marketing.eu\/comunicatistampa\/wp-json\/wp\/v2\/posts"}],"about":[{"href":"https:\/\/www.article-marketing.eu\/comunicatistampa\/wp-json\/wp\/v2\/types\/post"}],"author":[{"embeddable":true,"href":"https:\/\/www.article-marketing.eu\/comunicatistampa\/wp-json\/wp\/v2\/users\/6477"}],"replies":[{"embeddable":true,"href":"https:\/\/www.article-marketing.eu\/comunicatistampa\/wp-json\/wp\/v2\/comments?post=26580"}],"version-history":[{"count":3,"href":"https:\/\/www.article-marketing.eu\/comunicatistampa\/wp-json\/wp\/v2\/posts\/26580\/revisions"}],"predecessor-version":[{"id":26585,"href":"https:\/\/www.article-marketing.eu\/comunicatistampa\/wp-json\/wp\/v2\/posts\/26580\/revisions\/26585"}],"wp:attachment":[{"href":"https:\/\/www.article-marketing.eu\/comunicatistampa\/wp-json\/wp\/v2\/media?parent=26580"}],"wp:term":[{"taxonomy":"category","embeddable":true,"href":"https:\/\/www.article-marketing.eu\/comunicatistampa\/wp-json\/wp\/v2\/categories?post=26580"},{"taxonomy":"post_tag","embeddable":true,"href":"https:\/\/www.article-marketing.eu\/comunicatistampa\/wp-json\/wp\/v2\/tags?post=26580"}],"curies":[{"name":"wp","href":"https:\/\/api.w.org\/{rel}","templated":true}]}}