{"id":26713,"date":"2023-03-23T14:45:35","date_gmt":"2023-03-23T13:45:35","guid":{"rendered":"https:\/\/www.article-marketing.eu\/comunicatistampa\/?p=26713"},"modified":"2023-03-23T14:45:35","modified_gmt":"2023-03-23T13:45:35","slug":"la-formazione-cambia-il-safety-barcamp-2023-a-padenghe-sul-garda","status":"publish","type":"post","link":"https:\/\/www.article-marketing.eu\/comunicatistampa\/la-formazione-cambia-il-safety-barcamp-2023-a-padenghe-sul-garda\/","title":{"rendered":"La formazione cambia: il Safety Barcamp 2023 a Padenghe sul Garda"},"content":{"rendered":"<p><strong>Comunicato Stampa<\/strong><\/p>\n<p><strong>La formazione cambia: il Safety Barcamp 2023<\/strong><strong> a Padenghe sul Garda<\/strong><\/p>\n<p><strong><em>\u00a0<\/em><\/strong><\/p>\n<p><strong><em>La rivoluzione del Safety Barcamp 2023 arriva a Padenghe sul Garda (Brescia) <\/em><\/strong><strong><em>il 5 maggio 2023<\/em><\/strong><strong><em> con una giornata formativa libera e aperta alla condivisione delle esperienze e al confronto sui temi della salute e sicurezza sul lavoro. Un modo innovativo di vivere insieme la formazione.<\/em><\/strong><\/p>\n<p>&nbsp;<\/p>\n<p>Il <strong>Safety Barcamp<\/strong>, uno spazio formativo innovativo dedicato alla creazione e al consolidamento delle relazioni tra le figure che operano nell\u2019ambito salute e sicurezza nei luoghi di lavoro, ci ha insegnato, in questi ultimi anni, che un percorso di formazione che nasce all\u2019interno di un\u2019esperienza di <strong>partecipazione <\/strong>delle competenze, con <strong>momenti attivi di apprendimento<\/strong>, \u00e8 in grado di aumentare le conoscenze, fornire nuovi strumenti e modificare efficacemente i comportamenti.<\/p>\n<p>&nbsp;<\/p>\n<p>L\u2019esperienza della <strong>formazione partecipata<\/strong> capace di stimolare riflessioni e approfondimenti e la messa in comune di buone prassi, difficolt\u00e0, scoperte ed esperienze, \u00e8 arrivata ora anche a <strong>Padenghe sul Garda<\/strong>, un paese in provincia di Brescia che si affaccia sul lago di Garda.<\/p>\n<p>&nbsp;<\/p>\n<p><strong>Esiste un\u2019esperienza innovativa che permette ai partecipanti di partecipare a diversi eventi formativi condividendo e scambiando esperienze e informazioni su come svolgere la propria attivit\u00e0 di tutela della salute e sicurezza nei luoghi di lavoro?<\/strong><\/p>\n<p>&nbsp;<\/p>\n<p><strong>La rivoluzione della formazione partecipata arriva a Padenghe sul Garda<\/strong><\/p>\n<p>Dopo la prima edizione del <strong>Safety Barcamp<\/strong> <strong>2023<\/strong>, che si terr\u00e0 a Roma il 31 marzo 2023 (le iscrizioni per questa edizione sono chiuse), la <strong>seconda edizione<\/strong> di questo evento dedicato alla formazione partecipata raggiunger\u00e0 il <strong>5 maggio 2023<\/strong> il paese di <strong>Padenghe sul Garda<\/strong> (Brescia).<\/p>\n<p>&nbsp;<\/p>\n<p>Ricordiamo che il <strong>Safety Barcamp<\/strong>, organizzato dall\u2019<strong>Associazione Italiana Formatori ed Operatori della Sicurezza sul Lavoro<\/strong> (AiFOS), \u00e8 un evento in forma di \u201c<strong>non conferenza<\/strong>\u201d, dove i temi di discussione sono decisi dai partecipanti e possono riguardare tre diverse <strong>aree tematiche<\/strong> previste dal Decreto interministeriale 6 marzo 2013:<\/p>\n<ul>\n<li>area normativa\/giuridica\/organizzativa;<\/li>\n<li>area rischi tecnici\/igienico-sanitaria;<\/li>\n<li>area relazioni\/comunicazione.<\/li>\n<\/ul>\n<p>&nbsp;<\/p>\n<p>Nel <strong>Safety Barcamp<\/strong>, destinato a <strong>formatori <\/strong>e <strong>professionisti della sicurezza<\/strong>, ogni partecipante si iscrive all&#8217;intera giornata formativa, ma l&#8217;iscrizione ai singoli workshop avviene durante l\u2019evento: la scelta di un workshop non \u00e8 definitiva e la partecipazione \u00e8 libera e dinamica. Inoltre \u00e8 possibile diventare dei <strong>facilitatori del Safety Barcamp<\/strong>: i partecipanti possono mettere a disposizione degli altri le proprie conoscenze proponendo agli organizzatori un workshop.<\/p>\n<p>&nbsp;<\/p>\n<p>Il link per avere ulteriori informazioni, iscriversi al Safety Barcamp, leggere il Regolamento e proporre un workshop: <a href=\"http:\/\/www.safetybarcamp.it\">http:\/\/www.safetybarcamp.it<\/a><\/p>\n<p>&nbsp;<\/p>\n<p><strong>Il modello formativo e le opinioni dei partecipanti<\/strong><\/p>\n<p>Nel <strong>Safety Barcamp<\/strong>, progettato seguendo la metodologia dell\u2019<strong>Open Space Technology<\/strong>, i partecipanti e facilitatori sono responsabilizzati nel collaborare con lo scopo comune di creare un terreno fertile e proficuo di partecipazione e condivisione.<\/p>\n<p>&nbsp;<\/p>\n<p>Le <strong>opinioni <\/strong>dei partecipanti all\u2019evento, raccolte nelle precedenti edizioni, mostrano come questa metodologia sia riuscita a creare una profonda interazione e favorire un reale confronto tra i partecipanti. Per dare un\u2019idea di cosa questo evento pu\u00f2 lasciare ai partecipanti, ne raccogliamo alcune:<\/p>\n<ul>\n<li>\u201c<em>la magia del Barcamp \u00e8 questa: trovarsi senza barriere o filtri in un luogo neutro per condividere e scambiare esperienze, preziose informazioni su come svolgere al meglio la nostra professione a tutela della sicurezza sul lavoro dei lavoratori<\/em>\u201d;<\/li>\n<li>\u201c<em>l\u2019iniziativa accorcia le distanze tra il facilitatore e i partecipanti. \u00c8 il format ideale per cercare e condividere nuove idee<\/em>\u201d;<\/li>\n<li>\u201c<em>sono tornata a casa con una gran voglia di fare, studiare e inventare: il Safety Barcamp \u00e8 utilissimo per aprire la mente e acquisire nuovi strumenti<\/em>\u201d;<\/li>\n<li>\u201c<em>si tratta di una bellissima esperienza di condivisione e formazione che mi ha sicuramente arricchito come persona e professionista<\/em>\u201d;<\/li>\n<li>\u201c<em>il Barcamp \u00e8 una grandissima occasione di confronto con colleghi di tutta Italia, una rete di conforto oltre che di confronto. L&#8217;occasione di farci esprimere nel nostro essere professionisti, in maniera informale, divertendoci, \u00e8 un dono impagabile<\/em>\u201d.<\/li>\n<\/ul>\n<p>&nbsp;<\/p>\n<p><strong>Gli obiettivi e le informazioni per il Safety Barcamp a Padenghe sul Garda<\/strong><\/p>\n<p>La seconda edizione del <strong>Safety Barcamp 2023<\/strong> ha, come sempre, l\u2019obiettivo di creare una cornice di lavoro favorevole al <strong>dialogo<\/strong>, al <strong>confronto<\/strong> e alla <strong>diffusione e condivisione<\/strong> di conoscenze.<\/p>\n<p>&nbsp;<\/p>\n<p>Si terr\u00e0 il <strong>5 maggio 2023<\/strong> a <strong>Padenghe sul Garda<\/strong> (<strong>Brescia<\/strong>) dalle ore 9:30 alle 17:00 presso il West Garda Hotel in via Prais 32.<\/p>\n<p>&nbsp;<\/p>\n<p>Segnaliamo che l\u2019evento \u00e8 valido come <strong>aggiornamento<\/strong> relativo a 5 ore per RSPP\/ASPP e CSP\/CSE, 1 ora per formatori prima area tematica, 2 ore per formatori seconda area tematica e 2 ore per formatori terza area tematica.<\/p>\n<p>&nbsp;<\/p>\n<p>Il link per avere ulteriori informazioni e iscriversi al Safety Barcamp:<\/p>\n<p><a href=\"http:\/\/www.safetybarcamp.it\">http:\/\/www.safetybarcamp.it<\/a><\/p>\n<p>&nbsp;<\/p>\n<p>Per informazioni:<\/p>\n<p><strong>Sede nazionale AiFOS<\/strong>: via Branze, 45 &#8211; 25123 Brescia c\/o CSMT, Universit\u00e0 degli Studi di Brescia &#8211; tel.030.6595035 &#8211; fax 030.6595040 <a href=\"http:\/\/www.aifos.it\">www.aifos.it<\/a> &#8211; barcamp2@aifos.it<\/p>\n<p>&nbsp;<\/p>\n<p>&nbsp;<\/p>\n<p><em>23 marzo 2023<\/em><\/p>\n<p>&nbsp;<\/p>\n<p><em>\u00a0<\/em><\/p>\n<p>&nbsp;<\/p>\n<p>Ufficio Stampa di AiFOS<\/p>\n<p>ufficiostampa@aifos.it<\/p>\n<p>http:\/\/www.aifos.it\/<\/p>\n","protected":false},"excerpt":{"rendered":"<p>Comunicato Stampa La formazione cambia: il Safety Barcamp 2023 a Padenghe sul Garda \u00a0 La rivoluzione del Safety Barcamp 2023 arriva a Padenghe sul Garda (Brescia) il 5 maggio 2023 con una giornata formativa libera e aperta alla condivisione delle esperienze e al confronto sui temi della salute e sicurezza sul lavoro. Un modo innovativo di vivere insieme la formazione. &nbsp; Il Safety Barcamp, uno spazio formativo innovativo dedicato alla<\/p>\n<p><a class=\"continue-reading\" href=\"https:\/\/www.article-marketing.eu\/comunicatistampa\/la-formazione-cambia-il-safety-barcamp-2023-a-padenghe-sul-garda\/\">Continue reading&#8230;<\/a><\/p>\n","protected":false},"author":881,"featured_media":0,"comment_status":"open","ping_status":"open","sticky":false,"template":"","format":"standard","meta":{"_monsterinsights_skip_tracking":false,"_monsterinsights_sitenote_active":false,"_monsterinsights_sitenote_note":"","_monsterinsights_sitenote_category":0,"footnotes":""},"categories":[78,379,386,392,390],"tags":[10509,3301,3235,5152,193,3300,4061,4063,10393,9377,10392,4062,1538,198],"class_list":["post-26713","post","type-post","status-publish","format-standard","hentry","category-comunicati-stampa","category-corsi","category-economia-e-lavoro","category-eventi","category-professionisti","tag-5-maggio-2023","tag-aifos","tag-brescia","tag-facilitatore","tag-formazione","tag-formazione-alla-sicurezza","tag-open-space-technology","tag-padenghe-sul-garda","tag-rivoluzione-della-formazione-partecipata","tag-safety-barcamp","tag-safety-barcamp-2023","tag-safety-barcamp-aifos","tag-sicurezza-sul-lavoro","tag-workshop"],"yoast_head":"<!-- This site is optimized with the Yoast SEO plugin v27.3 - https:\/\/yoast.com\/product\/yoast-seo-wordpress\/ -->\n<title>La formazione cambia: il Safety Barcamp 2023 a Padenghe sul Garda<\/title>\n<meta name=\"robots\" content=\"index, follow, max-snippet:-1, max-image-preview:large, max-video-preview:-1\" \/>\n<link rel=\"canonical\" href=\"https:\/\/www.article-marketing.eu\/comunicatistampa\/la-formazione-cambia-il-safety-barcamp-2023-a-padenghe-sul-garda\/\" \/>\n<meta property=\"og:locale\" content=\"it_IT\" \/>\n<meta property=\"og:type\" content=\"article\" \/>\n<meta property=\"og:title\" content=\"La formazione cambia: il Safety Barcamp 2023 a Padenghe sul Garda\" \/>\n<meta property=\"og:description\" content=\"Comunicato Stampa La formazione cambia: il Safety Barcamp 2023 a Padenghe sul Garda \u00a0 La rivoluzione del Safety Barcamp 2023 arriva a Padenghe sul Garda (Brescia) il 5 maggio 2023 con una giornata formativa libera e aperta alla condivisione delle esperienze e al confronto sui temi della salute e sicurezza sul lavoro. Un modo innovativo di vivere insieme la formazione. &nbsp; Il Safety Barcamp, uno spazio formativo innovativo dedicato allaContinue reading...\" \/>\n<meta property=\"og:url\" content=\"https:\/\/www.article-marketing.eu\/comunicatistampa\/la-formazione-cambia-il-safety-barcamp-2023-a-padenghe-sul-garda\/\" \/>\n<meta property=\"og:site_name\" content=\"Article Marketing\" \/>\n<meta property=\"article:published_time\" content=\"2023-03-23T13:45:35+00:00\" \/>\n<meta name=\"author\" content=\"AIFUS\" \/>\n<meta name=\"twitter:card\" content=\"summary_large_image\" \/>\n<meta name=\"twitter:label1\" content=\"Scritto da\" \/>\n\t<meta name=\"twitter:data1\" content=\"AIFUS\" \/>\n\t<meta name=\"twitter:label2\" content=\"Tempo di lettura stimato\" \/>\n\t<meta name=\"twitter:data2\" content=\"5 minuti\" \/>\n<script type=\"application\/ld+json\" class=\"yoast-schema-graph\">{\"@context\":\"https:\\\/\\\/schema.org\",\"@graph\":[{\"@type\":\"Article\",\"@id\":\"https:\\\/\\\/www.article-marketing.eu\\\/comunicatistampa\\\/la-formazione-cambia-il-safety-barcamp-2023-a-padenghe-sul-garda\\\/#article\",\"isPartOf\":{\"@id\":\"https:\\\/\\\/www.article-marketing.eu\\\/comunicatistampa\\\/la-formazione-cambia-il-safety-barcamp-2023-a-padenghe-sul-garda\\\/\"},\"author\":{\"name\":\"AIFUS\",\"@id\":\"https:\\\/\\\/www.article-marketing.eu\\\/comunicatistampa\\\/#\\\/schema\\\/person\\\/d1985c4955ff71a05f49d68e3034b3cd\"},\"headline\":\"La formazione cambia: il Safety Barcamp 2023 a Padenghe sul Garda\",\"datePublished\":\"2023-03-23T13:45:35+00:00\",\"mainEntityOfPage\":{\"@id\":\"https:\\\/\\\/www.article-marketing.eu\\\/comunicatistampa\\\/la-formazione-cambia-il-safety-barcamp-2023-a-padenghe-sul-garda\\\/\"},\"wordCount\":798,\"commentCount\":0,\"keywords\":[\"5 maggio 2023\",\"Aifos\",\"Brescia\",\"Facilitatore\",\"formazione\",\"formazione alla sicurezza\",\"Open Space Technology\",\"Padenghe sul Garda\",\"rivoluzione della formazione partecipata\",\"Safety BarCamp\",\"Safety Barcamp 2023\",\"Safety BarCamp AiFOS\",\"sicurezza sul lavoro\",\"workshop\"],\"articleSection\":[\"Comunicati stampa\",\"Corsi\",\"Economia e lavoro\",\"Eventi\",\"Professionisti\"],\"inLanguage\":\"it-IT\",\"potentialAction\":[{\"@type\":\"CommentAction\",\"name\":\"Comment\",\"target\":[\"https:\\\/\\\/www.article-marketing.eu\\\/comunicatistampa\\\/la-formazione-cambia-il-safety-barcamp-2023-a-padenghe-sul-garda\\\/#respond\"]}]},{\"@type\":\"WebPage\",\"@id\":\"https:\\\/\\\/www.article-marketing.eu\\\/comunicatistampa\\\/la-formazione-cambia-il-safety-barcamp-2023-a-padenghe-sul-garda\\\/\",\"url\":\"https:\\\/\\\/www.article-marketing.eu\\\/comunicatistampa\\\/la-formazione-cambia-il-safety-barcamp-2023-a-padenghe-sul-garda\\\/\",\"name\":\"La formazione cambia: il Safety Barcamp 2023 a Padenghe sul Garda\",\"isPartOf\":{\"@id\":\"https:\\\/\\\/www.article-marketing.eu\\\/comunicatistampa\\\/#website\"},\"datePublished\":\"2023-03-23T13:45:35+00:00\",\"author\":{\"@id\":\"https:\\\/\\\/www.article-marketing.eu\\\/comunicatistampa\\\/#\\\/schema\\\/person\\\/d1985c4955ff71a05f49d68e3034b3cd\"},\"breadcrumb\":{\"@id\":\"https:\\\/\\\/www.article-marketing.eu\\\/comunicatistampa\\\/la-formazione-cambia-il-safety-barcamp-2023-a-padenghe-sul-garda\\\/#breadcrumb\"},\"inLanguage\":\"it-IT\",\"potentialAction\":[{\"@type\":\"ReadAction\",\"target\":[\"https:\\\/\\\/www.article-marketing.eu\\\/comunicatistampa\\\/la-formazione-cambia-il-safety-barcamp-2023-a-padenghe-sul-garda\\\/\"]}]},{\"@type\":\"BreadcrumbList\",\"@id\":\"https:\\\/\\\/www.article-marketing.eu\\\/comunicatistampa\\\/la-formazione-cambia-il-safety-barcamp-2023-a-padenghe-sul-garda\\\/#breadcrumb\",\"itemListElement\":[{\"@type\":\"ListItem\",\"position\":1,\"name\":\"Home\",\"item\":\"https:\\\/\\\/www.article-marketing.eu\\\/comunicatistampa\\\/\"},{\"@type\":\"ListItem\",\"position\":2,\"name\":\"La formazione cambia: il Safety Barcamp 2023 a Padenghe sul Garda\"}]},{\"@type\":\"WebSite\",\"@id\":\"https:\\\/\\\/www.article-marketing.eu\\\/comunicatistampa\\\/#website\",\"url\":\"https:\\\/\\\/www.article-marketing.eu\\\/comunicatistampa\\\/\",\"name\":\"Article Marketing\",\"description\":\"article marketing &amp; press release\",\"potentialAction\":[{\"@type\":\"SearchAction\",\"target\":{\"@type\":\"EntryPoint\",\"urlTemplate\":\"https:\\\/\\\/www.article-marketing.eu\\\/comunicatistampa\\\/?s={search_term_string}\"},\"query-input\":{\"@type\":\"PropertyValueSpecification\",\"valueRequired\":true,\"valueName\":\"search_term_string\"}}],\"inLanguage\":\"it-IT\"},{\"@type\":\"Person\",\"@id\":\"https:\\\/\\\/www.article-marketing.eu\\\/comunicatistampa\\\/#\\\/schema\\\/person\\\/d1985c4955ff71a05f49d68e3034b3cd\",\"name\":\"AIFUS\",\"image\":{\"@type\":\"ImageObject\",\"inLanguage\":\"it-IT\",\"@id\":\"https:\\\/\\\/secure.gravatar.com\\\/avatar\\\/05cf2a2ba057667571308b94c84f00ff48766ffac95710a87491a9b3ddcee484?s=96&d=mm&r=g\",\"url\":\"https:\\\/\\\/secure.gravatar.com\\\/avatar\\\/05cf2a2ba057667571308b94c84f00ff48766ffac95710a87491a9b3ddcee484?s=96&d=mm&r=g\",\"contentUrl\":\"https:\\\/\\\/secure.gravatar.com\\\/avatar\\\/05cf2a2ba057667571308b94c84f00ff48766ffac95710a87491a9b3ddcee484?s=96&d=mm&r=g\",\"caption\":\"AIFUS\"},\"url\":\"https:\\\/\\\/www.article-marketing.eu\\\/comunicatistampa\\\/author\\\/aifus\\\/\"}]}<\/script>\n<!-- \/ Yoast SEO plugin. -->","yoast_head_json":{"title":"La formazione cambia: il Safety Barcamp 2023 a Padenghe sul Garda","robots":{"index":"index","follow":"follow","max-snippet":"max-snippet:-1","max-image-preview":"max-image-preview:large","max-video-preview":"max-video-preview:-1"},"canonical":"https:\/\/www.article-marketing.eu\/comunicatistampa\/la-formazione-cambia-il-safety-barcamp-2023-a-padenghe-sul-garda\/","og_locale":"it_IT","og_type":"article","og_title":"La formazione cambia: il Safety Barcamp 2023 a Padenghe sul Garda","og_description":"Comunicato Stampa La formazione cambia: il Safety Barcamp 2023 a Padenghe sul Garda \u00a0 La rivoluzione del Safety Barcamp 2023 arriva a Padenghe sul Garda (Brescia) il 5 maggio 2023 con una giornata formativa libera e aperta alla condivisione delle esperienze e al confronto sui temi della salute e sicurezza sul lavoro. Un modo innovativo di vivere insieme la formazione. &nbsp; Il Safety Barcamp, uno spazio formativo innovativo dedicato allaContinue reading...","og_url":"https:\/\/www.article-marketing.eu\/comunicatistampa\/la-formazione-cambia-il-safety-barcamp-2023-a-padenghe-sul-garda\/","og_site_name":"Article Marketing","article_published_time":"2023-03-23T13:45:35+00:00","author":"AIFUS","twitter_card":"summary_large_image","twitter_misc":{"Scritto da":"AIFUS","Tempo di lettura stimato":"5 minuti"},"schema":{"@context":"https:\/\/schema.org","@graph":[{"@type":"Article","@id":"https:\/\/www.article-marketing.eu\/comunicatistampa\/la-formazione-cambia-il-safety-barcamp-2023-a-padenghe-sul-garda\/#article","isPartOf":{"@id":"https:\/\/www.article-marketing.eu\/comunicatistampa\/la-formazione-cambia-il-safety-barcamp-2023-a-padenghe-sul-garda\/"},"author":{"name":"AIFUS","@id":"https:\/\/www.article-marketing.eu\/comunicatistampa\/#\/schema\/person\/d1985c4955ff71a05f49d68e3034b3cd"},"headline":"La formazione cambia: il Safety Barcamp 2023 a Padenghe sul Garda","datePublished":"2023-03-23T13:45:35+00:00","mainEntityOfPage":{"@id":"https:\/\/www.article-marketing.eu\/comunicatistampa\/la-formazione-cambia-il-safety-barcamp-2023-a-padenghe-sul-garda\/"},"wordCount":798,"commentCount":0,"keywords":["5 maggio 2023","Aifos","Brescia","Facilitatore","formazione","formazione alla sicurezza","Open Space Technology","Padenghe sul Garda","rivoluzione della formazione partecipata","Safety BarCamp","Safety Barcamp 2023","Safety BarCamp AiFOS","sicurezza sul lavoro","workshop"],"articleSection":["Comunicati stampa","Corsi","Economia e lavoro","Eventi","Professionisti"],"inLanguage":"it-IT","potentialAction":[{"@type":"CommentAction","name":"Comment","target":["https:\/\/www.article-marketing.eu\/comunicatistampa\/la-formazione-cambia-il-safety-barcamp-2023-a-padenghe-sul-garda\/#respond"]}]},{"@type":"WebPage","@id":"https:\/\/www.article-marketing.eu\/comunicatistampa\/la-formazione-cambia-il-safety-barcamp-2023-a-padenghe-sul-garda\/","url":"https:\/\/www.article-marketing.eu\/comunicatistampa\/la-formazione-cambia-il-safety-barcamp-2023-a-padenghe-sul-garda\/","name":"La formazione cambia: il Safety Barcamp 2023 a Padenghe sul Garda","isPartOf":{"@id":"https:\/\/www.article-marketing.eu\/comunicatistampa\/#website"},"datePublished":"2023-03-23T13:45:35+00:00","author":{"@id":"https:\/\/www.article-marketing.eu\/comunicatistampa\/#\/schema\/person\/d1985c4955ff71a05f49d68e3034b3cd"},"breadcrumb":{"@id":"https:\/\/www.article-marketing.eu\/comunicatistampa\/la-formazione-cambia-il-safety-barcamp-2023-a-padenghe-sul-garda\/#breadcrumb"},"inLanguage":"it-IT","potentialAction":[{"@type":"ReadAction","target":["https:\/\/www.article-marketing.eu\/comunicatistampa\/la-formazione-cambia-il-safety-barcamp-2023-a-padenghe-sul-garda\/"]}]},{"@type":"BreadcrumbList","@id":"https:\/\/www.article-marketing.eu\/comunicatistampa\/la-formazione-cambia-il-safety-barcamp-2023-a-padenghe-sul-garda\/#breadcrumb","itemListElement":[{"@type":"ListItem","position":1,"name":"Home","item":"https:\/\/www.article-marketing.eu\/comunicatistampa\/"},{"@type":"ListItem","position":2,"name":"La formazione cambia: il Safety Barcamp 2023 a Padenghe sul Garda"}]},{"@type":"WebSite","@id":"https:\/\/www.article-marketing.eu\/comunicatistampa\/#website","url":"https:\/\/www.article-marketing.eu\/comunicatistampa\/","name":"Article Marketing","description":"article marketing &amp; press release","potentialAction":[{"@type":"SearchAction","target":{"@type":"EntryPoint","urlTemplate":"https:\/\/www.article-marketing.eu\/comunicatistampa\/?s={search_term_string}"},"query-input":{"@type":"PropertyValueSpecification","valueRequired":true,"valueName":"search_term_string"}}],"inLanguage":"it-IT"},{"@type":"Person","@id":"https:\/\/www.article-marketing.eu\/comunicatistampa\/#\/schema\/person\/d1985c4955ff71a05f49d68e3034b3cd","name":"AIFUS","image":{"@type":"ImageObject","inLanguage":"it-IT","@id":"https:\/\/secure.gravatar.com\/avatar\/05cf2a2ba057667571308b94c84f00ff48766ffac95710a87491a9b3ddcee484?s=96&d=mm&r=g","url":"https:\/\/secure.gravatar.com\/avatar\/05cf2a2ba057667571308b94c84f00ff48766ffac95710a87491a9b3ddcee484?s=96&d=mm&r=g","contentUrl":"https:\/\/secure.gravatar.com\/avatar\/05cf2a2ba057667571308b94c84f00ff48766ffac95710a87491a9b3ddcee484?s=96&d=mm&r=g","caption":"AIFUS"},"url":"https:\/\/www.article-marketing.eu\/comunicatistampa\/author\/aifus\/"}]}},"_links":{"self":[{"href":"https:\/\/www.article-marketing.eu\/comunicatistampa\/wp-json\/wp\/v2\/posts\/26713","targetHints":{"allow":["GET"]}}],"collection":[{"href":"https:\/\/www.article-marketing.eu\/comunicatistampa\/wp-json\/wp\/v2\/posts"}],"about":[{"href":"https:\/\/www.article-marketing.eu\/comunicatistampa\/wp-json\/wp\/v2\/types\/post"}],"author":[{"embeddable":true,"href":"https:\/\/www.article-marketing.eu\/comunicatistampa\/wp-json\/wp\/v2\/users\/881"}],"replies":[{"embeddable":true,"href":"https:\/\/www.article-marketing.eu\/comunicatistampa\/wp-json\/wp\/v2\/comments?post=26713"}],"version-history":[{"count":2,"href":"https:\/\/www.article-marketing.eu\/comunicatistampa\/wp-json\/wp\/v2\/posts\/26713\/revisions"}],"predecessor-version":[{"id":26719,"href":"https:\/\/www.article-marketing.eu\/comunicatistampa\/wp-json\/wp\/v2\/posts\/26713\/revisions\/26719"}],"wp:attachment":[{"href":"https:\/\/www.article-marketing.eu\/comunicatistampa\/wp-json\/wp\/v2\/media?parent=26713"}],"wp:term":[{"taxonomy":"category","embeddable":true,"href":"https:\/\/www.article-marketing.eu\/comunicatistampa\/wp-json\/wp\/v2\/categories?post=26713"},{"taxonomy":"post_tag","embeddable":true,"href":"https:\/\/www.article-marketing.eu\/comunicatistampa\/wp-json\/wp\/v2\/tags?post=26713"}],"curies":[{"name":"wp","href":"https:\/\/api.w.org\/{rel}","templated":true}]}}