{"id":26715,"date":"2023-03-23T14:45:03","date_gmt":"2023-03-23T13:45:03","guid":{"rendered":"https:\/\/www.article-marketing.eu\/comunicatistampa\/?p=26715"},"modified":"2023-03-23T14:45:03","modified_gmt":"2023-03-23T13:45:03","slug":"giampiero-catone-il-declino-del-commercio-al-dettaglio-e-la-necessita-di-politiche-concrete","status":"publish","type":"post","link":"https:\/\/www.article-marketing.eu\/comunicatistampa\/giampiero-catone-il-declino-del-commercio-al-dettaglio-e-la-necessita-di-politiche-concrete\/","title":{"rendered":"Giampiero Catone: il declino del commercio al dettaglio e la necessit\u00e0 di politiche concrete"},"content":{"rendered":"<p><em><strong>In un recente editoriale pubblicato sul quotidiano \u201cLa Discussione\u201d, <a title=\"Giampiero Catone, news \" href=\"https:\/\/www.giampierocatone.it\/news\/\">Giampiero Catone<\/a> ha approfondito il tema della crisi economica che ha colpito l\u2019Italia: negli ultimi dieci anni ha portato alla chiusura di quasi 100mila attivit\u00e0 di commercio al dettaglio e oltre 15mila imprese di commercio ambulante.<\/strong><\/em><\/p>\n<p><strong>\u00a0<a title=\"Giampiero Catone, news \" href=\"https:\/\/www.giampierocatone.it\/news\/\"><img loading=\"lazy\" decoding=\"async\" src=\"https:\/\/www.giampierocatone.it\/wp-content\/themes\/giampiero_catone\/images\/home\/giampierocatone-bio.jpg\" alt=\"Giampiero Catone\" width=\"200\" height=\"300\" \/><\/a><\/strong><\/p>\n<h2>Giampiero Catone, la crisi economica e sociale nel nostro Paese<\/h2>\n<p>L&#8217;Italia sta affrontando una crisi economica e sociale che si manifesta in una crescente insicurezza e desertificazione delle citt\u00e0 e dei paesi. <a title=\"Giampiero Catone news sito \" href=\"https:\/\/www.giampierocatone.it\/news\/\">Giampiero Catone<\/a> sottolinea come questo fenomeno abbia portato a un progressivo spopolamento di esercizi commerciali come librerie e negozi di giocattoli, che hanno registrato un crollo del 31%, e ha visto crescere al loro posto farmacie, negozi di telefonia e bar. Questa situazione ha accelerato un effetto domino che ha portato alla scomparsa non solo degli esercizi commerciali ma anche dei servizi, della vivibilit\u00e0, dei rapporti umani e della sicurezza. Il declino economico si traduce quindi in una perdita della qualit\u00e0 della vita delle persone: sempre pi\u00f9 spesso gli italiani sono costretti a vivere in contesti pi\u00f9 grigi e spenti. \u201c<em>Tutto il contrario di quello che il Paese pu\u00f2 offrire perch\u00e9 l\u2019Italia ha cos\u00ec tante risorse nelle sue radici, cultura, luoghi, storia e persone che possiamo fieramente primeggiare in numerosi settori<\/em>\u201d, scrive <strong>Giampiero Catone<\/strong>. Il problema della desertificazione, evidenziato da Confcommercio e Confesercenti, porta con s\u00e9 un deficit di sicurezza.<\/p>\n<h2>Giampiero Catone: politiche per il lavoro, incentivi e piano di sostegno per le imprese<\/h2>\n<p>Per far fronte alla crisi economica e sociale, continua <strong>Giampiero Catone<\/strong>, l&#8217;Italia deve investire in politiche per il lavoro e le imprese, incentivi per creare occupazione stabile e un grande piano di sostegno per le imprese. Le aziende che ampliano i loro organici, che assumono e creano prospettive reali di lavoro, devono essere sostenute e incoraggiate. Servono quindi \u201c<em>politiche concrete per arrestare un declino che non \u00e8 inesorabile<\/em>\u201d. Anche le Associazioni di categoria del commercio, dell&#8217;artigianato e dell&#8217;agricoltura chiedono al Governo una maggiore riqualificazione urbana, pi\u00f9 formazione e incentivi per il lavoro e un utilizzo pi\u00f9 ampio e selettivo dei fondi europei del PNRR. \u201c<em>Bisogna a tutti i costi promuovere una svolta virtuosa. Evitare l\u2019invivibilit\u00e0 e l\u2019aggravarsi del divario, lacerato dalla crisi sociale, tra centri storici e periferie. Tra citt\u00e0 e paesi, tra aree costiere e quelle montane. Sono maturi i tempi che la politica, le parti sociali de enti locali comincino a trovare soluzioni rapide<\/em>\u201d, conclude <strong>Giampiero Catone<\/strong>.<\/p>\n","protected":false},"excerpt":{"rendered":"<p>In un recente editoriale pubblicato sul quotidiano \u201cLa Discussione\u201d, Giampiero Catone ha approfondito il tema della crisi economica che ha colpito l\u2019Italia: negli ultimi dieci anni ha portato alla chiusura di quasi 100mila attivit\u00e0 di commercio al dettaglio e oltre 15mila imprese di commercio ambulante. \u00a0 Giampiero Catone, la crisi economica e sociale nel nostro Paese L&#8217;Italia sta affrontando una crisi economica e sociale che si manifesta in una crescente<\/p>\n<p><a class=\"continue-reading\" href=\"https:\/\/www.article-marketing.eu\/comunicatistampa\/giampiero-catone-il-declino-del-commercio-al-dettaglio-e-la-necessita-di-politiche-concrete\/\">Continue reading&#8230;<\/a><\/p>\n","protected":false},"author":6477,"featured_media":0,"comment_status":"open","ping_status":"open","sticky":false,"template":"","format":"standard","meta":{"_monsterinsights_skip_tracking":false,"_monsterinsights_sitenote_active":false,"_monsterinsights_sitenote_note":"","_monsterinsights_sitenote_category":0,"footnotes":""},"categories":[386],"tags":[9329],"class_list":["post-26715","post","type-post","status-publish","format-standard","hentry","category-economia-e-lavoro","tag-giampiero-catone"],"yoast_head":"<!-- This site is optimized with the Yoast SEO plugin v27.3 - https:\/\/yoast.com\/product\/yoast-seo-wordpress\/ -->\n<title>Giampiero Catone: il declino del commercio al dettaglio e la necessit\u00e0 di politiche concrete<\/title>\n<meta name=\"robots\" content=\"index, follow, max-snippet:-1, max-image-preview:large, max-video-preview:-1\" \/>\n<link rel=\"canonical\" href=\"https:\/\/www.article-marketing.eu\/comunicatistampa\/giampiero-catone-il-declino-del-commercio-al-dettaglio-e-la-necessita-di-politiche-concrete\/\" \/>\n<meta property=\"og:locale\" content=\"it_IT\" \/>\n<meta property=\"og:type\" content=\"article\" \/>\n<meta property=\"og:title\" content=\"Giampiero Catone: il declino del commercio al dettaglio e la necessit\u00e0 di politiche concrete\" \/>\n<meta property=\"og:description\" content=\"In un recente editoriale pubblicato sul quotidiano \u201cLa Discussione\u201d, Giampiero Catone ha approfondito il tema della crisi economica che ha colpito l\u2019Italia: negli ultimi dieci anni ha portato alla chiusura di quasi 100mila attivit\u00e0 di commercio al dettaglio e oltre 15mila imprese di commercio ambulante. \u00a0 Giampiero Catone, la crisi economica e sociale nel nostro Paese L&#8217;Italia sta affrontando una crisi economica e sociale che si manifesta in una crescenteContinue reading...\" \/>\n<meta property=\"og:url\" content=\"https:\/\/www.article-marketing.eu\/comunicatistampa\/giampiero-catone-il-declino-del-commercio-al-dettaglio-e-la-necessita-di-politiche-concrete\/\" \/>\n<meta property=\"og:site_name\" content=\"Article Marketing\" \/>\n<meta property=\"article:published_time\" content=\"2023-03-23T13:45:03+00:00\" \/>\n<meta property=\"og:image\" content=\"https:\/\/www.giampierocatone.it\/wp-content\/themes\/giampiero_catone\/images\/home\/giampierocatone-bio.jpg\" \/>\n<meta name=\"author\" content=\"articolinews\" \/>\n<meta name=\"twitter:card\" content=\"summary_large_image\" \/>\n<meta name=\"twitter:label1\" content=\"Scritto da\" \/>\n\t<meta name=\"twitter:data1\" content=\"articolinews\" \/>\n\t<meta name=\"twitter:label2\" content=\"Tempo di lettura stimato\" \/>\n\t<meta name=\"twitter:data2\" content=\"3 minuti\" \/>\n<script type=\"application\/ld+json\" class=\"yoast-schema-graph\">{\"@context\":\"https:\\\/\\\/schema.org\",\"@graph\":[{\"@type\":\"Article\",\"@id\":\"https:\\\/\\\/www.article-marketing.eu\\\/comunicatistampa\\\/giampiero-catone-il-declino-del-commercio-al-dettaglio-e-la-necessita-di-politiche-concrete\\\/#article\",\"isPartOf\":{\"@id\":\"https:\\\/\\\/www.article-marketing.eu\\\/comunicatistampa\\\/giampiero-catone-il-declino-del-commercio-al-dettaglio-e-la-necessita-di-politiche-concrete\\\/\"},\"author\":{\"name\":\"articolinews\",\"@id\":\"https:\\\/\\\/www.article-marketing.eu\\\/comunicatistampa\\\/#\\\/schema\\\/person\\\/2fcaf8f8f3a9eef9eb7f27532d3ca458\"},\"headline\":\"Giampiero Catone: il declino del commercio al dettaglio e la necessit\u00e0 di politiche concrete\",\"datePublished\":\"2023-03-23T13:45:03+00:00\",\"mainEntityOfPage\":{\"@id\":\"https:\\\/\\\/www.article-marketing.eu\\\/comunicatistampa\\\/giampiero-catone-il-declino-del-commercio-al-dettaglio-e-la-necessita-di-politiche-concrete\\\/\"},\"wordCount\":416,\"commentCount\":0,\"image\":{\"@id\":\"https:\\\/\\\/www.article-marketing.eu\\\/comunicatistampa\\\/giampiero-catone-il-declino-del-commercio-al-dettaglio-e-la-necessita-di-politiche-concrete\\\/#primaryimage\"},\"thumbnailUrl\":\"https:\\\/\\\/www.giampierocatone.it\\\/wp-content\\\/themes\\\/giampiero_catone\\\/images\\\/home\\\/giampierocatone-bio.jpg\",\"keywords\":[\"Giampiero Catone\"],\"articleSection\":[\"Economia e lavoro\"],\"inLanguage\":\"it-IT\",\"potentialAction\":[{\"@type\":\"CommentAction\",\"name\":\"Comment\",\"target\":[\"https:\\\/\\\/www.article-marketing.eu\\\/comunicatistampa\\\/giampiero-catone-il-declino-del-commercio-al-dettaglio-e-la-necessita-di-politiche-concrete\\\/#respond\"]}]},{\"@type\":\"WebPage\",\"@id\":\"https:\\\/\\\/www.article-marketing.eu\\\/comunicatistampa\\\/giampiero-catone-il-declino-del-commercio-al-dettaglio-e-la-necessita-di-politiche-concrete\\\/\",\"url\":\"https:\\\/\\\/www.article-marketing.eu\\\/comunicatistampa\\\/giampiero-catone-il-declino-del-commercio-al-dettaglio-e-la-necessita-di-politiche-concrete\\\/\",\"name\":\"Giampiero Catone: il declino del commercio al dettaglio e la necessit\u00e0 di politiche concrete\",\"isPartOf\":{\"@id\":\"https:\\\/\\\/www.article-marketing.eu\\\/comunicatistampa\\\/#website\"},\"primaryImageOfPage\":{\"@id\":\"https:\\\/\\\/www.article-marketing.eu\\\/comunicatistampa\\\/giampiero-catone-il-declino-del-commercio-al-dettaglio-e-la-necessita-di-politiche-concrete\\\/#primaryimage\"},\"image\":{\"@id\":\"https:\\\/\\\/www.article-marketing.eu\\\/comunicatistampa\\\/giampiero-catone-il-declino-del-commercio-al-dettaglio-e-la-necessita-di-politiche-concrete\\\/#primaryimage\"},\"thumbnailUrl\":\"https:\\\/\\\/www.giampierocatone.it\\\/wp-content\\\/themes\\\/giampiero_catone\\\/images\\\/home\\\/giampierocatone-bio.jpg\",\"datePublished\":\"2023-03-23T13:45:03+00:00\",\"author\":{\"@id\":\"https:\\\/\\\/www.article-marketing.eu\\\/comunicatistampa\\\/#\\\/schema\\\/person\\\/2fcaf8f8f3a9eef9eb7f27532d3ca458\"},\"breadcrumb\":{\"@id\":\"https:\\\/\\\/www.article-marketing.eu\\\/comunicatistampa\\\/giampiero-catone-il-declino-del-commercio-al-dettaglio-e-la-necessita-di-politiche-concrete\\\/#breadcrumb\"},\"inLanguage\":\"it-IT\",\"potentialAction\":[{\"@type\":\"ReadAction\",\"target\":[\"https:\\\/\\\/www.article-marketing.eu\\\/comunicatistampa\\\/giampiero-catone-il-declino-del-commercio-al-dettaglio-e-la-necessita-di-politiche-concrete\\\/\"]}]},{\"@type\":\"ImageObject\",\"inLanguage\":\"it-IT\",\"@id\":\"https:\\\/\\\/www.article-marketing.eu\\\/comunicatistampa\\\/giampiero-catone-il-declino-del-commercio-al-dettaglio-e-la-necessita-di-politiche-concrete\\\/#primaryimage\",\"url\":\"https:\\\/\\\/www.giampierocatone.it\\\/wp-content\\\/themes\\\/giampiero_catone\\\/images\\\/home\\\/giampierocatone-bio.jpg\",\"contentUrl\":\"https:\\\/\\\/www.giampierocatone.it\\\/wp-content\\\/themes\\\/giampiero_catone\\\/images\\\/home\\\/giampierocatone-bio.jpg\"},{\"@type\":\"BreadcrumbList\",\"@id\":\"https:\\\/\\\/www.article-marketing.eu\\\/comunicatistampa\\\/giampiero-catone-il-declino-del-commercio-al-dettaglio-e-la-necessita-di-politiche-concrete\\\/#breadcrumb\",\"itemListElement\":[{\"@type\":\"ListItem\",\"position\":1,\"name\":\"Home\",\"item\":\"https:\\\/\\\/www.article-marketing.eu\\\/comunicatistampa\\\/\"},{\"@type\":\"ListItem\",\"position\":2,\"name\":\"Giampiero Catone: il declino del commercio al dettaglio e la necessit\u00e0 di politiche concrete\"}]},{\"@type\":\"WebSite\",\"@id\":\"https:\\\/\\\/www.article-marketing.eu\\\/comunicatistampa\\\/#website\",\"url\":\"https:\\\/\\\/www.article-marketing.eu\\\/comunicatistampa\\\/\",\"name\":\"Article Marketing\",\"description\":\"article marketing &amp; press release\",\"potentialAction\":[{\"@type\":\"SearchAction\",\"target\":{\"@type\":\"EntryPoint\",\"urlTemplate\":\"https:\\\/\\\/www.article-marketing.eu\\\/comunicatistampa\\\/?s={search_term_string}\"},\"query-input\":{\"@type\":\"PropertyValueSpecification\",\"valueRequired\":true,\"valueName\":\"search_term_string\"}}],\"inLanguage\":\"it-IT\"},{\"@type\":\"Person\",\"@id\":\"https:\\\/\\\/www.article-marketing.eu\\\/comunicatistampa\\\/#\\\/schema\\\/person\\\/2fcaf8f8f3a9eef9eb7f27532d3ca458\",\"name\":\"articolinews\",\"image\":{\"@type\":\"ImageObject\",\"inLanguage\":\"it-IT\",\"@id\":\"https:\\\/\\\/secure.gravatar.com\\\/avatar\\\/9e2a264bab04e17dea24d937c9956304649a848cb73c46747a692ff1bdeb1cb7?s=96&d=mm&r=g\",\"url\":\"https:\\\/\\\/secure.gravatar.com\\\/avatar\\\/9e2a264bab04e17dea24d937c9956304649a848cb73c46747a692ff1bdeb1cb7?s=96&d=mm&r=g\",\"contentUrl\":\"https:\\\/\\\/secure.gravatar.com\\\/avatar\\\/9e2a264bab04e17dea24d937c9956304649a848cb73c46747a692ff1bdeb1cb7?s=96&d=mm&r=g\",\"caption\":\"articolinews\"},\"url\":\"https:\\\/\\\/www.article-marketing.eu\\\/comunicatistampa\\\/author\\\/articolinews\\\/\"}]}<\/script>\n<!-- \/ Yoast SEO plugin. -->","yoast_head_json":{"title":"Giampiero Catone: il declino del commercio al dettaglio e la necessit\u00e0 di politiche concrete","robots":{"index":"index","follow":"follow","max-snippet":"max-snippet:-1","max-image-preview":"max-image-preview:large","max-video-preview":"max-video-preview:-1"},"canonical":"https:\/\/www.article-marketing.eu\/comunicatistampa\/giampiero-catone-il-declino-del-commercio-al-dettaglio-e-la-necessita-di-politiche-concrete\/","og_locale":"it_IT","og_type":"article","og_title":"Giampiero Catone: il declino del commercio al dettaglio e la necessit\u00e0 di politiche concrete","og_description":"In un recente editoriale pubblicato sul quotidiano \u201cLa Discussione\u201d, Giampiero Catone ha approfondito il tema della crisi economica che ha colpito l\u2019Italia: negli ultimi dieci anni ha portato alla chiusura di quasi 100mila attivit\u00e0 di commercio al dettaglio e oltre 15mila imprese di commercio ambulante. \u00a0 Giampiero Catone, la crisi economica e sociale nel nostro Paese L&#8217;Italia sta affrontando una crisi economica e sociale che si manifesta in una crescenteContinue reading...","og_url":"https:\/\/www.article-marketing.eu\/comunicatistampa\/giampiero-catone-il-declino-del-commercio-al-dettaglio-e-la-necessita-di-politiche-concrete\/","og_site_name":"Article Marketing","article_published_time":"2023-03-23T13:45:03+00:00","og_image":[{"url":"https:\/\/www.giampierocatone.it\/wp-content\/themes\/giampiero_catone\/images\/home\/giampierocatone-bio.jpg","type":"","width":"","height":""}],"author":"articolinews","twitter_card":"summary_large_image","twitter_misc":{"Scritto da":"articolinews","Tempo di lettura stimato":"3 minuti"},"schema":{"@context":"https:\/\/schema.org","@graph":[{"@type":"Article","@id":"https:\/\/www.article-marketing.eu\/comunicatistampa\/giampiero-catone-il-declino-del-commercio-al-dettaglio-e-la-necessita-di-politiche-concrete\/#article","isPartOf":{"@id":"https:\/\/www.article-marketing.eu\/comunicatistampa\/giampiero-catone-il-declino-del-commercio-al-dettaglio-e-la-necessita-di-politiche-concrete\/"},"author":{"name":"articolinews","@id":"https:\/\/www.article-marketing.eu\/comunicatistampa\/#\/schema\/person\/2fcaf8f8f3a9eef9eb7f27532d3ca458"},"headline":"Giampiero Catone: il declino del commercio al dettaglio e la necessit\u00e0 di politiche concrete","datePublished":"2023-03-23T13:45:03+00:00","mainEntityOfPage":{"@id":"https:\/\/www.article-marketing.eu\/comunicatistampa\/giampiero-catone-il-declino-del-commercio-al-dettaglio-e-la-necessita-di-politiche-concrete\/"},"wordCount":416,"commentCount":0,"image":{"@id":"https:\/\/www.article-marketing.eu\/comunicatistampa\/giampiero-catone-il-declino-del-commercio-al-dettaglio-e-la-necessita-di-politiche-concrete\/#primaryimage"},"thumbnailUrl":"https:\/\/www.giampierocatone.it\/wp-content\/themes\/giampiero_catone\/images\/home\/giampierocatone-bio.jpg","keywords":["Giampiero Catone"],"articleSection":["Economia e lavoro"],"inLanguage":"it-IT","potentialAction":[{"@type":"CommentAction","name":"Comment","target":["https:\/\/www.article-marketing.eu\/comunicatistampa\/giampiero-catone-il-declino-del-commercio-al-dettaglio-e-la-necessita-di-politiche-concrete\/#respond"]}]},{"@type":"WebPage","@id":"https:\/\/www.article-marketing.eu\/comunicatistampa\/giampiero-catone-il-declino-del-commercio-al-dettaglio-e-la-necessita-di-politiche-concrete\/","url":"https:\/\/www.article-marketing.eu\/comunicatistampa\/giampiero-catone-il-declino-del-commercio-al-dettaglio-e-la-necessita-di-politiche-concrete\/","name":"Giampiero Catone: il declino del commercio al dettaglio e la necessit\u00e0 di politiche concrete","isPartOf":{"@id":"https:\/\/www.article-marketing.eu\/comunicatistampa\/#website"},"primaryImageOfPage":{"@id":"https:\/\/www.article-marketing.eu\/comunicatistampa\/giampiero-catone-il-declino-del-commercio-al-dettaglio-e-la-necessita-di-politiche-concrete\/#primaryimage"},"image":{"@id":"https:\/\/www.article-marketing.eu\/comunicatistampa\/giampiero-catone-il-declino-del-commercio-al-dettaglio-e-la-necessita-di-politiche-concrete\/#primaryimage"},"thumbnailUrl":"https:\/\/www.giampierocatone.it\/wp-content\/themes\/giampiero_catone\/images\/home\/giampierocatone-bio.jpg","datePublished":"2023-03-23T13:45:03+00:00","author":{"@id":"https:\/\/www.article-marketing.eu\/comunicatistampa\/#\/schema\/person\/2fcaf8f8f3a9eef9eb7f27532d3ca458"},"breadcrumb":{"@id":"https:\/\/www.article-marketing.eu\/comunicatistampa\/giampiero-catone-il-declino-del-commercio-al-dettaglio-e-la-necessita-di-politiche-concrete\/#breadcrumb"},"inLanguage":"it-IT","potentialAction":[{"@type":"ReadAction","target":["https:\/\/www.article-marketing.eu\/comunicatistampa\/giampiero-catone-il-declino-del-commercio-al-dettaglio-e-la-necessita-di-politiche-concrete\/"]}]},{"@type":"ImageObject","inLanguage":"it-IT","@id":"https:\/\/www.article-marketing.eu\/comunicatistampa\/giampiero-catone-il-declino-del-commercio-al-dettaglio-e-la-necessita-di-politiche-concrete\/#primaryimage","url":"https:\/\/www.giampierocatone.it\/wp-content\/themes\/giampiero_catone\/images\/home\/giampierocatone-bio.jpg","contentUrl":"https:\/\/www.giampierocatone.it\/wp-content\/themes\/giampiero_catone\/images\/home\/giampierocatone-bio.jpg"},{"@type":"BreadcrumbList","@id":"https:\/\/www.article-marketing.eu\/comunicatistampa\/giampiero-catone-il-declino-del-commercio-al-dettaglio-e-la-necessita-di-politiche-concrete\/#breadcrumb","itemListElement":[{"@type":"ListItem","position":1,"name":"Home","item":"https:\/\/www.article-marketing.eu\/comunicatistampa\/"},{"@type":"ListItem","position":2,"name":"Giampiero Catone: il declino del commercio al dettaglio e la necessit\u00e0 di politiche concrete"}]},{"@type":"WebSite","@id":"https:\/\/www.article-marketing.eu\/comunicatistampa\/#website","url":"https:\/\/www.article-marketing.eu\/comunicatistampa\/","name":"Article Marketing","description":"article marketing &amp; press release","potentialAction":[{"@type":"SearchAction","target":{"@type":"EntryPoint","urlTemplate":"https:\/\/www.article-marketing.eu\/comunicatistampa\/?s={search_term_string}"},"query-input":{"@type":"PropertyValueSpecification","valueRequired":true,"valueName":"search_term_string"}}],"inLanguage":"it-IT"},{"@type":"Person","@id":"https:\/\/www.article-marketing.eu\/comunicatistampa\/#\/schema\/person\/2fcaf8f8f3a9eef9eb7f27532d3ca458","name":"articolinews","image":{"@type":"ImageObject","inLanguage":"it-IT","@id":"https:\/\/secure.gravatar.com\/avatar\/9e2a264bab04e17dea24d937c9956304649a848cb73c46747a692ff1bdeb1cb7?s=96&d=mm&r=g","url":"https:\/\/secure.gravatar.com\/avatar\/9e2a264bab04e17dea24d937c9956304649a848cb73c46747a692ff1bdeb1cb7?s=96&d=mm&r=g","contentUrl":"https:\/\/secure.gravatar.com\/avatar\/9e2a264bab04e17dea24d937c9956304649a848cb73c46747a692ff1bdeb1cb7?s=96&d=mm&r=g","caption":"articolinews"},"url":"https:\/\/www.article-marketing.eu\/comunicatistampa\/author\/articolinews\/"}]}},"_links":{"self":[{"href":"https:\/\/www.article-marketing.eu\/comunicatistampa\/wp-json\/wp\/v2\/posts\/26715","targetHints":{"allow":["GET"]}}],"collection":[{"href":"https:\/\/www.article-marketing.eu\/comunicatistampa\/wp-json\/wp\/v2\/posts"}],"about":[{"href":"https:\/\/www.article-marketing.eu\/comunicatistampa\/wp-json\/wp\/v2\/types\/post"}],"author":[{"embeddable":true,"href":"https:\/\/www.article-marketing.eu\/comunicatistampa\/wp-json\/wp\/v2\/users\/6477"}],"replies":[{"embeddable":true,"href":"https:\/\/www.article-marketing.eu\/comunicatistampa\/wp-json\/wp\/v2\/comments?post=26715"}],"version-history":[{"count":2,"href":"https:\/\/www.article-marketing.eu\/comunicatistampa\/wp-json\/wp\/v2\/posts\/26715\/revisions"}],"predecessor-version":[{"id":26718,"href":"https:\/\/www.article-marketing.eu\/comunicatistampa\/wp-json\/wp\/v2\/posts\/26715\/revisions\/26718"}],"wp:attachment":[{"href":"https:\/\/www.article-marketing.eu\/comunicatistampa\/wp-json\/wp\/v2\/media?parent=26715"}],"wp:term":[{"taxonomy":"category","embeddable":true,"href":"https:\/\/www.article-marketing.eu\/comunicatistampa\/wp-json\/wp\/v2\/categories?post=26715"},{"taxonomy":"post_tag","embeddable":true,"href":"https:\/\/www.article-marketing.eu\/comunicatistampa\/wp-json\/wp\/v2\/tags?post=26715"}],"curies":[{"name":"wp","href":"https:\/\/api.w.org\/{rel}","templated":true}]}}