{"id":26752,"date":"2023-03-24T15:44:51","date_gmt":"2023-03-24T14:44:51","guid":{"rendered":"https:\/\/www.article-marketing.eu\/comunicatistampa\/?p=26752"},"modified":"2023-03-24T15:44:51","modified_gmt":"2023-03-24T14:44:51","slug":"un-training-aziendale-per-crescere-individualmente-e-come-gruppo","status":"publish","type":"post","link":"https:\/\/www.article-marketing.eu\/comunicatistampa\/un-training-aziendale-per-crescere-individualmente-e-come-gruppo\/","title":{"rendered":"Un training aziendale per crescere individualmente e come gruppo"},"content":{"rendered":"<p><em>Cielo e Terra accoglie una formazione esperienziale per affinare le abilit\u00e0 nella gestione delle persone e si trasforma in teatro per raccontare la storia di Shackleton, modello di leadership.<\/em><\/p>\n<p>Un allenamento molto speciale, quello che unisce teoria e pratica, per <strong>un training caratterizzato dalla concretezza<\/strong>, progettato da chi affronta le tematiche della leadership da decenni.<\/p>\n<p>Questo il filo conduttore della tre giorni, <strong>dall\u20191 al 3 marzo, organizzata in una location d\u2019eccezione, la cantina vicentina Cielo e Terra.<\/strong> Una scelta non casuale per un training che <strong>sviluppa e approfondisce temi attuali per acquisire un modo di pensare basato su uno stile di <\/strong>leadership adatta al XXI secolo.<\/p>\n<p><strong>Cielo e Terra Spa \u00e8 un&#8217;azienda vinicola che ha fatto la storia e che ha saputo evolversi nel tempo<\/strong>. Fondata a Montorso Vicentino nel lontano 1908, \u00e8 diventata una delle aziende pi\u00f9 importanti del comparto vinicolo italiano che da oltre 15 anni<strong> ha adottato con successo i principi della Lean Management<\/strong>. Grazie a un impegno costante volto a un miglioramento continuo, l&#8217;azienda ha registrato <strong>importanti incrementi di produttivit\u00e0, miglioramenti nella qualit\u00e0 dei prodotti e un ambiente di lavoro pi\u00f9 avanzato<\/strong>.<\/p>\n<p>L&#8217;attuale generazione della famiglia Cielo, unita alla forza delle Cantine dei Colli Berici, ha permesso di raggiungere risultati importanti grazie alla grande attenzione alle esigenze del mercato, della distribuzione e del consumatore finale. <strong>L&#8217;innovazione e il coinvolgimento delle persone sono stati il motore di questo sviluppo, creando una sinergia tra le proposte del marketing e le risposte efficaci, efficienti ma anche flessibili della struttura aziendale<\/strong>.<\/p>\n<p>Direttori operations, direttori e responsabili di funzione, direttori di produzione e stabilimento, responsabili di produzione, capireparto, direttori e responsabili risorse umane sono stati coinvolti per <strong>apprendere attraverso il fare<\/strong>, con Massimo Torinesi di Heikoxplore che ha guidato i partecipanti affinch\u00e9 <strong>l\u2019esperienza si traduca in acquisizione di nuove competenze<\/strong>.<\/p>\n<p>Applicare in azienda le tecniche imparate in aula con attivit\u00e0 concrete e operative e vivere un\u2019esperienza a diversi livelli di apprendimento e con diversi gradi di difficolt\u00e0 per superare i blocchi, vincere le resistenze e acquisire nuove modalit\u00e0.<\/p>\n<p>Sempre negli spazi all\u2019interno dell\u2019azienda il gran finale <strong>\u00e8 stato lo spettacolo teatrale ANTARTICA: il monologo in cui Silvia Elena Montagnini ha raccontato lo straordinario viaggio di Shackleton e il suo stile di leadership.<\/strong><\/p>\n<p>www.cieloeterravini.com<\/p>\n<p><strong>Cielo e Terra<\/strong> nasce nel 1908, \u00a0nelle campagne di Vicenza, vicino ai Castelli di Romeo e Giulietta, dove il<strong>\u00a0<\/strong>bisnonno<strong>\u00a0<\/strong>aveva acquistato un piccolo podere con vigneto, Casa Defr\u00e0.\u00a0Il\u00a0nonno Pietro<strong>\u00a0<\/strong>ha proseguito la guida dell\u2019azienda con grande passione impegno sociale. Oggi<strong>\u00a0<\/strong>alla guida dell&#8217;azienda\u00a0ci sono\u00a0Luca e Pierpaolo Cielo, assieme ai soci delle Cantine dei Colli Berici unitisi all\u2019azienda della famiglia Cielo nel 1999. Oggi l\u2019azienda che conta 3000 ettari di vigneto tra Vicenza e Verona, \u00e8 conosciuta in tutto il mondo con i marchi Cielo, Casa Defr\u00e0 e Bericanto. Il gruppo che nel 2022 ha superato i 62 milioni di euro di fatturato si caratterizza per un approccio socialmente responsabile, orientato alla trasparenza e alla sostenibilit\u00e0. Dopo aver ottenuto la certificazione B Corp, l\u2019azienda ha aderito anche VIVA Sustainable, con l\u2019obiettivo di ottimizzare l\u2019impatto ambientale della filiera vite \u2013 vino. Nel 2022 Cielo e Terra \u00e8 diventata anche Societ\u00e0 Benefit. Prima realt\u00e0 vinicola italiana a introdurre in azienda il modello della Lean Organization, Cielo e Terra integra numerosi progetti con un piano di economia circolare, affermandosi come realt\u00e0 in grado di fronteggiare le sfide dei mercati mondiali ed attestare la sua presenza in oltre 65 Paesi.<\/p>\n","protected":false},"excerpt":{"rendered":"<p>Cielo e Terra accoglie una formazione esperienziale per affinare le abilit\u00e0 nella gestione delle persone e si trasforma in teatro per raccontare la storia di Shackleton, modello di leadership. Un allenamento molto speciale, quello che unisce teoria e pratica, per un training caratterizzato dalla concretezza, progettato da chi affronta le tematiche della leadership da decenni. Questo il filo conduttore della tre giorni, dall\u20191 al 3 marzo, organizzata in una location<\/p>\n<p><a class=\"continue-reading\" href=\"https:\/\/www.article-marketing.eu\/comunicatistampa\/un-training-aziendale-per-crescere-individualmente-e-come-gruppo\/\">Continue reading&#8230;<\/a><\/p>\n","protected":false},"author":397,"featured_media":0,"comment_status":"open","ping_status":"open","sticky":false,"template":"","format":"standard","meta":{"_monsterinsights_skip_tracking":false,"_monsterinsights_sitenote_active":false,"_monsterinsights_sitenote_note":"","_monsterinsights_sitenote_category":0,"footnotes":""},"categories":[78],"tags":[],"class_list":["post-26752","post","type-post","status-publish","format-standard","hentry","category-comunicati-stampa"],"yoast_head":"<!-- This site is optimized with the Yoast SEO plugin v27.3 - https:\/\/yoast.com\/product\/yoast-seo-wordpress\/ -->\n<title>Un training aziendale per crescere individualmente e come gruppo<\/title>\n<meta name=\"robots\" content=\"index, follow, max-snippet:-1, max-image-preview:large, max-video-preview:-1\" \/>\n<link rel=\"canonical\" href=\"https:\/\/www.article-marketing.eu\/comunicatistampa\/un-training-aziendale-per-crescere-individualmente-e-come-gruppo\/\" \/>\n<meta property=\"og:locale\" content=\"it_IT\" \/>\n<meta property=\"og:type\" content=\"article\" \/>\n<meta property=\"og:title\" content=\"Un training aziendale per crescere individualmente e come gruppo\" \/>\n<meta property=\"og:description\" content=\"Cielo e Terra accoglie una formazione esperienziale per affinare le abilit\u00e0 nella gestione delle persone e si trasforma in teatro per raccontare la storia di Shackleton, modello di leadership. Un allenamento molto speciale, quello che unisce teoria e pratica, per un training caratterizzato dalla concretezza, progettato da chi affronta le tematiche della leadership da decenni. Questo il filo conduttore della tre giorni, dall\u20191 al 3 marzo, organizzata in una locationContinue reading...\" \/>\n<meta property=\"og:url\" content=\"https:\/\/www.article-marketing.eu\/comunicatistampa\/un-training-aziendale-per-crescere-individualmente-e-come-gruppo\/\" \/>\n<meta property=\"og:site_name\" content=\"Article Marketing\" \/>\n<meta property=\"article:published_time\" content=\"2023-03-24T14:44:51+00:00\" \/>\n<meta name=\"author\" content=\"Borderline Agency\" \/>\n<meta name=\"twitter:card\" content=\"summary_large_image\" \/>\n<meta name=\"twitter:label1\" content=\"Scritto da\" \/>\n\t<meta name=\"twitter:data1\" content=\"Borderline Agency\" \/>\n\t<meta name=\"twitter:label2\" content=\"Tempo di lettura stimato\" \/>\n\t<meta name=\"twitter:data2\" content=\"4 minuti\" \/>\n<script type=\"application\/ld+json\" class=\"yoast-schema-graph\">{\"@context\":\"https:\\\/\\\/schema.org\",\"@graph\":[{\"@type\":\"Article\",\"@id\":\"https:\\\/\\\/www.article-marketing.eu\\\/comunicatistampa\\\/un-training-aziendale-per-crescere-individualmente-e-come-gruppo\\\/#article\",\"isPartOf\":{\"@id\":\"https:\\\/\\\/www.article-marketing.eu\\\/comunicatistampa\\\/un-training-aziendale-per-crescere-individualmente-e-come-gruppo\\\/\"},\"author\":{\"name\":\"Borderline Agency\",\"@id\":\"https:\\\/\\\/www.article-marketing.eu\\\/comunicatistampa\\\/#\\\/schema\\\/person\\\/1c4ab1c7aad84347e26e78235da6ff1b\"},\"headline\":\"Un training aziendale per crescere individualmente e come gruppo\",\"datePublished\":\"2023-03-24T14:44:51+00:00\",\"mainEntityOfPage\":{\"@id\":\"https:\\\/\\\/www.article-marketing.eu\\\/comunicatistampa\\\/un-training-aziendale-per-crescere-individualmente-e-come-gruppo\\\/\"},\"wordCount\":578,\"commentCount\":0,\"articleSection\":[\"Comunicati stampa\"],\"inLanguage\":\"it-IT\",\"potentialAction\":[{\"@type\":\"CommentAction\",\"name\":\"Comment\",\"target\":[\"https:\\\/\\\/www.article-marketing.eu\\\/comunicatistampa\\\/un-training-aziendale-per-crescere-individualmente-e-come-gruppo\\\/#respond\"]}]},{\"@type\":\"WebPage\",\"@id\":\"https:\\\/\\\/www.article-marketing.eu\\\/comunicatistampa\\\/un-training-aziendale-per-crescere-individualmente-e-come-gruppo\\\/\",\"url\":\"https:\\\/\\\/www.article-marketing.eu\\\/comunicatistampa\\\/un-training-aziendale-per-crescere-individualmente-e-come-gruppo\\\/\",\"name\":\"Un training aziendale per crescere individualmente e come gruppo\",\"isPartOf\":{\"@id\":\"https:\\\/\\\/www.article-marketing.eu\\\/comunicatistampa\\\/#website\"},\"datePublished\":\"2023-03-24T14:44:51+00:00\",\"author\":{\"@id\":\"https:\\\/\\\/www.article-marketing.eu\\\/comunicatistampa\\\/#\\\/schema\\\/person\\\/1c4ab1c7aad84347e26e78235da6ff1b\"},\"breadcrumb\":{\"@id\":\"https:\\\/\\\/www.article-marketing.eu\\\/comunicatistampa\\\/un-training-aziendale-per-crescere-individualmente-e-come-gruppo\\\/#breadcrumb\"},\"inLanguage\":\"it-IT\",\"potentialAction\":[{\"@type\":\"ReadAction\",\"target\":[\"https:\\\/\\\/www.article-marketing.eu\\\/comunicatistampa\\\/un-training-aziendale-per-crescere-individualmente-e-come-gruppo\\\/\"]}]},{\"@type\":\"BreadcrumbList\",\"@id\":\"https:\\\/\\\/www.article-marketing.eu\\\/comunicatistampa\\\/un-training-aziendale-per-crescere-individualmente-e-come-gruppo\\\/#breadcrumb\",\"itemListElement\":[{\"@type\":\"ListItem\",\"position\":1,\"name\":\"Home\",\"item\":\"https:\\\/\\\/www.article-marketing.eu\\\/comunicatistampa\\\/\"},{\"@type\":\"ListItem\",\"position\":2,\"name\":\"Un training aziendale per crescere individualmente e come gruppo\"}]},{\"@type\":\"WebSite\",\"@id\":\"https:\\\/\\\/www.article-marketing.eu\\\/comunicatistampa\\\/#website\",\"url\":\"https:\\\/\\\/www.article-marketing.eu\\\/comunicatistampa\\\/\",\"name\":\"Article Marketing\",\"description\":\"article marketing &amp; press release\",\"potentialAction\":[{\"@type\":\"SearchAction\",\"target\":{\"@type\":\"EntryPoint\",\"urlTemplate\":\"https:\\\/\\\/www.article-marketing.eu\\\/comunicatistampa\\\/?s={search_term_string}\"},\"query-input\":{\"@type\":\"PropertyValueSpecification\",\"valueRequired\":true,\"valueName\":\"search_term_string\"}}],\"inLanguage\":\"it-IT\"},{\"@type\":\"Person\",\"@id\":\"https:\\\/\\\/www.article-marketing.eu\\\/comunicatistampa\\\/#\\\/schema\\\/person\\\/1c4ab1c7aad84347e26e78235da6ff1b\",\"name\":\"Borderline Agency\",\"image\":{\"@type\":\"ImageObject\",\"inLanguage\":\"it-IT\",\"@id\":\"https:\\\/\\\/secure.gravatar.com\\\/avatar\\\/741fa053101610cb0be7dc835c116926549ae4ae2142ff35eac04d78fda61461?s=96&d=mm&r=g\",\"url\":\"https:\\\/\\\/secure.gravatar.com\\\/avatar\\\/741fa053101610cb0be7dc835c116926549ae4ae2142ff35eac04d78fda61461?s=96&d=mm&r=g\",\"contentUrl\":\"https:\\\/\\\/secure.gravatar.com\\\/avatar\\\/741fa053101610cb0be7dc835c116926549ae4ae2142ff35eac04d78fda61461?s=96&d=mm&r=g\",\"caption\":\"Borderline Agency\"},\"url\":\"https:\\\/\\\/www.article-marketing.eu\\\/comunicatistampa\\\/author\\\/borderline-agency\\\/\"}]}<\/script>\n<!-- \/ Yoast SEO plugin. -->","yoast_head_json":{"title":"Un training aziendale per crescere individualmente e come gruppo","robots":{"index":"index","follow":"follow","max-snippet":"max-snippet:-1","max-image-preview":"max-image-preview:large","max-video-preview":"max-video-preview:-1"},"canonical":"https:\/\/www.article-marketing.eu\/comunicatistampa\/un-training-aziendale-per-crescere-individualmente-e-come-gruppo\/","og_locale":"it_IT","og_type":"article","og_title":"Un training aziendale per crescere individualmente e come gruppo","og_description":"Cielo e Terra accoglie una formazione esperienziale per affinare le abilit\u00e0 nella gestione delle persone e si trasforma in teatro per raccontare la storia di Shackleton, modello di leadership. Un allenamento molto speciale, quello che unisce teoria e pratica, per un training caratterizzato dalla concretezza, progettato da chi affronta le tematiche della leadership da decenni. Questo il filo conduttore della tre giorni, dall\u20191 al 3 marzo, organizzata in una locationContinue reading...","og_url":"https:\/\/www.article-marketing.eu\/comunicatistampa\/un-training-aziendale-per-crescere-individualmente-e-come-gruppo\/","og_site_name":"Article Marketing","article_published_time":"2023-03-24T14:44:51+00:00","author":"Borderline Agency","twitter_card":"summary_large_image","twitter_misc":{"Scritto da":"Borderline Agency","Tempo di lettura stimato":"4 minuti"},"schema":{"@context":"https:\/\/schema.org","@graph":[{"@type":"Article","@id":"https:\/\/www.article-marketing.eu\/comunicatistampa\/un-training-aziendale-per-crescere-individualmente-e-come-gruppo\/#article","isPartOf":{"@id":"https:\/\/www.article-marketing.eu\/comunicatistampa\/un-training-aziendale-per-crescere-individualmente-e-come-gruppo\/"},"author":{"name":"Borderline Agency","@id":"https:\/\/www.article-marketing.eu\/comunicatistampa\/#\/schema\/person\/1c4ab1c7aad84347e26e78235da6ff1b"},"headline":"Un training aziendale per crescere individualmente e come gruppo","datePublished":"2023-03-24T14:44:51+00:00","mainEntityOfPage":{"@id":"https:\/\/www.article-marketing.eu\/comunicatistampa\/un-training-aziendale-per-crescere-individualmente-e-come-gruppo\/"},"wordCount":578,"commentCount":0,"articleSection":["Comunicati stampa"],"inLanguage":"it-IT","potentialAction":[{"@type":"CommentAction","name":"Comment","target":["https:\/\/www.article-marketing.eu\/comunicatistampa\/un-training-aziendale-per-crescere-individualmente-e-come-gruppo\/#respond"]}]},{"@type":"WebPage","@id":"https:\/\/www.article-marketing.eu\/comunicatistampa\/un-training-aziendale-per-crescere-individualmente-e-come-gruppo\/","url":"https:\/\/www.article-marketing.eu\/comunicatistampa\/un-training-aziendale-per-crescere-individualmente-e-come-gruppo\/","name":"Un training aziendale per crescere individualmente e come gruppo","isPartOf":{"@id":"https:\/\/www.article-marketing.eu\/comunicatistampa\/#website"},"datePublished":"2023-03-24T14:44:51+00:00","author":{"@id":"https:\/\/www.article-marketing.eu\/comunicatistampa\/#\/schema\/person\/1c4ab1c7aad84347e26e78235da6ff1b"},"breadcrumb":{"@id":"https:\/\/www.article-marketing.eu\/comunicatistampa\/un-training-aziendale-per-crescere-individualmente-e-come-gruppo\/#breadcrumb"},"inLanguage":"it-IT","potentialAction":[{"@type":"ReadAction","target":["https:\/\/www.article-marketing.eu\/comunicatistampa\/un-training-aziendale-per-crescere-individualmente-e-come-gruppo\/"]}]},{"@type":"BreadcrumbList","@id":"https:\/\/www.article-marketing.eu\/comunicatistampa\/un-training-aziendale-per-crescere-individualmente-e-come-gruppo\/#breadcrumb","itemListElement":[{"@type":"ListItem","position":1,"name":"Home","item":"https:\/\/www.article-marketing.eu\/comunicatistampa\/"},{"@type":"ListItem","position":2,"name":"Un training aziendale per crescere individualmente e come gruppo"}]},{"@type":"WebSite","@id":"https:\/\/www.article-marketing.eu\/comunicatistampa\/#website","url":"https:\/\/www.article-marketing.eu\/comunicatistampa\/","name":"Article Marketing","description":"article marketing &amp; press release","potentialAction":[{"@type":"SearchAction","target":{"@type":"EntryPoint","urlTemplate":"https:\/\/www.article-marketing.eu\/comunicatistampa\/?s={search_term_string}"},"query-input":{"@type":"PropertyValueSpecification","valueRequired":true,"valueName":"search_term_string"}}],"inLanguage":"it-IT"},{"@type":"Person","@id":"https:\/\/www.article-marketing.eu\/comunicatistampa\/#\/schema\/person\/1c4ab1c7aad84347e26e78235da6ff1b","name":"Borderline Agency","image":{"@type":"ImageObject","inLanguage":"it-IT","@id":"https:\/\/secure.gravatar.com\/avatar\/741fa053101610cb0be7dc835c116926549ae4ae2142ff35eac04d78fda61461?s=96&d=mm&r=g","url":"https:\/\/secure.gravatar.com\/avatar\/741fa053101610cb0be7dc835c116926549ae4ae2142ff35eac04d78fda61461?s=96&d=mm&r=g","contentUrl":"https:\/\/secure.gravatar.com\/avatar\/741fa053101610cb0be7dc835c116926549ae4ae2142ff35eac04d78fda61461?s=96&d=mm&r=g","caption":"Borderline Agency"},"url":"https:\/\/www.article-marketing.eu\/comunicatistampa\/author\/borderline-agency\/"}]}},"_links":{"self":[{"href":"https:\/\/www.article-marketing.eu\/comunicatistampa\/wp-json\/wp\/v2\/posts\/26752","targetHints":{"allow":["GET"]}}],"collection":[{"href":"https:\/\/www.article-marketing.eu\/comunicatistampa\/wp-json\/wp\/v2\/posts"}],"about":[{"href":"https:\/\/www.article-marketing.eu\/comunicatistampa\/wp-json\/wp\/v2\/types\/post"}],"author":[{"embeddable":true,"href":"https:\/\/www.article-marketing.eu\/comunicatistampa\/wp-json\/wp\/v2\/users\/397"}],"replies":[{"embeddable":true,"href":"https:\/\/www.article-marketing.eu\/comunicatistampa\/wp-json\/wp\/v2\/comments?post=26752"}],"version-history":[{"count":2,"href":"https:\/\/www.article-marketing.eu\/comunicatistampa\/wp-json\/wp\/v2\/posts\/26752\/revisions"}],"predecessor-version":[{"id":26770,"href":"https:\/\/www.article-marketing.eu\/comunicatistampa\/wp-json\/wp\/v2\/posts\/26752\/revisions\/26770"}],"wp:attachment":[{"href":"https:\/\/www.article-marketing.eu\/comunicatistampa\/wp-json\/wp\/v2\/media?parent=26752"}],"wp:term":[{"taxonomy":"category","embeddable":true,"href":"https:\/\/www.article-marketing.eu\/comunicatistampa\/wp-json\/wp\/v2\/categories?post=26752"},{"taxonomy":"post_tag","embeddable":true,"href":"https:\/\/www.article-marketing.eu\/comunicatistampa\/wp-json\/wp\/v2\/tags?post=26752"}],"curies":[{"name":"wp","href":"https:\/\/api.w.org\/{rel}","templated":true}]}}