{"id":26761,"date":"2023-03-24T15:45:55","date_gmt":"2023-03-24T14:45:55","guid":{"rendered":"https:\/\/www.article-marketing.eu\/comunicatistampa\/?p=26761"},"modified":"2023-03-24T15:45:55","modified_gmt":"2023-03-24T14:45:55","slug":"luigi-ferraris-infrastrutture-flessibilita-e-sostenibilita-i-driver-per-unofferta-intermodale","status":"publish","type":"post","link":"https:\/\/www.article-marketing.eu\/comunicatistampa\/luigi-ferraris-infrastrutture-flessibilita-e-sostenibilita-i-driver-per-unofferta-intermodale\/","title":{"rendered":"Luigi Ferraris: infrastrutture, flessibilit\u00e0 e sostenibilit\u00e0 i driver per un\u2019offerta intermodale"},"content":{"rendered":"<p><em><strong>L\u2019AD del Gruppo FS <a title=\"Luigi Ferraris, AD Gruppo FS, per infrastrutture pi\u00f9 integrate occorre aprire ad investitori privati\" href=\"https:\/\/www.teleborsa.it\/News\/2023\/02\/22\/irs-2023-ferraris-infrastrutture-piu-integrate-aprire-agli-investimenti-privati-141.html\">Luigi Ferraris<\/a> ospite alla seconda giornata dell\u2019International Railway Summit tenutosi a Roma dal 21 al 23 febbraio: \u201cLa sfida \u00e8 creare un\u2019esperienza di viaggio multimodale, sostenibile e affidabile\u201d.<\/strong><\/em><\/p>\n<p><a title=\"Luigi Ferraris, AD Gruppo FS\" href=\"https:\/\/www.teleborsa.it\/News\/2023\/02\/22\/irs-2023-ferraris-infrastrutture-piu-integrate-aprire-agli-investimenti-privati-141.html\"><img loading=\"lazy\" decoding=\"async\" src=\"https:\/\/images.teleborsa.it\/t\/stabile\/152721.t.W300.H188.M4.jpg\" alt=\"Luigi Ferraris\" width=\"200\" height=\"125\" \/><\/a><\/p>\n<h2>Il commento di Luigi Ferraris: \u201c<em>Necessaria visione comune con una prospettiva ampia<\/em>\u201d<\/h2>\n<p>Ammodernare le infrastrutture e realizzarne di nuove, attirare gli investimenti privati e promuovere servizi sempre pi\u00f9 integrati. Solo cos\u00ec le ferrovie possono acquisire il ruolo da protagonista nelle sfide che attendono il settore dei trasporti. \u00c8 il messaggio lanciato da <a title=\"Luigi Ferraris, AD di Gruppo FS, focus su Teleborsa\" href=\"https:\/\/www.teleborsa.it\/News\/2023\/02\/22\/irs-2023-ferraris-infrastrutture-piu-integrate-aprire-agli-investimenti-privati-141.html\">Luigi Ferraris<\/a> sul palco dell\u2019International Railway Summit, l\u2019incontro annuale tra i rappresentanti delle principalit\u00e0 societ\u00e0 ferroviarie e gli operatori del settore tenutosi a Roma dal 21 al 23 febbraio. Per l\u2019Amministratore Delegato del <strong>Gruppo FS<\/strong> la priorit\u00e0 \u00e8 accelerare verso una mobilit\u00e0 integrata, efficiente e sostenibile. Indispensabili le infrastrutture, che per rispondere alle nuove esigenze dei viaggiatori dovranno essere sempre pi\u00f9 accessibili, resilienti ed interconnesse: \u201c<em>Dobbiamo fare in modo che le varie modalit\u00e0 di trasporto lavorino insieme per creare un sistema di mobilit\u00e0 multimodale veramente sostenibile<\/em> \u2013 ha dichiarato <strong>Luigi Ferraris<\/strong> \u2013 <em>\u00c8 necessaria una visione comune delle sinergie nell&#8217;intero settore dei trasporti con una prospettiva ampia e condivisa\u201d.<\/em><\/p>\n<h2>Luigi Ferraris: \u201c<em>Treno resta la modalit\u00e0 di trasporto meno impattante. Massima attenzione al trasporto merci<\/em>\u201d<\/h2>\n<p>L\u2019obiettivo \u00e8 infatti creare quella che <strong>Luigi Ferraris<\/strong> definisce \u201c<em>un\u2019esperienza di viaggio multimodale, sostenibile e affidabile<\/em>\u201d, capace di andare oltre il viaggio in treno e competere con il livello di flessibilit\u00e0 dell\u2019auto privata: \u201c<em>Un&#8217;offerta di trasporto integrata, continua e su misura<\/em> \u2013 aggiunge l\u2019AD <em>\u2013 in questo contesto, la digitalizzazione pu\u00f2 essere uno dei principali driver di questa trasformazione, insieme alla creazione di una piattaforma di ticketing semplificata<\/em>\u201d. Punto di forza del treno \u00e8 la sua sostenibilit\u00e0 ambientale intrinseca, con <strong>Gruppo FS<\/strong> che oggi vanta uno dei tassi di elettrificazione della rete pi\u00f9 alti in Europa e si prepara nei prossimi anni a coprire il 40% del proprio fabbisogno energetico grazie ad un imponente programma di autoproduzione da fonti green. Spingere verso un trasporto sempre pi\u00f9 intermodale e sostenibile vale anche per le merci. Tra gli obiettivi del Piano raggiungere entro il 2030 il 30% di merci trasportate su rotaia e diventare operatore di sistema grazie allo sviluppo di una logistica sempre pi\u00f9 integrata, sostenibile e innovativa: \u201c<em>Il nostro principale concorrente rimane il trasporto su gomma<\/em> \u2013 ha ricordato <strong>Luigi Ferraris<\/strong> \u2013 <em>Il settore stradale \u00e8 soggetto a costi inferiori rispetto a quello ferroviario. Dobbiamo lavorare su questo per migliorare le condizioni e rendere pi\u00f9 attrattivi e far crescere i servizi ferroviari<\/em>\u201d.<\/p>\n","protected":false},"excerpt":{"rendered":"<p>L\u2019AD del Gruppo FS Luigi Ferraris ospite alla seconda giornata dell\u2019International Railway Summit tenutosi a Roma dal 21 al 23 febbraio: \u201cLa sfida \u00e8 creare un\u2019esperienza di viaggio multimodale, sostenibile e affidabile\u201d. Il commento di Luigi Ferraris: \u201cNecessaria visione comune con una prospettiva ampia\u201d Ammodernare le infrastrutture e realizzarne di nuove, attirare gli investimenti privati e promuovere servizi sempre pi\u00f9 integrati. Solo cos\u00ec le ferrovie possono acquisire il ruolo da<\/p>\n<p><a class=\"continue-reading\" href=\"https:\/\/www.article-marketing.eu\/comunicatistampa\/luigi-ferraris-infrastrutture-flessibilita-e-sostenibilita-i-driver-per-unofferta-intermodale\/\">Continue reading&#8230;<\/a><\/p>\n","protected":false},"author":7203,"featured_media":0,"comment_status":"open","ping_status":"open","sticky":false,"template":"","format":"standard","meta":{"_monsterinsights_skip_tracking":false,"_monsterinsights_sitenote_active":false,"_monsterinsights_sitenote_note":"","_monsterinsights_sitenote_category":0,"footnotes":""},"categories":[386],"tags":[10013,9540],"class_list":["post-26761","post","type-post","status-publish","format-standard","hentry","category-economia-e-lavoro","tag-gruppo-fs","tag-luigi-ferraris"],"yoast_head":"<!-- This site is optimized with the Yoast SEO plugin v27.3 - https:\/\/yoast.com\/product\/yoast-seo-wordpress\/ -->\n<title>Luigi Ferraris: infrastrutture, flessibilit\u00e0 e sostenibilit\u00e0 i driver per un\u2019offerta intermodale<\/title>\n<meta name=\"robots\" content=\"index, follow, max-snippet:-1, max-image-preview:large, max-video-preview:-1\" \/>\n<link rel=\"canonical\" href=\"https:\/\/www.article-marketing.eu\/comunicatistampa\/luigi-ferraris-infrastrutture-flessibilita-e-sostenibilita-i-driver-per-unofferta-intermodale\/\" \/>\n<meta property=\"og:locale\" content=\"it_IT\" \/>\n<meta property=\"og:type\" content=\"article\" \/>\n<meta property=\"og:title\" content=\"Luigi Ferraris: infrastrutture, flessibilit\u00e0 e sostenibilit\u00e0 i driver per un\u2019offerta intermodale\" \/>\n<meta property=\"og:description\" content=\"L\u2019AD del Gruppo FS Luigi Ferraris ospite alla seconda giornata dell\u2019International Railway Summit tenutosi a Roma dal 21 al 23 febbraio: \u201cLa sfida \u00e8 creare un\u2019esperienza di viaggio multimodale, sostenibile e affidabile\u201d. Il commento di Luigi Ferraris: \u201cNecessaria visione comune con una prospettiva ampia\u201d Ammodernare le infrastrutture e realizzarne di nuove, attirare gli investimenti privati e promuovere servizi sempre pi\u00f9 integrati. Solo cos\u00ec le ferrovie possono acquisire il ruolo daContinue reading...\" \/>\n<meta property=\"og:url\" content=\"https:\/\/www.article-marketing.eu\/comunicatistampa\/luigi-ferraris-infrastrutture-flessibilita-e-sostenibilita-i-driver-per-unofferta-intermodale\/\" \/>\n<meta property=\"og:site_name\" content=\"Article Marketing\" \/>\n<meta property=\"article:published_time\" content=\"2023-03-24T14:45:55+00:00\" \/>\n<meta property=\"og:image\" content=\"https:\/\/images.teleborsa.it\/t\/stabile\/152721.t.W300.H188.M4.jpg\" \/>\n<meta name=\"author\" content=\"gbofficeprnews\" \/>\n<meta name=\"twitter:card\" content=\"summary_large_image\" \/>\n<meta name=\"twitter:label1\" content=\"Scritto da\" \/>\n\t<meta name=\"twitter:data1\" content=\"gbofficeprnews\" \/>\n\t<meta name=\"twitter:label2\" content=\"Tempo di lettura stimato\" \/>\n\t<meta name=\"twitter:data2\" content=\"3 minuti\" \/>\n<script type=\"application\/ld+json\" class=\"yoast-schema-graph\">{\"@context\":\"https:\\\/\\\/schema.org\",\"@graph\":[{\"@type\":\"Article\",\"@id\":\"https:\\\/\\\/www.article-marketing.eu\\\/comunicatistampa\\\/luigi-ferraris-infrastrutture-flessibilita-e-sostenibilita-i-driver-per-unofferta-intermodale\\\/#article\",\"isPartOf\":{\"@id\":\"https:\\\/\\\/www.article-marketing.eu\\\/comunicatistampa\\\/luigi-ferraris-infrastrutture-flessibilita-e-sostenibilita-i-driver-per-unofferta-intermodale\\\/\"},\"author\":{\"name\":\"gbofficeprnews\",\"@id\":\"https:\\\/\\\/www.article-marketing.eu\\\/comunicatistampa\\\/#\\\/schema\\\/person\\\/00c541681af1a376511ed63d59ca096f\"},\"headline\":\"Luigi Ferraris: infrastrutture, flessibilit\u00e0 e sostenibilit\u00e0 i driver per un\u2019offerta intermodale\",\"datePublished\":\"2023-03-24T14:45:55+00:00\",\"mainEntityOfPage\":{\"@id\":\"https:\\\/\\\/www.article-marketing.eu\\\/comunicatistampa\\\/luigi-ferraris-infrastrutture-flessibilita-e-sostenibilita-i-driver-per-unofferta-intermodale\\\/\"},\"wordCount\":422,\"commentCount\":0,\"image\":{\"@id\":\"https:\\\/\\\/www.article-marketing.eu\\\/comunicatistampa\\\/luigi-ferraris-infrastrutture-flessibilita-e-sostenibilita-i-driver-per-unofferta-intermodale\\\/#primaryimage\"},\"thumbnailUrl\":\"https:\\\/\\\/images.teleborsa.it\\\/t\\\/stabile\\\/152721.t.W300.H188.M4.jpg\",\"keywords\":[\"Gruppo FS\",\"Luigi Ferraris\"],\"articleSection\":[\"Economia e lavoro\"],\"inLanguage\":\"it-IT\",\"potentialAction\":[{\"@type\":\"CommentAction\",\"name\":\"Comment\",\"target\":[\"https:\\\/\\\/www.article-marketing.eu\\\/comunicatistampa\\\/luigi-ferraris-infrastrutture-flessibilita-e-sostenibilita-i-driver-per-unofferta-intermodale\\\/#respond\"]}]},{\"@type\":\"WebPage\",\"@id\":\"https:\\\/\\\/www.article-marketing.eu\\\/comunicatistampa\\\/luigi-ferraris-infrastrutture-flessibilita-e-sostenibilita-i-driver-per-unofferta-intermodale\\\/\",\"url\":\"https:\\\/\\\/www.article-marketing.eu\\\/comunicatistampa\\\/luigi-ferraris-infrastrutture-flessibilita-e-sostenibilita-i-driver-per-unofferta-intermodale\\\/\",\"name\":\"Luigi Ferraris: infrastrutture, flessibilit\u00e0 e sostenibilit\u00e0 i driver per un\u2019offerta intermodale\",\"isPartOf\":{\"@id\":\"https:\\\/\\\/www.article-marketing.eu\\\/comunicatistampa\\\/#website\"},\"primaryImageOfPage\":{\"@id\":\"https:\\\/\\\/www.article-marketing.eu\\\/comunicatistampa\\\/luigi-ferraris-infrastrutture-flessibilita-e-sostenibilita-i-driver-per-unofferta-intermodale\\\/#primaryimage\"},\"image\":{\"@id\":\"https:\\\/\\\/www.article-marketing.eu\\\/comunicatistampa\\\/luigi-ferraris-infrastrutture-flessibilita-e-sostenibilita-i-driver-per-unofferta-intermodale\\\/#primaryimage\"},\"thumbnailUrl\":\"https:\\\/\\\/images.teleborsa.it\\\/t\\\/stabile\\\/152721.t.W300.H188.M4.jpg\",\"datePublished\":\"2023-03-24T14:45:55+00:00\",\"author\":{\"@id\":\"https:\\\/\\\/www.article-marketing.eu\\\/comunicatistampa\\\/#\\\/schema\\\/person\\\/00c541681af1a376511ed63d59ca096f\"},\"breadcrumb\":{\"@id\":\"https:\\\/\\\/www.article-marketing.eu\\\/comunicatistampa\\\/luigi-ferraris-infrastrutture-flessibilita-e-sostenibilita-i-driver-per-unofferta-intermodale\\\/#breadcrumb\"},\"inLanguage\":\"it-IT\",\"potentialAction\":[{\"@type\":\"ReadAction\",\"target\":[\"https:\\\/\\\/www.article-marketing.eu\\\/comunicatistampa\\\/luigi-ferraris-infrastrutture-flessibilita-e-sostenibilita-i-driver-per-unofferta-intermodale\\\/\"]}]},{\"@type\":\"ImageObject\",\"inLanguage\":\"it-IT\",\"@id\":\"https:\\\/\\\/www.article-marketing.eu\\\/comunicatistampa\\\/luigi-ferraris-infrastrutture-flessibilita-e-sostenibilita-i-driver-per-unofferta-intermodale\\\/#primaryimage\",\"url\":\"https:\\\/\\\/images.teleborsa.it\\\/t\\\/stabile\\\/152721.t.W300.H188.M4.jpg\",\"contentUrl\":\"https:\\\/\\\/images.teleborsa.it\\\/t\\\/stabile\\\/152721.t.W300.H188.M4.jpg\"},{\"@type\":\"BreadcrumbList\",\"@id\":\"https:\\\/\\\/www.article-marketing.eu\\\/comunicatistampa\\\/luigi-ferraris-infrastrutture-flessibilita-e-sostenibilita-i-driver-per-unofferta-intermodale\\\/#breadcrumb\",\"itemListElement\":[{\"@type\":\"ListItem\",\"position\":1,\"name\":\"Home\",\"item\":\"https:\\\/\\\/www.article-marketing.eu\\\/comunicatistampa\\\/\"},{\"@type\":\"ListItem\",\"position\":2,\"name\":\"Luigi Ferraris: infrastrutture, flessibilit\u00e0 e sostenibilit\u00e0 i driver per un\u2019offerta intermodale\"}]},{\"@type\":\"WebSite\",\"@id\":\"https:\\\/\\\/www.article-marketing.eu\\\/comunicatistampa\\\/#website\",\"url\":\"https:\\\/\\\/www.article-marketing.eu\\\/comunicatistampa\\\/\",\"name\":\"Article Marketing\",\"description\":\"article marketing &amp; press release\",\"potentialAction\":[{\"@type\":\"SearchAction\",\"target\":{\"@type\":\"EntryPoint\",\"urlTemplate\":\"https:\\\/\\\/www.article-marketing.eu\\\/comunicatistampa\\\/?s={search_term_string}\"},\"query-input\":{\"@type\":\"PropertyValueSpecification\",\"valueRequired\":true,\"valueName\":\"search_term_string\"}}],\"inLanguage\":\"it-IT\"},{\"@type\":\"Person\",\"@id\":\"https:\\\/\\\/www.article-marketing.eu\\\/comunicatistampa\\\/#\\\/schema\\\/person\\\/00c541681af1a376511ed63d59ca096f\",\"name\":\"gbofficeprnews\",\"image\":{\"@type\":\"ImageObject\",\"inLanguage\":\"it-IT\",\"@id\":\"https:\\\/\\\/secure.gravatar.com\\\/avatar\\\/6c895f4b9cd59fffe899c25f76b85bf0d427605c1f0d3b07c81e155c001265cf?s=96&d=mm&r=g\",\"url\":\"https:\\\/\\\/secure.gravatar.com\\\/avatar\\\/6c895f4b9cd59fffe899c25f76b85bf0d427605c1f0d3b07c81e155c001265cf?s=96&d=mm&r=g\",\"contentUrl\":\"https:\\\/\\\/secure.gravatar.com\\\/avatar\\\/6c895f4b9cd59fffe899c25f76b85bf0d427605c1f0d3b07c81e155c001265cf?s=96&d=mm&r=g\",\"caption\":\"gbofficeprnews\"},\"url\":\"https:\\\/\\\/www.article-marketing.eu\\\/comunicatistampa\\\/author\\\/gbofficeprnews\\\/\"}]}<\/script>\n<!-- \/ Yoast SEO plugin. -->","yoast_head_json":{"title":"Luigi Ferraris: infrastrutture, flessibilit\u00e0 e sostenibilit\u00e0 i driver per un\u2019offerta intermodale","robots":{"index":"index","follow":"follow","max-snippet":"max-snippet:-1","max-image-preview":"max-image-preview:large","max-video-preview":"max-video-preview:-1"},"canonical":"https:\/\/www.article-marketing.eu\/comunicatistampa\/luigi-ferraris-infrastrutture-flessibilita-e-sostenibilita-i-driver-per-unofferta-intermodale\/","og_locale":"it_IT","og_type":"article","og_title":"Luigi Ferraris: infrastrutture, flessibilit\u00e0 e sostenibilit\u00e0 i driver per un\u2019offerta intermodale","og_description":"L\u2019AD del Gruppo FS Luigi Ferraris ospite alla seconda giornata dell\u2019International Railway Summit tenutosi a Roma dal 21 al 23 febbraio: \u201cLa sfida \u00e8 creare un\u2019esperienza di viaggio multimodale, sostenibile e affidabile\u201d. Il commento di Luigi Ferraris: \u201cNecessaria visione comune con una prospettiva ampia\u201d Ammodernare le infrastrutture e realizzarne di nuove, attirare gli investimenti privati e promuovere servizi sempre pi\u00f9 integrati. Solo cos\u00ec le ferrovie possono acquisire il ruolo daContinue reading...","og_url":"https:\/\/www.article-marketing.eu\/comunicatistampa\/luigi-ferraris-infrastrutture-flessibilita-e-sostenibilita-i-driver-per-unofferta-intermodale\/","og_site_name":"Article Marketing","article_published_time":"2023-03-24T14:45:55+00:00","og_image":[{"url":"https:\/\/images.teleborsa.it\/t\/stabile\/152721.t.W300.H188.M4.jpg","type":"","width":"","height":""}],"author":"gbofficeprnews","twitter_card":"summary_large_image","twitter_misc":{"Scritto da":"gbofficeprnews","Tempo di lettura stimato":"3 minuti"},"schema":{"@context":"https:\/\/schema.org","@graph":[{"@type":"Article","@id":"https:\/\/www.article-marketing.eu\/comunicatistampa\/luigi-ferraris-infrastrutture-flessibilita-e-sostenibilita-i-driver-per-unofferta-intermodale\/#article","isPartOf":{"@id":"https:\/\/www.article-marketing.eu\/comunicatistampa\/luigi-ferraris-infrastrutture-flessibilita-e-sostenibilita-i-driver-per-unofferta-intermodale\/"},"author":{"name":"gbofficeprnews","@id":"https:\/\/www.article-marketing.eu\/comunicatistampa\/#\/schema\/person\/00c541681af1a376511ed63d59ca096f"},"headline":"Luigi Ferraris: infrastrutture, flessibilit\u00e0 e sostenibilit\u00e0 i driver per un\u2019offerta intermodale","datePublished":"2023-03-24T14:45:55+00:00","mainEntityOfPage":{"@id":"https:\/\/www.article-marketing.eu\/comunicatistampa\/luigi-ferraris-infrastrutture-flessibilita-e-sostenibilita-i-driver-per-unofferta-intermodale\/"},"wordCount":422,"commentCount":0,"image":{"@id":"https:\/\/www.article-marketing.eu\/comunicatistampa\/luigi-ferraris-infrastrutture-flessibilita-e-sostenibilita-i-driver-per-unofferta-intermodale\/#primaryimage"},"thumbnailUrl":"https:\/\/images.teleborsa.it\/t\/stabile\/152721.t.W300.H188.M4.jpg","keywords":["Gruppo FS","Luigi Ferraris"],"articleSection":["Economia e lavoro"],"inLanguage":"it-IT","potentialAction":[{"@type":"CommentAction","name":"Comment","target":["https:\/\/www.article-marketing.eu\/comunicatistampa\/luigi-ferraris-infrastrutture-flessibilita-e-sostenibilita-i-driver-per-unofferta-intermodale\/#respond"]}]},{"@type":"WebPage","@id":"https:\/\/www.article-marketing.eu\/comunicatistampa\/luigi-ferraris-infrastrutture-flessibilita-e-sostenibilita-i-driver-per-unofferta-intermodale\/","url":"https:\/\/www.article-marketing.eu\/comunicatistampa\/luigi-ferraris-infrastrutture-flessibilita-e-sostenibilita-i-driver-per-unofferta-intermodale\/","name":"Luigi Ferraris: infrastrutture, flessibilit\u00e0 e sostenibilit\u00e0 i driver per un\u2019offerta intermodale","isPartOf":{"@id":"https:\/\/www.article-marketing.eu\/comunicatistampa\/#website"},"primaryImageOfPage":{"@id":"https:\/\/www.article-marketing.eu\/comunicatistampa\/luigi-ferraris-infrastrutture-flessibilita-e-sostenibilita-i-driver-per-unofferta-intermodale\/#primaryimage"},"image":{"@id":"https:\/\/www.article-marketing.eu\/comunicatistampa\/luigi-ferraris-infrastrutture-flessibilita-e-sostenibilita-i-driver-per-unofferta-intermodale\/#primaryimage"},"thumbnailUrl":"https:\/\/images.teleborsa.it\/t\/stabile\/152721.t.W300.H188.M4.jpg","datePublished":"2023-03-24T14:45:55+00:00","author":{"@id":"https:\/\/www.article-marketing.eu\/comunicatistampa\/#\/schema\/person\/00c541681af1a376511ed63d59ca096f"},"breadcrumb":{"@id":"https:\/\/www.article-marketing.eu\/comunicatistampa\/luigi-ferraris-infrastrutture-flessibilita-e-sostenibilita-i-driver-per-unofferta-intermodale\/#breadcrumb"},"inLanguage":"it-IT","potentialAction":[{"@type":"ReadAction","target":["https:\/\/www.article-marketing.eu\/comunicatistampa\/luigi-ferraris-infrastrutture-flessibilita-e-sostenibilita-i-driver-per-unofferta-intermodale\/"]}]},{"@type":"ImageObject","inLanguage":"it-IT","@id":"https:\/\/www.article-marketing.eu\/comunicatistampa\/luigi-ferraris-infrastrutture-flessibilita-e-sostenibilita-i-driver-per-unofferta-intermodale\/#primaryimage","url":"https:\/\/images.teleborsa.it\/t\/stabile\/152721.t.W300.H188.M4.jpg","contentUrl":"https:\/\/images.teleborsa.it\/t\/stabile\/152721.t.W300.H188.M4.jpg"},{"@type":"BreadcrumbList","@id":"https:\/\/www.article-marketing.eu\/comunicatistampa\/luigi-ferraris-infrastrutture-flessibilita-e-sostenibilita-i-driver-per-unofferta-intermodale\/#breadcrumb","itemListElement":[{"@type":"ListItem","position":1,"name":"Home","item":"https:\/\/www.article-marketing.eu\/comunicatistampa\/"},{"@type":"ListItem","position":2,"name":"Luigi Ferraris: infrastrutture, flessibilit\u00e0 e sostenibilit\u00e0 i driver per un\u2019offerta intermodale"}]},{"@type":"WebSite","@id":"https:\/\/www.article-marketing.eu\/comunicatistampa\/#website","url":"https:\/\/www.article-marketing.eu\/comunicatistampa\/","name":"Article Marketing","description":"article marketing &amp; press release","potentialAction":[{"@type":"SearchAction","target":{"@type":"EntryPoint","urlTemplate":"https:\/\/www.article-marketing.eu\/comunicatistampa\/?s={search_term_string}"},"query-input":{"@type":"PropertyValueSpecification","valueRequired":true,"valueName":"search_term_string"}}],"inLanguage":"it-IT"},{"@type":"Person","@id":"https:\/\/www.article-marketing.eu\/comunicatistampa\/#\/schema\/person\/00c541681af1a376511ed63d59ca096f","name":"gbofficeprnews","image":{"@type":"ImageObject","inLanguage":"it-IT","@id":"https:\/\/secure.gravatar.com\/avatar\/6c895f4b9cd59fffe899c25f76b85bf0d427605c1f0d3b07c81e155c001265cf?s=96&d=mm&r=g","url":"https:\/\/secure.gravatar.com\/avatar\/6c895f4b9cd59fffe899c25f76b85bf0d427605c1f0d3b07c81e155c001265cf?s=96&d=mm&r=g","contentUrl":"https:\/\/secure.gravatar.com\/avatar\/6c895f4b9cd59fffe899c25f76b85bf0d427605c1f0d3b07c81e155c001265cf?s=96&d=mm&r=g","caption":"gbofficeprnews"},"url":"https:\/\/www.article-marketing.eu\/comunicatistampa\/author\/gbofficeprnews\/"}]}},"_links":{"self":[{"href":"https:\/\/www.article-marketing.eu\/comunicatistampa\/wp-json\/wp\/v2\/posts\/26761","targetHints":{"allow":["GET"]}}],"collection":[{"href":"https:\/\/www.article-marketing.eu\/comunicatistampa\/wp-json\/wp\/v2\/posts"}],"about":[{"href":"https:\/\/www.article-marketing.eu\/comunicatistampa\/wp-json\/wp\/v2\/types\/post"}],"author":[{"embeddable":true,"href":"https:\/\/www.article-marketing.eu\/comunicatistampa\/wp-json\/wp\/v2\/users\/7203"}],"replies":[{"embeddable":true,"href":"https:\/\/www.article-marketing.eu\/comunicatistampa\/wp-json\/wp\/v2\/comments?post=26761"}],"version-history":[{"count":2,"href":"https:\/\/www.article-marketing.eu\/comunicatistampa\/wp-json\/wp\/v2\/posts\/26761\/revisions"}],"predecessor-version":[{"id":26775,"href":"https:\/\/www.article-marketing.eu\/comunicatistampa\/wp-json\/wp\/v2\/posts\/26761\/revisions\/26775"}],"wp:attachment":[{"href":"https:\/\/www.article-marketing.eu\/comunicatistampa\/wp-json\/wp\/v2\/media?parent=26761"}],"wp:term":[{"taxonomy":"category","embeddable":true,"href":"https:\/\/www.article-marketing.eu\/comunicatistampa\/wp-json\/wp\/v2\/categories?post=26761"},{"taxonomy":"post_tag","embeddable":true,"href":"https:\/\/www.article-marketing.eu\/comunicatistampa\/wp-json\/wp\/v2\/tags?post=26761"}],"curies":[{"name":"wp","href":"https:\/\/api.w.org\/{rel}","templated":true}]}}