{"id":26777,"date":"2023-03-27T14:20:50","date_gmt":"2023-03-27T12:20:50","guid":{"rendered":"https:\/\/www.article-marketing.eu\/comunicatistampa\/?p=26777"},"modified":"2023-03-27T14:20:50","modified_gmt":"2023-03-27T12:20:50","slug":"il-potere-della-congrega-fabio-barbonaglia-torna-in-libreria-con-il-secondo-volume-della-trilogia-urban-fantasy","status":"publish","type":"post","link":"https:\/\/www.article-marketing.eu\/comunicatistampa\/il-potere-della-congrega-fabio-barbonaglia-torna-in-libreria-con-il-secondo-volume-della-trilogia-urban-fantasy\/","title":{"rendered":"&#8220;Il potere della Congrega&#8221;, Fabio Barbonaglia torna in libreria con il secondo volume della trilogia urban fantasy"},"content":{"rendered":"<p><img decoding=\"async\" src=\"https:\/\/blogger.googleusercontent.com\/img\/a\/AVvXsEhmx4keva8oik8M6A0TBZMRXRfGYb778KfeGGQkXqoNJ6DjZSziwe6wwBJCSAiz-gyBcSv5BXhNqIU1qZiVdkcAyKun_oHnj07cKxmNuAps8x6nGQH-J77T9Ip1B433Bxu_IKg_KQ2shaiNdFkWwmOM8YfQt-ikppXMiot1S4KzX8vJ2ZnRdX_fcscqug\" \/>Vercelli &#8211;\u00a0<em>Il potere della Congrega<\/em>\u00a0di Fabio Barbonaglia \u00e8 l&#8217;atteso\u00a0<em>sequel<\/em>\u00a0di un testo che ha gi\u00e0 conquistato i lettori con un&#8217;avvincente saga\u00a0<em>urban fantasy<\/em>:\u00a0<em>Il dominio della Congrega<\/em>, il mitico viaggio del giovane Cassian Larbon tra mondi contemporanei animati da straordinarie creature, antichi simbolismi e leggende secolari. La Congrega \u00e8 il fulcro dell&#8217;epopea che lo scrittore vercellese immagina al governo di Capitalis, una citt\u00e0 dalle mille bellezze architettoniche che pulsa nel sottosuolo di Torino, riconosciuto centro di magici triangoli metropolitani. Si tratta di una comunit\u00e0 segreta che usa l&#8217;energia cosmica cio\u00e8 la differenza di potenziale tra polo positivo e polo negativo, emblemi di bene e male, per la realizzazione e l&#8217;uso di incantesimi, armi prodigiose e pozioni magiche.<\/p>\n<p>&nbsp;<\/p>\n<p>Gi\u00e0 dal primo tomo della trilogia, la vita della Congrega \u00e8 sconvolta dalla comparsa di un&#8217;oscura profezia riportata nelle pagine di tre libri gemelli, veri e propri artefatti realizzati con scaglie argentate di drago. Una fazione rinnegata del gruppo che costituisce la Resistenza fa di tutto per impedire che la profezia giunga a Capitalis. Cos\u00ec si dipanano due vicende parallele: quella del protagonista Cassian, che dal sud dell&#8217;Inghilterra si sposta verso Torino e, nonostante il furto di uno dei libri, riesce a portare con s\u00e9 il testo della profezia accompagnato dall&#8217;ispettore dell&#8217;Interpol Justine Thompson e dalla mitica spada Durindarda; quella di Deomor, boia della Congrega che, ingannato dai membri della Resistenza, distrugge un tomo gemello e va alla ricerca di un&#8217;altra scaglia di drago per creare un nuovo libro.<\/p>\n<p>Ne\u00a0<em>Il potere della Congrega<\/em>\u00a0Cassian e Justine, tra molteplici peripezie e grande temerariet\u00e0, riusciranno a far giungere a Capitalis la famosa profezia salvata da Padre Garrison nella lettera d&#8217;addio al ragazzo. Si tratta di un testo in versi di difficile interpretazione. Solo il bibliotecario della Congrega sapr\u00e0 chiarire l&#8217;arcano messaggio e svelarne il conseguente scenario apocalittico. Contemporaneamente Deomor, insieme a fortuiti quanto esperti compagni di disavventure, si trover\u00e0 ad affrontare le sue pi\u00f9 profonde paure nella morsa di un fatale inganno.<\/p>\n<p>Fabio Barbonaglia \u00e8 il sagace autore dell&#8217;epopea di Cassian Larbon, che terminer\u00e0 con l&#8217;ultimo tomo della trilogia dal titolo\u00a0<em>Il destino della Congrega<\/em>. Ingegnere esperto in gestione qualit\u00e0, ambiente e sicurezza aziendali, fin da ragazzo si \u00e8 nutrito delle storie dei grandi autori di genere\u00a0<em>fantasy<\/em>. Appassionato di giochi di ruolo e collezionista di armi bianche, giunge naturalmente all&#8217;<em>urban fantasy<\/em>\u00a0con un ricco bagaglio inventivo e narrativo.<\/p>\n<p><em>Suspance<\/em>\u00a0\u00e8 la parola chiave di questo secondo libro della saga di Barbonaglia. I personaggi si muovono in una catena di eventi a sorpresa, sempre a caccia di nuovi obiettivi e inseriti in enigmi da svelare. Diversi gli elementi fantastici nell&#8217;immaginario de Il potere della Congrega, come pure i riferimenti a testi antichi e a fonti artistiche di natura variegata, che lo rendono caleidoscopico e carico della tensione indispensabile per giungere a un\u00a0<em>cliffhanger<\/em>\u00a0gi\u00e0 annunciato. Un&#8217;attenta tavolozza psicologica delinea i personaggi conferendo loro sentimenti e intuizioni che agli occhi del lettore li rendono complici e vicini a un certo realismo spesso poco contemplato dal genere\u00a0<em>fantasy<\/em>. Di fatto il tono\u00a0<em>urban<\/em>, che si muove tra stratificazioni metropolitane, attentati terroristici e squarci di cultura contemporanea nell&#8217;incessante scorrere del tempo, conferisce al testo e in generale a tutta la saga quel tratto di umanit\u00e0 che la fa prossima a ci\u00f2 che di straordinario pu\u00f2 accadere nella vita di ogni giorno.<\/p>\n<p>&nbsp;<\/p>\n<p><strong>Info<\/strong><br \/>\n<a href=\"https:\/\/www.latrilogiadellacongrega.it\/\">latrilogiadellacongrega.it<\/a><\/p>\n<p><a href=\"mailto:latrilogiadellacongrega@gmail.com\">latrilogiadellacongrega@gmail.com<\/a><\/p>\n<p>&nbsp;<\/p>\n","protected":false},"excerpt":{"rendered":"<p>Vercelli &#8211;\u00a0Il potere della Congrega\u00a0di Fabio Barbonaglia \u00e8 l&#8217;atteso\u00a0sequel\u00a0di un testo che ha gi\u00e0 conquistato i lettori con un&#8217;avvincente saga\u00a0urban fantasy:\u00a0Il dominio della Congrega, il mitico viaggio del giovane Cassian Larbon tra mondi contemporanei animati da straordinarie creature, antichi simbolismi e leggende secolari. La Congrega \u00e8 il fulcro dell&#8217;epopea che lo scrittore vercellese immagina al governo di Capitalis, una citt\u00e0 dalle mille bellezze architettoniche che pulsa nel sottosuolo di Torino,<\/p>\n<p><a class=\"continue-reading\" href=\"https:\/\/www.article-marketing.eu\/comunicatistampa\/il-potere-della-congrega-fabio-barbonaglia-torna-in-libreria-con-il-secondo-volume-della-trilogia-urban-fantasy\/\">Continue reading&#8230;<\/a><\/p>\n","protected":false},"author":920,"featured_media":0,"comment_status":"open","ping_status":"open","sticky":false,"template":"","format":"standard","meta":{"_monsterinsights_skip_tracking":false,"_monsterinsights_sitenote_active":false,"_monsterinsights_sitenote_note":"","_monsterinsights_sitenote_category":0,"footnotes":""},"categories":[410],"tags":[10515,10513,569,10512,10511,10514],"class_list":["post-26777","post","type-post","status-publish","format-standard","hentry","category-libri","tag-barbonaglia","tag-congrega","tag-libri","tag-trilogia","tag-urban-fantasy","tag-vercelli"],"yoast_head":"<!-- This site is optimized with the Yoast SEO plugin v27.3 - https:\/\/yoast.com\/product\/yoast-seo-wordpress\/ -->\n<title>&quot;Il potere della Congrega&quot;, Fabio Barbonaglia torna in libreria con il secondo volume della trilogia urban fantasy<\/title>\n<meta name=\"robots\" content=\"index, follow, max-snippet:-1, max-image-preview:large, max-video-preview:-1\" \/>\n<link rel=\"canonical\" href=\"https:\/\/www.article-marketing.eu\/comunicatistampa\/il-potere-della-congrega-fabio-barbonaglia-torna-in-libreria-con-il-secondo-volume-della-trilogia-urban-fantasy\/\" \/>\n<meta property=\"og:locale\" content=\"it_IT\" \/>\n<meta property=\"og:type\" content=\"article\" \/>\n<meta property=\"og:title\" content=\"&quot;Il potere della Congrega&quot;, Fabio Barbonaglia torna in libreria con il secondo volume della trilogia urban fantasy\" \/>\n<meta property=\"og:description\" content=\"Vercelli &#8211;\u00a0Il potere della Congrega\u00a0di Fabio Barbonaglia \u00e8 l&#8217;atteso\u00a0sequel\u00a0di un testo che ha gi\u00e0 conquistato i lettori con un&#8217;avvincente saga\u00a0urban fantasy:\u00a0Il dominio della Congrega, il mitico viaggio del giovane Cassian Larbon tra mondi contemporanei animati da straordinarie creature, antichi simbolismi e leggende secolari. La Congrega \u00e8 il fulcro dell&#8217;epopea che lo scrittore vercellese immagina al governo di Capitalis, una citt\u00e0 dalle mille bellezze architettoniche che pulsa nel sottosuolo di Torino,Continue reading...\" \/>\n<meta property=\"og:url\" content=\"https:\/\/www.article-marketing.eu\/comunicatistampa\/il-potere-della-congrega-fabio-barbonaglia-torna-in-libreria-con-il-secondo-volume-della-trilogia-urban-fantasy\/\" \/>\n<meta property=\"og:site_name\" content=\"Article Marketing\" \/>\n<meta property=\"article:published_time\" content=\"2023-03-27T12:20:50+00:00\" \/>\n<meta property=\"og:image\" content=\"https:\/\/blogger.googleusercontent.com\/img\/a\/AVvXsEhmx4keva8oik8M6A0TBZMRXRfGYb778KfeGGQkXqoNJ6DjZSziwe6wwBJCSAiz-gyBcSv5BXhNqIU1qZiVdkcAyKun_oHnj07cKxmNuAps8x6nGQH-J77T9Ip1B433Bxu_IKg_KQ2shaiNdFkWwmOM8YfQt-ikppXMiot1S4KzX8vJ2ZnRdX_fcscqug\" \/>\n<meta name=\"author\" content=\"inpress\" \/>\n<meta name=\"twitter:card\" content=\"summary_large_image\" \/>\n<meta name=\"twitter:label1\" content=\"Scritto da\" \/>\n\t<meta name=\"twitter:data1\" content=\"inpress\" \/>\n\t<meta name=\"twitter:label2\" content=\"Tempo di lettura stimato\" \/>\n\t<meta name=\"twitter:data2\" content=\"4 minuti\" \/>\n<script type=\"application\/ld+json\" class=\"yoast-schema-graph\">{\"@context\":\"https:\\\/\\\/schema.org\",\"@graph\":[{\"@type\":\"Article\",\"@id\":\"https:\\\/\\\/www.article-marketing.eu\\\/comunicatistampa\\\/il-potere-della-congrega-fabio-barbonaglia-torna-in-libreria-con-il-secondo-volume-della-trilogia-urban-fantasy\\\/#article\",\"isPartOf\":{\"@id\":\"https:\\\/\\\/www.article-marketing.eu\\\/comunicatistampa\\\/il-potere-della-congrega-fabio-barbonaglia-torna-in-libreria-con-il-secondo-volume-della-trilogia-urban-fantasy\\\/\"},\"author\":{\"name\":\"inpress\",\"@id\":\"https:\\\/\\\/www.article-marketing.eu\\\/comunicatistampa\\\/#\\\/schema\\\/person\\\/6f87d425bef304dd8be1a0895dea44b2\"},\"headline\":\"&#8220;Il potere della Congrega&#8221;, Fabio Barbonaglia torna in libreria con il secondo volume della trilogia urban fantasy\",\"datePublished\":\"2023-03-27T12:20:50+00:00\",\"mainEntityOfPage\":{\"@id\":\"https:\\\/\\\/www.article-marketing.eu\\\/comunicatistampa\\\/il-potere-della-congrega-fabio-barbonaglia-torna-in-libreria-con-il-secondo-volume-della-trilogia-urban-fantasy\\\/\"},\"wordCount\":577,\"commentCount\":0,\"image\":{\"@id\":\"https:\\\/\\\/www.article-marketing.eu\\\/comunicatistampa\\\/il-potere-della-congrega-fabio-barbonaglia-torna-in-libreria-con-il-secondo-volume-della-trilogia-urban-fantasy\\\/#primaryimage\"},\"thumbnailUrl\":\"https:\\\/\\\/blogger.googleusercontent.com\\\/img\\\/a\\\/AVvXsEhmx4keva8oik8M6A0TBZMRXRfGYb778KfeGGQkXqoNJ6DjZSziwe6wwBJCSAiz-gyBcSv5BXhNqIU1qZiVdkcAyKun_oHnj07cKxmNuAps8x6nGQH-J77T9Ip1B433Bxu_IKg_KQ2shaiNdFkWwmOM8YfQt-ikppXMiot1S4KzX8vJ2ZnRdX_fcscqug\",\"keywords\":[\"Barbonaglia\",\"congrega\",\"Libri\",\"trilogia\",\"urban fantasy\",\"vercelli\"],\"articleSection\":[\"Libri\"],\"inLanguage\":\"it-IT\",\"potentialAction\":[{\"@type\":\"CommentAction\",\"name\":\"Comment\",\"target\":[\"https:\\\/\\\/www.article-marketing.eu\\\/comunicatistampa\\\/il-potere-della-congrega-fabio-barbonaglia-torna-in-libreria-con-il-secondo-volume-della-trilogia-urban-fantasy\\\/#respond\"]}]},{\"@type\":\"WebPage\",\"@id\":\"https:\\\/\\\/www.article-marketing.eu\\\/comunicatistampa\\\/il-potere-della-congrega-fabio-barbonaglia-torna-in-libreria-con-il-secondo-volume-della-trilogia-urban-fantasy\\\/\",\"url\":\"https:\\\/\\\/www.article-marketing.eu\\\/comunicatistampa\\\/il-potere-della-congrega-fabio-barbonaglia-torna-in-libreria-con-il-secondo-volume-della-trilogia-urban-fantasy\\\/\",\"name\":\"\\\"Il potere della Congrega\\\", Fabio Barbonaglia torna in libreria con il secondo volume della trilogia urban fantasy\",\"isPartOf\":{\"@id\":\"https:\\\/\\\/www.article-marketing.eu\\\/comunicatistampa\\\/#website\"},\"primaryImageOfPage\":{\"@id\":\"https:\\\/\\\/www.article-marketing.eu\\\/comunicatistampa\\\/il-potere-della-congrega-fabio-barbonaglia-torna-in-libreria-con-il-secondo-volume-della-trilogia-urban-fantasy\\\/#primaryimage\"},\"image\":{\"@id\":\"https:\\\/\\\/www.article-marketing.eu\\\/comunicatistampa\\\/il-potere-della-congrega-fabio-barbonaglia-torna-in-libreria-con-il-secondo-volume-della-trilogia-urban-fantasy\\\/#primaryimage\"},\"thumbnailUrl\":\"https:\\\/\\\/blogger.googleusercontent.com\\\/img\\\/a\\\/AVvXsEhmx4keva8oik8M6A0TBZMRXRfGYb778KfeGGQkXqoNJ6DjZSziwe6wwBJCSAiz-gyBcSv5BXhNqIU1qZiVdkcAyKun_oHnj07cKxmNuAps8x6nGQH-J77T9Ip1B433Bxu_IKg_KQ2shaiNdFkWwmOM8YfQt-ikppXMiot1S4KzX8vJ2ZnRdX_fcscqug\",\"datePublished\":\"2023-03-27T12:20:50+00:00\",\"author\":{\"@id\":\"https:\\\/\\\/www.article-marketing.eu\\\/comunicatistampa\\\/#\\\/schema\\\/person\\\/6f87d425bef304dd8be1a0895dea44b2\"},\"breadcrumb\":{\"@id\":\"https:\\\/\\\/www.article-marketing.eu\\\/comunicatistampa\\\/il-potere-della-congrega-fabio-barbonaglia-torna-in-libreria-con-il-secondo-volume-della-trilogia-urban-fantasy\\\/#breadcrumb\"},\"inLanguage\":\"it-IT\",\"potentialAction\":[{\"@type\":\"ReadAction\",\"target\":[\"https:\\\/\\\/www.article-marketing.eu\\\/comunicatistampa\\\/il-potere-della-congrega-fabio-barbonaglia-torna-in-libreria-con-il-secondo-volume-della-trilogia-urban-fantasy\\\/\"]}]},{\"@type\":\"ImageObject\",\"inLanguage\":\"it-IT\",\"@id\":\"https:\\\/\\\/www.article-marketing.eu\\\/comunicatistampa\\\/il-potere-della-congrega-fabio-barbonaglia-torna-in-libreria-con-il-secondo-volume-della-trilogia-urban-fantasy\\\/#primaryimage\",\"url\":\"https:\\\/\\\/blogger.googleusercontent.com\\\/img\\\/a\\\/AVvXsEhmx4keva8oik8M6A0TBZMRXRfGYb778KfeGGQkXqoNJ6DjZSziwe6wwBJCSAiz-gyBcSv5BXhNqIU1qZiVdkcAyKun_oHnj07cKxmNuAps8x6nGQH-J77T9Ip1B433Bxu_IKg_KQ2shaiNdFkWwmOM8YfQt-ikppXMiot1S4KzX8vJ2ZnRdX_fcscqug\",\"contentUrl\":\"https:\\\/\\\/blogger.googleusercontent.com\\\/img\\\/a\\\/AVvXsEhmx4keva8oik8M6A0TBZMRXRfGYb778KfeGGQkXqoNJ6DjZSziwe6wwBJCSAiz-gyBcSv5BXhNqIU1qZiVdkcAyKun_oHnj07cKxmNuAps8x6nGQH-J77T9Ip1B433Bxu_IKg_KQ2shaiNdFkWwmOM8YfQt-ikppXMiot1S4KzX8vJ2ZnRdX_fcscqug\"},{\"@type\":\"BreadcrumbList\",\"@id\":\"https:\\\/\\\/www.article-marketing.eu\\\/comunicatistampa\\\/il-potere-della-congrega-fabio-barbonaglia-torna-in-libreria-con-il-secondo-volume-della-trilogia-urban-fantasy\\\/#breadcrumb\",\"itemListElement\":[{\"@type\":\"ListItem\",\"position\":1,\"name\":\"Home\",\"item\":\"https:\\\/\\\/www.article-marketing.eu\\\/comunicatistampa\\\/\"},{\"@type\":\"ListItem\",\"position\":2,\"name\":\"&#8220;Il potere della Congrega&#8221;, Fabio Barbonaglia torna in libreria con il secondo volume della trilogia urban fantasy\"}]},{\"@type\":\"WebSite\",\"@id\":\"https:\\\/\\\/www.article-marketing.eu\\\/comunicatistampa\\\/#website\",\"url\":\"https:\\\/\\\/www.article-marketing.eu\\\/comunicatistampa\\\/\",\"name\":\"Article Marketing\",\"description\":\"article marketing &amp; press release\",\"potentialAction\":[{\"@type\":\"SearchAction\",\"target\":{\"@type\":\"EntryPoint\",\"urlTemplate\":\"https:\\\/\\\/www.article-marketing.eu\\\/comunicatistampa\\\/?s={search_term_string}\"},\"query-input\":{\"@type\":\"PropertyValueSpecification\",\"valueRequired\":true,\"valueName\":\"search_term_string\"}}],\"inLanguage\":\"it-IT\"},{\"@type\":\"Person\",\"@id\":\"https:\\\/\\\/www.article-marketing.eu\\\/comunicatistampa\\\/#\\\/schema\\\/person\\\/6f87d425bef304dd8be1a0895dea44b2\",\"name\":\"inpress\",\"image\":{\"@type\":\"ImageObject\",\"inLanguage\":\"it-IT\",\"@id\":\"https:\\\/\\\/secure.gravatar.com\\\/avatar\\\/8b9495d9dcfa5a2ac0eb8e4559db3f5f00d7248a8baa15ed14f155afae420f7d?s=96&d=mm&r=g\",\"url\":\"https:\\\/\\\/secure.gravatar.com\\\/avatar\\\/8b9495d9dcfa5a2ac0eb8e4559db3f5f00d7248a8baa15ed14f155afae420f7d?s=96&d=mm&r=g\",\"contentUrl\":\"https:\\\/\\\/secure.gravatar.com\\\/avatar\\\/8b9495d9dcfa5a2ac0eb8e4559db3f5f00d7248a8baa15ed14f155afae420f7d?s=96&d=mm&r=g\",\"caption\":\"inpress\"},\"url\":\"https:\\\/\\\/www.article-marketing.eu\\\/comunicatistampa\\\/author\\\/inpress\\\/\"}]}<\/script>\n<!-- \/ Yoast SEO plugin. -->","yoast_head_json":{"title":"\"Il potere della Congrega\", Fabio Barbonaglia torna in libreria con il secondo volume della trilogia urban fantasy","robots":{"index":"index","follow":"follow","max-snippet":"max-snippet:-1","max-image-preview":"max-image-preview:large","max-video-preview":"max-video-preview:-1"},"canonical":"https:\/\/www.article-marketing.eu\/comunicatistampa\/il-potere-della-congrega-fabio-barbonaglia-torna-in-libreria-con-il-secondo-volume-della-trilogia-urban-fantasy\/","og_locale":"it_IT","og_type":"article","og_title":"\"Il potere della Congrega\", Fabio Barbonaglia torna in libreria con il secondo volume della trilogia urban fantasy","og_description":"Vercelli &#8211;\u00a0Il potere della Congrega\u00a0di Fabio Barbonaglia \u00e8 l&#8217;atteso\u00a0sequel\u00a0di un testo che ha gi\u00e0 conquistato i lettori con un&#8217;avvincente saga\u00a0urban fantasy:\u00a0Il dominio della Congrega, il mitico viaggio del giovane Cassian Larbon tra mondi contemporanei animati da straordinarie creature, antichi simbolismi e leggende secolari. La Congrega \u00e8 il fulcro dell&#8217;epopea che lo scrittore vercellese immagina al governo di Capitalis, una citt\u00e0 dalle mille bellezze architettoniche che pulsa nel sottosuolo di Torino,Continue reading...","og_url":"https:\/\/www.article-marketing.eu\/comunicatistampa\/il-potere-della-congrega-fabio-barbonaglia-torna-in-libreria-con-il-secondo-volume-della-trilogia-urban-fantasy\/","og_site_name":"Article Marketing","article_published_time":"2023-03-27T12:20:50+00:00","og_image":[{"url":"https:\/\/blogger.googleusercontent.com\/img\/a\/AVvXsEhmx4keva8oik8M6A0TBZMRXRfGYb778KfeGGQkXqoNJ6DjZSziwe6wwBJCSAiz-gyBcSv5BXhNqIU1qZiVdkcAyKun_oHnj07cKxmNuAps8x6nGQH-J77T9Ip1B433Bxu_IKg_KQ2shaiNdFkWwmOM8YfQt-ikppXMiot1S4KzX8vJ2ZnRdX_fcscqug","type":"","width":"","height":""}],"author":"inpress","twitter_card":"summary_large_image","twitter_misc":{"Scritto da":"inpress","Tempo di lettura stimato":"4 minuti"},"schema":{"@context":"https:\/\/schema.org","@graph":[{"@type":"Article","@id":"https:\/\/www.article-marketing.eu\/comunicatistampa\/il-potere-della-congrega-fabio-barbonaglia-torna-in-libreria-con-il-secondo-volume-della-trilogia-urban-fantasy\/#article","isPartOf":{"@id":"https:\/\/www.article-marketing.eu\/comunicatistampa\/il-potere-della-congrega-fabio-barbonaglia-torna-in-libreria-con-il-secondo-volume-della-trilogia-urban-fantasy\/"},"author":{"name":"inpress","@id":"https:\/\/www.article-marketing.eu\/comunicatistampa\/#\/schema\/person\/6f87d425bef304dd8be1a0895dea44b2"},"headline":"&#8220;Il potere della Congrega&#8221;, Fabio Barbonaglia torna in libreria con il secondo volume della trilogia urban fantasy","datePublished":"2023-03-27T12:20:50+00:00","mainEntityOfPage":{"@id":"https:\/\/www.article-marketing.eu\/comunicatistampa\/il-potere-della-congrega-fabio-barbonaglia-torna-in-libreria-con-il-secondo-volume-della-trilogia-urban-fantasy\/"},"wordCount":577,"commentCount":0,"image":{"@id":"https:\/\/www.article-marketing.eu\/comunicatistampa\/il-potere-della-congrega-fabio-barbonaglia-torna-in-libreria-con-il-secondo-volume-della-trilogia-urban-fantasy\/#primaryimage"},"thumbnailUrl":"https:\/\/blogger.googleusercontent.com\/img\/a\/AVvXsEhmx4keva8oik8M6A0TBZMRXRfGYb778KfeGGQkXqoNJ6DjZSziwe6wwBJCSAiz-gyBcSv5BXhNqIU1qZiVdkcAyKun_oHnj07cKxmNuAps8x6nGQH-J77T9Ip1B433Bxu_IKg_KQ2shaiNdFkWwmOM8YfQt-ikppXMiot1S4KzX8vJ2ZnRdX_fcscqug","keywords":["Barbonaglia","congrega","Libri","trilogia","urban fantasy","vercelli"],"articleSection":["Libri"],"inLanguage":"it-IT","potentialAction":[{"@type":"CommentAction","name":"Comment","target":["https:\/\/www.article-marketing.eu\/comunicatistampa\/il-potere-della-congrega-fabio-barbonaglia-torna-in-libreria-con-il-secondo-volume-della-trilogia-urban-fantasy\/#respond"]}]},{"@type":"WebPage","@id":"https:\/\/www.article-marketing.eu\/comunicatistampa\/il-potere-della-congrega-fabio-barbonaglia-torna-in-libreria-con-il-secondo-volume-della-trilogia-urban-fantasy\/","url":"https:\/\/www.article-marketing.eu\/comunicatistampa\/il-potere-della-congrega-fabio-barbonaglia-torna-in-libreria-con-il-secondo-volume-della-trilogia-urban-fantasy\/","name":"\"Il potere della Congrega\", Fabio Barbonaglia torna in libreria con il secondo volume della trilogia urban fantasy","isPartOf":{"@id":"https:\/\/www.article-marketing.eu\/comunicatistampa\/#website"},"primaryImageOfPage":{"@id":"https:\/\/www.article-marketing.eu\/comunicatistampa\/il-potere-della-congrega-fabio-barbonaglia-torna-in-libreria-con-il-secondo-volume-della-trilogia-urban-fantasy\/#primaryimage"},"image":{"@id":"https:\/\/www.article-marketing.eu\/comunicatistampa\/il-potere-della-congrega-fabio-barbonaglia-torna-in-libreria-con-il-secondo-volume-della-trilogia-urban-fantasy\/#primaryimage"},"thumbnailUrl":"https:\/\/blogger.googleusercontent.com\/img\/a\/AVvXsEhmx4keva8oik8M6A0TBZMRXRfGYb778KfeGGQkXqoNJ6DjZSziwe6wwBJCSAiz-gyBcSv5BXhNqIU1qZiVdkcAyKun_oHnj07cKxmNuAps8x6nGQH-J77T9Ip1B433Bxu_IKg_KQ2shaiNdFkWwmOM8YfQt-ikppXMiot1S4KzX8vJ2ZnRdX_fcscqug","datePublished":"2023-03-27T12:20:50+00:00","author":{"@id":"https:\/\/www.article-marketing.eu\/comunicatistampa\/#\/schema\/person\/6f87d425bef304dd8be1a0895dea44b2"},"breadcrumb":{"@id":"https:\/\/www.article-marketing.eu\/comunicatistampa\/il-potere-della-congrega-fabio-barbonaglia-torna-in-libreria-con-il-secondo-volume-della-trilogia-urban-fantasy\/#breadcrumb"},"inLanguage":"it-IT","potentialAction":[{"@type":"ReadAction","target":["https:\/\/www.article-marketing.eu\/comunicatistampa\/il-potere-della-congrega-fabio-barbonaglia-torna-in-libreria-con-il-secondo-volume-della-trilogia-urban-fantasy\/"]}]},{"@type":"ImageObject","inLanguage":"it-IT","@id":"https:\/\/www.article-marketing.eu\/comunicatistampa\/il-potere-della-congrega-fabio-barbonaglia-torna-in-libreria-con-il-secondo-volume-della-trilogia-urban-fantasy\/#primaryimage","url":"https:\/\/blogger.googleusercontent.com\/img\/a\/AVvXsEhmx4keva8oik8M6A0TBZMRXRfGYb778KfeGGQkXqoNJ6DjZSziwe6wwBJCSAiz-gyBcSv5BXhNqIU1qZiVdkcAyKun_oHnj07cKxmNuAps8x6nGQH-J77T9Ip1B433Bxu_IKg_KQ2shaiNdFkWwmOM8YfQt-ikppXMiot1S4KzX8vJ2ZnRdX_fcscqug","contentUrl":"https:\/\/blogger.googleusercontent.com\/img\/a\/AVvXsEhmx4keva8oik8M6A0TBZMRXRfGYb778KfeGGQkXqoNJ6DjZSziwe6wwBJCSAiz-gyBcSv5BXhNqIU1qZiVdkcAyKun_oHnj07cKxmNuAps8x6nGQH-J77T9Ip1B433Bxu_IKg_KQ2shaiNdFkWwmOM8YfQt-ikppXMiot1S4KzX8vJ2ZnRdX_fcscqug"},{"@type":"BreadcrumbList","@id":"https:\/\/www.article-marketing.eu\/comunicatistampa\/il-potere-della-congrega-fabio-barbonaglia-torna-in-libreria-con-il-secondo-volume-della-trilogia-urban-fantasy\/#breadcrumb","itemListElement":[{"@type":"ListItem","position":1,"name":"Home","item":"https:\/\/www.article-marketing.eu\/comunicatistampa\/"},{"@type":"ListItem","position":2,"name":"&#8220;Il potere della Congrega&#8221;, Fabio Barbonaglia torna in libreria con il secondo volume della trilogia urban fantasy"}]},{"@type":"WebSite","@id":"https:\/\/www.article-marketing.eu\/comunicatistampa\/#website","url":"https:\/\/www.article-marketing.eu\/comunicatistampa\/","name":"Article Marketing","description":"article marketing &amp; press release","potentialAction":[{"@type":"SearchAction","target":{"@type":"EntryPoint","urlTemplate":"https:\/\/www.article-marketing.eu\/comunicatistampa\/?s={search_term_string}"},"query-input":{"@type":"PropertyValueSpecification","valueRequired":true,"valueName":"search_term_string"}}],"inLanguage":"it-IT"},{"@type":"Person","@id":"https:\/\/www.article-marketing.eu\/comunicatistampa\/#\/schema\/person\/6f87d425bef304dd8be1a0895dea44b2","name":"inpress","image":{"@type":"ImageObject","inLanguage":"it-IT","@id":"https:\/\/secure.gravatar.com\/avatar\/8b9495d9dcfa5a2ac0eb8e4559db3f5f00d7248a8baa15ed14f155afae420f7d?s=96&d=mm&r=g","url":"https:\/\/secure.gravatar.com\/avatar\/8b9495d9dcfa5a2ac0eb8e4559db3f5f00d7248a8baa15ed14f155afae420f7d?s=96&d=mm&r=g","contentUrl":"https:\/\/secure.gravatar.com\/avatar\/8b9495d9dcfa5a2ac0eb8e4559db3f5f00d7248a8baa15ed14f155afae420f7d?s=96&d=mm&r=g","caption":"inpress"},"url":"https:\/\/www.article-marketing.eu\/comunicatistampa\/author\/inpress\/"}]}},"_links":{"self":[{"href":"https:\/\/www.article-marketing.eu\/comunicatistampa\/wp-json\/wp\/v2\/posts\/26777","targetHints":{"allow":["GET"]}}],"collection":[{"href":"https:\/\/www.article-marketing.eu\/comunicatistampa\/wp-json\/wp\/v2\/posts"}],"about":[{"href":"https:\/\/www.article-marketing.eu\/comunicatistampa\/wp-json\/wp\/v2\/types\/post"}],"author":[{"embeddable":true,"href":"https:\/\/www.article-marketing.eu\/comunicatistampa\/wp-json\/wp\/v2\/users\/920"}],"replies":[{"embeddable":true,"href":"https:\/\/www.article-marketing.eu\/comunicatistampa\/wp-json\/wp\/v2\/comments?post=26777"}],"version-history":[{"count":2,"href":"https:\/\/www.article-marketing.eu\/comunicatistampa\/wp-json\/wp\/v2\/posts\/26777\/revisions"}],"predecessor-version":[{"id":26809,"href":"https:\/\/www.article-marketing.eu\/comunicatistampa\/wp-json\/wp\/v2\/posts\/26777\/revisions\/26809"}],"wp:attachment":[{"href":"https:\/\/www.article-marketing.eu\/comunicatistampa\/wp-json\/wp\/v2\/media?parent=26777"}],"wp:term":[{"taxonomy":"category","embeddable":true,"href":"https:\/\/www.article-marketing.eu\/comunicatistampa\/wp-json\/wp\/v2\/categories?post=26777"},{"taxonomy":"post_tag","embeddable":true,"href":"https:\/\/www.article-marketing.eu\/comunicatistampa\/wp-json\/wp\/v2\/tags?post=26777"}],"curies":[{"name":"wp","href":"https:\/\/api.w.org\/{rel}","templated":true}]}}