{"id":26806,"date":"2023-03-27T14:20:37","date_gmt":"2023-03-27T12:20:37","guid":{"rendered":"https:\/\/www.article-marketing.eu\/comunicatistampa\/?p=26806"},"modified":"2023-03-27T14:20:37","modified_gmt":"2023-03-27T12:20:37","slug":"gian-maria-mossa-il-viaggio-a-tel-aviv-dellad-di-banca-generali-il-post-su-linkedin","status":"publish","type":"post","link":"https:\/\/www.article-marketing.eu\/comunicatistampa\/gian-maria-mossa-il-viaggio-a-tel-aviv-dellad-di-banca-generali-il-post-su-linkedin\/","title":{"rendered":"Gian Maria Mossa: il viaggio a Tel Aviv dell\u2019AD di Banca Generali, il post su LinkedIn"},"content":{"rendered":"<p><em><strong><a title=\"Gian Maria Mossa, AD e Dg di Banca Generali \" href=\"https:\/\/h2biz.net\/Manager\/gian-maria-mossa-12582\">Gian Maria Mossa<\/a> \u201c<\/strong><strong>La confusione positiva generata dalla voglia di fare, la determinazione nell\u2019azione e l\u2019ottimismo diffuso generano forte energia e sono alla base del modello di crescita sostenibile del Paese\u201d.<\/strong> <\/em><\/p>\n<p><a title=\"Gian Maria Mossa, AD e DG Banca Generali\" href=\"https:\/\/h2biz.net\/Manager\/gian-maria-mossa-12582\"><img loading=\"lazy\" decoding=\"async\" src=\"https:\/\/h2biz.net\/images\/Plats\/crop_min_20230314064355.jpg\" alt=\"Gian Maria Mossa\" width=\"200\" height=\"200\" \/><\/a><\/p>\n<h2>Banca Generali, il viaggio dell\u2019AD Gian Maria Mossa a Tel Aviv: il resoconto su LinkedIn<\/h2>\n<p>L\u2019AD e DG di <strong>Banca Generali<\/strong> <a title=\"Gian Maria Mossa, AD e DG Banca Generali\" href=\"https:\/\/h2biz.net\/Manager\/gian-maria-mossa-12582\">Gian Maria Mossa<\/a> \u00e8 stato recentemente a Tel Aviv per esplorare nuovi business, visitare le realt\u00e0 leader nel mondo assicurativo, finanziario ed immobiliare ed analizzare best-practices nell\u2019open banking e nel Fintech. Lo racconta su LinkedIn condividendo alcune sue riflessioni: \u201c<em>Non \u00e8 la prima volta che visito Tel Aviv, ma questa volta l\u2019ho trovata ancora pi\u00f9 ricca di opportunit\u00e0, per la crescente consapevolezza della loro forza nell\u2019innovazione, per l\u2019apertura al mondo e per la capacit\u00e0 di valorizzare ed attrarre giovani e talenti<\/em>\u201d. Tel Aviv \u00e8 \u201c<em>un crocevia di personalit\u00e0 e competenze, spinta da uno slancio demografico d\u2019eccezione<\/em>\u201d, sottolinea l\u2019AD <strong>Gian Maria Mossa<\/strong> nel post in cui spiega anche cosa si porta a casa da questo viaggio.<\/p>\n<h2>Banca Generali, l\u2019AD Gian Maria Mossa: alla fine \u00e8 sempre, in primis, un tema di persone<\/h2>\n<p>Tre le lezioni che l\u2019AD <strong>Gian Maria Mossa<\/strong> si porta a casa da Tel Aviv. La prima: \u201c<em>Non ci pu\u00f2 essere crescita sostenibile senza energia positiva e voglia di migliorare il contesto che ci circonda e questa \u00e8 alimentata sia dallo slancio demografico sia da evidenti condizioni volte a favorire la culla dell\u2019innovazione. La fiducia nella crescita porta con s\u00e9 fiducia anche verso l\u2019immigrazione e apertura verso la cultura del rinnovamento<\/em>\u201d. La seconda: \u201c<em>Valorizzare lo spirito di iniziativa e l\u2019imprenditorialit\u00e0. Dal nostro osservatorio di banca che lavora al fianco degli imprenditori e delle imprese vediamo ogni giorno la qualit\u00e0 e le straordinarie capacit\u00e0 delle nostre pmi che sanno affrontare le sfide pi\u00f9 impensabili sui mercati, anche in un contesto complesso sul fronte dei fattori esogeni ed endogeni al business. Fare sistema intorno alla colonna dorsale del nostro Paese aiuter\u00e0 a rafforzare la nostra leadership in Europa e nel mondo<\/em>\u201d. La terza: \u201c<em>Ogni comunit\u00e0 prospera in funzione di valori condivisi e valorizzazione del talento. Nel nostro caso abbiamo dalla nostra un forte radicamento alla centralit\u00e0 delle persone, con una cultura di rispetto, inclusione ed integrazione che va nutrita ed alimentata giorno dopo giorno<\/em>\u201d. Per l\u2019AD <strong>Gian Maria Mossa<\/strong>, come scrive in conclusione ringraziando quanti hanno condiviso queste giornate insieme a lui, \u201c<em>alla fine \u00e8 sempre, in primis, un tema di persone<\/em>\u201d.<\/p>\n","protected":false},"excerpt":{"rendered":"<p>Gian Maria Mossa \u201cLa confusione positiva generata dalla voglia di fare, la determinazione nell\u2019azione e l\u2019ottimismo diffuso generano forte energia e sono alla base del modello di crescita sostenibile del Paese\u201d. Banca Generali, il viaggio dell\u2019AD Gian Maria Mossa a Tel Aviv: il resoconto su LinkedIn L\u2019AD e DG di Banca Generali Gian Maria Mossa \u00e8 stato recentemente a Tel Aviv per esplorare nuovi business, visitare le realt\u00e0 leader nel<\/p>\n<p><a class=\"continue-reading\" href=\"https:\/\/www.article-marketing.eu\/comunicatistampa\/gian-maria-mossa-il-viaggio-a-tel-aviv-dellad-di-banca-generali-il-post-su-linkedin\/\">Continue reading&#8230;<\/a><\/p>\n","protected":false},"author":7095,"featured_media":0,"comment_status":"open","ping_status":"open","sticky":false,"template":"","format":"standard","meta":{"_monsterinsights_skip_tracking":false,"_monsterinsights_sitenote_active":false,"_monsterinsights_sitenote_note":"","_monsterinsights_sitenote_category":0,"footnotes":""},"categories":[386],"tags":[9460,10551],"class_list":["post-26806","post","type-post","status-publish","format-standard","hentry","category-economia-e-lavoro","tag-banca-generali","tag-gian-maria-mossa"],"yoast_head":"<!-- This site is optimized with the Yoast SEO plugin v27.3 - https:\/\/yoast.com\/product\/yoast-seo-wordpress\/ -->\n<title>Gian Maria Mossa: il viaggio a Tel Aviv dell\u2019AD di Banca Generali, il post su LinkedIn<\/title>\n<meta name=\"robots\" content=\"index, follow, max-snippet:-1, max-image-preview:large, max-video-preview:-1\" \/>\n<link rel=\"canonical\" href=\"https:\/\/www.article-marketing.eu\/comunicatistampa\/gian-maria-mossa-il-viaggio-a-tel-aviv-dellad-di-banca-generali-il-post-su-linkedin\/\" \/>\n<meta property=\"og:locale\" content=\"it_IT\" \/>\n<meta property=\"og:type\" content=\"article\" \/>\n<meta property=\"og:title\" content=\"Gian Maria Mossa: il viaggio a Tel Aviv dell\u2019AD di Banca Generali, il post su LinkedIn\" \/>\n<meta property=\"og:description\" content=\"Gian Maria Mossa \u201cLa confusione positiva generata dalla voglia di fare, la determinazione nell\u2019azione e l\u2019ottimismo diffuso generano forte energia e sono alla base del modello di crescita sostenibile del Paese\u201d. Banca Generali, il viaggio dell\u2019AD Gian Maria Mossa a Tel Aviv: il resoconto su LinkedIn L\u2019AD e DG di Banca Generali Gian Maria Mossa \u00e8 stato recentemente a Tel Aviv per esplorare nuovi business, visitare le realt\u00e0 leader nelContinue reading...\" \/>\n<meta property=\"og:url\" content=\"https:\/\/www.article-marketing.eu\/comunicatistampa\/gian-maria-mossa-il-viaggio-a-tel-aviv-dellad-di-banca-generali-il-post-su-linkedin\/\" \/>\n<meta property=\"og:site_name\" content=\"Article Marketing\" \/>\n<meta property=\"article:published_time\" content=\"2023-03-27T12:20:37+00:00\" \/>\n<meta property=\"og:image\" content=\"https:\/\/h2biz.net\/images\/Plats\/crop_min_20230314064355.jpg\" \/>\n<meta name=\"author\" content=\"bgmediapress\" \/>\n<meta name=\"twitter:card\" content=\"summary_large_image\" \/>\n<meta name=\"twitter:label1\" content=\"Scritto da\" \/>\n\t<meta name=\"twitter:data1\" content=\"bgmediapress\" \/>\n\t<meta name=\"twitter:label2\" content=\"Tempo di lettura stimato\" \/>\n\t<meta name=\"twitter:data2\" content=\"3 minuti\" \/>\n<script type=\"application\/ld+json\" class=\"yoast-schema-graph\">{\"@context\":\"https:\\\/\\\/schema.org\",\"@graph\":[{\"@type\":\"Article\",\"@id\":\"https:\\\/\\\/www.article-marketing.eu\\\/comunicatistampa\\\/gian-maria-mossa-il-viaggio-a-tel-aviv-dellad-di-banca-generali-il-post-su-linkedin\\\/#article\",\"isPartOf\":{\"@id\":\"https:\\\/\\\/www.article-marketing.eu\\\/comunicatistampa\\\/gian-maria-mossa-il-viaggio-a-tel-aviv-dellad-di-banca-generali-il-post-su-linkedin\\\/\"},\"author\":{\"name\":\"bgmediapress\",\"@id\":\"https:\\\/\\\/www.article-marketing.eu\\\/comunicatistampa\\\/#\\\/schema\\\/person\\\/404eb964bc74cb8500542618d935464e\"},\"headline\":\"Gian Maria Mossa: il viaggio a Tel Aviv dell\u2019AD di Banca Generali, il post su LinkedIn\",\"datePublished\":\"2023-03-27T12:20:37+00:00\",\"mainEntityOfPage\":{\"@id\":\"https:\\\/\\\/www.article-marketing.eu\\\/comunicatistampa\\\/gian-maria-mossa-il-viaggio-a-tel-aviv-dellad-di-banca-generali-il-post-su-linkedin\\\/\"},\"wordCount\":430,\"commentCount\":0,\"image\":{\"@id\":\"https:\\\/\\\/www.article-marketing.eu\\\/comunicatistampa\\\/gian-maria-mossa-il-viaggio-a-tel-aviv-dellad-di-banca-generali-il-post-su-linkedin\\\/#primaryimage\"},\"thumbnailUrl\":\"https:\\\/\\\/h2biz.net\\\/images\\\/Plats\\\/crop_min_20230314064355.jpg\",\"keywords\":[\"Banca Generali\",\"Gian Maria Mossa\"],\"articleSection\":[\"Economia e lavoro\"],\"inLanguage\":\"it-IT\",\"potentialAction\":[{\"@type\":\"CommentAction\",\"name\":\"Comment\",\"target\":[\"https:\\\/\\\/www.article-marketing.eu\\\/comunicatistampa\\\/gian-maria-mossa-il-viaggio-a-tel-aviv-dellad-di-banca-generali-il-post-su-linkedin\\\/#respond\"]}]},{\"@type\":\"WebPage\",\"@id\":\"https:\\\/\\\/www.article-marketing.eu\\\/comunicatistampa\\\/gian-maria-mossa-il-viaggio-a-tel-aviv-dellad-di-banca-generali-il-post-su-linkedin\\\/\",\"url\":\"https:\\\/\\\/www.article-marketing.eu\\\/comunicatistampa\\\/gian-maria-mossa-il-viaggio-a-tel-aviv-dellad-di-banca-generali-il-post-su-linkedin\\\/\",\"name\":\"Gian Maria Mossa: il viaggio a Tel Aviv dell\u2019AD di Banca Generali, il post su LinkedIn\",\"isPartOf\":{\"@id\":\"https:\\\/\\\/www.article-marketing.eu\\\/comunicatistampa\\\/#website\"},\"primaryImageOfPage\":{\"@id\":\"https:\\\/\\\/www.article-marketing.eu\\\/comunicatistampa\\\/gian-maria-mossa-il-viaggio-a-tel-aviv-dellad-di-banca-generali-il-post-su-linkedin\\\/#primaryimage\"},\"image\":{\"@id\":\"https:\\\/\\\/www.article-marketing.eu\\\/comunicatistampa\\\/gian-maria-mossa-il-viaggio-a-tel-aviv-dellad-di-banca-generali-il-post-su-linkedin\\\/#primaryimage\"},\"thumbnailUrl\":\"https:\\\/\\\/h2biz.net\\\/images\\\/Plats\\\/crop_min_20230314064355.jpg\",\"datePublished\":\"2023-03-27T12:20:37+00:00\",\"author\":{\"@id\":\"https:\\\/\\\/www.article-marketing.eu\\\/comunicatistampa\\\/#\\\/schema\\\/person\\\/404eb964bc74cb8500542618d935464e\"},\"breadcrumb\":{\"@id\":\"https:\\\/\\\/www.article-marketing.eu\\\/comunicatistampa\\\/gian-maria-mossa-il-viaggio-a-tel-aviv-dellad-di-banca-generali-il-post-su-linkedin\\\/#breadcrumb\"},\"inLanguage\":\"it-IT\",\"potentialAction\":[{\"@type\":\"ReadAction\",\"target\":[\"https:\\\/\\\/www.article-marketing.eu\\\/comunicatistampa\\\/gian-maria-mossa-il-viaggio-a-tel-aviv-dellad-di-banca-generali-il-post-su-linkedin\\\/\"]}]},{\"@type\":\"ImageObject\",\"inLanguage\":\"it-IT\",\"@id\":\"https:\\\/\\\/www.article-marketing.eu\\\/comunicatistampa\\\/gian-maria-mossa-il-viaggio-a-tel-aviv-dellad-di-banca-generali-il-post-su-linkedin\\\/#primaryimage\",\"url\":\"https:\\\/\\\/h2biz.net\\\/images\\\/Plats\\\/crop_min_20230314064355.jpg\",\"contentUrl\":\"https:\\\/\\\/h2biz.net\\\/images\\\/Plats\\\/crop_min_20230314064355.jpg\"},{\"@type\":\"BreadcrumbList\",\"@id\":\"https:\\\/\\\/www.article-marketing.eu\\\/comunicatistampa\\\/gian-maria-mossa-il-viaggio-a-tel-aviv-dellad-di-banca-generali-il-post-su-linkedin\\\/#breadcrumb\",\"itemListElement\":[{\"@type\":\"ListItem\",\"position\":1,\"name\":\"Home\",\"item\":\"https:\\\/\\\/www.article-marketing.eu\\\/comunicatistampa\\\/\"},{\"@type\":\"ListItem\",\"position\":2,\"name\":\"Gian Maria Mossa: il viaggio a Tel Aviv dell\u2019AD di Banca Generali, il post su LinkedIn\"}]},{\"@type\":\"WebSite\",\"@id\":\"https:\\\/\\\/www.article-marketing.eu\\\/comunicatistampa\\\/#website\",\"url\":\"https:\\\/\\\/www.article-marketing.eu\\\/comunicatistampa\\\/\",\"name\":\"Article Marketing\",\"description\":\"article marketing &amp; press release\",\"potentialAction\":[{\"@type\":\"SearchAction\",\"target\":{\"@type\":\"EntryPoint\",\"urlTemplate\":\"https:\\\/\\\/www.article-marketing.eu\\\/comunicatistampa\\\/?s={search_term_string}\"},\"query-input\":{\"@type\":\"PropertyValueSpecification\",\"valueRequired\":true,\"valueName\":\"search_term_string\"}}],\"inLanguage\":\"it-IT\"},{\"@type\":\"Person\",\"@id\":\"https:\\\/\\\/www.article-marketing.eu\\\/comunicatistampa\\\/#\\\/schema\\\/person\\\/404eb964bc74cb8500542618d935464e\",\"name\":\"bgmediapress\",\"image\":{\"@type\":\"ImageObject\",\"inLanguage\":\"it-IT\",\"@id\":\"https:\\\/\\\/secure.gravatar.com\\\/avatar\\\/42f75c9f82baff699c42fc56a1917154a05957e73178939d3fe6f017d6f3d0ee?s=96&d=mm&r=g\",\"url\":\"https:\\\/\\\/secure.gravatar.com\\\/avatar\\\/42f75c9f82baff699c42fc56a1917154a05957e73178939d3fe6f017d6f3d0ee?s=96&d=mm&r=g\",\"contentUrl\":\"https:\\\/\\\/secure.gravatar.com\\\/avatar\\\/42f75c9f82baff699c42fc56a1917154a05957e73178939d3fe6f017d6f3d0ee?s=96&d=mm&r=g\",\"caption\":\"bgmediapress\"},\"url\":\"https:\\\/\\\/www.article-marketing.eu\\\/comunicatistampa\\\/author\\\/bgmediapress\\\/\"}]}<\/script>\n<!-- \/ Yoast SEO plugin. -->","yoast_head_json":{"title":"Gian Maria Mossa: il viaggio a Tel Aviv dell\u2019AD di Banca Generali, il post su LinkedIn","robots":{"index":"index","follow":"follow","max-snippet":"max-snippet:-1","max-image-preview":"max-image-preview:large","max-video-preview":"max-video-preview:-1"},"canonical":"https:\/\/www.article-marketing.eu\/comunicatistampa\/gian-maria-mossa-il-viaggio-a-tel-aviv-dellad-di-banca-generali-il-post-su-linkedin\/","og_locale":"it_IT","og_type":"article","og_title":"Gian Maria Mossa: il viaggio a Tel Aviv dell\u2019AD di Banca Generali, il post su LinkedIn","og_description":"Gian Maria Mossa \u201cLa confusione positiva generata dalla voglia di fare, la determinazione nell\u2019azione e l\u2019ottimismo diffuso generano forte energia e sono alla base del modello di crescita sostenibile del Paese\u201d. Banca Generali, il viaggio dell\u2019AD Gian Maria Mossa a Tel Aviv: il resoconto su LinkedIn L\u2019AD e DG di Banca Generali Gian Maria Mossa \u00e8 stato recentemente a Tel Aviv per esplorare nuovi business, visitare le realt\u00e0 leader nelContinue reading...","og_url":"https:\/\/www.article-marketing.eu\/comunicatistampa\/gian-maria-mossa-il-viaggio-a-tel-aviv-dellad-di-banca-generali-il-post-su-linkedin\/","og_site_name":"Article Marketing","article_published_time":"2023-03-27T12:20:37+00:00","og_image":[{"url":"https:\/\/h2biz.net\/images\/Plats\/crop_min_20230314064355.jpg","type":"","width":"","height":""}],"author":"bgmediapress","twitter_card":"summary_large_image","twitter_misc":{"Scritto da":"bgmediapress","Tempo di lettura stimato":"3 minuti"},"schema":{"@context":"https:\/\/schema.org","@graph":[{"@type":"Article","@id":"https:\/\/www.article-marketing.eu\/comunicatistampa\/gian-maria-mossa-il-viaggio-a-tel-aviv-dellad-di-banca-generali-il-post-su-linkedin\/#article","isPartOf":{"@id":"https:\/\/www.article-marketing.eu\/comunicatistampa\/gian-maria-mossa-il-viaggio-a-tel-aviv-dellad-di-banca-generali-il-post-su-linkedin\/"},"author":{"name":"bgmediapress","@id":"https:\/\/www.article-marketing.eu\/comunicatistampa\/#\/schema\/person\/404eb964bc74cb8500542618d935464e"},"headline":"Gian Maria Mossa: il viaggio a Tel Aviv dell\u2019AD di Banca Generali, il post su LinkedIn","datePublished":"2023-03-27T12:20:37+00:00","mainEntityOfPage":{"@id":"https:\/\/www.article-marketing.eu\/comunicatistampa\/gian-maria-mossa-il-viaggio-a-tel-aviv-dellad-di-banca-generali-il-post-su-linkedin\/"},"wordCount":430,"commentCount":0,"image":{"@id":"https:\/\/www.article-marketing.eu\/comunicatistampa\/gian-maria-mossa-il-viaggio-a-tel-aviv-dellad-di-banca-generali-il-post-su-linkedin\/#primaryimage"},"thumbnailUrl":"https:\/\/h2biz.net\/images\/Plats\/crop_min_20230314064355.jpg","keywords":["Banca Generali","Gian Maria Mossa"],"articleSection":["Economia e lavoro"],"inLanguage":"it-IT","potentialAction":[{"@type":"CommentAction","name":"Comment","target":["https:\/\/www.article-marketing.eu\/comunicatistampa\/gian-maria-mossa-il-viaggio-a-tel-aviv-dellad-di-banca-generali-il-post-su-linkedin\/#respond"]}]},{"@type":"WebPage","@id":"https:\/\/www.article-marketing.eu\/comunicatistampa\/gian-maria-mossa-il-viaggio-a-tel-aviv-dellad-di-banca-generali-il-post-su-linkedin\/","url":"https:\/\/www.article-marketing.eu\/comunicatistampa\/gian-maria-mossa-il-viaggio-a-tel-aviv-dellad-di-banca-generali-il-post-su-linkedin\/","name":"Gian Maria Mossa: il viaggio a Tel Aviv dell\u2019AD di Banca Generali, il post su LinkedIn","isPartOf":{"@id":"https:\/\/www.article-marketing.eu\/comunicatistampa\/#website"},"primaryImageOfPage":{"@id":"https:\/\/www.article-marketing.eu\/comunicatistampa\/gian-maria-mossa-il-viaggio-a-tel-aviv-dellad-di-banca-generali-il-post-su-linkedin\/#primaryimage"},"image":{"@id":"https:\/\/www.article-marketing.eu\/comunicatistampa\/gian-maria-mossa-il-viaggio-a-tel-aviv-dellad-di-banca-generali-il-post-su-linkedin\/#primaryimage"},"thumbnailUrl":"https:\/\/h2biz.net\/images\/Plats\/crop_min_20230314064355.jpg","datePublished":"2023-03-27T12:20:37+00:00","author":{"@id":"https:\/\/www.article-marketing.eu\/comunicatistampa\/#\/schema\/person\/404eb964bc74cb8500542618d935464e"},"breadcrumb":{"@id":"https:\/\/www.article-marketing.eu\/comunicatistampa\/gian-maria-mossa-il-viaggio-a-tel-aviv-dellad-di-banca-generali-il-post-su-linkedin\/#breadcrumb"},"inLanguage":"it-IT","potentialAction":[{"@type":"ReadAction","target":["https:\/\/www.article-marketing.eu\/comunicatistampa\/gian-maria-mossa-il-viaggio-a-tel-aviv-dellad-di-banca-generali-il-post-su-linkedin\/"]}]},{"@type":"ImageObject","inLanguage":"it-IT","@id":"https:\/\/www.article-marketing.eu\/comunicatistampa\/gian-maria-mossa-il-viaggio-a-tel-aviv-dellad-di-banca-generali-il-post-su-linkedin\/#primaryimage","url":"https:\/\/h2biz.net\/images\/Plats\/crop_min_20230314064355.jpg","contentUrl":"https:\/\/h2biz.net\/images\/Plats\/crop_min_20230314064355.jpg"},{"@type":"BreadcrumbList","@id":"https:\/\/www.article-marketing.eu\/comunicatistampa\/gian-maria-mossa-il-viaggio-a-tel-aviv-dellad-di-banca-generali-il-post-su-linkedin\/#breadcrumb","itemListElement":[{"@type":"ListItem","position":1,"name":"Home","item":"https:\/\/www.article-marketing.eu\/comunicatistampa\/"},{"@type":"ListItem","position":2,"name":"Gian Maria Mossa: il viaggio a Tel Aviv dell\u2019AD di Banca Generali, il post su LinkedIn"}]},{"@type":"WebSite","@id":"https:\/\/www.article-marketing.eu\/comunicatistampa\/#website","url":"https:\/\/www.article-marketing.eu\/comunicatistampa\/","name":"Article Marketing","description":"article marketing &amp; press release","potentialAction":[{"@type":"SearchAction","target":{"@type":"EntryPoint","urlTemplate":"https:\/\/www.article-marketing.eu\/comunicatistampa\/?s={search_term_string}"},"query-input":{"@type":"PropertyValueSpecification","valueRequired":true,"valueName":"search_term_string"}}],"inLanguage":"it-IT"},{"@type":"Person","@id":"https:\/\/www.article-marketing.eu\/comunicatistampa\/#\/schema\/person\/404eb964bc74cb8500542618d935464e","name":"bgmediapress","image":{"@type":"ImageObject","inLanguage":"it-IT","@id":"https:\/\/secure.gravatar.com\/avatar\/42f75c9f82baff699c42fc56a1917154a05957e73178939d3fe6f017d6f3d0ee?s=96&d=mm&r=g","url":"https:\/\/secure.gravatar.com\/avatar\/42f75c9f82baff699c42fc56a1917154a05957e73178939d3fe6f017d6f3d0ee?s=96&d=mm&r=g","contentUrl":"https:\/\/secure.gravatar.com\/avatar\/42f75c9f82baff699c42fc56a1917154a05957e73178939d3fe6f017d6f3d0ee?s=96&d=mm&r=g","caption":"bgmediapress"},"url":"https:\/\/www.article-marketing.eu\/comunicatistampa\/author\/bgmediapress\/"}]}},"_links":{"self":[{"href":"https:\/\/www.article-marketing.eu\/comunicatistampa\/wp-json\/wp\/v2\/posts\/26806","targetHints":{"allow":["GET"]}}],"collection":[{"href":"https:\/\/www.article-marketing.eu\/comunicatistampa\/wp-json\/wp\/v2\/posts"}],"about":[{"href":"https:\/\/www.article-marketing.eu\/comunicatistampa\/wp-json\/wp\/v2\/types\/post"}],"author":[{"embeddable":true,"href":"https:\/\/www.article-marketing.eu\/comunicatistampa\/wp-json\/wp\/v2\/users\/7095"}],"replies":[{"embeddable":true,"href":"https:\/\/www.article-marketing.eu\/comunicatistampa\/wp-json\/wp\/v2\/comments?post=26806"}],"version-history":[{"count":2,"href":"https:\/\/www.article-marketing.eu\/comunicatistampa\/wp-json\/wp\/v2\/posts\/26806\/revisions"}],"predecessor-version":[{"id":26808,"href":"https:\/\/www.article-marketing.eu\/comunicatistampa\/wp-json\/wp\/v2\/posts\/26806\/revisions\/26808"}],"wp:attachment":[{"href":"https:\/\/www.article-marketing.eu\/comunicatistampa\/wp-json\/wp\/v2\/media?parent=26806"}],"wp:term":[{"taxonomy":"category","embeddable":true,"href":"https:\/\/www.article-marketing.eu\/comunicatistampa\/wp-json\/wp\/v2\/categories?post=26806"},{"taxonomy":"post_tag","embeddable":true,"href":"https:\/\/www.article-marketing.eu\/comunicatistampa\/wp-json\/wp\/v2\/tags?post=26806"}],"curies":[{"name":"wp","href":"https:\/\/api.w.org\/{rel}","templated":true}]}}