{"id":26811,"date":"2023-04-05T17:16:04","date_gmt":"2023-04-05T15:16:04","guid":{"rendered":"https:\/\/www.article-marketing.eu\/comunicatistampa\/?p=26811"},"modified":"2023-04-05T17:16:04","modified_gmt":"2023-04-05T15:16:04","slug":"illycaffe-lad-cristina-scocchia-ospite-del-forum-di-cernobbio","status":"publish","type":"post","link":"https:\/\/www.article-marketing.eu\/comunicatistampa\/illycaffe-lad-cristina-scocchia-ospite-del-forum-di-cernobbio\/","title":{"rendered":"Illycaff\u00e8, l\u2019AD Cristina Scocchia ospite del \u201cForum di Cernobbio\u201d"},"content":{"rendered":"<p><em><strong>Il presente \u00e8 segnato da conflitti, equilibri in riassetto, crisi economica e conseguenze della pandemia, gravando su famiglie e imprese. Al \u201cForum di Cernobbio\u201d l\u2019AD di Illycaff\u00e8 <a title=\"Cristina Scocchia, AD Illycaff\u00e8, aziende fra inflazione e caro gas\" href=\"https:\/\/video.milanofinanza.it\/video\/forum-ambrosetti-scocchia-illy-aziende-fra-inflazione-e-caro-gas-bfS72SNp8Hib\">Cristina Scocchia<\/a> ha affrontato questi temi fornendo diversi elementi su cui strutturare la ripartenza.<\/strong><\/em><\/p>\n<p><a title=\"Cristina Scocchia, AD Illycaff\u00e8\" href=\"https:\/\/video.milanofinanza.it\/video\/forum-ambrosetti-scocchia-illy-aziende-fra-inflazione-e-caro-gas-bfS72SNp8Hib\"><img loading=\"lazy\" decoding=\"async\" src=\"https:\/\/www.topmanagers.it\/SharingFolder\/TopManager\/it\/ManagerProfilePhoto\/Photo\/cristina-scocchia-topmanagers2.jpg\" alt=\"Cristina Scocchia\" width=\"200\" height=\"158\" \/><\/a><\/p>\n<h2>Cristina Scocchia: <em>\u201cRagionevolmente ottimisti per uscire dalla crisi\u201d<\/em>, l\u2019analisi dell\u2019AD<\/h2>\n<p>Nonostante lo scenario geopolitico e macroeconomico non siano dei pi\u00f9 sereni, \u00e8 necessario mantenere la bussola e ragionare con ottimismo. \u00c8 il messaggio di <strong>Cristina Scocchia<\/strong>, Amministratore Delegato di Illycaff\u00e8, intervistata nel corso del 48\u00b0 \u201cForum di Cernobbio\u201d organizzato da The European House &#8211; Ambrosetti a Villa d\u2019Este. Evento in cui la manager ha ribadito, tra le altre cose, l\u2019importanza di sostenere le imprese e le famiglie cos\u00ec come \u00e8 stato fatto negli ultimi anni. Come sottolineato nell\u2019intervento, <em>\u201cil contesto geopolitico e quello macroeconomico non sono rassicuranti, \u00e8 normale che le aziende abbiano preoccupazioni per quelli che sono i mesi che ci aspettano\u201d<\/em>: al contempo, lo strascico della pandemia continua a far sentire il proprio effetto, con <em>\u201c100.000 aziende a rischio di default nei prossimi mesi, aziende di piccole dimensioni soprattutto nel sud del Paese e nell\u2019ambito dei servizi e delle costruzioni\u201d<\/em>, come riporta una recente analisi effettuata da Cerved. Tuttavia, guardare in maniera strategica verso il futuro e, soprattutto, non abbandonare l\u2019ottimismo sono per <strong>Cristina Scocchia<\/strong> gli ingredienti necessari per favorire una ripartenza generale. <em>\u201cCe l\u2019abbiamo fatta in passato, possiamo farcela anche oggi\u201d<\/em>, ha sottolineato: <em>\u201cEssere pessimisti porta solo ad aumentare i risparmi, che per\u00f2 non sono produttivi. Essere invece ragionevolmente ottimisti e positivi spinge i consumi, che sappiamo essere un volano per la produzione e quindi per i posti di lavoro\u201d<\/em>.<\/p>\n<p><strong>Supportare imprese e famiglie per la ripartenza: il focus di Cristina Scocchia<\/strong><\/p>\n<p>Come ha osservato <a title=\"Cristina Scocchia, focus Milano Finanza\" href=\"https:\/\/video.milanofinanza.it\/video\/forum-ambrosetti-scocchia-illy-aziende-fra-inflazione-e-caro-gas-bfS72SNp8Hib\"><strong>Cristina Scocchia<\/strong><\/a> in altre occasioni, un elemento su cui \u00e8 importante proseguire \u00e8 quello degli interventi a sostegno del tessuto imprenditoriale, dei cittadini e delle famiglie. In questo, l\u2019auspicio dell\u2019AD \u00e8 che a livello di Esecutivo si continui nella direzione intrapresa negli anni scorsi. Ad esempio aumentando <em>\u201ci servizi alle famiglie, abbiamo bisogno di asili nido, di scuole pubbliche a tempo prolungato, abbiamo bisogno di tutti quei servizi socio-educativi che permettono alle famiglie, mamma e pap\u00e0, di potersi dedicare anche al lavoro e conciliare i due aspetti\u201d<\/em>. Sul fronte delle imprese il tema energetico \u00e8 invece tra quelli che pi\u00f9 ha effetti negativi sulle prospettive di rilancio. <em>\u201cSiamo vicini a una soglia di insostenibilit\u00e0 per la manifattura italiana\u201d<\/em>, ha dichiarato <strong>Cristina Scocchia<\/strong>, evidenziando come l\u2019Italia sia <em>\u201cun Paese manifatturiero, le nostre aziende devono competere non solo con aziende americane che hanno dei costi 7 volte pi\u00f9 bassi, ma anche con aziende francesi e spagnole che hanno comunque il prezzo dei beni energetici in qualche modo calmierato\u201d<\/em>. La manager si \u00e8 poi soffermata sulla strategia in atto per Illycaff\u00e8, azienda leader globale nel caff\u00e8 di alta qualit\u00e0 sostenibile che guida da circa un anno: <em>\u201c<\/em><em>Puntare sulla crescita, crediamo che per uscire da questa tempesta quasi perfetta sia necessario crescere\u201d<\/em>. Ci\u00f2 equivale a investire sull\u2019espansione nei mercati internazionali \u2013 soprattutto Cina e Stati Uniti \u2013 sul digitale e sulla sostenibilit\u00e0, <em>\u201cle tre stelle polari che speriamo ci guidino fuori dalla tempesta\u201d<\/em>.<\/p>\n","protected":false},"excerpt":{"rendered":"<p>Il presente \u00e8 segnato da conflitti, equilibri in riassetto, crisi economica e conseguenze della pandemia, gravando su famiglie e imprese. Al \u201cForum di Cernobbio\u201d l\u2019AD di Illycaff\u00e8 Cristina Scocchia ha affrontato questi temi fornendo diversi elementi su cui strutturare la ripartenza. Cristina Scocchia: \u201cRagionevolmente ottimisti per uscire dalla crisi\u201d, l\u2019analisi dell\u2019AD Nonostante lo scenario geopolitico e macroeconomico non siano dei pi\u00f9 sereni, \u00e8 necessario mantenere la bussola e ragionare con<\/p>\n<p><a class=\"continue-reading\" href=\"https:\/\/www.article-marketing.eu\/comunicatistampa\/illycaffe-lad-cristina-scocchia-ospite-del-forum-di-cernobbio\/\">Continue reading&#8230;<\/a><\/p>\n","protected":false},"author":7088,"featured_media":0,"comment_status":"open","ping_status":"open","sticky":false,"template":"","format":"standard","meta":{"_monsterinsights_skip_tracking":false,"_monsterinsights_sitenote_active":false,"_monsterinsights_sitenote_note":"","_monsterinsights_sitenote_category":0,"footnotes":""},"categories":[78],"tags":[9654],"class_list":["post-26811","post","type-post","status-publish","format-standard","hentry","category-comunicati-stampa","tag-cristina-scocchia"],"yoast_head":"<!-- This site is optimized with the Yoast SEO plugin v27.3 - https:\/\/yoast.com\/product\/yoast-seo-wordpress\/ -->\n<title>Illycaff\u00e8, l\u2019AD Cristina Scocchia ospite del \u201cForum di Cernobbio\u201d<\/title>\n<meta name=\"robots\" content=\"index, follow, max-snippet:-1, max-image-preview:large, max-video-preview:-1\" \/>\n<link rel=\"canonical\" href=\"https:\/\/www.article-marketing.eu\/comunicatistampa\/illycaffe-lad-cristina-scocchia-ospite-del-forum-di-cernobbio\/\" \/>\n<meta property=\"og:locale\" content=\"it_IT\" \/>\n<meta property=\"og:type\" content=\"article\" \/>\n<meta property=\"og:title\" content=\"Illycaff\u00e8, l\u2019AD Cristina Scocchia ospite del \u201cForum di Cernobbio\u201d\" \/>\n<meta property=\"og:description\" content=\"Il presente \u00e8 segnato da conflitti, equilibri in riassetto, crisi economica e conseguenze della pandemia, gravando su famiglie e imprese. Al \u201cForum di Cernobbio\u201d l\u2019AD di Illycaff\u00e8 Cristina Scocchia ha affrontato questi temi fornendo diversi elementi su cui strutturare la ripartenza. Cristina Scocchia: \u201cRagionevolmente ottimisti per uscire dalla crisi\u201d, l\u2019analisi dell\u2019AD Nonostante lo scenario geopolitico e macroeconomico non siano dei pi\u00f9 sereni, \u00e8 necessario mantenere la bussola e ragionare conContinue reading...\" \/>\n<meta property=\"og:url\" content=\"https:\/\/www.article-marketing.eu\/comunicatistampa\/illycaffe-lad-cristina-scocchia-ospite-del-forum-di-cernobbio\/\" \/>\n<meta property=\"og:site_name\" content=\"Article Marketing\" \/>\n<meta property=\"article:published_time\" content=\"2023-04-05T15:16:04+00:00\" \/>\n<meta property=\"og:image\" content=\"https:\/\/www.topmanagers.it\/SharingFolder\/TopManager\/it\/ManagerProfilePhoto\/Photo\/cristina-scocchia-topmanagers2.jpg\" \/>\n<meta name=\"author\" content=\"officecsweb\" \/>\n<meta name=\"twitter:card\" content=\"summary_large_image\" \/>\n<meta name=\"twitter:label1\" content=\"Scritto da\" \/>\n\t<meta name=\"twitter:data1\" content=\"officecsweb\" \/>\n\t<meta name=\"twitter:label2\" content=\"Tempo di lettura stimato\" \/>\n\t<meta name=\"twitter:data2\" content=\"3 minuti\" \/>\n<script type=\"application\/ld+json\" class=\"yoast-schema-graph\">{\"@context\":\"https:\\\/\\\/schema.org\",\"@graph\":[{\"@type\":\"Article\",\"@id\":\"https:\\\/\\\/www.article-marketing.eu\\\/comunicatistampa\\\/illycaffe-lad-cristina-scocchia-ospite-del-forum-di-cernobbio\\\/#article\",\"isPartOf\":{\"@id\":\"https:\\\/\\\/www.article-marketing.eu\\\/comunicatistampa\\\/illycaffe-lad-cristina-scocchia-ospite-del-forum-di-cernobbio\\\/\"},\"author\":{\"name\":\"officecsweb\",\"@id\":\"https:\\\/\\\/www.article-marketing.eu\\\/comunicatistampa\\\/#\\\/schema\\\/person\\\/cfe0e3fe87ac4e737efb364fc81b596f\"},\"headline\":\"Illycaff\u00e8, l\u2019AD Cristina Scocchia ospite del \u201cForum di Cernobbio\u201d\",\"datePublished\":\"2023-04-05T15:16:04+00:00\",\"mainEntityOfPage\":{\"@id\":\"https:\\\/\\\/www.article-marketing.eu\\\/comunicatistampa\\\/illycaffe-lad-cristina-scocchia-ospite-del-forum-di-cernobbio\\\/\"},\"wordCount\":536,\"commentCount\":0,\"image\":{\"@id\":\"https:\\\/\\\/www.article-marketing.eu\\\/comunicatistampa\\\/illycaffe-lad-cristina-scocchia-ospite-del-forum-di-cernobbio\\\/#primaryimage\"},\"thumbnailUrl\":\"https:\\\/\\\/www.topmanagers.it\\\/SharingFolder\\\/TopManager\\\/it\\\/ManagerProfilePhoto\\\/Photo\\\/cristina-scocchia-topmanagers2.jpg\",\"keywords\":[\"Cristina Scocchia\"],\"articleSection\":[\"Comunicati stampa\"],\"inLanguage\":\"it-IT\",\"potentialAction\":[{\"@type\":\"CommentAction\",\"name\":\"Comment\",\"target\":[\"https:\\\/\\\/www.article-marketing.eu\\\/comunicatistampa\\\/illycaffe-lad-cristina-scocchia-ospite-del-forum-di-cernobbio\\\/#respond\"]}]},{\"@type\":\"WebPage\",\"@id\":\"https:\\\/\\\/www.article-marketing.eu\\\/comunicatistampa\\\/illycaffe-lad-cristina-scocchia-ospite-del-forum-di-cernobbio\\\/\",\"url\":\"https:\\\/\\\/www.article-marketing.eu\\\/comunicatistampa\\\/illycaffe-lad-cristina-scocchia-ospite-del-forum-di-cernobbio\\\/\",\"name\":\"Illycaff\u00e8, l\u2019AD Cristina Scocchia ospite del \u201cForum di Cernobbio\u201d\",\"isPartOf\":{\"@id\":\"https:\\\/\\\/www.article-marketing.eu\\\/comunicatistampa\\\/#website\"},\"primaryImageOfPage\":{\"@id\":\"https:\\\/\\\/www.article-marketing.eu\\\/comunicatistampa\\\/illycaffe-lad-cristina-scocchia-ospite-del-forum-di-cernobbio\\\/#primaryimage\"},\"image\":{\"@id\":\"https:\\\/\\\/www.article-marketing.eu\\\/comunicatistampa\\\/illycaffe-lad-cristina-scocchia-ospite-del-forum-di-cernobbio\\\/#primaryimage\"},\"thumbnailUrl\":\"https:\\\/\\\/www.topmanagers.it\\\/SharingFolder\\\/TopManager\\\/it\\\/ManagerProfilePhoto\\\/Photo\\\/cristina-scocchia-topmanagers2.jpg\",\"datePublished\":\"2023-04-05T15:16:04+00:00\",\"author\":{\"@id\":\"https:\\\/\\\/www.article-marketing.eu\\\/comunicatistampa\\\/#\\\/schema\\\/person\\\/cfe0e3fe87ac4e737efb364fc81b596f\"},\"breadcrumb\":{\"@id\":\"https:\\\/\\\/www.article-marketing.eu\\\/comunicatistampa\\\/illycaffe-lad-cristina-scocchia-ospite-del-forum-di-cernobbio\\\/#breadcrumb\"},\"inLanguage\":\"it-IT\",\"potentialAction\":[{\"@type\":\"ReadAction\",\"target\":[\"https:\\\/\\\/www.article-marketing.eu\\\/comunicatistampa\\\/illycaffe-lad-cristina-scocchia-ospite-del-forum-di-cernobbio\\\/\"]}]},{\"@type\":\"ImageObject\",\"inLanguage\":\"it-IT\",\"@id\":\"https:\\\/\\\/www.article-marketing.eu\\\/comunicatistampa\\\/illycaffe-lad-cristina-scocchia-ospite-del-forum-di-cernobbio\\\/#primaryimage\",\"url\":\"https:\\\/\\\/www.topmanagers.it\\\/SharingFolder\\\/TopManager\\\/it\\\/ManagerProfilePhoto\\\/Photo\\\/cristina-scocchia-topmanagers2.jpg\",\"contentUrl\":\"https:\\\/\\\/www.topmanagers.it\\\/SharingFolder\\\/TopManager\\\/it\\\/ManagerProfilePhoto\\\/Photo\\\/cristina-scocchia-topmanagers2.jpg\"},{\"@type\":\"BreadcrumbList\",\"@id\":\"https:\\\/\\\/www.article-marketing.eu\\\/comunicatistampa\\\/illycaffe-lad-cristina-scocchia-ospite-del-forum-di-cernobbio\\\/#breadcrumb\",\"itemListElement\":[{\"@type\":\"ListItem\",\"position\":1,\"name\":\"Home\",\"item\":\"https:\\\/\\\/www.article-marketing.eu\\\/comunicatistampa\\\/\"},{\"@type\":\"ListItem\",\"position\":2,\"name\":\"Illycaff\u00e8, l\u2019AD Cristina Scocchia ospite del \u201cForum di Cernobbio\u201d\"}]},{\"@type\":\"WebSite\",\"@id\":\"https:\\\/\\\/www.article-marketing.eu\\\/comunicatistampa\\\/#website\",\"url\":\"https:\\\/\\\/www.article-marketing.eu\\\/comunicatistampa\\\/\",\"name\":\"Article Marketing\",\"description\":\"article marketing &amp; press release\",\"potentialAction\":[{\"@type\":\"SearchAction\",\"target\":{\"@type\":\"EntryPoint\",\"urlTemplate\":\"https:\\\/\\\/www.article-marketing.eu\\\/comunicatistampa\\\/?s={search_term_string}\"},\"query-input\":{\"@type\":\"PropertyValueSpecification\",\"valueRequired\":true,\"valueName\":\"search_term_string\"}}],\"inLanguage\":\"it-IT\"},{\"@type\":\"Person\",\"@id\":\"https:\\\/\\\/www.article-marketing.eu\\\/comunicatistampa\\\/#\\\/schema\\\/person\\\/cfe0e3fe87ac4e737efb364fc81b596f\",\"name\":\"officecsweb\",\"image\":{\"@type\":\"ImageObject\",\"inLanguage\":\"it-IT\",\"@id\":\"https:\\\/\\\/secure.gravatar.com\\\/avatar\\\/fe6a2860ccda1397815d483f3a9a4df158a311e9771fbd77255eba4a7d3f7d49?s=96&d=mm&r=g\",\"url\":\"https:\\\/\\\/secure.gravatar.com\\\/avatar\\\/fe6a2860ccda1397815d483f3a9a4df158a311e9771fbd77255eba4a7d3f7d49?s=96&d=mm&r=g\",\"contentUrl\":\"https:\\\/\\\/secure.gravatar.com\\\/avatar\\\/fe6a2860ccda1397815d483f3a9a4df158a311e9771fbd77255eba4a7d3f7d49?s=96&d=mm&r=g\",\"caption\":\"officecsweb\"},\"url\":\"https:\\\/\\\/www.article-marketing.eu\\\/comunicatistampa\\\/author\\\/officecsweb\\\/\"}]}<\/script>\n<!-- \/ Yoast SEO plugin. -->","yoast_head_json":{"title":"Illycaff\u00e8, l\u2019AD Cristina Scocchia ospite del \u201cForum di Cernobbio\u201d","robots":{"index":"index","follow":"follow","max-snippet":"max-snippet:-1","max-image-preview":"max-image-preview:large","max-video-preview":"max-video-preview:-1"},"canonical":"https:\/\/www.article-marketing.eu\/comunicatistampa\/illycaffe-lad-cristina-scocchia-ospite-del-forum-di-cernobbio\/","og_locale":"it_IT","og_type":"article","og_title":"Illycaff\u00e8, l\u2019AD Cristina Scocchia ospite del \u201cForum di Cernobbio\u201d","og_description":"Il presente \u00e8 segnato da conflitti, equilibri in riassetto, crisi economica e conseguenze della pandemia, gravando su famiglie e imprese. Al \u201cForum di Cernobbio\u201d l\u2019AD di Illycaff\u00e8 Cristina Scocchia ha affrontato questi temi fornendo diversi elementi su cui strutturare la ripartenza. Cristina Scocchia: \u201cRagionevolmente ottimisti per uscire dalla crisi\u201d, l\u2019analisi dell\u2019AD Nonostante lo scenario geopolitico e macroeconomico non siano dei pi\u00f9 sereni, \u00e8 necessario mantenere la bussola e ragionare conContinue reading...","og_url":"https:\/\/www.article-marketing.eu\/comunicatistampa\/illycaffe-lad-cristina-scocchia-ospite-del-forum-di-cernobbio\/","og_site_name":"Article Marketing","article_published_time":"2023-04-05T15:16:04+00:00","og_image":[{"url":"https:\/\/www.topmanagers.it\/SharingFolder\/TopManager\/it\/ManagerProfilePhoto\/Photo\/cristina-scocchia-topmanagers2.jpg","type":"","width":"","height":""}],"author":"officecsweb","twitter_card":"summary_large_image","twitter_misc":{"Scritto da":"officecsweb","Tempo di lettura stimato":"3 minuti"},"schema":{"@context":"https:\/\/schema.org","@graph":[{"@type":"Article","@id":"https:\/\/www.article-marketing.eu\/comunicatistampa\/illycaffe-lad-cristina-scocchia-ospite-del-forum-di-cernobbio\/#article","isPartOf":{"@id":"https:\/\/www.article-marketing.eu\/comunicatistampa\/illycaffe-lad-cristina-scocchia-ospite-del-forum-di-cernobbio\/"},"author":{"name":"officecsweb","@id":"https:\/\/www.article-marketing.eu\/comunicatistampa\/#\/schema\/person\/cfe0e3fe87ac4e737efb364fc81b596f"},"headline":"Illycaff\u00e8, l\u2019AD Cristina Scocchia ospite del \u201cForum di Cernobbio\u201d","datePublished":"2023-04-05T15:16:04+00:00","mainEntityOfPage":{"@id":"https:\/\/www.article-marketing.eu\/comunicatistampa\/illycaffe-lad-cristina-scocchia-ospite-del-forum-di-cernobbio\/"},"wordCount":536,"commentCount":0,"image":{"@id":"https:\/\/www.article-marketing.eu\/comunicatistampa\/illycaffe-lad-cristina-scocchia-ospite-del-forum-di-cernobbio\/#primaryimage"},"thumbnailUrl":"https:\/\/www.topmanagers.it\/SharingFolder\/TopManager\/it\/ManagerProfilePhoto\/Photo\/cristina-scocchia-topmanagers2.jpg","keywords":["Cristina Scocchia"],"articleSection":["Comunicati stampa"],"inLanguage":"it-IT","potentialAction":[{"@type":"CommentAction","name":"Comment","target":["https:\/\/www.article-marketing.eu\/comunicatistampa\/illycaffe-lad-cristina-scocchia-ospite-del-forum-di-cernobbio\/#respond"]}]},{"@type":"WebPage","@id":"https:\/\/www.article-marketing.eu\/comunicatistampa\/illycaffe-lad-cristina-scocchia-ospite-del-forum-di-cernobbio\/","url":"https:\/\/www.article-marketing.eu\/comunicatistampa\/illycaffe-lad-cristina-scocchia-ospite-del-forum-di-cernobbio\/","name":"Illycaff\u00e8, l\u2019AD Cristina Scocchia ospite del \u201cForum di Cernobbio\u201d","isPartOf":{"@id":"https:\/\/www.article-marketing.eu\/comunicatistampa\/#website"},"primaryImageOfPage":{"@id":"https:\/\/www.article-marketing.eu\/comunicatistampa\/illycaffe-lad-cristina-scocchia-ospite-del-forum-di-cernobbio\/#primaryimage"},"image":{"@id":"https:\/\/www.article-marketing.eu\/comunicatistampa\/illycaffe-lad-cristina-scocchia-ospite-del-forum-di-cernobbio\/#primaryimage"},"thumbnailUrl":"https:\/\/www.topmanagers.it\/SharingFolder\/TopManager\/it\/ManagerProfilePhoto\/Photo\/cristina-scocchia-topmanagers2.jpg","datePublished":"2023-04-05T15:16:04+00:00","author":{"@id":"https:\/\/www.article-marketing.eu\/comunicatistampa\/#\/schema\/person\/cfe0e3fe87ac4e737efb364fc81b596f"},"breadcrumb":{"@id":"https:\/\/www.article-marketing.eu\/comunicatistampa\/illycaffe-lad-cristina-scocchia-ospite-del-forum-di-cernobbio\/#breadcrumb"},"inLanguage":"it-IT","potentialAction":[{"@type":"ReadAction","target":["https:\/\/www.article-marketing.eu\/comunicatistampa\/illycaffe-lad-cristina-scocchia-ospite-del-forum-di-cernobbio\/"]}]},{"@type":"ImageObject","inLanguage":"it-IT","@id":"https:\/\/www.article-marketing.eu\/comunicatistampa\/illycaffe-lad-cristina-scocchia-ospite-del-forum-di-cernobbio\/#primaryimage","url":"https:\/\/www.topmanagers.it\/SharingFolder\/TopManager\/it\/ManagerProfilePhoto\/Photo\/cristina-scocchia-topmanagers2.jpg","contentUrl":"https:\/\/www.topmanagers.it\/SharingFolder\/TopManager\/it\/ManagerProfilePhoto\/Photo\/cristina-scocchia-topmanagers2.jpg"},{"@type":"BreadcrumbList","@id":"https:\/\/www.article-marketing.eu\/comunicatistampa\/illycaffe-lad-cristina-scocchia-ospite-del-forum-di-cernobbio\/#breadcrumb","itemListElement":[{"@type":"ListItem","position":1,"name":"Home","item":"https:\/\/www.article-marketing.eu\/comunicatistampa\/"},{"@type":"ListItem","position":2,"name":"Illycaff\u00e8, l\u2019AD Cristina Scocchia ospite del \u201cForum di Cernobbio\u201d"}]},{"@type":"WebSite","@id":"https:\/\/www.article-marketing.eu\/comunicatistampa\/#website","url":"https:\/\/www.article-marketing.eu\/comunicatistampa\/","name":"Article Marketing","description":"article marketing &amp; press release","potentialAction":[{"@type":"SearchAction","target":{"@type":"EntryPoint","urlTemplate":"https:\/\/www.article-marketing.eu\/comunicatistampa\/?s={search_term_string}"},"query-input":{"@type":"PropertyValueSpecification","valueRequired":true,"valueName":"search_term_string"}}],"inLanguage":"it-IT"},{"@type":"Person","@id":"https:\/\/www.article-marketing.eu\/comunicatistampa\/#\/schema\/person\/cfe0e3fe87ac4e737efb364fc81b596f","name":"officecsweb","image":{"@type":"ImageObject","inLanguage":"it-IT","@id":"https:\/\/secure.gravatar.com\/avatar\/fe6a2860ccda1397815d483f3a9a4df158a311e9771fbd77255eba4a7d3f7d49?s=96&d=mm&r=g","url":"https:\/\/secure.gravatar.com\/avatar\/fe6a2860ccda1397815d483f3a9a4df158a311e9771fbd77255eba4a7d3f7d49?s=96&d=mm&r=g","contentUrl":"https:\/\/secure.gravatar.com\/avatar\/fe6a2860ccda1397815d483f3a9a4df158a311e9771fbd77255eba4a7d3f7d49?s=96&d=mm&r=g","caption":"officecsweb"},"url":"https:\/\/www.article-marketing.eu\/comunicatistampa\/author\/officecsweb\/"}]}},"_links":{"self":[{"href":"https:\/\/www.article-marketing.eu\/comunicatistampa\/wp-json\/wp\/v2\/posts\/26811","targetHints":{"allow":["GET"]}}],"collection":[{"href":"https:\/\/www.article-marketing.eu\/comunicatistampa\/wp-json\/wp\/v2\/posts"}],"about":[{"href":"https:\/\/www.article-marketing.eu\/comunicatistampa\/wp-json\/wp\/v2\/types\/post"}],"author":[{"embeddable":true,"href":"https:\/\/www.article-marketing.eu\/comunicatistampa\/wp-json\/wp\/v2\/users\/7088"}],"replies":[{"embeddable":true,"href":"https:\/\/www.article-marketing.eu\/comunicatistampa\/wp-json\/wp\/v2\/comments?post=26811"}],"version-history":[{"count":2,"href":"https:\/\/www.article-marketing.eu\/comunicatistampa\/wp-json\/wp\/v2\/posts\/26811\/revisions"}],"predecessor-version":[{"id":26948,"href":"https:\/\/www.article-marketing.eu\/comunicatistampa\/wp-json\/wp\/v2\/posts\/26811\/revisions\/26948"}],"wp:attachment":[{"href":"https:\/\/www.article-marketing.eu\/comunicatistampa\/wp-json\/wp\/v2\/media?parent=26811"}],"wp:term":[{"taxonomy":"category","embeddable":true,"href":"https:\/\/www.article-marketing.eu\/comunicatistampa\/wp-json\/wp\/v2\/categories?post=26811"},{"taxonomy":"post_tag","embeddable":true,"href":"https:\/\/www.article-marketing.eu\/comunicatistampa\/wp-json\/wp\/v2\/tags?post=26811"}],"curies":[{"name":"wp","href":"https:\/\/api.w.org\/{rel}","templated":true}]}}