{"id":26823,"date":"2023-04-05T17:17:18","date_gmt":"2023-04-05T15:17:18","guid":{"rendered":"https:\/\/www.article-marketing.eu\/comunicatistampa\/?p=26823"},"modified":"2023-04-05T17:17:18","modified_gmt":"2023-04-05T15:17:18","slug":"luigi-ferraris-gruppo-fs-un-ecosistema-sostenibile-e-integrato-per-rilanciare-la-mobilita","status":"publish","type":"post","link":"https:\/\/www.article-marketing.eu\/comunicatistampa\/luigi-ferraris-gruppo-fs-un-ecosistema-sostenibile-e-integrato-per-rilanciare-la-mobilita\/","title":{"rendered":"Luigi Ferraris: Gruppo FS, un ecosistema sostenibile e integrato per rilanciare la mobilit\u00e0"},"content":{"rendered":"<p><em><strong>Gruppo FS \u00e8 impegnato su pi\u00f9 fronti per garantire al Paese una mobilit\u00e0 sempre pi\u00f9 moderna, integrata e sostenibile. <a title=\"Luigi Ferraris, AD di Gruppo FS, intervista di ANSA\" href=\"https:\/\/www.ansa.it\/ansa2030\/notizie\/ceoforlife\/2023\/03\/01\/intervista-a-luigi-ferraris-amministratore-delegato-gruppo-ferrovie-dello-stato-italiane-parte-1_8039fd17-e206-42ac-b69c-02cc227bb239.html\">Luigi Ferraris<\/a> lo ha raccontato ai microfoni dell\u2019ANSA.<\/strong><\/em><\/p>\n<p><a title=\"Luigi Ferraris, AD di Gruppo FS\" href=\"https:\/\/www.ansa.it\/ansa2030\/notizie\/ceoforlife\/2023\/03\/01\/intervista-a-luigi-ferraris-amministratore-delegato-gruppo-ferrovie-dello-stato-italiane-parte-1_8039fd17-e206-42ac-b69c-02cc227bb239.html\"><img loading=\"lazy\" decoding=\"async\" src=\"https:\/\/www.ansa.it\/webimages\/img_620x438\/2023\/3\/7\/a403c0333573aa6c747ede4bf0f050b3.jpg\" alt=\"Luigi Ferraris\" width=\"200\" height=\"141\" \/><\/a><\/p>\n<h2>Luigi Ferraris: \u201c<em>Infrastrutture pi\u00f9 moderne e interconnesse con il contributo del Pnrr<\/em>\u201d<\/h2>\n<p>Rilanciare la mobilit\u00e0 ferroviaria di passeggeri e merci rendendola pi\u00f9 moderna, integrata, resiliente e sostenibile. Un obiettivo ambizioso quello del <strong>Gruppo FS<\/strong> che, con il Piano Industriale al 2031, \u00e8 pronto a investire 190 miliardi per favorire il trasporto collettivo e la logistica multimodale. <a title=\"Luigi Ferraris, AD di gruppo FS, focus di ANSA\" href=\"https:\/\/www.ansa.it\/ansa2030\/notizie\/ceoforlife\/2023\/03\/01\/intervista-a-luigi-ferraris-amministratore-delegato-gruppo-ferrovie-dello-stato-italiane-parte-1_8039fd17-e206-42ac-b69c-02cc227bb239.html\">Luigi Ferraris<\/a>, Amministratore Delegato e tra i principali fautori della nuova strategia di sostenibilit\u00e0 del Gruppo, ne ha parlato in un\u2019intervista rilasciata all\u2019ANSA. Crescita del 20% della capacit\u00e0 della rete ferroviaria e integrazione capillare con la gomma, raddoppio della quota merci su rotaia, riduzione del gap infrastrutturale tra Nord e Sud i principali target da raggiungere. A questi si aggiunge anche la carbon neutrality entro il 2040, in netto anticipo rispetto agli obiettivi europei. Uno dei principali ostacoli, ricorda <strong>Luigi Ferraris<\/strong>, resta l\u2019et\u00e0 media delle infrastrutture italiane, che si attesta sui 60 anni. Al loro ammodernamento <strong>Gruppo FS<\/strong> dedicher\u00e0 anche i fondi previsti dal Pnrr, di cui \u00e8 soggetto attuatore per oltre 25 miliardi.<\/p>\n<h2>Luigi Ferraris: \u201c<em>Nuovi poli di business? La parola chiave \u00e8 sinergia<\/em>\u201d<\/h2>\n<p>A portare avanti le attivit\u00e0 di rilancio e sviluppo del <strong>Gruppo FS<\/strong> oggi sono i nuovi 4 poli di business \u2013 Infrastrutture, Passeggeri, Logistica e Urbano \u2013 nati dalla ridefinizione della governance contenuta nel Piano Industriale. Mentre la holding continua a mantenere funzioni di indirizzo, coordinamento e controllo sulle capofila, spiega <strong>Luigi Ferraris<\/strong>, i poli mettono insieme le controllate con mestieri e missioni omogenee: \u201c<em>La parola chiave, qui, \u00e8 sinergia: tra le societ\u00e0 che fanno parte del Polo, ma anche tra gli stessi Poli<\/em>\u201d. Determinante per la realizzazione di opere sempre pi\u00f9 integrate e resilienti il Polo Infrastrutture, con capofila Rete Ferroviaria Italiana (RFI). Trenitalia guida \u201cPasseggeri\u201d e insieme a Busitalia lavora per offrire soluzioni di mobilit\u00e0 integrate tra ferro e gomma. L\u2019obiettivo di raddoppiare la quota traffico su merci \u00e8 affidato invece al polo Logistica e alla capogruppo Mercitalia Logistics, mentre il polo Urbano, con capogruppo FS Sistemi Urbani, andr\u00e0 a valorizzare in ottica sostenibile quelli che sono gli asset non pi\u00f9 funzionali al servizio ferroviario: un patrimonio di 30 milioni quadri, sottolinea <strong>Luigi Ferraris<\/strong>, che andr\u00e0 a favore dell\u2019integrazione modale dei centri urbani. Tra le principali destinazioni delle aree anche l\u2019installazione di impianti fotovoltaici ed eolici, in linea con l\u2019ambizioso piano di autoproduzione di energia green portato avanti dal Gruppo.<\/p>\n","protected":false},"excerpt":{"rendered":"<p>Gruppo FS \u00e8 impegnato su pi\u00f9 fronti per garantire al Paese una mobilit\u00e0 sempre pi\u00f9 moderna, integrata e sostenibile. Luigi Ferraris lo ha raccontato ai microfoni dell\u2019ANSA. Luigi Ferraris: \u201cInfrastrutture pi\u00f9 moderne e interconnesse con il contributo del Pnrr\u201d Rilanciare la mobilit\u00e0 ferroviaria di passeggeri e merci rendendola pi\u00f9 moderna, integrata, resiliente e sostenibile. Un obiettivo ambizioso quello del Gruppo FS che, con il Piano Industriale al 2031, \u00e8 pronto<\/p>\n<p><a class=\"continue-reading\" href=\"https:\/\/www.article-marketing.eu\/comunicatistampa\/luigi-ferraris-gruppo-fs-un-ecosistema-sostenibile-e-integrato-per-rilanciare-la-mobilita\/\">Continue reading&#8230;<\/a><\/p>\n","protected":false},"author":7203,"featured_media":0,"comment_status":"open","ping_status":"open","sticky":false,"template":"","format":"standard","meta":{"_monsterinsights_skip_tracking":false,"_monsterinsights_sitenote_active":false,"_monsterinsights_sitenote_note":"","_monsterinsights_sitenote_category":0,"footnotes":""},"categories":[78],"tags":[10013,9540],"class_list":["post-26823","post","type-post","status-publish","format-standard","hentry","category-comunicati-stampa","tag-gruppo-fs","tag-luigi-ferraris"],"yoast_head":"<!-- This site is optimized with the Yoast SEO plugin v27.3 - https:\/\/yoast.com\/product\/yoast-seo-wordpress\/ -->\n<title>Luigi Ferraris: Gruppo FS, un ecosistema sostenibile e integrato per rilanciare la mobilit\u00e0<\/title>\n<meta name=\"robots\" content=\"index, follow, max-snippet:-1, max-image-preview:large, max-video-preview:-1\" \/>\n<link rel=\"canonical\" href=\"https:\/\/www.article-marketing.eu\/comunicatistampa\/luigi-ferraris-gruppo-fs-un-ecosistema-sostenibile-e-integrato-per-rilanciare-la-mobilita\/\" \/>\n<meta property=\"og:locale\" content=\"it_IT\" \/>\n<meta property=\"og:type\" content=\"article\" \/>\n<meta property=\"og:title\" content=\"Luigi Ferraris: Gruppo FS, un ecosistema sostenibile e integrato per rilanciare la mobilit\u00e0\" \/>\n<meta property=\"og:description\" content=\"Gruppo FS \u00e8 impegnato su pi\u00f9 fronti per garantire al Paese una mobilit\u00e0 sempre pi\u00f9 moderna, integrata e sostenibile. Luigi Ferraris lo ha raccontato ai microfoni dell\u2019ANSA. Luigi Ferraris: \u201cInfrastrutture pi\u00f9 moderne e interconnesse con il contributo del Pnrr\u201d Rilanciare la mobilit\u00e0 ferroviaria di passeggeri e merci rendendola pi\u00f9 moderna, integrata, resiliente e sostenibile. Un obiettivo ambizioso quello del Gruppo FS che, con il Piano Industriale al 2031, \u00e8 prontoContinue reading...\" \/>\n<meta property=\"og:url\" content=\"https:\/\/www.article-marketing.eu\/comunicatistampa\/luigi-ferraris-gruppo-fs-un-ecosistema-sostenibile-e-integrato-per-rilanciare-la-mobilita\/\" \/>\n<meta property=\"og:site_name\" content=\"Article Marketing\" \/>\n<meta property=\"article:published_time\" content=\"2023-04-05T15:17:18+00:00\" \/>\n<meta property=\"og:image\" content=\"https:\/\/www.ansa.it\/webimages\/img_620x438\/2023\/3\/7\/a403c0333573aa6c747ede4bf0f050b3.jpg\" \/>\n<meta name=\"author\" content=\"gbofficeprnews\" \/>\n<meta name=\"twitter:card\" content=\"summary_large_image\" \/>\n<meta name=\"twitter:label1\" content=\"Scritto da\" \/>\n\t<meta name=\"twitter:data1\" content=\"gbofficeprnews\" \/>\n\t<meta name=\"twitter:label2\" content=\"Tempo di lettura stimato\" \/>\n\t<meta name=\"twitter:data2\" content=\"3 minuti\" \/>\n<script type=\"application\/ld+json\" class=\"yoast-schema-graph\">{\"@context\":\"https:\\\/\\\/schema.org\",\"@graph\":[{\"@type\":\"Article\",\"@id\":\"https:\\\/\\\/www.article-marketing.eu\\\/comunicatistampa\\\/luigi-ferraris-gruppo-fs-un-ecosistema-sostenibile-e-integrato-per-rilanciare-la-mobilita\\\/#article\",\"isPartOf\":{\"@id\":\"https:\\\/\\\/www.article-marketing.eu\\\/comunicatistampa\\\/luigi-ferraris-gruppo-fs-un-ecosistema-sostenibile-e-integrato-per-rilanciare-la-mobilita\\\/\"},\"author\":{\"name\":\"gbofficeprnews\",\"@id\":\"https:\\\/\\\/www.article-marketing.eu\\\/comunicatistampa\\\/#\\\/schema\\\/person\\\/00c541681af1a376511ed63d59ca096f\"},\"headline\":\"Luigi Ferraris: Gruppo FS, un ecosistema sostenibile e integrato per rilanciare la mobilit\u00e0\",\"datePublished\":\"2023-04-05T15:17:18+00:00\",\"mainEntityOfPage\":{\"@id\":\"https:\\\/\\\/www.article-marketing.eu\\\/comunicatistampa\\\/luigi-ferraris-gruppo-fs-un-ecosistema-sostenibile-e-integrato-per-rilanciare-la-mobilita\\\/\"},\"wordCount\":425,\"commentCount\":0,\"image\":{\"@id\":\"https:\\\/\\\/www.article-marketing.eu\\\/comunicatistampa\\\/luigi-ferraris-gruppo-fs-un-ecosistema-sostenibile-e-integrato-per-rilanciare-la-mobilita\\\/#primaryimage\"},\"thumbnailUrl\":\"https:\\\/\\\/www.ansa.it\\\/webimages\\\/img_620x438\\\/2023\\\/3\\\/7\\\/a403c0333573aa6c747ede4bf0f050b3.jpg\",\"keywords\":[\"Gruppo FS\",\"Luigi Ferraris\"],\"articleSection\":[\"Comunicati stampa\"],\"inLanguage\":\"it-IT\",\"potentialAction\":[{\"@type\":\"CommentAction\",\"name\":\"Comment\",\"target\":[\"https:\\\/\\\/www.article-marketing.eu\\\/comunicatistampa\\\/luigi-ferraris-gruppo-fs-un-ecosistema-sostenibile-e-integrato-per-rilanciare-la-mobilita\\\/#respond\"]}]},{\"@type\":\"WebPage\",\"@id\":\"https:\\\/\\\/www.article-marketing.eu\\\/comunicatistampa\\\/luigi-ferraris-gruppo-fs-un-ecosistema-sostenibile-e-integrato-per-rilanciare-la-mobilita\\\/\",\"url\":\"https:\\\/\\\/www.article-marketing.eu\\\/comunicatistampa\\\/luigi-ferraris-gruppo-fs-un-ecosistema-sostenibile-e-integrato-per-rilanciare-la-mobilita\\\/\",\"name\":\"Luigi Ferraris: Gruppo FS, un ecosistema sostenibile e integrato per rilanciare la mobilit\u00e0\",\"isPartOf\":{\"@id\":\"https:\\\/\\\/www.article-marketing.eu\\\/comunicatistampa\\\/#website\"},\"primaryImageOfPage\":{\"@id\":\"https:\\\/\\\/www.article-marketing.eu\\\/comunicatistampa\\\/luigi-ferraris-gruppo-fs-un-ecosistema-sostenibile-e-integrato-per-rilanciare-la-mobilita\\\/#primaryimage\"},\"image\":{\"@id\":\"https:\\\/\\\/www.article-marketing.eu\\\/comunicatistampa\\\/luigi-ferraris-gruppo-fs-un-ecosistema-sostenibile-e-integrato-per-rilanciare-la-mobilita\\\/#primaryimage\"},\"thumbnailUrl\":\"https:\\\/\\\/www.ansa.it\\\/webimages\\\/img_620x438\\\/2023\\\/3\\\/7\\\/a403c0333573aa6c747ede4bf0f050b3.jpg\",\"datePublished\":\"2023-04-05T15:17:18+00:00\",\"author\":{\"@id\":\"https:\\\/\\\/www.article-marketing.eu\\\/comunicatistampa\\\/#\\\/schema\\\/person\\\/00c541681af1a376511ed63d59ca096f\"},\"breadcrumb\":{\"@id\":\"https:\\\/\\\/www.article-marketing.eu\\\/comunicatistampa\\\/luigi-ferraris-gruppo-fs-un-ecosistema-sostenibile-e-integrato-per-rilanciare-la-mobilita\\\/#breadcrumb\"},\"inLanguage\":\"it-IT\",\"potentialAction\":[{\"@type\":\"ReadAction\",\"target\":[\"https:\\\/\\\/www.article-marketing.eu\\\/comunicatistampa\\\/luigi-ferraris-gruppo-fs-un-ecosistema-sostenibile-e-integrato-per-rilanciare-la-mobilita\\\/\"]}]},{\"@type\":\"ImageObject\",\"inLanguage\":\"it-IT\",\"@id\":\"https:\\\/\\\/www.article-marketing.eu\\\/comunicatistampa\\\/luigi-ferraris-gruppo-fs-un-ecosistema-sostenibile-e-integrato-per-rilanciare-la-mobilita\\\/#primaryimage\",\"url\":\"https:\\\/\\\/www.ansa.it\\\/webimages\\\/img_620x438\\\/2023\\\/3\\\/7\\\/a403c0333573aa6c747ede4bf0f050b3.jpg\",\"contentUrl\":\"https:\\\/\\\/www.ansa.it\\\/webimages\\\/img_620x438\\\/2023\\\/3\\\/7\\\/a403c0333573aa6c747ede4bf0f050b3.jpg\"},{\"@type\":\"BreadcrumbList\",\"@id\":\"https:\\\/\\\/www.article-marketing.eu\\\/comunicatistampa\\\/luigi-ferraris-gruppo-fs-un-ecosistema-sostenibile-e-integrato-per-rilanciare-la-mobilita\\\/#breadcrumb\",\"itemListElement\":[{\"@type\":\"ListItem\",\"position\":1,\"name\":\"Home\",\"item\":\"https:\\\/\\\/www.article-marketing.eu\\\/comunicatistampa\\\/\"},{\"@type\":\"ListItem\",\"position\":2,\"name\":\"Luigi Ferraris: Gruppo FS, un ecosistema sostenibile e integrato per rilanciare la mobilit\u00e0\"}]},{\"@type\":\"WebSite\",\"@id\":\"https:\\\/\\\/www.article-marketing.eu\\\/comunicatistampa\\\/#website\",\"url\":\"https:\\\/\\\/www.article-marketing.eu\\\/comunicatistampa\\\/\",\"name\":\"Article Marketing\",\"description\":\"article marketing &amp; press release\",\"potentialAction\":[{\"@type\":\"SearchAction\",\"target\":{\"@type\":\"EntryPoint\",\"urlTemplate\":\"https:\\\/\\\/www.article-marketing.eu\\\/comunicatistampa\\\/?s={search_term_string}\"},\"query-input\":{\"@type\":\"PropertyValueSpecification\",\"valueRequired\":true,\"valueName\":\"search_term_string\"}}],\"inLanguage\":\"it-IT\"},{\"@type\":\"Person\",\"@id\":\"https:\\\/\\\/www.article-marketing.eu\\\/comunicatistampa\\\/#\\\/schema\\\/person\\\/00c541681af1a376511ed63d59ca096f\",\"name\":\"gbofficeprnews\",\"image\":{\"@type\":\"ImageObject\",\"inLanguage\":\"it-IT\",\"@id\":\"https:\\\/\\\/secure.gravatar.com\\\/avatar\\\/6c895f4b9cd59fffe899c25f76b85bf0d427605c1f0d3b07c81e155c001265cf?s=96&d=mm&r=g\",\"url\":\"https:\\\/\\\/secure.gravatar.com\\\/avatar\\\/6c895f4b9cd59fffe899c25f76b85bf0d427605c1f0d3b07c81e155c001265cf?s=96&d=mm&r=g\",\"contentUrl\":\"https:\\\/\\\/secure.gravatar.com\\\/avatar\\\/6c895f4b9cd59fffe899c25f76b85bf0d427605c1f0d3b07c81e155c001265cf?s=96&d=mm&r=g\",\"caption\":\"gbofficeprnews\"},\"url\":\"https:\\\/\\\/www.article-marketing.eu\\\/comunicatistampa\\\/author\\\/gbofficeprnews\\\/\"}]}<\/script>\n<!-- \/ Yoast SEO plugin. -->","yoast_head_json":{"title":"Luigi Ferraris: Gruppo FS, un ecosistema sostenibile e integrato per rilanciare la mobilit\u00e0","robots":{"index":"index","follow":"follow","max-snippet":"max-snippet:-1","max-image-preview":"max-image-preview:large","max-video-preview":"max-video-preview:-1"},"canonical":"https:\/\/www.article-marketing.eu\/comunicatistampa\/luigi-ferraris-gruppo-fs-un-ecosistema-sostenibile-e-integrato-per-rilanciare-la-mobilita\/","og_locale":"it_IT","og_type":"article","og_title":"Luigi Ferraris: Gruppo FS, un ecosistema sostenibile e integrato per rilanciare la mobilit\u00e0","og_description":"Gruppo FS \u00e8 impegnato su pi\u00f9 fronti per garantire al Paese una mobilit\u00e0 sempre pi\u00f9 moderna, integrata e sostenibile. Luigi Ferraris lo ha raccontato ai microfoni dell\u2019ANSA. Luigi Ferraris: \u201cInfrastrutture pi\u00f9 moderne e interconnesse con il contributo del Pnrr\u201d Rilanciare la mobilit\u00e0 ferroviaria di passeggeri e merci rendendola pi\u00f9 moderna, integrata, resiliente e sostenibile. Un obiettivo ambizioso quello del Gruppo FS che, con il Piano Industriale al 2031, \u00e8 prontoContinue reading...","og_url":"https:\/\/www.article-marketing.eu\/comunicatistampa\/luigi-ferraris-gruppo-fs-un-ecosistema-sostenibile-e-integrato-per-rilanciare-la-mobilita\/","og_site_name":"Article Marketing","article_published_time":"2023-04-05T15:17:18+00:00","og_image":[{"url":"https:\/\/www.ansa.it\/webimages\/img_620x438\/2023\/3\/7\/a403c0333573aa6c747ede4bf0f050b3.jpg","type":"","width":"","height":""}],"author":"gbofficeprnews","twitter_card":"summary_large_image","twitter_misc":{"Scritto da":"gbofficeprnews","Tempo di lettura stimato":"3 minuti"},"schema":{"@context":"https:\/\/schema.org","@graph":[{"@type":"Article","@id":"https:\/\/www.article-marketing.eu\/comunicatistampa\/luigi-ferraris-gruppo-fs-un-ecosistema-sostenibile-e-integrato-per-rilanciare-la-mobilita\/#article","isPartOf":{"@id":"https:\/\/www.article-marketing.eu\/comunicatistampa\/luigi-ferraris-gruppo-fs-un-ecosistema-sostenibile-e-integrato-per-rilanciare-la-mobilita\/"},"author":{"name":"gbofficeprnews","@id":"https:\/\/www.article-marketing.eu\/comunicatistampa\/#\/schema\/person\/00c541681af1a376511ed63d59ca096f"},"headline":"Luigi Ferraris: Gruppo FS, un ecosistema sostenibile e integrato per rilanciare la mobilit\u00e0","datePublished":"2023-04-05T15:17:18+00:00","mainEntityOfPage":{"@id":"https:\/\/www.article-marketing.eu\/comunicatistampa\/luigi-ferraris-gruppo-fs-un-ecosistema-sostenibile-e-integrato-per-rilanciare-la-mobilita\/"},"wordCount":425,"commentCount":0,"image":{"@id":"https:\/\/www.article-marketing.eu\/comunicatistampa\/luigi-ferraris-gruppo-fs-un-ecosistema-sostenibile-e-integrato-per-rilanciare-la-mobilita\/#primaryimage"},"thumbnailUrl":"https:\/\/www.ansa.it\/webimages\/img_620x438\/2023\/3\/7\/a403c0333573aa6c747ede4bf0f050b3.jpg","keywords":["Gruppo FS","Luigi Ferraris"],"articleSection":["Comunicati stampa"],"inLanguage":"it-IT","potentialAction":[{"@type":"CommentAction","name":"Comment","target":["https:\/\/www.article-marketing.eu\/comunicatistampa\/luigi-ferraris-gruppo-fs-un-ecosistema-sostenibile-e-integrato-per-rilanciare-la-mobilita\/#respond"]}]},{"@type":"WebPage","@id":"https:\/\/www.article-marketing.eu\/comunicatistampa\/luigi-ferraris-gruppo-fs-un-ecosistema-sostenibile-e-integrato-per-rilanciare-la-mobilita\/","url":"https:\/\/www.article-marketing.eu\/comunicatistampa\/luigi-ferraris-gruppo-fs-un-ecosistema-sostenibile-e-integrato-per-rilanciare-la-mobilita\/","name":"Luigi Ferraris: Gruppo FS, un ecosistema sostenibile e integrato per rilanciare la mobilit\u00e0","isPartOf":{"@id":"https:\/\/www.article-marketing.eu\/comunicatistampa\/#website"},"primaryImageOfPage":{"@id":"https:\/\/www.article-marketing.eu\/comunicatistampa\/luigi-ferraris-gruppo-fs-un-ecosistema-sostenibile-e-integrato-per-rilanciare-la-mobilita\/#primaryimage"},"image":{"@id":"https:\/\/www.article-marketing.eu\/comunicatistampa\/luigi-ferraris-gruppo-fs-un-ecosistema-sostenibile-e-integrato-per-rilanciare-la-mobilita\/#primaryimage"},"thumbnailUrl":"https:\/\/www.ansa.it\/webimages\/img_620x438\/2023\/3\/7\/a403c0333573aa6c747ede4bf0f050b3.jpg","datePublished":"2023-04-05T15:17:18+00:00","author":{"@id":"https:\/\/www.article-marketing.eu\/comunicatistampa\/#\/schema\/person\/00c541681af1a376511ed63d59ca096f"},"breadcrumb":{"@id":"https:\/\/www.article-marketing.eu\/comunicatistampa\/luigi-ferraris-gruppo-fs-un-ecosistema-sostenibile-e-integrato-per-rilanciare-la-mobilita\/#breadcrumb"},"inLanguage":"it-IT","potentialAction":[{"@type":"ReadAction","target":["https:\/\/www.article-marketing.eu\/comunicatistampa\/luigi-ferraris-gruppo-fs-un-ecosistema-sostenibile-e-integrato-per-rilanciare-la-mobilita\/"]}]},{"@type":"ImageObject","inLanguage":"it-IT","@id":"https:\/\/www.article-marketing.eu\/comunicatistampa\/luigi-ferraris-gruppo-fs-un-ecosistema-sostenibile-e-integrato-per-rilanciare-la-mobilita\/#primaryimage","url":"https:\/\/www.ansa.it\/webimages\/img_620x438\/2023\/3\/7\/a403c0333573aa6c747ede4bf0f050b3.jpg","contentUrl":"https:\/\/www.ansa.it\/webimages\/img_620x438\/2023\/3\/7\/a403c0333573aa6c747ede4bf0f050b3.jpg"},{"@type":"BreadcrumbList","@id":"https:\/\/www.article-marketing.eu\/comunicatistampa\/luigi-ferraris-gruppo-fs-un-ecosistema-sostenibile-e-integrato-per-rilanciare-la-mobilita\/#breadcrumb","itemListElement":[{"@type":"ListItem","position":1,"name":"Home","item":"https:\/\/www.article-marketing.eu\/comunicatistampa\/"},{"@type":"ListItem","position":2,"name":"Luigi Ferraris: Gruppo FS, un ecosistema sostenibile e integrato per rilanciare la mobilit\u00e0"}]},{"@type":"WebSite","@id":"https:\/\/www.article-marketing.eu\/comunicatistampa\/#website","url":"https:\/\/www.article-marketing.eu\/comunicatistampa\/","name":"Article Marketing","description":"article marketing &amp; press release","potentialAction":[{"@type":"SearchAction","target":{"@type":"EntryPoint","urlTemplate":"https:\/\/www.article-marketing.eu\/comunicatistampa\/?s={search_term_string}"},"query-input":{"@type":"PropertyValueSpecification","valueRequired":true,"valueName":"search_term_string"}}],"inLanguage":"it-IT"},{"@type":"Person","@id":"https:\/\/www.article-marketing.eu\/comunicatistampa\/#\/schema\/person\/00c541681af1a376511ed63d59ca096f","name":"gbofficeprnews","image":{"@type":"ImageObject","inLanguage":"it-IT","@id":"https:\/\/secure.gravatar.com\/avatar\/6c895f4b9cd59fffe899c25f76b85bf0d427605c1f0d3b07c81e155c001265cf?s=96&d=mm&r=g","url":"https:\/\/secure.gravatar.com\/avatar\/6c895f4b9cd59fffe899c25f76b85bf0d427605c1f0d3b07c81e155c001265cf?s=96&d=mm&r=g","contentUrl":"https:\/\/secure.gravatar.com\/avatar\/6c895f4b9cd59fffe899c25f76b85bf0d427605c1f0d3b07c81e155c001265cf?s=96&d=mm&r=g","caption":"gbofficeprnews"},"url":"https:\/\/www.article-marketing.eu\/comunicatistampa\/author\/gbofficeprnews\/"}]}},"_links":{"self":[{"href":"https:\/\/www.article-marketing.eu\/comunicatistampa\/wp-json\/wp\/v2\/posts\/26823","targetHints":{"allow":["GET"]}}],"collection":[{"href":"https:\/\/www.article-marketing.eu\/comunicatistampa\/wp-json\/wp\/v2\/posts"}],"about":[{"href":"https:\/\/www.article-marketing.eu\/comunicatistampa\/wp-json\/wp\/v2\/types\/post"}],"author":[{"embeddable":true,"href":"https:\/\/www.article-marketing.eu\/comunicatistampa\/wp-json\/wp\/v2\/users\/7203"}],"replies":[{"embeddable":true,"href":"https:\/\/www.article-marketing.eu\/comunicatistampa\/wp-json\/wp\/v2\/comments?post=26823"}],"version-history":[{"count":2,"href":"https:\/\/www.article-marketing.eu\/comunicatistampa\/wp-json\/wp\/v2\/posts\/26823\/revisions"}],"predecessor-version":[{"id":26953,"href":"https:\/\/www.article-marketing.eu\/comunicatistampa\/wp-json\/wp\/v2\/posts\/26823\/revisions\/26953"}],"wp:attachment":[{"href":"https:\/\/www.article-marketing.eu\/comunicatistampa\/wp-json\/wp\/v2\/media?parent=26823"}],"wp:term":[{"taxonomy":"category","embeddable":true,"href":"https:\/\/www.article-marketing.eu\/comunicatistampa\/wp-json\/wp\/v2\/categories?post=26823"},{"taxonomy":"post_tag","embeddable":true,"href":"https:\/\/www.article-marketing.eu\/comunicatistampa\/wp-json\/wp\/v2\/tags?post=26823"}],"curies":[{"name":"wp","href":"https:\/\/api.w.org\/{rel}","templated":true}]}}