{"id":26827,"date":"2023-04-05T17:17:52","date_gmt":"2023-04-05T15:17:52","guid":{"rendered":"https:\/\/www.article-marketing.eu\/comunicatistampa\/?p=26827"},"modified":"2023-04-05T17:17:52","modified_gmt":"2023-04-05T15:17:52","slug":"i-primi-50-anni-del-viaggio-in-treno-piu-suggestivo-di-sempre","status":"publish","type":"post","link":"https:\/\/www.article-marketing.eu\/comunicatistampa\/i-primi-50-anni-del-viaggio-in-treno-piu-suggestivo-di-sempre\/","title":{"rendered":"I primi 50 anni del viaggio in treno pi\u00f9 suggestivo di sempre"},"content":{"rendered":"<p>Quest\u2019anno la Ferrovia Retica celebra i 50 anni del Bernina Express, il famoso Trenino Rosso, a bordo del quale si pu\u00f2 vivere la pi\u00f9 spettacolare traversata alpina. Dai ghiacciai scintillanti al paradiso delle palme italiano, collega da mezzo secolo la Svizzera all\u2019Italia, portando alla scoperta di luoghi ricchi di storia, tradizioni e bellezza, da ammirare comodamente seduti nelle sue splendide carrozze panoramiche.<\/p>\n<p><strong>Bernina Express, il Trenino Rosso compie 50 anni<\/strong><\/p>\n<p>Il\u00a0Bernina Express, treno pi\u00f9 panoramico d\u2019Europa,\u00a0\u00e8 stato inaugurato il 3 giugno 1973 sulla centenaria linea delle Ferrovia Retica, con l\u2019obiettivo di un collegamento diretto da Coira\u00a0a\u00a0Tirano (in provincia di Sondrio), senza la necessit\u00e0 di un cambio a St. Moritz. A partire dal 2000 sono state introdotte le spettacolari carrozze panoramiche, fiore all\u2019occhiello dello storico convoglio che percorre la tratta ferroviaria alpina pi\u00f9 alta.<\/p>\n<p>In cinquant\u2019anni, il <a href=\"https:\/\/trenino-rosso.com\/\">Trenino Rosso del Bernina<\/a> ha attratto ben 10 milioni\u00a0di\u00a0viaggiatori, dei quali pi\u00f9 di un milione \u00e8 italiano. Iscritta nella lista dei Patrimoni Mondiali dell\u2019Umanit\u00e0 dall\u2019UNESCO, la scenografica tratta ferroviaria si inserisce armoniosamente nella cornice montana dell\u2019Albula e del Bernina, viaggiando attraverso il\u00a0Cantone dei Grigioni. Si passa per Coira, l\u2019Engadina, si affianca il corso del\u00a0fiume Albula, si valica il passo del Bernina e si percorre la\u00a0Valposchiavo\u00a0e la\u00a0Val di Pila\u00a0fino a\u00a0Brusio\u00a0e Tirano, capolinea italiano della pittoresca linea ferroviaria. Tra le stazioni di Tirano e St. Moritz ne sono presenti altre 20 in cui i passeggeri possono scendere per visitare localit\u00e0 ricche di fascino<\/p>\n<p><strong>Il percorso \u00e8 di particolare interesse anche dal punto di<\/strong> vista\u00a0ingegneristico\u00a0e\u00a0architettonico, considerando che comprende 55\u00a0tunnel\u00a0e\u00a0gallerie\u00a0coperte, 196\u00a0viadotti\u00a0e\u00a0ponti, e tratti a pendenza elevata che coprono ampi dislivelli. In uno dei viaggi pi\u00f9 romantici in treno, i passeggeri possono ammirare da vicino attrazioni straordinarie come la curva di Montebello con vista sul massiccio del Bernina, il ghiacciaio del Morteratsch, i tre laghi Lej Pitschen, Lej Nair e Lago Bianco, l\u2019Alp Gr\u00fcm e il viadotto elicoidale di Brusio. Oltre a offrire paesaggi di una bellezza incredibile, il Bernina Express attraversa territori alpini ricchi di richiami culturali.<\/p>\n<p><strong>Bernina Express: le fermate pi\u00f9 suggestive<\/strong><\/p>\n<p>La fermata di Miralago o quella successiva di Le Prese permettono di godersi una bella passeggiata attorno al lago di Poschiavo, a 962 metri sul livello del mare. Dopo pochi chilometri si pu\u00f2 visitare Poschiavo con i suoi interessanti musei. Da qui inizia il tratto pi\u00f9 spettacolare del percorso, con il cosiddetto \u201candamento a chiocciola\u201d del Bernina Express che compie pi\u00f9 volte un giro di 180 gradi per superare le pendenze della montagna.<\/p>\n<p>Successivamente, si incontrano il laghetto Pal\u00f9 e in lontananza la cime del Piz Pal\u00f9, arrivando quindi alla stazione di Alp Gr\u00fcm, tappa ideale per gli amanti della fotografia e dell\u2019escursionismo. Dall\u2019Ospizio Bernina, il punto pi\u00f9 alto di tutto l\u2019itinerario in treno, si scende verso St Moritz, toccando le stazioni di Lagalb e Diavolezza, imperdibili per gli amanti dello sci, e Pontresina, localit\u00e0 di villeggiatura engadinese per eccellenza.<\/p>\n<p><strong>L\u2019affascinante viaggio sulla linea dell\u2019Albula<\/strong><\/p>\n<p>In seguito alla pandemia \u00e8 sorto un problema di overbooking, con lunghe liste d\u2019attesa che saranno esaurite tra quest\u2019anno e il 2024. Per questo motivo, la Ferrovia Retica sta puntando sulla linea dell\u2019Albula, che collega St Moritz con Coira capitale del Grigioni e citt\u00e0 pi\u00f9 antica delle Svizzera. Qui il Trenino Rosso affronta un dislivello di oltre mille metri grazie ai viadotti di Solis e Landwasser e alle spettacolari gallerie elicoidali\u00a0tra Berg\u00fcn e Preda. Da non perdere, il Museo ferroviario dell\u2019Albula di Berg\u00fcn e il sentiero avventura della ferrovia Albula, realizzato nella tratta compresa tra la galleria dell\u2019Albula e il viadotto di Landwasser.<\/p>\n","protected":false},"excerpt":{"rendered":"<p>Quest\u2019anno la Ferrovia Retica celebra i 50 anni del Bernina Express, il famoso Trenino Rosso, a bordo del quale si pu\u00f2 vivere la pi\u00f9 spettacolare traversata alpina. Dai ghiacciai scintillanti al paradiso delle palme italiano, collega da mezzo secolo la Svizzera all\u2019Italia, portando alla scoperta di luoghi ricchi di storia, tradizioni e bellezza, da ammirare comodamente seduti nelle sue splendide carrozze panoramiche. Bernina Express, il Trenino Rosso compie 50 anni<\/p>\n<p><a class=\"continue-reading\" href=\"https:\/\/www.article-marketing.eu\/comunicatistampa\/i-primi-50-anni-del-viaggio-in-treno-piu-suggestivo-di-sempre\/\">Continue reading&#8230;<\/a><\/p>\n","protected":false},"author":7326,"featured_media":0,"comment_status":"open","ping_status":"open","sticky":false,"template":"","format":"standard","meta":{"_monsterinsights_skip_tracking":false,"_monsterinsights_sitenote_active":false,"_monsterinsights_sitenote_note":"","_monsterinsights_sitenote_category":0,"footnotes":""},"categories":[78],"tags":[],"class_list":["post-26827","post","type-post","status-publish","format-standard","hentry","category-comunicati-stampa"],"yoast_head":"<!-- This site is optimized with the Yoast SEO plugin v27.3 - https:\/\/yoast.com\/product\/yoast-seo-wordpress\/ -->\n<title>I primi 50 anni del viaggio in treno pi\u00f9 suggestivo di sempre<\/title>\n<meta name=\"robots\" content=\"index, follow, max-snippet:-1, max-image-preview:large, max-video-preview:-1\" \/>\n<link rel=\"canonical\" href=\"https:\/\/www.article-marketing.eu\/comunicatistampa\/i-primi-50-anni-del-viaggio-in-treno-piu-suggestivo-di-sempre\/\" \/>\n<meta property=\"og:locale\" content=\"it_IT\" \/>\n<meta property=\"og:type\" content=\"article\" \/>\n<meta property=\"og:title\" content=\"I primi 50 anni del viaggio in treno pi\u00f9 suggestivo di sempre\" \/>\n<meta property=\"og:description\" content=\"Quest\u2019anno la Ferrovia Retica celebra i 50 anni del Bernina Express, il famoso Trenino Rosso, a bordo del quale si pu\u00f2 vivere la pi\u00f9 spettacolare traversata alpina. Dai ghiacciai scintillanti al paradiso delle palme italiano, collega da mezzo secolo la Svizzera all\u2019Italia, portando alla scoperta di luoghi ricchi di storia, tradizioni e bellezza, da ammirare comodamente seduti nelle sue splendide carrozze panoramiche. Bernina Express, il Trenino Rosso compie 50 anniContinue reading...\" \/>\n<meta property=\"og:url\" content=\"https:\/\/www.article-marketing.eu\/comunicatistampa\/i-primi-50-anni-del-viaggio-in-treno-piu-suggestivo-di-sempre\/\" \/>\n<meta property=\"og:site_name\" content=\"Article Marketing\" \/>\n<meta property=\"article:published_time\" content=\"2023-04-05T15:17:52+00:00\" \/>\n<meta name=\"author\" content=\"samiewolterss\" \/>\n<meta name=\"twitter:card\" content=\"summary_large_image\" \/>\n<meta name=\"twitter:label1\" content=\"Scritto da\" \/>\n\t<meta name=\"twitter:data1\" content=\"samiewolterss\" \/>\n\t<meta name=\"twitter:label2\" content=\"Tempo di lettura stimato\" \/>\n\t<meta name=\"twitter:data2\" content=\"4 minuti\" \/>\n<script type=\"application\/ld+json\" class=\"yoast-schema-graph\">{\"@context\":\"https:\\\/\\\/schema.org\",\"@graph\":[{\"@type\":\"Article\",\"@id\":\"https:\\\/\\\/www.article-marketing.eu\\\/comunicatistampa\\\/i-primi-50-anni-del-viaggio-in-treno-piu-suggestivo-di-sempre\\\/#article\",\"isPartOf\":{\"@id\":\"https:\\\/\\\/www.article-marketing.eu\\\/comunicatistampa\\\/i-primi-50-anni-del-viaggio-in-treno-piu-suggestivo-di-sempre\\\/\"},\"author\":{\"name\":\"samiewolterss\",\"@id\":\"https:\\\/\\\/www.article-marketing.eu\\\/comunicatistampa\\\/#\\\/schema\\\/person\\\/24dff83b9d88bb55b5554e2de2486165\"},\"headline\":\"I primi 50 anni del viaggio in treno pi\u00f9 suggestivo di sempre\",\"datePublished\":\"2023-04-05T15:17:52+00:00\",\"mainEntityOfPage\":{\"@id\":\"https:\\\/\\\/www.article-marketing.eu\\\/comunicatistampa\\\/i-primi-50-anni-del-viaggio-in-treno-piu-suggestivo-di-sempre\\\/\"},\"wordCount\":628,\"commentCount\":0,\"articleSection\":[\"Comunicati stampa\"],\"inLanguage\":\"it-IT\",\"potentialAction\":[{\"@type\":\"CommentAction\",\"name\":\"Comment\",\"target\":[\"https:\\\/\\\/www.article-marketing.eu\\\/comunicatistampa\\\/i-primi-50-anni-del-viaggio-in-treno-piu-suggestivo-di-sempre\\\/#respond\"]}]},{\"@type\":\"WebPage\",\"@id\":\"https:\\\/\\\/www.article-marketing.eu\\\/comunicatistampa\\\/i-primi-50-anni-del-viaggio-in-treno-piu-suggestivo-di-sempre\\\/\",\"url\":\"https:\\\/\\\/www.article-marketing.eu\\\/comunicatistampa\\\/i-primi-50-anni-del-viaggio-in-treno-piu-suggestivo-di-sempre\\\/\",\"name\":\"I primi 50 anni del viaggio in treno pi\u00f9 suggestivo di sempre\",\"isPartOf\":{\"@id\":\"https:\\\/\\\/www.article-marketing.eu\\\/comunicatistampa\\\/#website\"},\"datePublished\":\"2023-04-05T15:17:52+00:00\",\"author\":{\"@id\":\"https:\\\/\\\/www.article-marketing.eu\\\/comunicatistampa\\\/#\\\/schema\\\/person\\\/24dff83b9d88bb55b5554e2de2486165\"},\"breadcrumb\":{\"@id\":\"https:\\\/\\\/www.article-marketing.eu\\\/comunicatistampa\\\/i-primi-50-anni-del-viaggio-in-treno-piu-suggestivo-di-sempre\\\/#breadcrumb\"},\"inLanguage\":\"it-IT\",\"potentialAction\":[{\"@type\":\"ReadAction\",\"target\":[\"https:\\\/\\\/www.article-marketing.eu\\\/comunicatistampa\\\/i-primi-50-anni-del-viaggio-in-treno-piu-suggestivo-di-sempre\\\/\"]}]},{\"@type\":\"BreadcrumbList\",\"@id\":\"https:\\\/\\\/www.article-marketing.eu\\\/comunicatistampa\\\/i-primi-50-anni-del-viaggio-in-treno-piu-suggestivo-di-sempre\\\/#breadcrumb\",\"itemListElement\":[{\"@type\":\"ListItem\",\"position\":1,\"name\":\"Home\",\"item\":\"https:\\\/\\\/www.article-marketing.eu\\\/comunicatistampa\\\/\"},{\"@type\":\"ListItem\",\"position\":2,\"name\":\"I primi 50 anni del viaggio in treno pi\u00f9 suggestivo di sempre\"}]},{\"@type\":\"WebSite\",\"@id\":\"https:\\\/\\\/www.article-marketing.eu\\\/comunicatistampa\\\/#website\",\"url\":\"https:\\\/\\\/www.article-marketing.eu\\\/comunicatistampa\\\/\",\"name\":\"Article Marketing\",\"description\":\"article marketing &amp; press release\",\"potentialAction\":[{\"@type\":\"SearchAction\",\"target\":{\"@type\":\"EntryPoint\",\"urlTemplate\":\"https:\\\/\\\/www.article-marketing.eu\\\/comunicatistampa\\\/?s={search_term_string}\"},\"query-input\":{\"@type\":\"PropertyValueSpecification\",\"valueRequired\":true,\"valueName\":\"search_term_string\"}}],\"inLanguage\":\"it-IT\"},{\"@type\":\"Person\",\"@id\":\"https:\\\/\\\/www.article-marketing.eu\\\/comunicatistampa\\\/#\\\/schema\\\/person\\\/24dff83b9d88bb55b5554e2de2486165\",\"name\":\"samiewolterss\",\"image\":{\"@type\":\"ImageObject\",\"inLanguage\":\"it-IT\",\"@id\":\"https:\\\/\\\/secure.gravatar.com\\\/avatar\\\/0e06eff54844cb87e7faa284136643b84bfbab1edfef57966fc37f11766b650a?s=96&d=mm&r=g\",\"url\":\"https:\\\/\\\/secure.gravatar.com\\\/avatar\\\/0e06eff54844cb87e7faa284136643b84bfbab1edfef57966fc37f11766b650a?s=96&d=mm&r=g\",\"contentUrl\":\"https:\\\/\\\/secure.gravatar.com\\\/avatar\\\/0e06eff54844cb87e7faa284136643b84bfbab1edfef57966fc37f11766b650a?s=96&d=mm&r=g\",\"caption\":\"samiewolterss\"},\"url\":\"https:\\\/\\\/www.article-marketing.eu\\\/comunicatistampa\\\/author\\\/samiewolterss\\\/\"}]}<\/script>\n<!-- \/ Yoast SEO plugin. -->","yoast_head_json":{"title":"I primi 50 anni del viaggio in treno pi\u00f9 suggestivo di sempre","robots":{"index":"index","follow":"follow","max-snippet":"max-snippet:-1","max-image-preview":"max-image-preview:large","max-video-preview":"max-video-preview:-1"},"canonical":"https:\/\/www.article-marketing.eu\/comunicatistampa\/i-primi-50-anni-del-viaggio-in-treno-piu-suggestivo-di-sempre\/","og_locale":"it_IT","og_type":"article","og_title":"I primi 50 anni del viaggio in treno pi\u00f9 suggestivo di sempre","og_description":"Quest\u2019anno la Ferrovia Retica celebra i 50 anni del Bernina Express, il famoso Trenino Rosso, a bordo del quale si pu\u00f2 vivere la pi\u00f9 spettacolare traversata alpina. Dai ghiacciai scintillanti al paradiso delle palme italiano, collega da mezzo secolo la Svizzera all\u2019Italia, portando alla scoperta di luoghi ricchi di storia, tradizioni e bellezza, da ammirare comodamente seduti nelle sue splendide carrozze panoramiche. Bernina Express, il Trenino Rosso compie 50 anniContinue reading...","og_url":"https:\/\/www.article-marketing.eu\/comunicatistampa\/i-primi-50-anni-del-viaggio-in-treno-piu-suggestivo-di-sempre\/","og_site_name":"Article Marketing","article_published_time":"2023-04-05T15:17:52+00:00","author":"samiewolterss","twitter_card":"summary_large_image","twitter_misc":{"Scritto da":"samiewolterss","Tempo di lettura stimato":"4 minuti"},"schema":{"@context":"https:\/\/schema.org","@graph":[{"@type":"Article","@id":"https:\/\/www.article-marketing.eu\/comunicatistampa\/i-primi-50-anni-del-viaggio-in-treno-piu-suggestivo-di-sempre\/#article","isPartOf":{"@id":"https:\/\/www.article-marketing.eu\/comunicatistampa\/i-primi-50-anni-del-viaggio-in-treno-piu-suggestivo-di-sempre\/"},"author":{"name":"samiewolterss","@id":"https:\/\/www.article-marketing.eu\/comunicatistampa\/#\/schema\/person\/24dff83b9d88bb55b5554e2de2486165"},"headline":"I primi 50 anni del viaggio in treno pi\u00f9 suggestivo di sempre","datePublished":"2023-04-05T15:17:52+00:00","mainEntityOfPage":{"@id":"https:\/\/www.article-marketing.eu\/comunicatistampa\/i-primi-50-anni-del-viaggio-in-treno-piu-suggestivo-di-sempre\/"},"wordCount":628,"commentCount":0,"articleSection":["Comunicati stampa"],"inLanguage":"it-IT","potentialAction":[{"@type":"CommentAction","name":"Comment","target":["https:\/\/www.article-marketing.eu\/comunicatistampa\/i-primi-50-anni-del-viaggio-in-treno-piu-suggestivo-di-sempre\/#respond"]}]},{"@type":"WebPage","@id":"https:\/\/www.article-marketing.eu\/comunicatistampa\/i-primi-50-anni-del-viaggio-in-treno-piu-suggestivo-di-sempre\/","url":"https:\/\/www.article-marketing.eu\/comunicatistampa\/i-primi-50-anni-del-viaggio-in-treno-piu-suggestivo-di-sempre\/","name":"I primi 50 anni del viaggio in treno pi\u00f9 suggestivo di sempre","isPartOf":{"@id":"https:\/\/www.article-marketing.eu\/comunicatistampa\/#website"},"datePublished":"2023-04-05T15:17:52+00:00","author":{"@id":"https:\/\/www.article-marketing.eu\/comunicatistampa\/#\/schema\/person\/24dff83b9d88bb55b5554e2de2486165"},"breadcrumb":{"@id":"https:\/\/www.article-marketing.eu\/comunicatistampa\/i-primi-50-anni-del-viaggio-in-treno-piu-suggestivo-di-sempre\/#breadcrumb"},"inLanguage":"it-IT","potentialAction":[{"@type":"ReadAction","target":["https:\/\/www.article-marketing.eu\/comunicatistampa\/i-primi-50-anni-del-viaggio-in-treno-piu-suggestivo-di-sempre\/"]}]},{"@type":"BreadcrumbList","@id":"https:\/\/www.article-marketing.eu\/comunicatistampa\/i-primi-50-anni-del-viaggio-in-treno-piu-suggestivo-di-sempre\/#breadcrumb","itemListElement":[{"@type":"ListItem","position":1,"name":"Home","item":"https:\/\/www.article-marketing.eu\/comunicatistampa\/"},{"@type":"ListItem","position":2,"name":"I primi 50 anni del viaggio in treno pi\u00f9 suggestivo di sempre"}]},{"@type":"WebSite","@id":"https:\/\/www.article-marketing.eu\/comunicatistampa\/#website","url":"https:\/\/www.article-marketing.eu\/comunicatistampa\/","name":"Article Marketing","description":"article marketing &amp; press release","potentialAction":[{"@type":"SearchAction","target":{"@type":"EntryPoint","urlTemplate":"https:\/\/www.article-marketing.eu\/comunicatistampa\/?s={search_term_string}"},"query-input":{"@type":"PropertyValueSpecification","valueRequired":true,"valueName":"search_term_string"}}],"inLanguage":"it-IT"},{"@type":"Person","@id":"https:\/\/www.article-marketing.eu\/comunicatistampa\/#\/schema\/person\/24dff83b9d88bb55b5554e2de2486165","name":"samiewolterss","image":{"@type":"ImageObject","inLanguage":"it-IT","@id":"https:\/\/secure.gravatar.com\/avatar\/0e06eff54844cb87e7faa284136643b84bfbab1edfef57966fc37f11766b650a?s=96&d=mm&r=g","url":"https:\/\/secure.gravatar.com\/avatar\/0e06eff54844cb87e7faa284136643b84bfbab1edfef57966fc37f11766b650a?s=96&d=mm&r=g","contentUrl":"https:\/\/secure.gravatar.com\/avatar\/0e06eff54844cb87e7faa284136643b84bfbab1edfef57966fc37f11766b650a?s=96&d=mm&r=g","caption":"samiewolterss"},"url":"https:\/\/www.article-marketing.eu\/comunicatistampa\/author\/samiewolterss\/"}]}},"_links":{"self":[{"href":"https:\/\/www.article-marketing.eu\/comunicatistampa\/wp-json\/wp\/v2\/posts\/26827","targetHints":{"allow":["GET"]}}],"collection":[{"href":"https:\/\/www.article-marketing.eu\/comunicatistampa\/wp-json\/wp\/v2\/posts"}],"about":[{"href":"https:\/\/www.article-marketing.eu\/comunicatistampa\/wp-json\/wp\/v2\/types\/post"}],"author":[{"embeddable":true,"href":"https:\/\/www.article-marketing.eu\/comunicatistampa\/wp-json\/wp\/v2\/users\/7326"}],"replies":[{"embeddable":true,"href":"https:\/\/www.article-marketing.eu\/comunicatistampa\/wp-json\/wp\/v2\/comments?post=26827"}],"version-history":[{"count":2,"href":"https:\/\/www.article-marketing.eu\/comunicatistampa\/wp-json\/wp\/v2\/posts\/26827\/revisions"}],"predecessor-version":[{"id":26955,"href":"https:\/\/www.article-marketing.eu\/comunicatistampa\/wp-json\/wp\/v2\/posts\/26827\/revisions\/26955"}],"wp:attachment":[{"href":"https:\/\/www.article-marketing.eu\/comunicatistampa\/wp-json\/wp\/v2\/media?parent=26827"}],"wp:term":[{"taxonomy":"category","embeddable":true,"href":"https:\/\/www.article-marketing.eu\/comunicatistampa\/wp-json\/wp\/v2\/categories?post=26827"},{"taxonomy":"post_tag","embeddable":true,"href":"https:\/\/www.article-marketing.eu\/comunicatistampa\/wp-json\/wp\/v2\/tags?post=26827"}],"curies":[{"name":"wp","href":"https:\/\/api.w.org\/{rel}","templated":true}]}}