{"id":26834,"date":"2023-04-05T17:18:33","date_gmt":"2023-04-05T15:18:33","guid":{"rendered":"https:\/\/www.article-marketing.eu\/comunicatistampa\/?p=26834"},"modified":"2023-04-05T17:18:33","modified_gmt":"2023-04-05T15:18:33","slug":"federico-motta-editore-la-storia-della-biblioteca-dai-babilonesi-ai-giorni-nostri","status":"publish","type":"post","link":"https:\/\/www.article-marketing.eu\/comunicatistampa\/federico-motta-editore-la-storia-della-biblioteca-dai-babilonesi-ai-giorni-nostri\/","title":{"rendered":"Federico Motta Editore: la storia della biblioteca, dai Babilonesi ai giorni nostri"},"content":{"rendered":"<p><em><strong>Ricordando la biblioteca privata del semiologo, filosofo, scrittore e bibliofilo Umberto Eco, <a title=\"Federico Motta Editore, profilo aziendale \" href=\"https:\/\/www.businesspost.eu\/tag\/federico-motta-editore\/\">Federico Motta Editore<\/a> ricorda la nascita di questi luoghi che ancora oggi rappresentano una fonte inesauribile di sapere e di conoscenza.<\/strong><\/em><\/p>\n<p><a title=\"Federico Motta Editore\" href=\"https:\/\/www.businesspost.eu\/tag\/federico-motta-editore\/\"><img loading=\"lazy\" decoding=\"async\" src=\"https:\/\/www.businesspost.eu\/wp-content\/uploads\/2021\/08\/federico-motta-editore.jpg\" alt=\"Federico Motta Editore\" width=\"200\" height=\"152\" \/><\/a><\/p>\n<h2>Federico Motta Editore: la nascita delle biblioteche<\/h2>\n<p>Una biblioteca rappresenta un vero e proprio tesoro, un patrimonio culturale che offre infinite possibilit\u00e0 di apprendimento, di sviluppo e di crescita personale. Come ricorda la Casa Editrice <a title=\"Federico Motta Editore focus su Business Post \" href=\"https:\/\/www.businesspost.eu\/tag\/federico-motta-editore\/\">Federico Motta Editore<\/a>, Umberto Eco lo sapeva bene, tanto che ne fece il fulcro del suo celebre romanzo <em>Il nome della rosa<\/em>. Ma la biblioteca non \u00e8 solo un&#8217;idea romantica del passato: oggi, pi\u00f9 che mai, \u00e8 un luogo in cui la cultura e la conoscenza sono a portata di tutti. La loro nascita risale a secoli fa: questi luoghi, infatti, esistevano gi\u00e0 ai tempi dei Babilonesi e della Grecia antica. Hanno rappresentato spazi di raccolta e conservazione del sapere, custodito e trasmesso di generazione in generazione. La biblioteca di Alessandria d&#8217;Egitto \u00e8 stata la pi\u00f9 famosa e prestigiosa biblioteca dell&#8217;antichit\u00e0, con oltre 500.000 volumi. Con il passare dei secoli, sottolinea <strong>Federico Motta Editore<\/strong>, la biblioteca ha subito diverse trasformazioni, ma il suo valore \u00e8 sempre rimasto intatto. Nel Medioevo, si sono diffuse nei monasteri come luoghi in cui conservare il sapere del passato. Nel Rinascimento sono invece nate le prime biblioteche laiche, mentre nel XX secolo si \u00e8 generata la biblioteconomia e con essa la trasformazione delle biblioteche in istituzioni moderne, al passo con i tempi.<\/p>\n<h2>Federico Motta Editore: la biblioteca, una fonte di cultura indispensabile<\/h2>\n<p>Oggi le biblioteche sono anche digitali, grazie alla tecnologia e all&#8217;avvento di internet. Questo ha permesso di ampliare il loro raggio d&#8217;azione, consentendo a chiunque di accedere a una vastissima gamma di contenuti. Tuttavia, ricorda ancora <strong>Federico Motta Editore<\/strong>, le biblioteche fisiche continuano a conservare il loro fascino e il loro valore storico e culturale, offrendo un&#8217;esperienza unica di scoperta e di apprendimento. In Italia, abbiamo la fortuna di poter contare su numerose biblioteche, sia pubbliche sia private, che custodiscono un patrimonio culturale inestimabile. La biblioteca privata di Umberto Eco, ad esempio, era una delle pi\u00f9 grandi e prestigiose d&#8217;Italia, con oltre 30.000 volumi moderni e 1.200 libri antichi e rari. Ogni biblioteca, grande o piccola che sia, rappresenta \u201c<em>una fonte di cultura indispensabile\u201d<\/em> per ogni casa e per ogni individuo, scrive <strong>Federico Motta Editore<\/strong>. Il valore dei libri \u00e8 infatti insostituibile proprio perch\u00e9 costituisce una vera e propria finestra sul mondo, un&#8217;opportunit\u00e0 per imparare, per scoprire e per crescere.<\/p>\n","protected":false},"excerpt":{"rendered":"<p>Ricordando la biblioteca privata del semiologo, filosofo, scrittore e bibliofilo Umberto Eco, Federico Motta Editore ricorda la nascita di questi luoghi che ancora oggi rappresentano una fonte inesauribile di sapere e di conoscenza. Federico Motta Editore: la nascita delle biblioteche Una biblioteca rappresenta un vero e proprio tesoro, un patrimonio culturale che offre infinite possibilit\u00e0 di apprendimento, di sviluppo e di crescita personale. Come ricorda la Casa Editrice Federico Motta<\/p>\n<p><a class=\"continue-reading\" href=\"https:\/\/www.article-marketing.eu\/comunicatistampa\/federico-motta-editore-la-storia-della-biblioteca-dai-babilonesi-ai-giorni-nostri\/\">Continue reading&#8230;<\/a><\/p>\n","protected":false},"author":6477,"featured_media":0,"comment_status":"open","ping_status":"open","sticky":false,"template":"","format":"standard","meta":{"_monsterinsights_skip_tracking":false,"_monsterinsights_sitenote_active":false,"_monsterinsights_sitenote_note":"","_monsterinsights_sitenote_category":0,"footnotes":""},"categories":[78],"tags":[9413],"class_list":["post-26834","post","type-post","status-publish","format-standard","hentry","category-comunicati-stampa","tag-federico-motta-editore"],"yoast_head":"<!-- This site is optimized with the Yoast SEO plugin v27.3 - https:\/\/yoast.com\/product\/yoast-seo-wordpress\/ -->\n<title>Federico Motta Editore: la storia della biblioteca, dai Babilonesi ai giorni nostri<\/title>\n<meta name=\"robots\" content=\"index, follow, max-snippet:-1, max-image-preview:large, max-video-preview:-1\" \/>\n<link rel=\"canonical\" href=\"https:\/\/www.article-marketing.eu\/comunicatistampa\/federico-motta-editore-la-storia-della-biblioteca-dai-babilonesi-ai-giorni-nostri\/\" \/>\n<meta property=\"og:locale\" content=\"it_IT\" \/>\n<meta property=\"og:type\" content=\"article\" \/>\n<meta property=\"og:title\" content=\"Federico Motta Editore: la storia della biblioteca, dai Babilonesi ai giorni nostri\" \/>\n<meta property=\"og:description\" content=\"Ricordando la biblioteca privata del semiologo, filosofo, scrittore e bibliofilo Umberto Eco, Federico Motta Editore ricorda la nascita di questi luoghi che ancora oggi rappresentano una fonte inesauribile di sapere e di conoscenza. Federico Motta Editore: la nascita delle biblioteche Una biblioteca rappresenta un vero e proprio tesoro, un patrimonio culturale che offre infinite possibilit\u00e0 di apprendimento, di sviluppo e di crescita personale. Come ricorda la Casa Editrice Federico MottaContinue reading...\" \/>\n<meta property=\"og:url\" content=\"https:\/\/www.article-marketing.eu\/comunicatistampa\/federico-motta-editore-la-storia-della-biblioteca-dai-babilonesi-ai-giorni-nostri\/\" \/>\n<meta property=\"og:site_name\" content=\"Article Marketing\" \/>\n<meta property=\"article:published_time\" content=\"2023-04-05T15:18:33+00:00\" \/>\n<meta property=\"og:image\" content=\"https:\/\/www.businesspost.eu\/wp-content\/uploads\/2021\/08\/federico-motta-editore.jpg\" \/>\n<meta name=\"author\" content=\"articolinews\" \/>\n<meta name=\"twitter:card\" content=\"summary_large_image\" \/>\n<meta name=\"twitter:label1\" content=\"Scritto da\" \/>\n\t<meta name=\"twitter:data1\" content=\"articolinews\" \/>\n\t<meta name=\"twitter:label2\" content=\"Tempo di lettura stimato\" \/>\n\t<meta name=\"twitter:data2\" content=\"3 minuti\" \/>\n<script type=\"application\/ld+json\" class=\"yoast-schema-graph\">{\"@context\":\"https:\\\/\\\/schema.org\",\"@graph\":[{\"@type\":\"Article\",\"@id\":\"https:\\\/\\\/www.article-marketing.eu\\\/comunicatistampa\\\/federico-motta-editore-la-storia-della-biblioteca-dai-babilonesi-ai-giorni-nostri\\\/#article\",\"isPartOf\":{\"@id\":\"https:\\\/\\\/www.article-marketing.eu\\\/comunicatistampa\\\/federico-motta-editore-la-storia-della-biblioteca-dai-babilonesi-ai-giorni-nostri\\\/\"},\"author\":{\"name\":\"articolinews\",\"@id\":\"https:\\\/\\\/www.article-marketing.eu\\\/comunicatistampa\\\/#\\\/schema\\\/person\\\/2fcaf8f8f3a9eef9eb7f27532d3ca458\"},\"headline\":\"Federico Motta Editore: la storia della biblioteca, dai Babilonesi ai giorni nostri\",\"datePublished\":\"2023-04-05T15:18:33+00:00\",\"mainEntityOfPage\":{\"@id\":\"https:\\\/\\\/www.article-marketing.eu\\\/comunicatistampa\\\/federico-motta-editore-la-storia-della-biblioteca-dai-babilonesi-ai-giorni-nostri\\\/\"},\"wordCount\":418,\"commentCount\":0,\"image\":{\"@id\":\"https:\\\/\\\/www.article-marketing.eu\\\/comunicatistampa\\\/federico-motta-editore-la-storia-della-biblioteca-dai-babilonesi-ai-giorni-nostri\\\/#primaryimage\"},\"thumbnailUrl\":\"https:\\\/\\\/www.businesspost.eu\\\/wp-content\\\/uploads\\\/2021\\\/08\\\/federico-motta-editore.jpg\",\"keywords\":[\"Federico Motta Editore\"],\"articleSection\":[\"Comunicati stampa\"],\"inLanguage\":\"it-IT\",\"potentialAction\":[{\"@type\":\"CommentAction\",\"name\":\"Comment\",\"target\":[\"https:\\\/\\\/www.article-marketing.eu\\\/comunicatistampa\\\/federico-motta-editore-la-storia-della-biblioteca-dai-babilonesi-ai-giorni-nostri\\\/#respond\"]}]},{\"@type\":\"WebPage\",\"@id\":\"https:\\\/\\\/www.article-marketing.eu\\\/comunicatistampa\\\/federico-motta-editore-la-storia-della-biblioteca-dai-babilonesi-ai-giorni-nostri\\\/\",\"url\":\"https:\\\/\\\/www.article-marketing.eu\\\/comunicatistampa\\\/federico-motta-editore-la-storia-della-biblioteca-dai-babilonesi-ai-giorni-nostri\\\/\",\"name\":\"Federico Motta Editore: la storia della biblioteca, dai Babilonesi ai giorni nostri\",\"isPartOf\":{\"@id\":\"https:\\\/\\\/www.article-marketing.eu\\\/comunicatistampa\\\/#website\"},\"primaryImageOfPage\":{\"@id\":\"https:\\\/\\\/www.article-marketing.eu\\\/comunicatistampa\\\/federico-motta-editore-la-storia-della-biblioteca-dai-babilonesi-ai-giorni-nostri\\\/#primaryimage\"},\"image\":{\"@id\":\"https:\\\/\\\/www.article-marketing.eu\\\/comunicatistampa\\\/federico-motta-editore-la-storia-della-biblioteca-dai-babilonesi-ai-giorni-nostri\\\/#primaryimage\"},\"thumbnailUrl\":\"https:\\\/\\\/www.businesspost.eu\\\/wp-content\\\/uploads\\\/2021\\\/08\\\/federico-motta-editore.jpg\",\"datePublished\":\"2023-04-05T15:18:33+00:00\",\"author\":{\"@id\":\"https:\\\/\\\/www.article-marketing.eu\\\/comunicatistampa\\\/#\\\/schema\\\/person\\\/2fcaf8f8f3a9eef9eb7f27532d3ca458\"},\"breadcrumb\":{\"@id\":\"https:\\\/\\\/www.article-marketing.eu\\\/comunicatistampa\\\/federico-motta-editore-la-storia-della-biblioteca-dai-babilonesi-ai-giorni-nostri\\\/#breadcrumb\"},\"inLanguage\":\"it-IT\",\"potentialAction\":[{\"@type\":\"ReadAction\",\"target\":[\"https:\\\/\\\/www.article-marketing.eu\\\/comunicatistampa\\\/federico-motta-editore-la-storia-della-biblioteca-dai-babilonesi-ai-giorni-nostri\\\/\"]}]},{\"@type\":\"ImageObject\",\"inLanguage\":\"it-IT\",\"@id\":\"https:\\\/\\\/www.article-marketing.eu\\\/comunicatistampa\\\/federico-motta-editore-la-storia-della-biblioteca-dai-babilonesi-ai-giorni-nostri\\\/#primaryimage\",\"url\":\"https:\\\/\\\/www.businesspost.eu\\\/wp-content\\\/uploads\\\/2021\\\/08\\\/federico-motta-editore.jpg\",\"contentUrl\":\"https:\\\/\\\/www.businesspost.eu\\\/wp-content\\\/uploads\\\/2021\\\/08\\\/federico-motta-editore.jpg\"},{\"@type\":\"BreadcrumbList\",\"@id\":\"https:\\\/\\\/www.article-marketing.eu\\\/comunicatistampa\\\/federico-motta-editore-la-storia-della-biblioteca-dai-babilonesi-ai-giorni-nostri\\\/#breadcrumb\",\"itemListElement\":[{\"@type\":\"ListItem\",\"position\":1,\"name\":\"Home\",\"item\":\"https:\\\/\\\/www.article-marketing.eu\\\/comunicatistampa\\\/\"},{\"@type\":\"ListItem\",\"position\":2,\"name\":\"Federico Motta Editore: la storia della biblioteca, dai Babilonesi ai giorni nostri\"}]},{\"@type\":\"WebSite\",\"@id\":\"https:\\\/\\\/www.article-marketing.eu\\\/comunicatistampa\\\/#website\",\"url\":\"https:\\\/\\\/www.article-marketing.eu\\\/comunicatistampa\\\/\",\"name\":\"Article Marketing\",\"description\":\"article marketing &amp; press release\",\"potentialAction\":[{\"@type\":\"SearchAction\",\"target\":{\"@type\":\"EntryPoint\",\"urlTemplate\":\"https:\\\/\\\/www.article-marketing.eu\\\/comunicatistampa\\\/?s={search_term_string}\"},\"query-input\":{\"@type\":\"PropertyValueSpecification\",\"valueRequired\":true,\"valueName\":\"search_term_string\"}}],\"inLanguage\":\"it-IT\"},{\"@type\":\"Person\",\"@id\":\"https:\\\/\\\/www.article-marketing.eu\\\/comunicatistampa\\\/#\\\/schema\\\/person\\\/2fcaf8f8f3a9eef9eb7f27532d3ca458\",\"name\":\"articolinews\",\"image\":{\"@type\":\"ImageObject\",\"inLanguage\":\"it-IT\",\"@id\":\"https:\\\/\\\/secure.gravatar.com\\\/avatar\\\/9e2a264bab04e17dea24d937c9956304649a848cb73c46747a692ff1bdeb1cb7?s=96&d=mm&r=g\",\"url\":\"https:\\\/\\\/secure.gravatar.com\\\/avatar\\\/9e2a264bab04e17dea24d937c9956304649a848cb73c46747a692ff1bdeb1cb7?s=96&d=mm&r=g\",\"contentUrl\":\"https:\\\/\\\/secure.gravatar.com\\\/avatar\\\/9e2a264bab04e17dea24d937c9956304649a848cb73c46747a692ff1bdeb1cb7?s=96&d=mm&r=g\",\"caption\":\"articolinews\"},\"url\":\"https:\\\/\\\/www.article-marketing.eu\\\/comunicatistampa\\\/author\\\/articolinews\\\/\"}]}<\/script>\n<!-- \/ Yoast SEO plugin. -->","yoast_head_json":{"title":"Federico Motta Editore: la storia della biblioteca, dai Babilonesi ai giorni nostri","robots":{"index":"index","follow":"follow","max-snippet":"max-snippet:-1","max-image-preview":"max-image-preview:large","max-video-preview":"max-video-preview:-1"},"canonical":"https:\/\/www.article-marketing.eu\/comunicatistampa\/federico-motta-editore-la-storia-della-biblioteca-dai-babilonesi-ai-giorni-nostri\/","og_locale":"it_IT","og_type":"article","og_title":"Federico Motta Editore: la storia della biblioteca, dai Babilonesi ai giorni nostri","og_description":"Ricordando la biblioteca privata del semiologo, filosofo, scrittore e bibliofilo Umberto Eco, Federico Motta Editore ricorda la nascita di questi luoghi che ancora oggi rappresentano una fonte inesauribile di sapere e di conoscenza. Federico Motta Editore: la nascita delle biblioteche Una biblioteca rappresenta un vero e proprio tesoro, un patrimonio culturale che offre infinite possibilit\u00e0 di apprendimento, di sviluppo e di crescita personale. Come ricorda la Casa Editrice Federico MottaContinue reading...","og_url":"https:\/\/www.article-marketing.eu\/comunicatistampa\/federico-motta-editore-la-storia-della-biblioteca-dai-babilonesi-ai-giorni-nostri\/","og_site_name":"Article Marketing","article_published_time":"2023-04-05T15:18:33+00:00","og_image":[{"url":"https:\/\/www.businesspost.eu\/wp-content\/uploads\/2021\/08\/federico-motta-editore.jpg","type":"","width":"","height":""}],"author":"articolinews","twitter_card":"summary_large_image","twitter_misc":{"Scritto da":"articolinews","Tempo di lettura stimato":"3 minuti"},"schema":{"@context":"https:\/\/schema.org","@graph":[{"@type":"Article","@id":"https:\/\/www.article-marketing.eu\/comunicatistampa\/federico-motta-editore-la-storia-della-biblioteca-dai-babilonesi-ai-giorni-nostri\/#article","isPartOf":{"@id":"https:\/\/www.article-marketing.eu\/comunicatistampa\/federico-motta-editore-la-storia-della-biblioteca-dai-babilonesi-ai-giorni-nostri\/"},"author":{"name":"articolinews","@id":"https:\/\/www.article-marketing.eu\/comunicatistampa\/#\/schema\/person\/2fcaf8f8f3a9eef9eb7f27532d3ca458"},"headline":"Federico Motta Editore: la storia della biblioteca, dai Babilonesi ai giorni nostri","datePublished":"2023-04-05T15:18:33+00:00","mainEntityOfPage":{"@id":"https:\/\/www.article-marketing.eu\/comunicatistampa\/federico-motta-editore-la-storia-della-biblioteca-dai-babilonesi-ai-giorni-nostri\/"},"wordCount":418,"commentCount":0,"image":{"@id":"https:\/\/www.article-marketing.eu\/comunicatistampa\/federico-motta-editore-la-storia-della-biblioteca-dai-babilonesi-ai-giorni-nostri\/#primaryimage"},"thumbnailUrl":"https:\/\/www.businesspost.eu\/wp-content\/uploads\/2021\/08\/federico-motta-editore.jpg","keywords":["Federico Motta Editore"],"articleSection":["Comunicati stampa"],"inLanguage":"it-IT","potentialAction":[{"@type":"CommentAction","name":"Comment","target":["https:\/\/www.article-marketing.eu\/comunicatistampa\/federico-motta-editore-la-storia-della-biblioteca-dai-babilonesi-ai-giorni-nostri\/#respond"]}]},{"@type":"WebPage","@id":"https:\/\/www.article-marketing.eu\/comunicatistampa\/federico-motta-editore-la-storia-della-biblioteca-dai-babilonesi-ai-giorni-nostri\/","url":"https:\/\/www.article-marketing.eu\/comunicatistampa\/federico-motta-editore-la-storia-della-biblioteca-dai-babilonesi-ai-giorni-nostri\/","name":"Federico Motta Editore: la storia della biblioteca, dai Babilonesi ai giorni nostri","isPartOf":{"@id":"https:\/\/www.article-marketing.eu\/comunicatistampa\/#website"},"primaryImageOfPage":{"@id":"https:\/\/www.article-marketing.eu\/comunicatistampa\/federico-motta-editore-la-storia-della-biblioteca-dai-babilonesi-ai-giorni-nostri\/#primaryimage"},"image":{"@id":"https:\/\/www.article-marketing.eu\/comunicatistampa\/federico-motta-editore-la-storia-della-biblioteca-dai-babilonesi-ai-giorni-nostri\/#primaryimage"},"thumbnailUrl":"https:\/\/www.businesspost.eu\/wp-content\/uploads\/2021\/08\/federico-motta-editore.jpg","datePublished":"2023-04-05T15:18:33+00:00","author":{"@id":"https:\/\/www.article-marketing.eu\/comunicatistampa\/#\/schema\/person\/2fcaf8f8f3a9eef9eb7f27532d3ca458"},"breadcrumb":{"@id":"https:\/\/www.article-marketing.eu\/comunicatistampa\/federico-motta-editore-la-storia-della-biblioteca-dai-babilonesi-ai-giorni-nostri\/#breadcrumb"},"inLanguage":"it-IT","potentialAction":[{"@type":"ReadAction","target":["https:\/\/www.article-marketing.eu\/comunicatistampa\/federico-motta-editore-la-storia-della-biblioteca-dai-babilonesi-ai-giorni-nostri\/"]}]},{"@type":"ImageObject","inLanguage":"it-IT","@id":"https:\/\/www.article-marketing.eu\/comunicatistampa\/federico-motta-editore-la-storia-della-biblioteca-dai-babilonesi-ai-giorni-nostri\/#primaryimage","url":"https:\/\/www.businesspost.eu\/wp-content\/uploads\/2021\/08\/federico-motta-editore.jpg","contentUrl":"https:\/\/www.businesspost.eu\/wp-content\/uploads\/2021\/08\/federico-motta-editore.jpg"},{"@type":"BreadcrumbList","@id":"https:\/\/www.article-marketing.eu\/comunicatistampa\/federico-motta-editore-la-storia-della-biblioteca-dai-babilonesi-ai-giorni-nostri\/#breadcrumb","itemListElement":[{"@type":"ListItem","position":1,"name":"Home","item":"https:\/\/www.article-marketing.eu\/comunicatistampa\/"},{"@type":"ListItem","position":2,"name":"Federico Motta Editore: la storia della biblioteca, dai Babilonesi ai giorni nostri"}]},{"@type":"WebSite","@id":"https:\/\/www.article-marketing.eu\/comunicatistampa\/#website","url":"https:\/\/www.article-marketing.eu\/comunicatistampa\/","name":"Article Marketing","description":"article marketing &amp; press release","potentialAction":[{"@type":"SearchAction","target":{"@type":"EntryPoint","urlTemplate":"https:\/\/www.article-marketing.eu\/comunicatistampa\/?s={search_term_string}"},"query-input":{"@type":"PropertyValueSpecification","valueRequired":true,"valueName":"search_term_string"}}],"inLanguage":"it-IT"},{"@type":"Person","@id":"https:\/\/www.article-marketing.eu\/comunicatistampa\/#\/schema\/person\/2fcaf8f8f3a9eef9eb7f27532d3ca458","name":"articolinews","image":{"@type":"ImageObject","inLanguage":"it-IT","@id":"https:\/\/secure.gravatar.com\/avatar\/9e2a264bab04e17dea24d937c9956304649a848cb73c46747a692ff1bdeb1cb7?s=96&d=mm&r=g","url":"https:\/\/secure.gravatar.com\/avatar\/9e2a264bab04e17dea24d937c9956304649a848cb73c46747a692ff1bdeb1cb7?s=96&d=mm&r=g","contentUrl":"https:\/\/secure.gravatar.com\/avatar\/9e2a264bab04e17dea24d937c9956304649a848cb73c46747a692ff1bdeb1cb7?s=96&d=mm&r=g","caption":"articolinews"},"url":"https:\/\/www.article-marketing.eu\/comunicatistampa\/author\/articolinews\/"}]}},"_links":{"self":[{"href":"https:\/\/www.article-marketing.eu\/comunicatistampa\/wp-json\/wp\/v2\/posts\/26834","targetHints":{"allow":["GET"]}}],"collection":[{"href":"https:\/\/www.article-marketing.eu\/comunicatistampa\/wp-json\/wp\/v2\/posts"}],"about":[{"href":"https:\/\/www.article-marketing.eu\/comunicatistampa\/wp-json\/wp\/v2\/types\/post"}],"author":[{"embeddable":true,"href":"https:\/\/www.article-marketing.eu\/comunicatistampa\/wp-json\/wp\/v2\/users\/6477"}],"replies":[{"embeddable":true,"href":"https:\/\/www.article-marketing.eu\/comunicatistampa\/wp-json\/wp\/v2\/comments?post=26834"}],"version-history":[{"count":3,"href":"https:\/\/www.article-marketing.eu\/comunicatistampa\/wp-json\/wp\/v2\/posts\/26834\/revisions"}],"predecessor-version":[{"id":26960,"href":"https:\/\/www.article-marketing.eu\/comunicatistampa\/wp-json\/wp\/v2\/posts\/26834\/revisions\/26960"}],"wp:attachment":[{"href":"https:\/\/www.article-marketing.eu\/comunicatistampa\/wp-json\/wp\/v2\/media?parent=26834"}],"wp:term":[{"taxonomy":"category","embeddable":true,"href":"https:\/\/www.article-marketing.eu\/comunicatistampa\/wp-json\/wp\/v2\/categories?post=26834"},{"taxonomy":"post_tag","embeddable":true,"href":"https:\/\/www.article-marketing.eu\/comunicatistampa\/wp-json\/wp\/v2\/tags?post=26834"}],"curies":[{"name":"wp","href":"https:\/\/api.w.org\/{rel}","templated":true}]}}