{"id":26920,"date":"2023-04-08T09:06:23","date_gmt":"2023-04-08T07:06:23","guid":{"rendered":"https:\/\/www.article-marketing.eu\/comunicatistampa\/?p=26920"},"modified":"2023-04-06T13:03:13","modified_gmt":"2023-04-06T11:03:13","slug":"uneconomia-circolare-nel-terziario-e-possibile","status":"publish","type":"post","link":"https:\/\/www.article-marketing.eu\/comunicatistampa\/uneconomia-circolare-nel-terziario-e-possibile\/","title":{"rendered":"Un\u2019economia circolare nel terziario \u00e8 possibile"},"content":{"rendered":"<p class=\"western\" align=\"justify\"><span style=\"font-family: Verdana, serif;\"><span style=\"font-size: large;\"><i>Idee, modelli e opportunit\u00e0 a confronto, lo scorso 23 marzo al cinema Lumi\u00e8re di Bologna. Gli elementi per una sostenibilit\u00e0 economica, sociale e ambientale nella Citt\u00e0 Metropolitana ci sono, cos\u00ec come la volont\u00e0 di farli crescere<\/i><\/span><\/span><\/p>\n<p class=\"western\" align=\"justify\"><span style=\"font-family: Verdana, serif;\"><span style=\"font-size: large;\">Una giornata intensa, quella del 23 marzo, a Bologna. Sul tavolo del <\/span><\/span><span style=\"font-family: Verdana, serif;\">convegno a ingresso libero presso il Cinema Lumi\u00e8re della Cineteca, temi di grande attualit\u00e0, discussi da un panel di relatori di primo piano.<\/span><\/p>\n<p class=\"western\" align=\"justify\"><a name=\"_GoBack\"><\/a> <span style=\"font-family: Verdana, serif;\">Lavoro dignitoso e crescita economica, imprese, innovazione e infrastrutture, citt\u00e0 e comunit\u00e0 sostenibili, consumo e produzione responsabili sono alcuni degli obiettivi dell\u2019Agenda 2030, analizzati nel corso dell\u2019incontro organizzato da Ebiterbo, <\/span><span style=\"font-family: Verdana, serif;\">l\u2019Ente Bilaterale del Terziario della citt\u00e0 Metropolitana di Bologna, in collaborazione con EbiNter, Ente Bilaterale Nazionale del terziario, <\/span><span style=\"font-family: Verdana, serif;\">patrocinato dalla Citt\u00e0 Metropolitana di Bologna.<\/span><\/p>\n<p class=\"western\" align=\"justify\"><span style=\"font-family: Verdana, serif;\">Si \u00e8 discusso di <\/span><span style=\"font-family: Verdana, serif;\">politiche attuabili nel Terziario, individuando le professioni del futuro e il ruolo strategico della bilateralit\u00e0 nel raggiungimento degli obiettivi.<\/span><\/p>\n<p class=\"western\" align=\"justify\"><span style=\"font-family: Verdana, serif;\">Tanti i contributi, introdotti dal <\/span><span style=\"font-family: Verdana, serif;\">Presidente di Ebiterbo <\/span><span style=\"font-family: Verdana, serif;\"><b>Valentino Di Pisa<\/b><\/span><span style=\"font-family: Verdana, serif;\">, accompagnato a inizio lavori dal Presidente di Ebinter <\/span><span style=\"font-family: Verdana, serif;\"><b>Gennaro Strazzullo<\/b><\/span><span style=\"font-family: Verdana, serif;\"> e dal Vice Sindaco della Citt\u00e0 Metropolitana <\/span><span style=\"font-family: Verdana, serif;\"><b>Marco Panieri<\/b><\/span><span style=\"font-family: Verdana, serif;\">. <\/span><\/p>\n<p class=\"western\" align=\"justify\"><span style=\"font-family: Verdana, serif;\">Ad esprimere dati e pareri sono stati referenti di primaria importanza del tessuto produttivo e associativo cittadino: <\/span><span style=\"font-family: Verdana, serif;\"><b>Pierluigi Stefanini<\/b><\/span><span style=\"font-family: Verdana, serif;\">, Presidente di ASviS (Alleanza Italiana per lo Sviluppo Sostenibile), <\/span><span style=\"font-family: Verdana, serif;\"><b>Stefano Zamagni,<\/b><\/span><span style=\"font-family: Verdana, serif;\"> Professore di Economia Politica Universit\u00e0 di Bologna, <\/span><span style=\"font-family: Verdana, serif;\"><b>Rossella Fasola, <\/b><\/span><span style=\"font-family: Verdana, serif;\">Public Affairs Manager presso Randstad Italia S.p.A.<\/span><span style=\"font-family: Verdana, serif;\"><b>, Giada Grandi, <\/b><\/span><span style=\"font-family: Verdana, serif;\">Segretario Generale Camera di Commercio di Bologna e <\/span><span style=\"font-family: Verdana, serif;\"><b>Lina Galati Rando<\/b><\/span><span style=\"font-family: Verdana, serif;\">, Imprenditrice e Presidente Confcommercio Imprese per l\u2019Italia \u2013 circoscrizione San Lazzaro. <\/span><\/p>\n<p class=\"western\" align=\"justify\"><span style=\"font-family: Verdana, serif;\">Imprese ed economia, ma anche il contributo delle Parti Socie di Ebiterbo, con <\/span><span style=\"font-family: Verdana, serif;\"><b>Giancarlo Tonelli, <\/b><\/span><span style=\"font-family: Verdana, serif;\">Direttore Generale Confcommercio Imprese per l\u2019Italia &#8211; Ascom Bologna, <\/span><span style=\"font-family: Verdana, serif;\"><b>Anna Maria Russo,<\/b><\/span><span style=\"font-family: Verdana, serif;\"> Segretaria Generale Filcams Cgil Bologna, <\/span><span style=\"font-family: Verdana, serif;\"><b>Sara Ciurlia Capone, <\/b><\/span><span style=\"font-family: Verdana, serif;\">Segretaria Generale Fisascat Cisl Area Metropolitana Bolognese, <\/span><span style=\"font-family: Verdana, serif;\"><b>Aldo Giammella<\/b><\/span><span style=\"font-family: Verdana, serif;\">, Segretario Generale Uiltucs Emilia Romagna, con le conclusioni <\/span><span style=\"font-family: Verdana, serif;\">del Vice Presidente di Ebiterbo <\/span><span style=\"font-family: Verdana, serif;\"><b>Mario Antonio Forte.<\/b><\/span><\/p>\n<p class=\"western\" align=\"justify\"><span style=\"font-family: Verdana, sans-serif;\"><span style=\"font-size: medium;\"><b>Giancarlo Tonelli <\/b><\/span><\/span><\/p>\n<p class=\"western\" align=\"justify\"><span style=\"font-family: Verdana, sans-serif;\"><span style=\"font-size: medium;\"><b>Direttore Generale Confcommercio Imprese per l\u2019Italia \u2013 Ascom Bologna<\/b><\/span><\/span><\/p>\n<p class=\"western\" align=\"justify\">\u201c<span style=\"font-family: Verdana, sans-serif;\"><i>I dati relativi al sempre maggiore numero di aziende aderenti a Ebiterbo e di lavoratori che fruiscono dei suoi servizi, conferma la scelta di Confcommercio Ascom Bologna fatta ormai oltre 20 anni fa, di avviare una nuova fase delle relazioni sindacali per realizzare un sistema di erogazione di prestazioni e servizi ai lavoratori ed alle aziende del Terziario, della distribuzione e dei servizi. La bilateralit\u00e0 \u00e8 un contesto particolarmente adatto ad interventi relativi alla transizione ecologica e all\u2019economia circolare, in quanto coinvolge tutti i soggetti interessati dall\u2019 attivit\u00e0 economica: lavoratori e aziende. Si tratta di dare continuit\u00e0 a un\u2019esperienza ormai rodata e di successo. Le parti sociali fanno tesoro delle esperienze realizzate fin qui e individuano gli obiettivi di questa fase economica per dare nuovi strumenti alla bilateralit\u00e0<\/i><\/span><span style=\"font-family: Verdana, sans-serif;\">\u201d.<\/span><\/p>\n<p class=\"western\" align=\"justify\"><span style=\"font-family: Verdana, sans-serif;\"><b>Anna Maria Russo<\/b><\/span><\/p>\n<p class=\"western\" align=\"justify\"><span style=\"font-family: Verdana, sans-serif;\"><b>Segretaria Generale Filcams Cgil Bologna<\/b><\/span><\/p>\n<p class=\"western\" align=\"justify\">\u201c<span style=\"font-family: Verdana, sans-serif;\"><i>Colgo l\u2019occasione per segnalare la valorizzazione delle azioni di sostenibilit\u00e0 ambientale che EBITERBO ha posto in essere partendo proprio dall\u2019iniziativa pi\u00f9 recente, cio\u00e8 questo Convegno. <\/i><\/span><\/p>\n<p class=\"western\" align=\"justify\"><span style=\"font-family: Verdana, sans-serif;\"><i>Il convegno di oggi \u00e8 al culmine di una serie di iniziative progettuali e formative, svolte con la finalit\u00e0 di ridurre l\u2019impatto ambientale, perseguendo alcuni obiettivi importanti:<\/i><\/span><\/p>\n<ul>\n<li>\n<p class=\"western\" align=\"justify\"><span style=\"font-family: Verdana, sans-serif;\"><i>i temi trattati sono ecologici e di forte interesse locale;<\/i><\/span><\/p>\n<\/li>\n<li>\n<p class=\"western\" align=\"justify\"><span style=\"font-family: Verdana, sans-serif;\"><i>le attivit\u00e0 formative sono state decentrate in periferia evitando lo spostamento dei partecipanti fino a Bologna; <\/i><\/span><\/p>\n<\/li>\n<li>\n<p class=\"western\" align=\"justify\"><span style=\"font-family: Verdana, sans-serif;\"><i>l\u2019interfaccia digitale dei beneficiari al sito WEB e la creazione di un\u2019 APP, permettono ai lavoratori ed alle lavoratrici di avere EBITERBO a portata di tasca, o di borsetta, per dirla in chiave rosa. Questo vuole dire avere le informazioni sull\u2019Ente Bilaterale e accedere alle sue prestazioni, senza sprecare un solo foglio di carta. <\/i><\/span><\/p>\n<\/li>\n<\/ul>\n<p class=\"western\" align=\"justify\"><span style=\"font-family: Verdana, sans-serif;\"><i>Ebiterbo \u00e8 gi\u00e0 intervenuto da alcuni anni sul tema ambientale ritenendo utile contribuire alla riduzione delle emissioni nocive dei numerosi mezzi di trasporto privato che mobilitano anche i lavoratori del nostro settore. <\/i><\/span><\/p>\n<p class=\"western\" align=\"justify\"><span style=\"font-family: Verdana, sans-serif;\"><i>Lo ha fatto proponendo un contributo per l\u2019acquisto dell\u2019abbonamento per il trasporto pubblico in favore dei lavoratori che rinunciano al mezzo privato per raggiungere il luogo di lavoro.<\/i><\/span><\/p>\n<p class=\"western\" align=\"justify\"><span style=\"font-family: Verdana, sans-serif;\"><i>Il contributo prevede due casistiche temporali di accesso: <\/i><\/span><\/p>\n<ul>\n<li>\n<p class=\"western\" align=\"justify\"><span style=\"font-family: Verdana, sans-serif;\"><i>un provvedimento generico che prevede un contributo pari al 35% della spesa sostenuta per l\u2019acquisto dell\u2019abbonamento annuale personale per il bus ed il treno, anche in forma integrata (autobus + treno + autobus) per la tratta casa-lavoro; <\/i><\/span><\/p>\n<\/li>\n<li>\n<p class=\"western\" align=\"justify\"><span style=\"font-family: Verdana, sans-serif;\"><i>un provvedimento specifico concentrato nel periodo invernale che va da Ottobre a Marzo, in cui i valori inquinanti nell\u2019aria registrano picchi allarmanti, proponendo lo stesso contributo ma per l\u2019acquisto di abbonamenti mensili per il trasporto pubblico, nella tratta casa-lavoro, anche per soli tre mesi consecutivi.<\/i><\/span><\/p>\n<\/li>\n<\/ul>\n<p class=\"western\" align=\"justify\"><span style=\"font-family: Verdana, sans-serif;\"><i>Il convegno di oggi, con l\u2019apporto del contributo di ognuno dei relatori, costituisce un\u2019azione importante volta allo sviluppo, in prospettiva, delle ulteriori politiche di Ebiterbo su cui le Parti Sociali, socie dell\u2019Ente, si confronteranno da domani nel merito e nell\u2019obiettivo comune di avere aziende pi\u00f9 green, ambienti di lavoro maggiormente sostenibili sul piano ambientale e della salute ed infine per avere una societ\u00e0 pi\u00f9 vivibile da lasciare ai nostri figli<\/i><\/span><span style=\"font-family: Verdana, sans-serif;\">\u201d.<\/span><\/p>\n<p class=\"western\" align=\"justify\"><span style=\"font-family: Verdana, sans-serif;\"><b>Sara Ciurlia Capone<\/b><\/span><\/p>\n<p class=\"western\" align=\"justify\"><span style=\"font-family: Verdana, sans-serif;\"><b>Segretaria Generale Fisascat Cisl Area Metropolitana Bolognese<\/b><\/span><\/p>\n<p class=\"western\" align=\"justify\">\u201c<span style=\"font-family: Verdana, sans-serif;\"><i>Qualcuno diceva non pu\u00f2 esistere la libert\u00e0 senza giustizia sociale e viceversa; quindi direi che questo \u00e8 il tema attraverso cui deve ruotare tutta la nostra azione quotidiana e il dibattito della mattinata lo ha ampiamente dimostrato consegnando nelle nostre mani tanti elementi importanti su cui si potr\u00e0 lavorare. Uno tra tutti sicuramente, a mio avviso, sarebbe quello contenuto al punto 10 dell\u2019Agenda 2030 che mira a <\/i><\/span><span style=\"font-family: Verdana, sans-serif;\"><i>ridurre le disuguaglianze promuovendo e potenziando l&#8217;inclusione sociale, economica e politica di tutti.<\/i><\/span><\/p>\n<p class=\"western\" align=\"justify\"><span style=\"font-family: Verdana, sans-serif;\"><i>Tanto \u00e8 stato fatto se pensiamo alle prestazioni oggi gi\u00e0 presenti nella bilateralit\u00e0, ma occorre stare al passo con i tempi e modificare le intese anche in base alle nuove normative e alle esigenze della societ\u00e0 e del territori. Faccio un esempio: oltre dieci anni fa, le parti sociali di Ebiterbo convennero su una prestazione dall\u2019alto valore sociale e in netto anticipo con l\u2019agenda 2030, che mirava alla <\/i><\/span><span style=\"font-family: Verdana, sans-serif;\"><i>promozione della responsabilit\u00e0 condivisa all&#8217;interno del nucleo familiare <\/i><\/span><span style=\"font-family: Verdana, sans-serif;\"><i>e che consiste in un contributo del 50% sulla retribuzione persa nel caso di congedo parentale non indennizzato INPS, cio\u00e8 quello a cui si accede solo dopo i 6 mesi pagati al 30% e, quindi, solo se del congedo ne usufruiscono entrambi i genitori. <\/i><\/span><\/p>\n<p class=\"western\" align=\"justify\"><span style=\"font-family: Verdana, sans-serif;\"><i>Il contributo quindi mira ad incentivare la genitorialit\u00e0 condivisa e l\u2019uso dei congedi tanto per le donne che per gli uomini.<\/i><\/span><\/p>\n<p class=\"western\" align=\"justify\"><span style=\"font-family: Verdana, sans-serif;\"><i>Ora che la normativa in materia \u00e8 cambiata, le parti sociali dovranno adeguare tale provvedimento e, nel contempo, magari rafforzarne la sua diffusione<\/i><\/span><span style=\"font-family: Verdana, sans-serif;\">\u201d.<\/span><\/p>\n<p class=\"western\" align=\"justify\"><span style=\"font-family: Verdana, sans-serif;\"><b>Aldo Giammella<\/b><\/span><\/p>\n<p class=\"western\" align=\"justify\"><span style=\"font-family: Verdana, sans-serif;\"><b>Segretario Generale Uiltucs Emilia-Romagna<\/b><\/span><\/p>\n<p class=\"western\" align=\"justify\">\u201c<span style=\"font-family: Verdana, sans-serif;\"><i>La formazione rappresenta un asset strategico e trasversale da cui non si pu\u00f2 prescindere, ora come mai prima, per generare imprese e cittadini responsabili, per promuovere l\u2019apprendimento continuo dei lavoratori e dei giovani su queste priorit\u00e0, creando anche nuova occupazione legata a nuove competenze cosiddette ESG ovvero sulle tre dimensioni della sostenibilit\u00e0 ambientale, sociale e di governance<\/i><\/span><span style=\"font-family: Verdana, sans-serif;\">\u201d.<\/span><\/p>\n<p class=\"western\" align=\"justify\"><span style=\"font-family: Verdana, serif;\"><span style=\"font-size: xx-small;\"><b>E.Bi.Ter.Bo<\/b><\/span><\/span><span style=\"font-family: Verdana, serif;\"><span style=\"font-size: xx-small;\"> \u00e8 l<\/span><\/span><em><span style=\"font-family: Verdana, serif;\"><span style=\"font-size: xx-small;\">\u2019Ente Bilaterale del Terziario della Citt\u00e0 Metropolitana di Bologna, costituito nel 2000 da <\/span><\/span><\/em><strong><span style=\"font-family: Verdana, serif;\"><span style=\"font-size: xx-small;\">CONFCOMMERCIO IMPRESE PER L&#8217;ITALIA \u2013 ASCOM BOLOGNA <\/span><\/span><\/strong><em><span style=\"font-family: Verdana, serif;\"><span style=\"font-size: xx-small;\"> e dalle Organizzazioni Sindacali dei Lavoratori <\/span><\/span><\/em><strong><span style=\"font-family: Verdana, serif;\"><span style=\"font-size: xx-small;\">FILCAMS-CGIL BOLOGNA<\/span><\/span><\/strong><em><span style=\"font-family: Verdana, serif;\"><span style=\"font-size: xx-small;\">, <\/span><\/span><\/em><strong><span style=\"font-family: Verdana, serif;\"><span style=\"font-size: xx-small;\">FISASCAT-CISL AREA METROPOLITANA BOLOGNESE<\/span><\/span><\/strong><em><span style=\"font-family: Verdana, serif;\"><span style=\"font-size: xx-small;\"> e <\/span><\/span><\/em><strong><span style=\"font-family: Verdana, serif;\"><span style=\"font-size: xx-small;\">UILTUCS-UIL EMILIA ROMAGNA<\/span><\/span><\/strong><em><span style=\"font-family: Verdana, serif;\"><span style=\"font-size: xx-small;\"> in base a quanto previsto dal Contratto Collettivo nazionale di Lavoro.<\/span><\/span><\/em><span style=\"font-family: Verdana, serif;\"><span style=\"font-size: xx-small;\"> Svolge<\/span><\/span><span style=\"font-family: Verdana, serif;\"><span style=\"font-size: xx-small;\"> attivit\u00e0 destinate a sostenere l\u2019innovazione, la competitivit\u00e0 e lo sviluppo dell\u2019intero settore del Terziario, della Distribuzione e dei Servizi con particolare focus sull\u2019accrescimento e il miglioramento delle competenze dei lavoratori.<\/span><\/span><\/p>\n<p class=\"western\">https:\/\/www.ebiterbo.it\/it\/s\/index.jsp<\/p>\n","protected":false},"excerpt":{"rendered":"<p>Idee, modelli e opportunit\u00e0 a confronto, lo scorso 23 marzo al cinema Lumi\u00e8re di Bologna. Gli elementi per una sostenibilit\u00e0 economica, sociale e ambientale nella Citt\u00e0 Metropolitana ci sono, cos\u00ec come la volont\u00e0 di farli crescere Una giornata intensa, quella del 23 marzo, a Bologna. Sul tavolo del convegno a ingresso libero presso il Cinema Lumi\u00e8re della Cineteca, temi di grande attualit\u00e0, discussi da un panel di relatori di primo<\/p>\n<p><a class=\"continue-reading\" href=\"https:\/\/www.article-marketing.eu\/comunicatistampa\/uneconomia-circolare-nel-terziario-e-possibile\/\">Continue reading&#8230;<\/a><\/p>\n","protected":false},"author":397,"featured_media":0,"comment_status":"open","ping_status":"open","sticky":false,"template":"","format":"standard","meta":{"_monsterinsights_skip_tracking":false,"_monsterinsights_sitenote_active":false,"_monsterinsights_sitenote_note":"","_monsterinsights_sitenote_category":0,"footnotes":""},"categories":[78],"tags":[],"class_list":["post-26920","post","type-post","status-publish","format-standard","hentry","category-comunicati-stampa"],"yoast_head":"<!-- This site is optimized with the Yoast SEO plugin v27.3 - https:\/\/yoast.com\/product\/yoast-seo-wordpress\/ -->\n<title>Un\u2019economia circolare nel terziario \u00e8 possibile - Article Marketing<\/title>\n<meta name=\"robots\" content=\"index, follow, max-snippet:-1, max-image-preview:large, max-video-preview:-1\" \/>\n<link rel=\"canonical\" href=\"https:\/\/www.article-marketing.eu\/comunicatistampa\/uneconomia-circolare-nel-terziario-e-possibile\/\" \/>\n<meta property=\"og:locale\" content=\"it_IT\" \/>\n<meta property=\"og:type\" content=\"article\" \/>\n<meta property=\"og:title\" content=\"Un\u2019economia circolare nel terziario \u00e8 possibile - Article Marketing\" \/>\n<meta property=\"og:description\" content=\"Idee, modelli e opportunit\u00e0 a confronto, lo scorso 23 marzo al cinema Lumi\u00e8re di Bologna. Gli elementi per una sostenibilit\u00e0 economica, sociale e ambientale nella Citt\u00e0 Metropolitana ci sono, cos\u00ec come la volont\u00e0 di farli crescere Una giornata intensa, quella del 23 marzo, a Bologna. Sul tavolo del convegno a ingresso libero presso il Cinema Lumi\u00e8re della Cineteca, temi di grande attualit\u00e0, discussi da un panel di relatori di primoContinue reading...\" \/>\n<meta property=\"og:url\" content=\"https:\/\/www.article-marketing.eu\/comunicatistampa\/uneconomia-circolare-nel-terziario-e-possibile\/\" \/>\n<meta property=\"og:site_name\" content=\"Article Marketing\" \/>\n<meta property=\"article:published_time\" content=\"2023-04-08T07:06:23+00:00\" \/>\n<meta name=\"author\" content=\"Borderline Agency\" \/>\n<meta name=\"twitter:card\" content=\"summary_large_image\" \/>\n<meta name=\"twitter:label1\" content=\"Scritto da\" \/>\n\t<meta name=\"twitter:data1\" content=\"Borderline Agency\" \/>\n\t<meta name=\"twitter:label2\" content=\"Tempo di lettura stimato\" \/>\n\t<meta name=\"twitter:data2\" content=\"7 minuti\" \/>\n<script type=\"application\/ld+json\" class=\"yoast-schema-graph\">{\"@context\":\"https:\\\/\\\/schema.org\",\"@graph\":[{\"@type\":\"Article\",\"@id\":\"https:\\\/\\\/www.article-marketing.eu\\\/comunicatistampa\\\/uneconomia-circolare-nel-terziario-e-possibile\\\/#article\",\"isPartOf\":{\"@id\":\"https:\\\/\\\/www.article-marketing.eu\\\/comunicatistampa\\\/uneconomia-circolare-nel-terziario-e-possibile\\\/\"},\"author\":{\"name\":\"Borderline Agency\",\"@id\":\"https:\\\/\\\/www.article-marketing.eu\\\/comunicatistampa\\\/#\\\/schema\\\/person\\\/1c4ab1c7aad84347e26e78235da6ff1b\"},\"headline\":\"Un\u2019economia circolare nel terziario \u00e8 possibile\",\"datePublished\":\"2023-04-08T07:06:23+00:00\",\"mainEntityOfPage\":{\"@id\":\"https:\\\/\\\/www.article-marketing.eu\\\/comunicatistampa\\\/uneconomia-circolare-nel-terziario-e-possibile\\\/\"},\"wordCount\":1232,\"commentCount\":0,\"articleSection\":[\"Comunicati stampa\"],\"inLanguage\":\"it-IT\",\"potentialAction\":[{\"@type\":\"CommentAction\",\"name\":\"Comment\",\"target\":[\"https:\\\/\\\/www.article-marketing.eu\\\/comunicatistampa\\\/uneconomia-circolare-nel-terziario-e-possibile\\\/#respond\"]}]},{\"@type\":\"WebPage\",\"@id\":\"https:\\\/\\\/www.article-marketing.eu\\\/comunicatistampa\\\/uneconomia-circolare-nel-terziario-e-possibile\\\/\",\"url\":\"https:\\\/\\\/www.article-marketing.eu\\\/comunicatistampa\\\/uneconomia-circolare-nel-terziario-e-possibile\\\/\",\"name\":\"Un\u2019economia circolare nel terziario \u00e8 possibile - Article Marketing\",\"isPartOf\":{\"@id\":\"https:\\\/\\\/www.article-marketing.eu\\\/comunicatistampa\\\/#website\"},\"datePublished\":\"2023-04-08T07:06:23+00:00\",\"author\":{\"@id\":\"https:\\\/\\\/www.article-marketing.eu\\\/comunicatistampa\\\/#\\\/schema\\\/person\\\/1c4ab1c7aad84347e26e78235da6ff1b\"},\"breadcrumb\":{\"@id\":\"https:\\\/\\\/www.article-marketing.eu\\\/comunicatistampa\\\/uneconomia-circolare-nel-terziario-e-possibile\\\/#breadcrumb\"},\"inLanguage\":\"it-IT\",\"potentialAction\":[{\"@type\":\"ReadAction\",\"target\":[\"https:\\\/\\\/www.article-marketing.eu\\\/comunicatistampa\\\/uneconomia-circolare-nel-terziario-e-possibile\\\/\"]}]},{\"@type\":\"BreadcrumbList\",\"@id\":\"https:\\\/\\\/www.article-marketing.eu\\\/comunicatistampa\\\/uneconomia-circolare-nel-terziario-e-possibile\\\/#breadcrumb\",\"itemListElement\":[{\"@type\":\"ListItem\",\"position\":1,\"name\":\"Home\",\"item\":\"https:\\\/\\\/www.article-marketing.eu\\\/comunicatistampa\\\/\"},{\"@type\":\"ListItem\",\"position\":2,\"name\":\"Un\u2019economia circolare nel terziario \u00e8 possibile\"}]},{\"@type\":\"WebSite\",\"@id\":\"https:\\\/\\\/www.article-marketing.eu\\\/comunicatistampa\\\/#website\",\"url\":\"https:\\\/\\\/www.article-marketing.eu\\\/comunicatistampa\\\/\",\"name\":\"Article Marketing\",\"description\":\"article marketing &amp; press release\",\"potentialAction\":[{\"@type\":\"SearchAction\",\"target\":{\"@type\":\"EntryPoint\",\"urlTemplate\":\"https:\\\/\\\/www.article-marketing.eu\\\/comunicatistampa\\\/?s={search_term_string}\"},\"query-input\":{\"@type\":\"PropertyValueSpecification\",\"valueRequired\":true,\"valueName\":\"search_term_string\"}}],\"inLanguage\":\"it-IT\"},{\"@type\":\"Person\",\"@id\":\"https:\\\/\\\/www.article-marketing.eu\\\/comunicatistampa\\\/#\\\/schema\\\/person\\\/1c4ab1c7aad84347e26e78235da6ff1b\",\"name\":\"Borderline Agency\",\"image\":{\"@type\":\"ImageObject\",\"inLanguage\":\"it-IT\",\"@id\":\"https:\\\/\\\/secure.gravatar.com\\\/avatar\\\/741fa053101610cb0be7dc835c116926549ae4ae2142ff35eac04d78fda61461?s=96&d=mm&r=g\",\"url\":\"https:\\\/\\\/secure.gravatar.com\\\/avatar\\\/741fa053101610cb0be7dc835c116926549ae4ae2142ff35eac04d78fda61461?s=96&d=mm&r=g\",\"contentUrl\":\"https:\\\/\\\/secure.gravatar.com\\\/avatar\\\/741fa053101610cb0be7dc835c116926549ae4ae2142ff35eac04d78fda61461?s=96&d=mm&r=g\",\"caption\":\"Borderline Agency\"},\"url\":\"https:\\\/\\\/www.article-marketing.eu\\\/comunicatistampa\\\/author\\\/borderline-agency\\\/\"}]}<\/script>\n<!-- \/ Yoast SEO plugin. -->","yoast_head_json":{"title":"Un\u2019economia circolare nel terziario \u00e8 possibile - Article Marketing","robots":{"index":"index","follow":"follow","max-snippet":"max-snippet:-1","max-image-preview":"max-image-preview:large","max-video-preview":"max-video-preview:-1"},"canonical":"https:\/\/www.article-marketing.eu\/comunicatistampa\/uneconomia-circolare-nel-terziario-e-possibile\/","og_locale":"it_IT","og_type":"article","og_title":"Un\u2019economia circolare nel terziario \u00e8 possibile - Article Marketing","og_description":"Idee, modelli e opportunit\u00e0 a confronto, lo scorso 23 marzo al cinema Lumi\u00e8re di Bologna. Gli elementi per una sostenibilit\u00e0 economica, sociale e ambientale nella Citt\u00e0 Metropolitana ci sono, cos\u00ec come la volont\u00e0 di farli crescere Una giornata intensa, quella del 23 marzo, a Bologna. Sul tavolo del convegno a ingresso libero presso il Cinema Lumi\u00e8re della Cineteca, temi di grande attualit\u00e0, discussi da un panel di relatori di primoContinue reading...","og_url":"https:\/\/www.article-marketing.eu\/comunicatistampa\/uneconomia-circolare-nel-terziario-e-possibile\/","og_site_name":"Article Marketing","article_published_time":"2023-04-08T07:06:23+00:00","author":"Borderline Agency","twitter_card":"summary_large_image","twitter_misc":{"Scritto da":"Borderline Agency","Tempo di lettura stimato":"7 minuti"},"schema":{"@context":"https:\/\/schema.org","@graph":[{"@type":"Article","@id":"https:\/\/www.article-marketing.eu\/comunicatistampa\/uneconomia-circolare-nel-terziario-e-possibile\/#article","isPartOf":{"@id":"https:\/\/www.article-marketing.eu\/comunicatistampa\/uneconomia-circolare-nel-terziario-e-possibile\/"},"author":{"name":"Borderline Agency","@id":"https:\/\/www.article-marketing.eu\/comunicatistampa\/#\/schema\/person\/1c4ab1c7aad84347e26e78235da6ff1b"},"headline":"Un\u2019economia circolare nel terziario \u00e8 possibile","datePublished":"2023-04-08T07:06:23+00:00","mainEntityOfPage":{"@id":"https:\/\/www.article-marketing.eu\/comunicatistampa\/uneconomia-circolare-nel-terziario-e-possibile\/"},"wordCount":1232,"commentCount":0,"articleSection":["Comunicati stampa"],"inLanguage":"it-IT","potentialAction":[{"@type":"CommentAction","name":"Comment","target":["https:\/\/www.article-marketing.eu\/comunicatistampa\/uneconomia-circolare-nel-terziario-e-possibile\/#respond"]}]},{"@type":"WebPage","@id":"https:\/\/www.article-marketing.eu\/comunicatistampa\/uneconomia-circolare-nel-terziario-e-possibile\/","url":"https:\/\/www.article-marketing.eu\/comunicatistampa\/uneconomia-circolare-nel-terziario-e-possibile\/","name":"Un\u2019economia circolare nel terziario \u00e8 possibile - Article Marketing","isPartOf":{"@id":"https:\/\/www.article-marketing.eu\/comunicatistampa\/#website"},"datePublished":"2023-04-08T07:06:23+00:00","author":{"@id":"https:\/\/www.article-marketing.eu\/comunicatistampa\/#\/schema\/person\/1c4ab1c7aad84347e26e78235da6ff1b"},"breadcrumb":{"@id":"https:\/\/www.article-marketing.eu\/comunicatistampa\/uneconomia-circolare-nel-terziario-e-possibile\/#breadcrumb"},"inLanguage":"it-IT","potentialAction":[{"@type":"ReadAction","target":["https:\/\/www.article-marketing.eu\/comunicatistampa\/uneconomia-circolare-nel-terziario-e-possibile\/"]}]},{"@type":"BreadcrumbList","@id":"https:\/\/www.article-marketing.eu\/comunicatistampa\/uneconomia-circolare-nel-terziario-e-possibile\/#breadcrumb","itemListElement":[{"@type":"ListItem","position":1,"name":"Home","item":"https:\/\/www.article-marketing.eu\/comunicatistampa\/"},{"@type":"ListItem","position":2,"name":"Un\u2019economia circolare nel terziario \u00e8 possibile"}]},{"@type":"WebSite","@id":"https:\/\/www.article-marketing.eu\/comunicatistampa\/#website","url":"https:\/\/www.article-marketing.eu\/comunicatistampa\/","name":"Article Marketing","description":"article marketing &amp; press release","potentialAction":[{"@type":"SearchAction","target":{"@type":"EntryPoint","urlTemplate":"https:\/\/www.article-marketing.eu\/comunicatistampa\/?s={search_term_string}"},"query-input":{"@type":"PropertyValueSpecification","valueRequired":true,"valueName":"search_term_string"}}],"inLanguage":"it-IT"},{"@type":"Person","@id":"https:\/\/www.article-marketing.eu\/comunicatistampa\/#\/schema\/person\/1c4ab1c7aad84347e26e78235da6ff1b","name":"Borderline Agency","image":{"@type":"ImageObject","inLanguage":"it-IT","@id":"https:\/\/secure.gravatar.com\/avatar\/741fa053101610cb0be7dc835c116926549ae4ae2142ff35eac04d78fda61461?s=96&d=mm&r=g","url":"https:\/\/secure.gravatar.com\/avatar\/741fa053101610cb0be7dc835c116926549ae4ae2142ff35eac04d78fda61461?s=96&d=mm&r=g","contentUrl":"https:\/\/secure.gravatar.com\/avatar\/741fa053101610cb0be7dc835c116926549ae4ae2142ff35eac04d78fda61461?s=96&d=mm&r=g","caption":"Borderline Agency"},"url":"https:\/\/www.article-marketing.eu\/comunicatistampa\/author\/borderline-agency\/"}]}},"_links":{"self":[{"href":"https:\/\/www.article-marketing.eu\/comunicatistampa\/wp-json\/wp\/v2\/posts\/26920","targetHints":{"allow":["GET"]}}],"collection":[{"href":"https:\/\/www.article-marketing.eu\/comunicatistampa\/wp-json\/wp\/v2\/posts"}],"about":[{"href":"https:\/\/www.article-marketing.eu\/comunicatistampa\/wp-json\/wp\/v2\/types\/post"}],"author":[{"embeddable":true,"href":"https:\/\/www.article-marketing.eu\/comunicatistampa\/wp-json\/wp\/v2\/users\/397"}],"replies":[{"embeddable":true,"href":"https:\/\/www.article-marketing.eu\/comunicatistampa\/wp-json\/wp\/v2\/comments?post=26920"}],"version-history":[{"count":2,"href":"https:\/\/www.article-marketing.eu\/comunicatistampa\/wp-json\/wp\/v2\/posts\/26920\/revisions"}],"predecessor-version":[{"id":26997,"href":"https:\/\/www.article-marketing.eu\/comunicatistampa\/wp-json\/wp\/v2\/posts\/26920\/revisions\/26997"}],"wp:attachment":[{"href":"https:\/\/www.article-marketing.eu\/comunicatistampa\/wp-json\/wp\/v2\/media?parent=26920"}],"wp:term":[{"taxonomy":"category","embeddable":true,"href":"https:\/\/www.article-marketing.eu\/comunicatistampa\/wp-json\/wp\/v2\/categories?post=26920"},{"taxonomy":"post_tag","embeddable":true,"href":"https:\/\/www.article-marketing.eu\/comunicatistampa\/wp-json\/wp\/v2\/tags?post=26920"}],"curies":[{"name":"wp","href":"https:\/\/api.w.org\/{rel}","templated":true}]}}