{"id":26972,"date":"2023-04-06T12:48:57","date_gmt":"2023-04-06T10:48:57","guid":{"rendered":"https:\/\/www.article-marketing.eu\/comunicatistampa\/?p=26972"},"modified":"2023-04-06T12:48:57","modified_gmt":"2023-04-06T10:48:57","slug":"knauf-italia-limpegno-per-lequita-di-genere-nasce-dai-suoi-valori","status":"publish","type":"post","link":"https:\/\/www.article-marketing.eu\/comunicatistampa\/knauf-italia-limpegno-per-lequita-di-genere-nasce-dai-suoi-valori\/","title":{"rendered":"Knauf Italia, l\u2019impegno per l&#8217;equit\u00e0 di genere  nasce dai suoi valori"},"content":{"rendered":"<p class=\"xmprfx_MsoNormal\" align=\"center\"><em><b>L\u2019impegno di Knauf Italia per la crescita e la diffusione della cultura dell\u2019equit\u00e0 di genere prosegue con l\u2019incontro tra il personale Knauf e Michela Murgia, scrittrice e attivista<\/b><\/em><\/p>\n<p class=\"xmprfx_MsoNormal\"><a href=\"https:\/\/rgr.us12.list-manage.com\/track\/click?u=4bc585995706d17b21946b3da&amp;id=06f7a0783d&amp;e=6aeb8d917c\" target=\"_blank\" rel=\"noopener noreferrer\"><strong>Knauf<\/strong><\/a>, multinazionale leader in soluzioni e sistemi per l\u2019edilizia leggera, continua nel suo percorso di valorizzazione dell&#8217;<strong>equit\u00e0 di genere<\/strong>\u00a0portando Michela Murgia nella sua Sede di Castellina Marittima per un incontro diretto senza filtri con il proprio personale.<\/p>\n<p>L&#8217;evento\u00a0<em>\u201cStesso Valore, pari opportunit\u00e0\u201d,\u00a0<\/em>dello scorso 30 marzo, \u00e8 stato un importante momento di riflessione e di consapevolezza per la condivisione sempre pi\u00f9 ampia dei valori dell\u2019equit\u00e0 di genere e dell\u2019inclusione all&#8217;interno dell&#8217;organizzazione.<\/p>\n<p><a href=\"https:\/\/rgr.us12.list-manage.com\/track\/click?u=4bc585995706d17b21946b3da&amp;id=f6e00df4ee&amp;e=6aeb8d917c\" target=\"_blank\" rel=\"noopener noreferrer\"><img loading=\"lazy\" decoding=\"async\" title=\"\" src=\"https:\/\/mcusercontent.com\/4bc585995706d17b21946b3da\/images\/b28f023e-35c6-c862-d773-51f4b8abf666.jpg\" alt=\"\" width=\"300\" height=\"200\" align=\"left\" border=\"0\" \/><\/a>L\u2019iniziativa si inserisce nel lungo percorso intrapreso da\u00a0<strong>Knauf\u00a0<\/strong>con l\u2019obiettivo di consolidare e dare ulteriore impulso alla cultura e al sentimento della Gender Equity per ambienti di lavoro sempre pi\u00f9 inclusivi e in cui a tutti siano garantite le stesse opportunit\u00e0, indipendentemente dal genere. In sintonia con uno dei suoi valori fondanti, la menschlichkeit (umanit\u00e0), che la impegna a perseguire la giustizia, l\u2019integrit\u00e0 e il rispetto sia dentro che fuori il perimetro aziendale, l\u2019opera di sensibilizzazione di Knauf sui temi della parit\u00e0 di genere nel contesto del proprio ambito lavorativo mira, dunque, a favorire la sua osmotica diffusione nell\u2019intera societ\u00e0.<\/p>\n<p>Tutto questo ricade nel pi\u00f9 ampio contesto dell\u2019attenzione alla promozione della\u00a0<strong>sostenibilit\u00e0 sociale<\/strong>, che Knauf persegue favorendo con impegno costante una cultura aziendale che valorizzi il dialogo, la diversit\u00e0, il coinvolgimento e la crescita personale e professionale. Una visione completa delle azioni concrete e degli impegni presi per contribuire al benessere del proprio capitale umano e della comunit\u00e0 come dimostrano i risultati ottenuti in questi anni di impegno e riportati, nella sezione dedicata alla sostenibilit\u00e0 sociale, nel suo bilancio di sostenibilit\u00e0.<\/p>\n<p><em>\u201cKnauf Italia si impegna ogni giorno a promuovere l&#8217;uguaglianza di genere e a creare un ambiente di lavoro inclusivo, in cui ogni dipendente abbia la possibilit\u00e0 di esprimere il proprio potenziale e di crescere professionalmente&#8221;<\/em>, ha dichiarato Marco Solari, Direttore Generale di Knauf Italia.\u00a0<em>&#8220;In questo contesto siamo felici di aver ospitato Michela Murgia, la cui presenza ci ha permesso di sollevare temi importanti e di condividere idee, valori e visioni con tutto il nostro personale e con le loro famiglie.&#8221;<\/em><\/p>\n","protected":false},"excerpt":{"rendered":"<p>L\u2019impegno di Knauf Italia per la crescita e la diffusione della cultura dell\u2019equit\u00e0 di genere prosegue con l\u2019incontro tra il personale Knauf e Michela Murgia, scrittrice e attivista Knauf, multinazionale leader in soluzioni e sistemi per l\u2019edilizia leggera, continua nel suo percorso di valorizzazione dell&#8217;equit\u00e0 di genere\u00a0portando Michela Murgia nella sua Sede di Castellina Marittima per un incontro diretto senza filtri con il proprio personale. L&#8217;evento\u00a0\u201cStesso Valore, pari opportunit\u00e0\u201d,\u00a0dello scorso<\/p>\n<p><a class=\"continue-reading\" href=\"https:\/\/www.article-marketing.eu\/comunicatistampa\/knauf-italia-limpegno-per-lequita-di-genere-nasce-dai-suoi-valori\/\">Continue reading&#8230;<\/a><\/p>\n","protected":false},"author":1112,"featured_media":0,"comment_status":"open","ping_status":"open","sticky":false,"template":"","format":"standard","meta":{"_monsterinsights_skip_tracking":false,"_monsterinsights_sitenote_active":false,"_monsterinsights_sitenote_note":"","_monsterinsights_sitenote_category":0,"footnotes":""},"categories":[78],"tags":[],"class_list":["post-26972","post","type-post","status-publish","format-standard","hentry","category-comunicati-stampa"],"yoast_head":"<!-- This site is optimized with the Yoast SEO plugin v27.3 - https:\/\/yoast.com\/product\/yoast-seo-wordpress\/ -->\n<title>Knauf Italia, l\u2019impegno per l&#039;equit\u00e0 di genere nasce dai suoi valori<\/title>\n<meta name=\"description\" content=\"L\u2019impegno di Knauf Italia per la crescita e la diffusione della cultura dell\u2019equit\u00e0 di genere prosegue con l\u2019incontro tra il personale Knauf e Michela Murgia, scrittrice e attivista\" \/>\n<meta name=\"robots\" content=\"index, follow, max-snippet:-1, max-image-preview:large, max-video-preview:-1\" \/>\n<link rel=\"canonical\" href=\"https:\/\/www.article-marketing.eu\/comunicatistampa\/knauf-italia-limpegno-per-lequita-di-genere-nasce-dai-suoi-valori\/\" \/>\n<meta property=\"og:locale\" content=\"it_IT\" \/>\n<meta property=\"og:type\" content=\"article\" \/>\n<meta property=\"og:title\" content=\"Knauf Italia, l\u2019impegno per l&#039;equit\u00e0 di genere nasce dai suoi valori\" \/>\n<meta property=\"og:description\" content=\"L\u2019impegno di Knauf Italia per la crescita e la diffusione della cultura dell\u2019equit\u00e0 di genere prosegue con l\u2019incontro tra il personale Knauf e Michela Murgia, scrittrice e attivista\" \/>\n<meta property=\"og:url\" content=\"https:\/\/www.article-marketing.eu\/comunicatistampa\/knauf-italia-limpegno-per-lequita-di-genere-nasce-dai-suoi-valori\/\" \/>\n<meta property=\"og:site_name\" content=\"Article Marketing\" \/>\n<meta property=\"article:published_time\" content=\"2023-04-06T10:48:57+00:00\" \/>\n<meta property=\"og:image\" content=\"https:\/\/mcusercontent.com\/4bc585995706d17b21946b3da\/images\/b28f023e-35c6-c862-d773-51f4b8abf666.jpg\" \/>\n<meta name=\"author\" content=\"RGR Comunicazione\" \/>\n<meta name=\"twitter:card\" content=\"summary_large_image\" \/>\n<meta name=\"twitter:label1\" content=\"Scritto da\" \/>\n\t<meta name=\"twitter:data1\" content=\"RGR Comunicazione\" \/>\n\t<meta name=\"twitter:label2\" content=\"Tempo di lettura stimato\" \/>\n\t<meta name=\"twitter:data2\" content=\"3 minuti\" \/>\n<script type=\"application\/ld+json\" class=\"yoast-schema-graph\">{\"@context\":\"https:\\\/\\\/schema.org\",\"@graph\":[{\"@type\":\"Article\",\"@id\":\"https:\\\/\\\/www.article-marketing.eu\\\/comunicatistampa\\\/knauf-italia-limpegno-per-lequita-di-genere-nasce-dai-suoi-valori\\\/#article\",\"isPartOf\":{\"@id\":\"https:\\\/\\\/www.article-marketing.eu\\\/comunicatistampa\\\/knauf-italia-limpegno-per-lequita-di-genere-nasce-dai-suoi-valori\\\/\"},\"author\":{\"name\":\"RGR Comunicazione\",\"@id\":\"https:\\\/\\\/www.article-marketing.eu\\\/comunicatistampa\\\/#\\\/schema\\\/person\\\/76367e3093e2d092ab725eb726737838\"},\"headline\":\"Knauf Italia, l\u2019impegno per l&#8217;equit\u00e0 di genere nasce dai suoi valori\",\"datePublished\":\"2023-04-06T10:48:57+00:00\",\"mainEntityOfPage\":{\"@id\":\"https:\\\/\\\/www.article-marketing.eu\\\/comunicatistampa\\\/knauf-italia-limpegno-per-lequita-di-genere-nasce-dai-suoi-valori\\\/\"},\"wordCount\":385,\"commentCount\":0,\"image\":{\"@id\":\"https:\\\/\\\/www.article-marketing.eu\\\/comunicatistampa\\\/knauf-italia-limpegno-per-lequita-di-genere-nasce-dai-suoi-valori\\\/#primaryimage\"},\"thumbnailUrl\":\"https:\\\/\\\/mcusercontent.com\\\/4bc585995706d17b21946b3da\\\/images\\\/b28f023e-35c6-c862-d773-51f4b8abf666.jpg\",\"articleSection\":[\"Comunicati stampa\"],\"inLanguage\":\"it-IT\",\"potentialAction\":[{\"@type\":\"CommentAction\",\"name\":\"Comment\",\"target\":[\"https:\\\/\\\/www.article-marketing.eu\\\/comunicatistampa\\\/knauf-italia-limpegno-per-lequita-di-genere-nasce-dai-suoi-valori\\\/#respond\"]}]},{\"@type\":\"WebPage\",\"@id\":\"https:\\\/\\\/www.article-marketing.eu\\\/comunicatistampa\\\/knauf-italia-limpegno-per-lequita-di-genere-nasce-dai-suoi-valori\\\/\",\"url\":\"https:\\\/\\\/www.article-marketing.eu\\\/comunicatistampa\\\/knauf-italia-limpegno-per-lequita-di-genere-nasce-dai-suoi-valori\\\/\",\"name\":\"Knauf Italia, l\u2019impegno per l'equit\u00e0 di genere nasce dai suoi valori\",\"isPartOf\":{\"@id\":\"https:\\\/\\\/www.article-marketing.eu\\\/comunicatistampa\\\/#website\"},\"primaryImageOfPage\":{\"@id\":\"https:\\\/\\\/www.article-marketing.eu\\\/comunicatistampa\\\/knauf-italia-limpegno-per-lequita-di-genere-nasce-dai-suoi-valori\\\/#primaryimage\"},\"image\":{\"@id\":\"https:\\\/\\\/www.article-marketing.eu\\\/comunicatistampa\\\/knauf-italia-limpegno-per-lequita-di-genere-nasce-dai-suoi-valori\\\/#primaryimage\"},\"thumbnailUrl\":\"https:\\\/\\\/mcusercontent.com\\\/4bc585995706d17b21946b3da\\\/images\\\/b28f023e-35c6-c862-d773-51f4b8abf666.jpg\",\"datePublished\":\"2023-04-06T10:48:57+00:00\",\"author\":{\"@id\":\"https:\\\/\\\/www.article-marketing.eu\\\/comunicatistampa\\\/#\\\/schema\\\/person\\\/76367e3093e2d092ab725eb726737838\"},\"description\":\"L\u2019impegno di Knauf Italia per la crescita e la diffusione della cultura dell\u2019equit\u00e0 di genere prosegue con l\u2019incontro tra il personale Knauf e Michela Murgia, scrittrice e attivista\",\"breadcrumb\":{\"@id\":\"https:\\\/\\\/www.article-marketing.eu\\\/comunicatistampa\\\/knauf-italia-limpegno-per-lequita-di-genere-nasce-dai-suoi-valori\\\/#breadcrumb\"},\"inLanguage\":\"it-IT\",\"potentialAction\":[{\"@type\":\"ReadAction\",\"target\":[\"https:\\\/\\\/www.article-marketing.eu\\\/comunicatistampa\\\/knauf-italia-limpegno-per-lequita-di-genere-nasce-dai-suoi-valori\\\/\"]}]},{\"@type\":\"ImageObject\",\"inLanguage\":\"it-IT\",\"@id\":\"https:\\\/\\\/www.article-marketing.eu\\\/comunicatistampa\\\/knauf-italia-limpegno-per-lequita-di-genere-nasce-dai-suoi-valori\\\/#primaryimage\",\"url\":\"https:\\\/\\\/mcusercontent.com\\\/4bc585995706d17b21946b3da\\\/images\\\/b28f023e-35c6-c862-d773-51f4b8abf666.jpg\",\"contentUrl\":\"https:\\\/\\\/mcusercontent.com\\\/4bc585995706d17b21946b3da\\\/images\\\/b28f023e-35c6-c862-d773-51f4b8abf666.jpg\"},{\"@type\":\"BreadcrumbList\",\"@id\":\"https:\\\/\\\/www.article-marketing.eu\\\/comunicatistampa\\\/knauf-italia-limpegno-per-lequita-di-genere-nasce-dai-suoi-valori\\\/#breadcrumb\",\"itemListElement\":[{\"@type\":\"ListItem\",\"position\":1,\"name\":\"Home\",\"item\":\"https:\\\/\\\/www.article-marketing.eu\\\/comunicatistampa\\\/\"},{\"@type\":\"ListItem\",\"position\":2,\"name\":\"Knauf Italia, l\u2019impegno per l&#8217;equit\u00e0 di genere nasce dai suoi valori\"}]},{\"@type\":\"WebSite\",\"@id\":\"https:\\\/\\\/www.article-marketing.eu\\\/comunicatistampa\\\/#website\",\"url\":\"https:\\\/\\\/www.article-marketing.eu\\\/comunicatistampa\\\/\",\"name\":\"Article Marketing\",\"description\":\"article marketing &amp; press release\",\"potentialAction\":[{\"@type\":\"SearchAction\",\"target\":{\"@type\":\"EntryPoint\",\"urlTemplate\":\"https:\\\/\\\/www.article-marketing.eu\\\/comunicatistampa\\\/?s={search_term_string}\"},\"query-input\":{\"@type\":\"PropertyValueSpecification\",\"valueRequired\":true,\"valueName\":\"search_term_string\"}}],\"inLanguage\":\"it-IT\"},{\"@type\":\"Person\",\"@id\":\"https:\\\/\\\/www.article-marketing.eu\\\/comunicatistampa\\\/#\\\/schema\\\/person\\\/76367e3093e2d092ab725eb726737838\",\"name\":\"RGR Comunicazione\",\"image\":{\"@type\":\"ImageObject\",\"inLanguage\":\"it-IT\",\"@id\":\"https:\\\/\\\/secure.gravatar.com\\\/avatar\\\/ede9863dffa1dd4d938132da0a252a3ccea8941d92fcb0abedb060c3e79f35ce?s=96&d=mm&r=g\",\"url\":\"https:\\\/\\\/secure.gravatar.com\\\/avatar\\\/ede9863dffa1dd4d938132da0a252a3ccea8941d92fcb0abedb060c3e79f35ce?s=96&d=mm&r=g\",\"contentUrl\":\"https:\\\/\\\/secure.gravatar.com\\\/avatar\\\/ede9863dffa1dd4d938132da0a252a3ccea8941d92fcb0abedb060c3e79f35ce?s=96&d=mm&r=g\",\"caption\":\"RGR Comunicazione\"},\"description\":\"RGR \u00e8 un\u2019agenzia di comunicazione integrata e ufficio stampa, che supporta le aziende nell\u2019esaltare la propria immagine e le proprie eccellenze attraverso il mix pi\u00f9 opportuno di canali di comunicazione.\",\"sameAs\":[\"https:\\\/\\\/www.rgrcomunicazionemarketing.it\\\/\"],\"url\":\"https:\\\/\\\/www.article-marketing.eu\\\/comunicatistampa\\\/author\\\/rgr-comunicazione\\\/\"}]}<\/script>\n<!-- \/ Yoast SEO plugin. -->","yoast_head_json":{"title":"Knauf Italia, l\u2019impegno per l'equit\u00e0 di genere nasce dai suoi valori","description":"L\u2019impegno di Knauf Italia per la crescita e la diffusione della cultura dell\u2019equit\u00e0 di genere prosegue con l\u2019incontro tra il personale Knauf e Michela Murgia, scrittrice e attivista","robots":{"index":"index","follow":"follow","max-snippet":"max-snippet:-1","max-image-preview":"max-image-preview:large","max-video-preview":"max-video-preview:-1"},"canonical":"https:\/\/www.article-marketing.eu\/comunicatistampa\/knauf-italia-limpegno-per-lequita-di-genere-nasce-dai-suoi-valori\/","og_locale":"it_IT","og_type":"article","og_title":"Knauf Italia, l\u2019impegno per l'equit\u00e0 di genere nasce dai suoi valori","og_description":"L\u2019impegno di Knauf Italia per la crescita e la diffusione della cultura dell\u2019equit\u00e0 di genere prosegue con l\u2019incontro tra il personale Knauf e Michela Murgia, scrittrice e attivista","og_url":"https:\/\/www.article-marketing.eu\/comunicatistampa\/knauf-italia-limpegno-per-lequita-di-genere-nasce-dai-suoi-valori\/","og_site_name":"Article Marketing","article_published_time":"2023-04-06T10:48:57+00:00","og_image":[{"url":"https:\/\/mcusercontent.com\/4bc585995706d17b21946b3da\/images\/b28f023e-35c6-c862-d773-51f4b8abf666.jpg","type":"","width":"","height":""}],"author":"RGR Comunicazione","twitter_card":"summary_large_image","twitter_misc":{"Scritto da":"RGR Comunicazione","Tempo di lettura stimato":"3 minuti"},"schema":{"@context":"https:\/\/schema.org","@graph":[{"@type":"Article","@id":"https:\/\/www.article-marketing.eu\/comunicatistampa\/knauf-italia-limpegno-per-lequita-di-genere-nasce-dai-suoi-valori\/#article","isPartOf":{"@id":"https:\/\/www.article-marketing.eu\/comunicatistampa\/knauf-italia-limpegno-per-lequita-di-genere-nasce-dai-suoi-valori\/"},"author":{"name":"RGR Comunicazione","@id":"https:\/\/www.article-marketing.eu\/comunicatistampa\/#\/schema\/person\/76367e3093e2d092ab725eb726737838"},"headline":"Knauf Italia, l\u2019impegno per l&#8217;equit\u00e0 di genere nasce dai suoi valori","datePublished":"2023-04-06T10:48:57+00:00","mainEntityOfPage":{"@id":"https:\/\/www.article-marketing.eu\/comunicatistampa\/knauf-italia-limpegno-per-lequita-di-genere-nasce-dai-suoi-valori\/"},"wordCount":385,"commentCount":0,"image":{"@id":"https:\/\/www.article-marketing.eu\/comunicatistampa\/knauf-italia-limpegno-per-lequita-di-genere-nasce-dai-suoi-valori\/#primaryimage"},"thumbnailUrl":"https:\/\/mcusercontent.com\/4bc585995706d17b21946b3da\/images\/b28f023e-35c6-c862-d773-51f4b8abf666.jpg","articleSection":["Comunicati stampa"],"inLanguage":"it-IT","potentialAction":[{"@type":"CommentAction","name":"Comment","target":["https:\/\/www.article-marketing.eu\/comunicatistampa\/knauf-italia-limpegno-per-lequita-di-genere-nasce-dai-suoi-valori\/#respond"]}]},{"@type":"WebPage","@id":"https:\/\/www.article-marketing.eu\/comunicatistampa\/knauf-italia-limpegno-per-lequita-di-genere-nasce-dai-suoi-valori\/","url":"https:\/\/www.article-marketing.eu\/comunicatistampa\/knauf-italia-limpegno-per-lequita-di-genere-nasce-dai-suoi-valori\/","name":"Knauf Italia, l\u2019impegno per l'equit\u00e0 di genere nasce dai suoi valori","isPartOf":{"@id":"https:\/\/www.article-marketing.eu\/comunicatistampa\/#website"},"primaryImageOfPage":{"@id":"https:\/\/www.article-marketing.eu\/comunicatistampa\/knauf-italia-limpegno-per-lequita-di-genere-nasce-dai-suoi-valori\/#primaryimage"},"image":{"@id":"https:\/\/www.article-marketing.eu\/comunicatistampa\/knauf-italia-limpegno-per-lequita-di-genere-nasce-dai-suoi-valori\/#primaryimage"},"thumbnailUrl":"https:\/\/mcusercontent.com\/4bc585995706d17b21946b3da\/images\/b28f023e-35c6-c862-d773-51f4b8abf666.jpg","datePublished":"2023-04-06T10:48:57+00:00","author":{"@id":"https:\/\/www.article-marketing.eu\/comunicatistampa\/#\/schema\/person\/76367e3093e2d092ab725eb726737838"},"description":"L\u2019impegno di Knauf Italia per la crescita e la diffusione della cultura dell\u2019equit\u00e0 di genere prosegue con l\u2019incontro tra il personale Knauf e Michela Murgia, scrittrice e attivista","breadcrumb":{"@id":"https:\/\/www.article-marketing.eu\/comunicatistampa\/knauf-italia-limpegno-per-lequita-di-genere-nasce-dai-suoi-valori\/#breadcrumb"},"inLanguage":"it-IT","potentialAction":[{"@type":"ReadAction","target":["https:\/\/www.article-marketing.eu\/comunicatistampa\/knauf-italia-limpegno-per-lequita-di-genere-nasce-dai-suoi-valori\/"]}]},{"@type":"ImageObject","inLanguage":"it-IT","@id":"https:\/\/www.article-marketing.eu\/comunicatistampa\/knauf-italia-limpegno-per-lequita-di-genere-nasce-dai-suoi-valori\/#primaryimage","url":"https:\/\/mcusercontent.com\/4bc585995706d17b21946b3da\/images\/b28f023e-35c6-c862-d773-51f4b8abf666.jpg","contentUrl":"https:\/\/mcusercontent.com\/4bc585995706d17b21946b3da\/images\/b28f023e-35c6-c862-d773-51f4b8abf666.jpg"},{"@type":"BreadcrumbList","@id":"https:\/\/www.article-marketing.eu\/comunicatistampa\/knauf-italia-limpegno-per-lequita-di-genere-nasce-dai-suoi-valori\/#breadcrumb","itemListElement":[{"@type":"ListItem","position":1,"name":"Home","item":"https:\/\/www.article-marketing.eu\/comunicatistampa\/"},{"@type":"ListItem","position":2,"name":"Knauf Italia, l\u2019impegno per l&#8217;equit\u00e0 di genere nasce dai suoi valori"}]},{"@type":"WebSite","@id":"https:\/\/www.article-marketing.eu\/comunicatistampa\/#website","url":"https:\/\/www.article-marketing.eu\/comunicatistampa\/","name":"Article Marketing","description":"article marketing &amp; press release","potentialAction":[{"@type":"SearchAction","target":{"@type":"EntryPoint","urlTemplate":"https:\/\/www.article-marketing.eu\/comunicatistampa\/?s={search_term_string}"},"query-input":{"@type":"PropertyValueSpecification","valueRequired":true,"valueName":"search_term_string"}}],"inLanguage":"it-IT"},{"@type":"Person","@id":"https:\/\/www.article-marketing.eu\/comunicatistampa\/#\/schema\/person\/76367e3093e2d092ab725eb726737838","name":"RGR Comunicazione","image":{"@type":"ImageObject","inLanguage":"it-IT","@id":"https:\/\/secure.gravatar.com\/avatar\/ede9863dffa1dd4d938132da0a252a3ccea8941d92fcb0abedb060c3e79f35ce?s=96&d=mm&r=g","url":"https:\/\/secure.gravatar.com\/avatar\/ede9863dffa1dd4d938132da0a252a3ccea8941d92fcb0abedb060c3e79f35ce?s=96&d=mm&r=g","contentUrl":"https:\/\/secure.gravatar.com\/avatar\/ede9863dffa1dd4d938132da0a252a3ccea8941d92fcb0abedb060c3e79f35ce?s=96&d=mm&r=g","caption":"RGR Comunicazione"},"description":"RGR \u00e8 un\u2019agenzia di comunicazione integrata e ufficio stampa, che supporta le aziende nell\u2019esaltare la propria immagine e le proprie eccellenze attraverso il mix pi\u00f9 opportuno di canali di comunicazione.","sameAs":["https:\/\/www.rgrcomunicazionemarketing.it\/"],"url":"https:\/\/www.article-marketing.eu\/comunicatistampa\/author\/rgr-comunicazione\/"}]}},"_links":{"self":[{"href":"https:\/\/www.article-marketing.eu\/comunicatistampa\/wp-json\/wp\/v2\/posts\/26972","targetHints":{"allow":["GET"]}}],"collection":[{"href":"https:\/\/www.article-marketing.eu\/comunicatistampa\/wp-json\/wp\/v2\/posts"}],"about":[{"href":"https:\/\/www.article-marketing.eu\/comunicatistampa\/wp-json\/wp\/v2\/types\/post"}],"author":[{"embeddable":true,"href":"https:\/\/www.article-marketing.eu\/comunicatistampa\/wp-json\/wp\/v2\/users\/1112"}],"replies":[{"embeddable":true,"href":"https:\/\/www.article-marketing.eu\/comunicatistampa\/wp-json\/wp\/v2\/comments?post=26972"}],"version-history":[{"count":2,"href":"https:\/\/www.article-marketing.eu\/comunicatistampa\/wp-json\/wp\/v2\/posts\/26972\/revisions"}],"predecessor-version":[{"id":26975,"href":"https:\/\/www.article-marketing.eu\/comunicatistampa\/wp-json\/wp\/v2\/posts\/26972\/revisions\/26975"}],"wp:attachment":[{"href":"https:\/\/www.article-marketing.eu\/comunicatistampa\/wp-json\/wp\/v2\/media?parent=26972"}],"wp:term":[{"taxonomy":"category","embeddable":true,"href":"https:\/\/www.article-marketing.eu\/comunicatistampa\/wp-json\/wp\/v2\/categories?post=26972"},{"taxonomy":"post_tag","embeddable":true,"href":"https:\/\/www.article-marketing.eu\/comunicatistampa\/wp-json\/wp\/v2\/tags?post=26972"}],"curies":[{"name":"wp","href":"https:\/\/api.w.org\/{rel}","templated":true}]}}