{"id":27004,"date":"2023-04-09T13:17:05","date_gmt":"2023-04-09T11:17:05","guid":{"rendered":"https:\/\/www.article-marketing.eu\/comunicatistampa\/?p=27004"},"modified":"2023-04-09T13:17:05","modified_gmt":"2023-04-09T11:17:05","slug":"claudio-descalzi-le-sfide-del-settore-energetico-il-focus-dellad-di-eni-al-convegno-adepp","status":"publish","type":"post","link":"https:\/\/www.article-marketing.eu\/comunicatistampa\/claudio-descalzi-le-sfide-del-settore-energetico-il-focus-dellad-di-eni-al-convegno-adepp\/","title":{"rendered":"Claudio Descalzi: le sfide del settore energetico, il focus dell\u2019AD di Eni al convegno Adepp"},"content":{"rendered":"<p><strong><em>La vision dell\u2019AD di Eni <a title=\"Bio ufficiale di Claudio Descalzi\" href=\"https:\/\/www.claudiodescalzi.com\/biografia\/\">Claudio Descalzi<\/a>: \u201cIl sistema Paese riuscir\u00e0 a vincere se c&#8217;\u00e8 ottimismo e c&#8217;\u00e8 unione. Dobbiamo trovare elementi comuni di alto livello su cui lavorare tutti insieme\u201d.<\/em><\/strong><\/p>\n<p><a title=\"Vita e incarichi di Claudio Descalzi\" href=\"https:\/\/www.claudiodescalzi.com\/biografia\/\"><img loading=\"lazy\" decoding=\"async\" src=\"https:\/\/www.claudiodescalzi.com\/wp-content\/uploads\/2019\/03\/bio-2-1024x415.jpg\" alt=\"Claudio Descalzi, AD alla guida di Eni\" width=\"370\" height=\"150\" \/><\/a><\/p>\n<h2>Claudio Descalzi interviene agli \u201cStati Generali della Previdenza dei liberi professionisti\u201d<\/h2>\n<p>\u201c<em>Il<\/em> <em>sistema Paese riuscir\u00e0 a vincere se c\u2019\u00e8 ottimismo e unione<\/em>\u201d: l\u2019AD <strong>Claudio Descalzi<\/strong> lo ha ribadito nel corso della seconda edizione degli \u201cStati Generali della Previdenza dei liberi professionisti\u201d. Nel suo intervento, parlando delle sfide per il settore energetico, l\u2019AD ha invitato a riflettere su come la necessit\u00e0 di garantire la sicurezza energetica abbia assunto un ruolo centrale negli ultimi mesi inserendosi in un contesto gi\u00e0 di per s\u00e9 particolarmente impegnativo considerando il raggiungimento degli obiettivi legati allo sviluppo sostenibile, alla transizione energetica e alla decarbonizzazione. Per Eni, come ha ricordato l\u2019AD <strong>Claudio Descalzi<\/strong>, lavorare per la sicurezza e l\u2019indipendenza energetica non deve comportare un rallentamento sugli impegni presi in materia di sostenibilit\u00e0 ambientale: al contrario oggi pi\u00f9 che mai \u00e8 necessario raddoppiare gli sforzi per raggiungere i traguardi prefissati.<\/p>\n<h2>Claudio Descalzi: investire negli altri per migliorare noi stessi, il messaggio dell\u2019AD di Eni<\/h2>\n<p>L\u2019AD <strong>Claudio Descalzi<\/strong>, nel corso del convegno organizzato dall\u2019Associazione degli Enti Previdenziali Privati (Adepp), ha quindi sottolineato l\u2019impegno di Eni in questi mesi nel portare avanti il piano di diversificazione delle fonti di approvvigionamento. Ma nonostante siano gi\u00e0 stati raggiunti diversi risultati di rilievo, l\u2019attenzione dell\u2019AD \u00e8 concentrata su quanto resta ancora da fare. \u201c<em>Dobbiamo trovare elementi comuni di alto livello su cui lavorare tutti insieme<\/em>\u201d \u00e8 l\u2019invito di <a title=\"Panoramica su Claudio Descalzi AD di Eni\" href=\"https:\/\/www.claudiodescalzi.com\/biografia\/\"><strong>Claudio Descalzi<\/strong><\/a>: proattivit\u00e0, pragmatismo, capacit\u00e0 di estrapolare i temi importanti sono fondamentali per gestire efficacemente la complessit\u00e0 della situazione attuale. \u201c<em>Bisogna essere proattivi e non reattivi o quasi passivi. Non correre a vuoto rimanendo sul posto, essere pragmatici dando fiducia agli altri<\/em>\u201d, ha concluso l\u2019AD.<\/p>\n","protected":false},"excerpt":{"rendered":"<p>La vision dell\u2019AD di Eni Claudio Descalzi: \u201cIl sistema Paese riuscir\u00e0 a vincere se c&#8217;\u00e8 ottimismo e c&#8217;\u00e8 unione. Dobbiamo trovare elementi comuni di alto livello su cui lavorare tutti insieme\u201d. Claudio Descalzi interviene agli \u201cStati Generali della Previdenza dei liberi professionisti\u201d \u201cIl sistema Paese riuscir\u00e0 a vincere se c\u2019\u00e8 ottimismo e unione\u201d: l\u2019AD Claudio Descalzi lo ha ribadito nel corso della seconda edizione degli \u201cStati Generali della Previdenza dei<\/p>\n<p><a class=\"continue-reading\" href=\"https:\/\/www.article-marketing.eu\/comunicatistampa\/claudio-descalzi-le-sfide-del-settore-energetico-il-focus-dellad-di-eni-al-convegno-adepp\/\">Continue reading&#8230;<\/a><\/p>\n","protected":false},"author":6477,"featured_media":0,"comment_status":"open","ping_status":"open","sticky":false,"template":"","format":"standard","meta":{"_monsterinsights_skip_tracking":false,"_monsterinsights_sitenote_active":false,"_monsterinsights_sitenote_note":"","_monsterinsights_sitenote_category":0,"footnotes":""},"categories":[386],"tags":[9889],"class_list":["post-27004","post","type-post","status-publish","format-standard","hentry","category-economia-e-lavoro","tag-claudio-descalzi"],"yoast_head":"<!-- This site is optimized with the Yoast SEO plugin v27.3 - https:\/\/yoast.com\/product\/yoast-seo-wordpress\/ -->\n<title>Claudio Descalzi: le sfide del settore energetico, il focus dell\u2019AD di Eni al convegno Adepp<\/title>\n<meta name=\"robots\" content=\"index, follow, max-snippet:-1, max-image-preview:large, max-video-preview:-1\" \/>\n<link rel=\"canonical\" href=\"https:\/\/www.article-marketing.eu\/comunicatistampa\/claudio-descalzi-le-sfide-del-settore-energetico-il-focus-dellad-di-eni-al-convegno-adepp\/\" \/>\n<meta property=\"og:locale\" content=\"it_IT\" \/>\n<meta property=\"og:type\" content=\"article\" \/>\n<meta property=\"og:title\" content=\"Claudio Descalzi: le sfide del settore energetico, il focus dell\u2019AD di Eni al convegno Adepp\" \/>\n<meta property=\"og:description\" content=\"La vision dell\u2019AD di Eni Claudio Descalzi: \u201cIl sistema Paese riuscir\u00e0 a vincere se c&#8217;\u00e8 ottimismo e c&#8217;\u00e8 unione. Dobbiamo trovare elementi comuni di alto livello su cui lavorare tutti insieme\u201d. Claudio Descalzi interviene agli \u201cStati Generali della Previdenza dei liberi professionisti\u201d \u201cIl sistema Paese riuscir\u00e0 a vincere se c\u2019\u00e8 ottimismo e unione\u201d: l\u2019AD Claudio Descalzi lo ha ribadito nel corso della seconda edizione degli \u201cStati Generali della Previdenza deiContinue reading...\" \/>\n<meta property=\"og:url\" content=\"https:\/\/www.article-marketing.eu\/comunicatistampa\/claudio-descalzi-le-sfide-del-settore-energetico-il-focus-dellad-di-eni-al-convegno-adepp\/\" \/>\n<meta property=\"og:site_name\" content=\"Article Marketing\" \/>\n<meta property=\"article:published_time\" content=\"2023-04-09T11:17:05+00:00\" \/>\n<meta property=\"og:image\" content=\"https:\/\/www.claudiodescalzi.com\/wp-content\/uploads\/2019\/03\/bio-2-1024x415.jpg\" \/>\n<meta name=\"author\" content=\"articolinews\" \/>\n<meta name=\"twitter:card\" content=\"summary_large_image\" \/>\n<meta name=\"twitter:label1\" content=\"Scritto da\" \/>\n\t<meta name=\"twitter:data1\" content=\"articolinews\" \/>\n\t<meta name=\"twitter:label2\" content=\"Tempo di lettura stimato\" \/>\n\t<meta name=\"twitter:data2\" content=\"2 minuti\" \/>\n<script type=\"application\/ld+json\" class=\"yoast-schema-graph\">{\"@context\":\"https:\\\/\\\/schema.org\",\"@graph\":[{\"@type\":\"Article\",\"@id\":\"https:\\\/\\\/www.article-marketing.eu\\\/comunicatistampa\\\/claudio-descalzi-le-sfide-del-settore-energetico-il-focus-dellad-di-eni-al-convegno-adepp\\\/#article\",\"isPartOf\":{\"@id\":\"https:\\\/\\\/www.article-marketing.eu\\\/comunicatistampa\\\/claudio-descalzi-le-sfide-del-settore-energetico-il-focus-dellad-di-eni-al-convegno-adepp\\\/\"},\"author\":{\"name\":\"articolinews\",\"@id\":\"https:\\\/\\\/www.article-marketing.eu\\\/comunicatistampa\\\/#\\\/schema\\\/person\\\/2fcaf8f8f3a9eef9eb7f27532d3ca458\"},\"headline\":\"Claudio Descalzi: le sfide del settore energetico, il focus dell\u2019AD di Eni al convegno Adepp\",\"datePublished\":\"2023-04-09T11:17:05+00:00\",\"mainEntityOfPage\":{\"@id\":\"https:\\\/\\\/www.article-marketing.eu\\\/comunicatistampa\\\/claudio-descalzi-le-sfide-del-settore-energetico-il-focus-dellad-di-eni-al-convegno-adepp\\\/\"},\"wordCount\":327,\"commentCount\":0,\"image\":{\"@id\":\"https:\\\/\\\/www.article-marketing.eu\\\/comunicatistampa\\\/claudio-descalzi-le-sfide-del-settore-energetico-il-focus-dellad-di-eni-al-convegno-adepp\\\/#primaryimage\"},\"thumbnailUrl\":\"https:\\\/\\\/www.claudiodescalzi.com\\\/wp-content\\\/uploads\\\/2019\\\/03\\\/bio-2-1024x415.jpg\",\"keywords\":[\"Claudio Descalzi\"],\"articleSection\":[\"Economia e lavoro\"],\"inLanguage\":\"it-IT\",\"potentialAction\":[{\"@type\":\"CommentAction\",\"name\":\"Comment\",\"target\":[\"https:\\\/\\\/www.article-marketing.eu\\\/comunicatistampa\\\/claudio-descalzi-le-sfide-del-settore-energetico-il-focus-dellad-di-eni-al-convegno-adepp\\\/#respond\"]}]},{\"@type\":\"WebPage\",\"@id\":\"https:\\\/\\\/www.article-marketing.eu\\\/comunicatistampa\\\/claudio-descalzi-le-sfide-del-settore-energetico-il-focus-dellad-di-eni-al-convegno-adepp\\\/\",\"url\":\"https:\\\/\\\/www.article-marketing.eu\\\/comunicatistampa\\\/claudio-descalzi-le-sfide-del-settore-energetico-il-focus-dellad-di-eni-al-convegno-adepp\\\/\",\"name\":\"Claudio Descalzi: le sfide del settore energetico, il focus dell\u2019AD di Eni al convegno Adepp\",\"isPartOf\":{\"@id\":\"https:\\\/\\\/www.article-marketing.eu\\\/comunicatistampa\\\/#website\"},\"primaryImageOfPage\":{\"@id\":\"https:\\\/\\\/www.article-marketing.eu\\\/comunicatistampa\\\/claudio-descalzi-le-sfide-del-settore-energetico-il-focus-dellad-di-eni-al-convegno-adepp\\\/#primaryimage\"},\"image\":{\"@id\":\"https:\\\/\\\/www.article-marketing.eu\\\/comunicatistampa\\\/claudio-descalzi-le-sfide-del-settore-energetico-il-focus-dellad-di-eni-al-convegno-adepp\\\/#primaryimage\"},\"thumbnailUrl\":\"https:\\\/\\\/www.claudiodescalzi.com\\\/wp-content\\\/uploads\\\/2019\\\/03\\\/bio-2-1024x415.jpg\",\"datePublished\":\"2023-04-09T11:17:05+00:00\",\"author\":{\"@id\":\"https:\\\/\\\/www.article-marketing.eu\\\/comunicatistampa\\\/#\\\/schema\\\/person\\\/2fcaf8f8f3a9eef9eb7f27532d3ca458\"},\"breadcrumb\":{\"@id\":\"https:\\\/\\\/www.article-marketing.eu\\\/comunicatistampa\\\/claudio-descalzi-le-sfide-del-settore-energetico-il-focus-dellad-di-eni-al-convegno-adepp\\\/#breadcrumb\"},\"inLanguage\":\"it-IT\",\"potentialAction\":[{\"@type\":\"ReadAction\",\"target\":[\"https:\\\/\\\/www.article-marketing.eu\\\/comunicatistampa\\\/claudio-descalzi-le-sfide-del-settore-energetico-il-focus-dellad-di-eni-al-convegno-adepp\\\/\"]}]},{\"@type\":\"ImageObject\",\"inLanguage\":\"it-IT\",\"@id\":\"https:\\\/\\\/www.article-marketing.eu\\\/comunicatistampa\\\/claudio-descalzi-le-sfide-del-settore-energetico-il-focus-dellad-di-eni-al-convegno-adepp\\\/#primaryimage\",\"url\":\"https:\\\/\\\/www.claudiodescalzi.com\\\/wp-content\\\/uploads\\\/2019\\\/03\\\/bio-2-1024x415.jpg\",\"contentUrl\":\"https:\\\/\\\/www.claudiodescalzi.com\\\/wp-content\\\/uploads\\\/2019\\\/03\\\/bio-2-1024x415.jpg\"},{\"@type\":\"BreadcrumbList\",\"@id\":\"https:\\\/\\\/www.article-marketing.eu\\\/comunicatistampa\\\/claudio-descalzi-le-sfide-del-settore-energetico-il-focus-dellad-di-eni-al-convegno-adepp\\\/#breadcrumb\",\"itemListElement\":[{\"@type\":\"ListItem\",\"position\":1,\"name\":\"Home\",\"item\":\"https:\\\/\\\/www.article-marketing.eu\\\/comunicatistampa\\\/\"},{\"@type\":\"ListItem\",\"position\":2,\"name\":\"Claudio Descalzi: le sfide del settore energetico, il focus dell\u2019AD di Eni al convegno Adepp\"}]},{\"@type\":\"WebSite\",\"@id\":\"https:\\\/\\\/www.article-marketing.eu\\\/comunicatistampa\\\/#website\",\"url\":\"https:\\\/\\\/www.article-marketing.eu\\\/comunicatistampa\\\/\",\"name\":\"Article Marketing\",\"description\":\"article marketing &amp; press release\",\"potentialAction\":[{\"@type\":\"SearchAction\",\"target\":{\"@type\":\"EntryPoint\",\"urlTemplate\":\"https:\\\/\\\/www.article-marketing.eu\\\/comunicatistampa\\\/?s={search_term_string}\"},\"query-input\":{\"@type\":\"PropertyValueSpecification\",\"valueRequired\":true,\"valueName\":\"search_term_string\"}}],\"inLanguage\":\"it-IT\"},{\"@type\":\"Person\",\"@id\":\"https:\\\/\\\/www.article-marketing.eu\\\/comunicatistampa\\\/#\\\/schema\\\/person\\\/2fcaf8f8f3a9eef9eb7f27532d3ca458\",\"name\":\"articolinews\",\"image\":{\"@type\":\"ImageObject\",\"inLanguage\":\"it-IT\",\"@id\":\"https:\\\/\\\/secure.gravatar.com\\\/avatar\\\/9e2a264bab04e17dea24d937c9956304649a848cb73c46747a692ff1bdeb1cb7?s=96&d=mm&r=g\",\"url\":\"https:\\\/\\\/secure.gravatar.com\\\/avatar\\\/9e2a264bab04e17dea24d937c9956304649a848cb73c46747a692ff1bdeb1cb7?s=96&d=mm&r=g\",\"contentUrl\":\"https:\\\/\\\/secure.gravatar.com\\\/avatar\\\/9e2a264bab04e17dea24d937c9956304649a848cb73c46747a692ff1bdeb1cb7?s=96&d=mm&r=g\",\"caption\":\"articolinews\"},\"url\":\"https:\\\/\\\/www.article-marketing.eu\\\/comunicatistampa\\\/author\\\/articolinews\\\/\"}]}<\/script>\n<!-- \/ Yoast SEO plugin. -->","yoast_head_json":{"title":"Claudio Descalzi: le sfide del settore energetico, il focus dell\u2019AD di Eni al convegno Adepp","robots":{"index":"index","follow":"follow","max-snippet":"max-snippet:-1","max-image-preview":"max-image-preview:large","max-video-preview":"max-video-preview:-1"},"canonical":"https:\/\/www.article-marketing.eu\/comunicatistampa\/claudio-descalzi-le-sfide-del-settore-energetico-il-focus-dellad-di-eni-al-convegno-adepp\/","og_locale":"it_IT","og_type":"article","og_title":"Claudio Descalzi: le sfide del settore energetico, il focus dell\u2019AD di Eni al convegno Adepp","og_description":"La vision dell\u2019AD di Eni Claudio Descalzi: \u201cIl sistema Paese riuscir\u00e0 a vincere se c&#8217;\u00e8 ottimismo e c&#8217;\u00e8 unione. Dobbiamo trovare elementi comuni di alto livello su cui lavorare tutti insieme\u201d. Claudio Descalzi interviene agli \u201cStati Generali della Previdenza dei liberi professionisti\u201d \u201cIl sistema Paese riuscir\u00e0 a vincere se c\u2019\u00e8 ottimismo e unione\u201d: l\u2019AD Claudio Descalzi lo ha ribadito nel corso della seconda edizione degli \u201cStati Generali della Previdenza deiContinue reading...","og_url":"https:\/\/www.article-marketing.eu\/comunicatistampa\/claudio-descalzi-le-sfide-del-settore-energetico-il-focus-dellad-di-eni-al-convegno-adepp\/","og_site_name":"Article Marketing","article_published_time":"2023-04-09T11:17:05+00:00","og_image":[{"url":"https:\/\/www.claudiodescalzi.com\/wp-content\/uploads\/2019\/03\/bio-2-1024x415.jpg","type":"","width":"","height":""}],"author":"articolinews","twitter_card":"summary_large_image","twitter_misc":{"Scritto da":"articolinews","Tempo di lettura stimato":"2 minuti"},"schema":{"@context":"https:\/\/schema.org","@graph":[{"@type":"Article","@id":"https:\/\/www.article-marketing.eu\/comunicatistampa\/claudio-descalzi-le-sfide-del-settore-energetico-il-focus-dellad-di-eni-al-convegno-adepp\/#article","isPartOf":{"@id":"https:\/\/www.article-marketing.eu\/comunicatistampa\/claudio-descalzi-le-sfide-del-settore-energetico-il-focus-dellad-di-eni-al-convegno-adepp\/"},"author":{"name":"articolinews","@id":"https:\/\/www.article-marketing.eu\/comunicatistampa\/#\/schema\/person\/2fcaf8f8f3a9eef9eb7f27532d3ca458"},"headline":"Claudio Descalzi: le sfide del settore energetico, il focus dell\u2019AD di Eni al convegno Adepp","datePublished":"2023-04-09T11:17:05+00:00","mainEntityOfPage":{"@id":"https:\/\/www.article-marketing.eu\/comunicatistampa\/claudio-descalzi-le-sfide-del-settore-energetico-il-focus-dellad-di-eni-al-convegno-adepp\/"},"wordCount":327,"commentCount":0,"image":{"@id":"https:\/\/www.article-marketing.eu\/comunicatistampa\/claudio-descalzi-le-sfide-del-settore-energetico-il-focus-dellad-di-eni-al-convegno-adepp\/#primaryimage"},"thumbnailUrl":"https:\/\/www.claudiodescalzi.com\/wp-content\/uploads\/2019\/03\/bio-2-1024x415.jpg","keywords":["Claudio Descalzi"],"articleSection":["Economia e lavoro"],"inLanguage":"it-IT","potentialAction":[{"@type":"CommentAction","name":"Comment","target":["https:\/\/www.article-marketing.eu\/comunicatistampa\/claudio-descalzi-le-sfide-del-settore-energetico-il-focus-dellad-di-eni-al-convegno-adepp\/#respond"]}]},{"@type":"WebPage","@id":"https:\/\/www.article-marketing.eu\/comunicatistampa\/claudio-descalzi-le-sfide-del-settore-energetico-il-focus-dellad-di-eni-al-convegno-adepp\/","url":"https:\/\/www.article-marketing.eu\/comunicatistampa\/claudio-descalzi-le-sfide-del-settore-energetico-il-focus-dellad-di-eni-al-convegno-adepp\/","name":"Claudio Descalzi: le sfide del settore energetico, il focus dell\u2019AD di Eni al convegno Adepp","isPartOf":{"@id":"https:\/\/www.article-marketing.eu\/comunicatistampa\/#website"},"primaryImageOfPage":{"@id":"https:\/\/www.article-marketing.eu\/comunicatistampa\/claudio-descalzi-le-sfide-del-settore-energetico-il-focus-dellad-di-eni-al-convegno-adepp\/#primaryimage"},"image":{"@id":"https:\/\/www.article-marketing.eu\/comunicatistampa\/claudio-descalzi-le-sfide-del-settore-energetico-il-focus-dellad-di-eni-al-convegno-adepp\/#primaryimage"},"thumbnailUrl":"https:\/\/www.claudiodescalzi.com\/wp-content\/uploads\/2019\/03\/bio-2-1024x415.jpg","datePublished":"2023-04-09T11:17:05+00:00","author":{"@id":"https:\/\/www.article-marketing.eu\/comunicatistampa\/#\/schema\/person\/2fcaf8f8f3a9eef9eb7f27532d3ca458"},"breadcrumb":{"@id":"https:\/\/www.article-marketing.eu\/comunicatistampa\/claudio-descalzi-le-sfide-del-settore-energetico-il-focus-dellad-di-eni-al-convegno-adepp\/#breadcrumb"},"inLanguage":"it-IT","potentialAction":[{"@type":"ReadAction","target":["https:\/\/www.article-marketing.eu\/comunicatistampa\/claudio-descalzi-le-sfide-del-settore-energetico-il-focus-dellad-di-eni-al-convegno-adepp\/"]}]},{"@type":"ImageObject","inLanguage":"it-IT","@id":"https:\/\/www.article-marketing.eu\/comunicatistampa\/claudio-descalzi-le-sfide-del-settore-energetico-il-focus-dellad-di-eni-al-convegno-adepp\/#primaryimage","url":"https:\/\/www.claudiodescalzi.com\/wp-content\/uploads\/2019\/03\/bio-2-1024x415.jpg","contentUrl":"https:\/\/www.claudiodescalzi.com\/wp-content\/uploads\/2019\/03\/bio-2-1024x415.jpg"},{"@type":"BreadcrumbList","@id":"https:\/\/www.article-marketing.eu\/comunicatistampa\/claudio-descalzi-le-sfide-del-settore-energetico-il-focus-dellad-di-eni-al-convegno-adepp\/#breadcrumb","itemListElement":[{"@type":"ListItem","position":1,"name":"Home","item":"https:\/\/www.article-marketing.eu\/comunicatistampa\/"},{"@type":"ListItem","position":2,"name":"Claudio Descalzi: le sfide del settore energetico, il focus dell\u2019AD di Eni al convegno Adepp"}]},{"@type":"WebSite","@id":"https:\/\/www.article-marketing.eu\/comunicatistampa\/#website","url":"https:\/\/www.article-marketing.eu\/comunicatistampa\/","name":"Article Marketing","description":"article marketing &amp; press release","potentialAction":[{"@type":"SearchAction","target":{"@type":"EntryPoint","urlTemplate":"https:\/\/www.article-marketing.eu\/comunicatistampa\/?s={search_term_string}"},"query-input":{"@type":"PropertyValueSpecification","valueRequired":true,"valueName":"search_term_string"}}],"inLanguage":"it-IT"},{"@type":"Person","@id":"https:\/\/www.article-marketing.eu\/comunicatistampa\/#\/schema\/person\/2fcaf8f8f3a9eef9eb7f27532d3ca458","name":"articolinews","image":{"@type":"ImageObject","inLanguage":"it-IT","@id":"https:\/\/secure.gravatar.com\/avatar\/9e2a264bab04e17dea24d937c9956304649a848cb73c46747a692ff1bdeb1cb7?s=96&d=mm&r=g","url":"https:\/\/secure.gravatar.com\/avatar\/9e2a264bab04e17dea24d937c9956304649a848cb73c46747a692ff1bdeb1cb7?s=96&d=mm&r=g","contentUrl":"https:\/\/secure.gravatar.com\/avatar\/9e2a264bab04e17dea24d937c9956304649a848cb73c46747a692ff1bdeb1cb7?s=96&d=mm&r=g","caption":"articolinews"},"url":"https:\/\/www.article-marketing.eu\/comunicatistampa\/author\/articolinews\/"}]}},"_links":{"self":[{"href":"https:\/\/www.article-marketing.eu\/comunicatistampa\/wp-json\/wp\/v2\/posts\/27004","targetHints":{"allow":["GET"]}}],"collection":[{"href":"https:\/\/www.article-marketing.eu\/comunicatistampa\/wp-json\/wp\/v2\/posts"}],"about":[{"href":"https:\/\/www.article-marketing.eu\/comunicatistampa\/wp-json\/wp\/v2\/types\/post"}],"author":[{"embeddable":true,"href":"https:\/\/www.article-marketing.eu\/comunicatistampa\/wp-json\/wp\/v2\/users\/6477"}],"replies":[{"embeddable":true,"href":"https:\/\/www.article-marketing.eu\/comunicatistampa\/wp-json\/wp\/v2\/comments?post=27004"}],"version-history":[{"count":2,"href":"https:\/\/www.article-marketing.eu\/comunicatistampa\/wp-json\/wp\/v2\/posts\/27004\/revisions"}],"predecessor-version":[{"id":27018,"href":"https:\/\/www.article-marketing.eu\/comunicatistampa\/wp-json\/wp\/v2\/posts\/27004\/revisions\/27018"}],"wp:attachment":[{"href":"https:\/\/www.article-marketing.eu\/comunicatistampa\/wp-json\/wp\/v2\/media?parent=27004"}],"wp:term":[{"taxonomy":"category","embeddable":true,"href":"https:\/\/www.article-marketing.eu\/comunicatistampa\/wp-json\/wp\/v2\/categories?post=27004"},{"taxonomy":"post_tag","embeddable":true,"href":"https:\/\/www.article-marketing.eu\/comunicatistampa\/wp-json\/wp\/v2\/tags?post=27004"}],"curies":[{"name":"wp","href":"https:\/\/api.w.org\/{rel}","templated":true}]}}