{"id":27007,"date":"2023-04-09T13:17:17","date_gmt":"2023-04-09T11:17:17","guid":{"rendered":"https:\/\/www.article-marketing.eu\/comunicatistampa\/?p=27007"},"modified":"2023-04-09T13:17:17","modified_gmt":"2023-04-09T11:17:17","slug":"stefano-donnarumma-arte-e-transizione-ecologica-nel-premio-driving-energy-2023","status":"publish","type":"post","link":"https:\/\/www.article-marketing.eu\/comunicatistampa\/stefano-donnarumma-arte-e-transizione-ecologica-nel-premio-driving-energy-2023\/","title":{"rendered":"Stefano Donnarumma: arte e transizione ecologica nel Premio Driving Energy 2023"},"content":{"rendered":"<p><em><strong>\u00c8 aperto fino al 30 giugno 2023 il concorso fotografico organizzato da Terna per promuovere lo sviluppo culturale e la transizione ecologica. L\u2019AD e DG <a title=\"L'intervento di Stefano Donnarumma\" href=\"https:\/\/www.adnkronos.com\/donnarumma-terna-transizione-energetica-richiede-equilibrio_fOxpbwQ8bL2MkTVuCa1Q8\">Stefano Donnarumma<\/a> ne ha parlato recentemente per approfondire il tema centrale dell\u2019evento: l\u2019equilibrio.<\/strong><\/em><\/p>\n<p><a title=\"Stefano Donnarumma parla del Premio Driving Energy\" href=\"https:\/\/www.adnkronos.com\/donnarumma-terna-transizione-energetica-richiede-equilibrio_fOxpbwQ8bL2MkTVuCa1Q8\"><img loading=\"lazy\" decoding=\"async\" src=\"https:\/\/www.adnkronos.com\/resources\/027e-17518fd29885-0fa19b3c4245-1000\/format\/big\/donnarumma_terna_us.jpeg\" alt=\"Stefano Donnarumma, AD di Terna\" width=\"200\" height=\"150\" \/><\/a><\/p>\n<h2>Stefano Donnarumma: \u201cPremio Driving Energy\u201d, al via l\u2019edizione 2023<\/h2>\n<p>Interpretare il concetto-chiave dell\u2019equilibrio per rappresentarlo nei suoi diversi significati: a questo punta il \u201cPremio Driving Energy 2023 &#8211; Fotografia Contemporanea\u201d organizzato da Terna, societ\u00e0 che gestisce la rete nazionale di trasmissione elettrica. Stesso obiettivo a cui ambiscono i partecipanti \u2013 fotografi professionisti e non \u2013 all\u2019interno di un concorso gratuito aperto fino al 30 giugno. Intervenendo a margine della presentazione, <strong>Stefano Donnarumma<\/strong> ha illustrato la scelta di incentrare l\u2019edizione 2023 sul tema dell\u2019equilibrio: <em>\u201cArte e trasmissione elettrica, due elementi nei quali noi italiani, e la nostra azienda, siamo ai primi posti del mondo\u201d<\/em>, cos\u00ec l\u2019AD e DG che ha posto in risalto come la rete nazionale <em>\u201cin questo momento di difficolt\u00e0 ci ha consentito di mantenere, brillantemente, in sicurezza i nostri cittadini. Questi due aspetti si coniugano nel tema di questa iniziativa, quello dell\u2019equilibrio\u201d<\/em>. Proprio tale concetto, ha aggiunto <strong>Stefano Donnarumma<\/strong>, agisce da ponte sia nel mondo artistico sia nel cruciale processo di transizione ecologica attualmente in corso.<\/p>\n<h2>Equilibrio nell\u2019ingegneria, nell\u2019arte e nell\u2019energia: le parole di Stefano Donnarumma<\/h2>\n<p>Proseguendo sul tema, l\u2019AD e DG Stefano Donnarumma ha sottolineato come <em>\u201c<\/em><em>l\u2019equilibrio delle forze sia fondamentale per un ingegnere, ma anche nell\u2019arte\u201d<\/em>: \u00e8 in questo senso che dobbiamo convogliare gli sforzi per accelerare il percorso di transizione ecologica, un processo in cui <em>\u201csenza equilibrio non si va da nessuna parte, equilibrio tra energia messa in rete e i sistemi di accumulo necessari per gestire i picchi e le valli che si vengono a creare nella rete\u201d<\/em>. Nel suo intervento, <a title=\"L'importanza dell'equilibrio secondo Stefano Donnarumma\" href=\"https:\/\/www.adnkronos.com\/donnarumma-terna-transizione-energetica-richiede-equilibrio_fOxpbwQ8bL2MkTVuCa1Q8\"><strong>Stefano Donnarumma<\/strong><\/a> ha parlato anche di <em>\u201cequilibrio organizzativo, quello tra la produttivit\u00e0 e la sicurezza, elemento che forse a volte \u00e8 stato trascurato in questo Paese ma che per Terna \u00e8 fondamentale\u201d<\/em>. Infine, <em>\u201cl\u2019equilibrio tra la prestazione professionale e il benessere del lavoratore\u201d<\/em>, ha specificato in conclusione. Come sottolineato dall\u2019AD e DG, il Premio \u00e8 curato anche quest\u2019anno da Marco Delogu (Presidente Azienda Speciale PalaExpo), con alcune novit\u00e0 di rilievo per l\u2019edizione 2023: a riconoscere il valore delle opere saranno infatti, oltre al Premio Senior, il Premio Giovani e la Menzione per l\u2019Opera pi\u00f9 votata da Terna, anche il Premio Amatori (dedicato ai non professionisti) e la Menzione Accademia (riservata a studenti in percorsi di alta formazione nei settori d\u2019interesse). I lavori dei cinque vincitori e dei finalisti saranno esposti dal 25 settembre al 15 ottobre 2023 presso il Palazzo delle Esposizioni a Roma.<\/p>\n","protected":false},"excerpt":{"rendered":"<p>\u00c8 aperto fino al 30 giugno 2023 il concorso fotografico organizzato da Terna per promuovere lo sviluppo culturale e la transizione ecologica. L\u2019AD e DG Stefano Donnarumma ne ha parlato recentemente per approfondire il tema centrale dell\u2019evento: l\u2019equilibrio. Stefano Donnarumma: \u201cPremio Driving Energy\u201d, al via l\u2019edizione 2023 Interpretare il concetto-chiave dell\u2019equilibrio per rappresentarlo nei suoi diversi significati: a questo punta il \u201cPremio Driving Energy 2023 &#8211; Fotografia Contemporanea\u201d organizzato da<\/p>\n<p><a class=\"continue-reading\" href=\"https:\/\/www.article-marketing.eu\/comunicatistampa\/stefano-donnarumma-arte-e-transizione-ecologica-nel-premio-driving-energy-2023\/\">Continue reading&#8230;<\/a><\/p>\n","protected":false},"author":7206,"featured_media":0,"comment_status":"open","ping_status":"open","sticky":false,"template":"","format":"standard","meta":{"_monsterinsights_skip_tracking":false,"_monsterinsights_sitenote_active":false,"_monsterinsights_sitenote_note":"","_monsterinsights_sitenote_category":0,"footnotes":""},"categories":[386],"tags":[9564,9563],"class_list":["post-27007","post","type-post","status-publish","format-standard","hentry","category-economia-e-lavoro","tag-stefano-donnarumma","tag-terna"],"yoast_head":"<!-- This site is optimized with the Yoast SEO plugin v27.3 - https:\/\/yoast.com\/product\/yoast-seo-wordpress\/ -->\n<title>Stefano Donnarumma: arte e transizione ecologica nel Premio Driving Energy 2023<\/title>\n<meta name=\"robots\" content=\"index, follow, max-snippet:-1, max-image-preview:large, max-video-preview:-1\" \/>\n<link rel=\"canonical\" href=\"https:\/\/www.article-marketing.eu\/comunicatistampa\/stefano-donnarumma-arte-e-transizione-ecologica-nel-premio-driving-energy-2023\/\" \/>\n<meta property=\"og:locale\" content=\"it_IT\" \/>\n<meta property=\"og:type\" content=\"article\" \/>\n<meta property=\"og:title\" content=\"Stefano Donnarumma: arte e transizione ecologica nel Premio Driving Energy 2023\" \/>\n<meta property=\"og:description\" content=\"\u00c8 aperto fino al 30 giugno 2023 il concorso fotografico organizzato da Terna per promuovere lo sviluppo culturale e la transizione ecologica. L\u2019AD e DG Stefano Donnarumma ne ha parlato recentemente per approfondire il tema centrale dell\u2019evento: l\u2019equilibrio. Stefano Donnarumma: \u201cPremio Driving Energy\u201d, al via l\u2019edizione 2023 Interpretare il concetto-chiave dell\u2019equilibrio per rappresentarlo nei suoi diversi significati: a questo punta il \u201cPremio Driving Energy 2023 &#8211; Fotografia Contemporanea\u201d organizzato daContinue reading...\" \/>\n<meta property=\"og:url\" content=\"https:\/\/www.article-marketing.eu\/comunicatistampa\/stefano-donnarumma-arte-e-transizione-ecologica-nel-premio-driving-energy-2023\/\" \/>\n<meta property=\"og:site_name\" content=\"Article Marketing\" \/>\n<meta property=\"article:published_time\" content=\"2023-04-09T11:17:17+00:00\" \/>\n<meta property=\"og:image\" content=\"https:\/\/www.adnkronos.com\/resources\/027e-17518fd29885-0fa19b3c4245-1000\/format\/big\/donnarumma_terna_us.jpeg\" \/>\n<meta name=\"author\" content=\"pressreleaself\" \/>\n<meta name=\"twitter:card\" content=\"summary_large_image\" \/>\n<meta name=\"twitter:label1\" content=\"Scritto da\" \/>\n\t<meta name=\"twitter:data1\" content=\"pressreleaself\" \/>\n\t<meta name=\"twitter:label2\" content=\"Tempo di lettura stimato\" \/>\n\t<meta name=\"twitter:data2\" content=\"3 minuti\" \/>\n<script type=\"application\/ld+json\" class=\"yoast-schema-graph\">{\"@context\":\"https:\\\/\\\/schema.org\",\"@graph\":[{\"@type\":\"Article\",\"@id\":\"https:\\\/\\\/www.article-marketing.eu\\\/comunicatistampa\\\/stefano-donnarumma-arte-e-transizione-ecologica-nel-premio-driving-energy-2023\\\/#article\",\"isPartOf\":{\"@id\":\"https:\\\/\\\/www.article-marketing.eu\\\/comunicatistampa\\\/stefano-donnarumma-arte-e-transizione-ecologica-nel-premio-driving-energy-2023\\\/\"},\"author\":{\"name\":\"pressreleaself\",\"@id\":\"https:\\\/\\\/www.article-marketing.eu\\\/comunicatistampa\\\/#\\\/schema\\\/person\\\/e12b1bc04ee2394a2e51cf979ebbbbb6\"},\"headline\":\"Stefano Donnarumma: arte e transizione ecologica nel Premio Driving Energy 2023\",\"datePublished\":\"2023-04-09T11:17:17+00:00\",\"mainEntityOfPage\":{\"@id\":\"https:\\\/\\\/www.article-marketing.eu\\\/comunicatistampa\\\/stefano-donnarumma-arte-e-transizione-ecologica-nel-premio-driving-energy-2023\\\/\"},\"wordCount\":454,\"commentCount\":0,\"image\":{\"@id\":\"https:\\\/\\\/www.article-marketing.eu\\\/comunicatistampa\\\/stefano-donnarumma-arte-e-transizione-ecologica-nel-premio-driving-energy-2023\\\/#primaryimage\"},\"thumbnailUrl\":\"https:\\\/\\\/www.adnkronos.com\\\/resources\\\/027e-17518fd29885-0fa19b3c4245-1000\\\/format\\\/big\\\/donnarumma_terna_us.jpeg\",\"keywords\":[\"Stefano Donnarumma\",\"Terna\"],\"articleSection\":[\"Economia e lavoro\"],\"inLanguage\":\"it-IT\",\"potentialAction\":[{\"@type\":\"CommentAction\",\"name\":\"Comment\",\"target\":[\"https:\\\/\\\/www.article-marketing.eu\\\/comunicatistampa\\\/stefano-donnarumma-arte-e-transizione-ecologica-nel-premio-driving-energy-2023\\\/#respond\"]}]},{\"@type\":\"WebPage\",\"@id\":\"https:\\\/\\\/www.article-marketing.eu\\\/comunicatistampa\\\/stefano-donnarumma-arte-e-transizione-ecologica-nel-premio-driving-energy-2023\\\/\",\"url\":\"https:\\\/\\\/www.article-marketing.eu\\\/comunicatistampa\\\/stefano-donnarumma-arte-e-transizione-ecologica-nel-premio-driving-energy-2023\\\/\",\"name\":\"Stefano Donnarumma: arte e transizione ecologica nel Premio Driving Energy 2023\",\"isPartOf\":{\"@id\":\"https:\\\/\\\/www.article-marketing.eu\\\/comunicatistampa\\\/#website\"},\"primaryImageOfPage\":{\"@id\":\"https:\\\/\\\/www.article-marketing.eu\\\/comunicatistampa\\\/stefano-donnarumma-arte-e-transizione-ecologica-nel-premio-driving-energy-2023\\\/#primaryimage\"},\"image\":{\"@id\":\"https:\\\/\\\/www.article-marketing.eu\\\/comunicatistampa\\\/stefano-donnarumma-arte-e-transizione-ecologica-nel-premio-driving-energy-2023\\\/#primaryimage\"},\"thumbnailUrl\":\"https:\\\/\\\/www.adnkronos.com\\\/resources\\\/027e-17518fd29885-0fa19b3c4245-1000\\\/format\\\/big\\\/donnarumma_terna_us.jpeg\",\"datePublished\":\"2023-04-09T11:17:17+00:00\",\"author\":{\"@id\":\"https:\\\/\\\/www.article-marketing.eu\\\/comunicatistampa\\\/#\\\/schema\\\/person\\\/e12b1bc04ee2394a2e51cf979ebbbbb6\"},\"breadcrumb\":{\"@id\":\"https:\\\/\\\/www.article-marketing.eu\\\/comunicatistampa\\\/stefano-donnarumma-arte-e-transizione-ecologica-nel-premio-driving-energy-2023\\\/#breadcrumb\"},\"inLanguage\":\"it-IT\",\"potentialAction\":[{\"@type\":\"ReadAction\",\"target\":[\"https:\\\/\\\/www.article-marketing.eu\\\/comunicatistampa\\\/stefano-donnarumma-arte-e-transizione-ecologica-nel-premio-driving-energy-2023\\\/\"]}]},{\"@type\":\"ImageObject\",\"inLanguage\":\"it-IT\",\"@id\":\"https:\\\/\\\/www.article-marketing.eu\\\/comunicatistampa\\\/stefano-donnarumma-arte-e-transizione-ecologica-nel-premio-driving-energy-2023\\\/#primaryimage\",\"url\":\"https:\\\/\\\/www.adnkronos.com\\\/resources\\\/027e-17518fd29885-0fa19b3c4245-1000\\\/format\\\/big\\\/donnarumma_terna_us.jpeg\",\"contentUrl\":\"https:\\\/\\\/www.adnkronos.com\\\/resources\\\/027e-17518fd29885-0fa19b3c4245-1000\\\/format\\\/big\\\/donnarumma_terna_us.jpeg\"},{\"@type\":\"BreadcrumbList\",\"@id\":\"https:\\\/\\\/www.article-marketing.eu\\\/comunicatistampa\\\/stefano-donnarumma-arte-e-transizione-ecologica-nel-premio-driving-energy-2023\\\/#breadcrumb\",\"itemListElement\":[{\"@type\":\"ListItem\",\"position\":1,\"name\":\"Home\",\"item\":\"https:\\\/\\\/www.article-marketing.eu\\\/comunicatistampa\\\/\"},{\"@type\":\"ListItem\",\"position\":2,\"name\":\"Stefano Donnarumma: arte e transizione ecologica nel Premio Driving Energy 2023\"}]},{\"@type\":\"WebSite\",\"@id\":\"https:\\\/\\\/www.article-marketing.eu\\\/comunicatistampa\\\/#website\",\"url\":\"https:\\\/\\\/www.article-marketing.eu\\\/comunicatistampa\\\/\",\"name\":\"Article Marketing\",\"description\":\"article marketing &amp; press release\",\"potentialAction\":[{\"@type\":\"SearchAction\",\"target\":{\"@type\":\"EntryPoint\",\"urlTemplate\":\"https:\\\/\\\/www.article-marketing.eu\\\/comunicatistampa\\\/?s={search_term_string}\"},\"query-input\":{\"@type\":\"PropertyValueSpecification\",\"valueRequired\":true,\"valueName\":\"search_term_string\"}}],\"inLanguage\":\"it-IT\"},{\"@type\":\"Person\",\"@id\":\"https:\\\/\\\/www.article-marketing.eu\\\/comunicatistampa\\\/#\\\/schema\\\/person\\\/e12b1bc04ee2394a2e51cf979ebbbbb6\",\"name\":\"pressreleaself\",\"image\":{\"@type\":\"ImageObject\",\"inLanguage\":\"it-IT\",\"@id\":\"https:\\\/\\\/secure.gravatar.com\\\/avatar\\\/58b2e897ca1b290b3c87ba2112be22b2d12e7af8fea0975d839430be1249d1a3?s=96&d=mm&r=g\",\"url\":\"https:\\\/\\\/secure.gravatar.com\\\/avatar\\\/58b2e897ca1b290b3c87ba2112be22b2d12e7af8fea0975d839430be1249d1a3?s=96&d=mm&r=g\",\"contentUrl\":\"https:\\\/\\\/secure.gravatar.com\\\/avatar\\\/58b2e897ca1b290b3c87ba2112be22b2d12e7af8fea0975d839430be1249d1a3?s=96&d=mm&r=g\",\"caption\":\"pressreleaself\"},\"url\":\"https:\\\/\\\/www.article-marketing.eu\\\/comunicatistampa\\\/author\\\/pressreleaself\\\/\"}]}<\/script>\n<!-- \/ Yoast SEO plugin. -->","yoast_head_json":{"title":"Stefano Donnarumma: arte e transizione ecologica nel Premio Driving Energy 2023","robots":{"index":"index","follow":"follow","max-snippet":"max-snippet:-1","max-image-preview":"max-image-preview:large","max-video-preview":"max-video-preview:-1"},"canonical":"https:\/\/www.article-marketing.eu\/comunicatistampa\/stefano-donnarumma-arte-e-transizione-ecologica-nel-premio-driving-energy-2023\/","og_locale":"it_IT","og_type":"article","og_title":"Stefano Donnarumma: arte e transizione ecologica nel Premio Driving Energy 2023","og_description":"\u00c8 aperto fino al 30 giugno 2023 il concorso fotografico organizzato da Terna per promuovere lo sviluppo culturale e la transizione ecologica. L\u2019AD e DG Stefano Donnarumma ne ha parlato recentemente per approfondire il tema centrale dell\u2019evento: l\u2019equilibrio. Stefano Donnarumma: \u201cPremio Driving Energy\u201d, al via l\u2019edizione 2023 Interpretare il concetto-chiave dell\u2019equilibrio per rappresentarlo nei suoi diversi significati: a questo punta il \u201cPremio Driving Energy 2023 &#8211; Fotografia Contemporanea\u201d organizzato daContinue reading...","og_url":"https:\/\/www.article-marketing.eu\/comunicatistampa\/stefano-donnarumma-arte-e-transizione-ecologica-nel-premio-driving-energy-2023\/","og_site_name":"Article Marketing","article_published_time":"2023-04-09T11:17:17+00:00","og_image":[{"url":"https:\/\/www.adnkronos.com\/resources\/027e-17518fd29885-0fa19b3c4245-1000\/format\/big\/donnarumma_terna_us.jpeg","type":"","width":"","height":""}],"author":"pressreleaself","twitter_card":"summary_large_image","twitter_misc":{"Scritto da":"pressreleaself","Tempo di lettura stimato":"3 minuti"},"schema":{"@context":"https:\/\/schema.org","@graph":[{"@type":"Article","@id":"https:\/\/www.article-marketing.eu\/comunicatistampa\/stefano-donnarumma-arte-e-transizione-ecologica-nel-premio-driving-energy-2023\/#article","isPartOf":{"@id":"https:\/\/www.article-marketing.eu\/comunicatistampa\/stefano-donnarumma-arte-e-transizione-ecologica-nel-premio-driving-energy-2023\/"},"author":{"name":"pressreleaself","@id":"https:\/\/www.article-marketing.eu\/comunicatistampa\/#\/schema\/person\/e12b1bc04ee2394a2e51cf979ebbbbb6"},"headline":"Stefano Donnarumma: arte e transizione ecologica nel Premio Driving Energy 2023","datePublished":"2023-04-09T11:17:17+00:00","mainEntityOfPage":{"@id":"https:\/\/www.article-marketing.eu\/comunicatistampa\/stefano-donnarumma-arte-e-transizione-ecologica-nel-premio-driving-energy-2023\/"},"wordCount":454,"commentCount":0,"image":{"@id":"https:\/\/www.article-marketing.eu\/comunicatistampa\/stefano-donnarumma-arte-e-transizione-ecologica-nel-premio-driving-energy-2023\/#primaryimage"},"thumbnailUrl":"https:\/\/www.adnkronos.com\/resources\/027e-17518fd29885-0fa19b3c4245-1000\/format\/big\/donnarumma_terna_us.jpeg","keywords":["Stefano Donnarumma","Terna"],"articleSection":["Economia e lavoro"],"inLanguage":"it-IT","potentialAction":[{"@type":"CommentAction","name":"Comment","target":["https:\/\/www.article-marketing.eu\/comunicatistampa\/stefano-donnarumma-arte-e-transizione-ecologica-nel-premio-driving-energy-2023\/#respond"]}]},{"@type":"WebPage","@id":"https:\/\/www.article-marketing.eu\/comunicatistampa\/stefano-donnarumma-arte-e-transizione-ecologica-nel-premio-driving-energy-2023\/","url":"https:\/\/www.article-marketing.eu\/comunicatistampa\/stefano-donnarumma-arte-e-transizione-ecologica-nel-premio-driving-energy-2023\/","name":"Stefano Donnarumma: arte e transizione ecologica nel Premio Driving Energy 2023","isPartOf":{"@id":"https:\/\/www.article-marketing.eu\/comunicatistampa\/#website"},"primaryImageOfPage":{"@id":"https:\/\/www.article-marketing.eu\/comunicatistampa\/stefano-donnarumma-arte-e-transizione-ecologica-nel-premio-driving-energy-2023\/#primaryimage"},"image":{"@id":"https:\/\/www.article-marketing.eu\/comunicatistampa\/stefano-donnarumma-arte-e-transizione-ecologica-nel-premio-driving-energy-2023\/#primaryimage"},"thumbnailUrl":"https:\/\/www.adnkronos.com\/resources\/027e-17518fd29885-0fa19b3c4245-1000\/format\/big\/donnarumma_terna_us.jpeg","datePublished":"2023-04-09T11:17:17+00:00","author":{"@id":"https:\/\/www.article-marketing.eu\/comunicatistampa\/#\/schema\/person\/e12b1bc04ee2394a2e51cf979ebbbbb6"},"breadcrumb":{"@id":"https:\/\/www.article-marketing.eu\/comunicatistampa\/stefano-donnarumma-arte-e-transizione-ecologica-nel-premio-driving-energy-2023\/#breadcrumb"},"inLanguage":"it-IT","potentialAction":[{"@type":"ReadAction","target":["https:\/\/www.article-marketing.eu\/comunicatistampa\/stefano-donnarumma-arte-e-transizione-ecologica-nel-premio-driving-energy-2023\/"]}]},{"@type":"ImageObject","inLanguage":"it-IT","@id":"https:\/\/www.article-marketing.eu\/comunicatistampa\/stefano-donnarumma-arte-e-transizione-ecologica-nel-premio-driving-energy-2023\/#primaryimage","url":"https:\/\/www.adnkronos.com\/resources\/027e-17518fd29885-0fa19b3c4245-1000\/format\/big\/donnarumma_terna_us.jpeg","contentUrl":"https:\/\/www.adnkronos.com\/resources\/027e-17518fd29885-0fa19b3c4245-1000\/format\/big\/donnarumma_terna_us.jpeg"},{"@type":"BreadcrumbList","@id":"https:\/\/www.article-marketing.eu\/comunicatistampa\/stefano-donnarumma-arte-e-transizione-ecologica-nel-premio-driving-energy-2023\/#breadcrumb","itemListElement":[{"@type":"ListItem","position":1,"name":"Home","item":"https:\/\/www.article-marketing.eu\/comunicatistampa\/"},{"@type":"ListItem","position":2,"name":"Stefano Donnarumma: arte e transizione ecologica nel Premio Driving Energy 2023"}]},{"@type":"WebSite","@id":"https:\/\/www.article-marketing.eu\/comunicatistampa\/#website","url":"https:\/\/www.article-marketing.eu\/comunicatistampa\/","name":"Article Marketing","description":"article marketing &amp; press release","potentialAction":[{"@type":"SearchAction","target":{"@type":"EntryPoint","urlTemplate":"https:\/\/www.article-marketing.eu\/comunicatistampa\/?s={search_term_string}"},"query-input":{"@type":"PropertyValueSpecification","valueRequired":true,"valueName":"search_term_string"}}],"inLanguage":"it-IT"},{"@type":"Person","@id":"https:\/\/www.article-marketing.eu\/comunicatistampa\/#\/schema\/person\/e12b1bc04ee2394a2e51cf979ebbbbb6","name":"pressreleaself","image":{"@type":"ImageObject","inLanguage":"it-IT","@id":"https:\/\/secure.gravatar.com\/avatar\/58b2e897ca1b290b3c87ba2112be22b2d12e7af8fea0975d839430be1249d1a3?s=96&d=mm&r=g","url":"https:\/\/secure.gravatar.com\/avatar\/58b2e897ca1b290b3c87ba2112be22b2d12e7af8fea0975d839430be1249d1a3?s=96&d=mm&r=g","contentUrl":"https:\/\/secure.gravatar.com\/avatar\/58b2e897ca1b290b3c87ba2112be22b2d12e7af8fea0975d839430be1249d1a3?s=96&d=mm&r=g","caption":"pressreleaself"},"url":"https:\/\/www.article-marketing.eu\/comunicatistampa\/author\/pressreleaself\/"}]}},"_links":{"self":[{"href":"https:\/\/www.article-marketing.eu\/comunicatistampa\/wp-json\/wp\/v2\/posts\/27007","targetHints":{"allow":["GET"]}}],"collection":[{"href":"https:\/\/www.article-marketing.eu\/comunicatistampa\/wp-json\/wp\/v2\/posts"}],"about":[{"href":"https:\/\/www.article-marketing.eu\/comunicatistampa\/wp-json\/wp\/v2\/types\/post"}],"author":[{"embeddable":true,"href":"https:\/\/www.article-marketing.eu\/comunicatistampa\/wp-json\/wp\/v2\/users\/7206"}],"replies":[{"embeddable":true,"href":"https:\/\/www.article-marketing.eu\/comunicatistampa\/wp-json\/wp\/v2\/comments?post=27007"}],"version-history":[{"count":2,"href":"https:\/\/www.article-marketing.eu\/comunicatistampa\/wp-json\/wp\/v2\/posts\/27007\/revisions"}],"predecessor-version":[{"id":27019,"href":"https:\/\/www.article-marketing.eu\/comunicatistampa\/wp-json\/wp\/v2\/posts\/27007\/revisions\/27019"}],"wp:attachment":[{"href":"https:\/\/www.article-marketing.eu\/comunicatistampa\/wp-json\/wp\/v2\/media?parent=27007"}],"wp:term":[{"taxonomy":"category","embeddable":true,"href":"https:\/\/www.article-marketing.eu\/comunicatistampa\/wp-json\/wp\/v2\/categories?post=27007"},{"taxonomy":"post_tag","embeddable":true,"href":"https:\/\/www.article-marketing.eu\/comunicatistampa\/wp-json\/wp\/v2\/tags?post=27007"}],"curies":[{"name":"wp","href":"https:\/\/api.w.org\/{rel}","templated":true}]}}