{"id":27015,"date":"2023-04-09T13:16:50","date_gmt":"2023-04-09T11:16:50","guid":{"rendered":"https:\/\/www.article-marketing.eu\/comunicatistampa\/?p=27015"},"modified":"2023-04-09T13:16:50","modified_gmt":"2023-04-09T11:16:50","slug":"il-mio-vinitaly-2023","status":"publish","type":"post","link":"https:\/\/www.article-marketing.eu\/comunicatistampa\/il-mio-vinitaly-2023\/","title":{"rendered":"IL \u201cMIO\u201d VINITALY 2023"},"content":{"rendered":"<p>Dal nostro redattore Francesco Ragni<\/p>\n<p><strong>SI<\/strong>, il \u201cmio\u201d <strong>Vinitaly<\/strong> perch\u00e9 tale lo considero dopo essere stato presente a tutte le sue edizioni interrotte, purtroppo, solo al fermo obbligato causa Covid.<\/p>\n<p>E stato un emozionante ritorno dove c\u2019\u00e8 stata l\u2019opportunit\u00e0 di rinsaldare vecchie amicizie, degustare i preziosi calici insieme ai tradizionali produttori e fare conoscenza con le nuove proposte.<\/p>\n<p><strong>Vinitaly 2023<\/strong> il grande ed atteso ritorno di questa 55esima edizione che ha confermato, qualora ce ne fosse stato bisogno, che la nostra tradizione e produzione vinicola non ha pari nel mondo sia in termini di immagine che in termini di fatturato per l\u2019economia italiana.<\/p>\n<p>E\u2019 stata una vetrina internazionale di grande prestigio grazie alla quale i nostri produttori, le nostre cantine, si sono fatti apprezzare dalle migliaia di visitatori appassionati e dagli attenti buyers che sono arrivati da tutto il mondo Cina e Giappone compresi.<\/p>\n<p>E\u2019 stato un Gran Gal\u00e0 internazionale con la presenza di volti dello spettacolo, di imprenditori nazionali ed internazionali e con la massiccia presenza del vertice delle Istituzioni e ci\u00f2 dimostra quanta attenzione \u00e8 dedicata al <strong>Vinitaly<\/strong> per la sua importanza nel ben pi\u00f9 vasto concetto del <em>Made in Italy<\/em> sinonimo di autenticit\u00e0, tradizione, attenzione al particolare.<\/p>\n<p><em>\u201cIl Veneto \u00e8 il vigneto pi\u00f9 grande d\u2019Italia e rappresenta il 36% dell\u2019export nazionale\u201d e, con una punta di giustificato orgoglio, il Governatore <strong>Luca Zaia<\/strong> prosegue \u201c <strong>Vinitaly<\/strong> ha superato la Fiera Internazionale dei vini e liquori di Dusseldorf <\/em><em>\u00a0<\/em><em>e questo grazie all\u2019impegno dei giovani\u201d ; questa \u00e8 stata l\u2019Edizione del secolo\u201d<\/em><\/p>\n<p>Le parole della Premier <strong><em>Giorgia Meloni<\/em><\/strong> durante la visita \u201c<em>E\u2019 u<\/em><strong><em>n dovere sostenere questo settore perch\u00e9 funziona anche grazie alla capacit\u00e0 di unire tradizione e modernit\u00e0, vi \u00e8 racchiusa una storia, una letteratura, una filosofia del vino, questo \u00e8 un vero e proprio Liceo, il Liceo del Made in Italy che ha una capacit\u00e0 di sbocco professionale pi\u00f9 alta rispetto ad altri corsi di formazione\u201d <\/em><\/strong><\/p>\n<p><strong>Siamo certi che la nostra eccellente produzione vinicola, malgrado alcuni \u201cattacchi\u201d tesi a frenare, forse per cause commerciali, la sua indiscussa fama sappia sempre pi\u00f9 affermarsi grazie alla sua qualit\u00e0.<\/strong><\/p>\n<p><strong>Grazie<\/strong><\/p>\n<p><strong>Servizio Fotografico di Francesco Ragni<\/strong><\/p>\n","protected":false},"excerpt":{"rendered":"<p>Dal nostro redattore Francesco Ragni SI, il \u201cmio\u201d Vinitaly perch\u00e9 tale lo considero dopo essere stato presente a tutte le sue edizioni interrotte, purtroppo, solo al fermo obbligato causa Covid. E stato un emozionante ritorno dove c\u2019\u00e8 stata l\u2019opportunit\u00e0 di rinsaldare vecchie amicizie, degustare i preziosi calici insieme ai tradizionali produttori e fare conoscenza con le nuove proposte. Vinitaly 2023 il grande ed atteso ritorno di questa 55esima edizione che<\/p>\n<p><a class=\"continue-reading\" href=\"https:\/\/www.article-marketing.eu\/comunicatistampa\/il-mio-vinitaly-2023\/\">Continue reading&#8230;<\/a><\/p>\n","protected":false},"author":5603,"featured_media":0,"comment_status":"open","ping_status":"open","sticky":false,"template":"","format":"standard","meta":{"_monsterinsights_skip_tracking":false,"_monsterinsights_sitenote_active":false,"_monsterinsights_sitenote_note":"","_monsterinsights_sitenote_category":0,"footnotes":""},"categories":[392],"tags":[3036,5297],"class_list":["post-27015","post","type-post","status-publish","format-standard","hentry","category-eventi","tag-verona","tag-vinitaly"],"yoast_head":"<!-- This site is optimized with the Yoast SEO plugin v27.3 - https:\/\/yoast.com\/product\/yoast-seo-wordpress\/ -->\n<title>IL \u201cMIO\u201d VINITALY 2023 IL \u201cMIO\u201d VINITALY 2023<\/title>\n<meta name=\"description\" content=\"IL \u201cMIO\u201d VINITALY 2023, un atteso ritorno.\" \/>\n<meta name=\"robots\" content=\"index, follow, max-snippet:-1, max-image-preview:large, max-video-preview:-1\" \/>\n<link rel=\"canonical\" href=\"https:\/\/www.article-marketing.eu\/comunicatistampa\/il-mio-vinitaly-2023\/\" \/>\n<meta property=\"og:locale\" content=\"it_IT\" \/>\n<meta property=\"og:type\" content=\"article\" \/>\n<meta property=\"og:title\" content=\"IL \u201cMIO\u201d VINITALY 2023 IL \u201cMIO\u201d VINITALY 2023\" \/>\n<meta property=\"og:description\" content=\"IL \u201cMIO\u201d VINITALY 2023, un atteso ritorno.\" \/>\n<meta property=\"og:url\" content=\"https:\/\/www.article-marketing.eu\/comunicatistampa\/il-mio-vinitaly-2023\/\" \/>\n<meta property=\"og:site_name\" content=\"Article Marketing\" \/>\n<meta property=\"article:author\" content=\"https:\/\/www.facebook.com\/lamacina.onlus\" \/>\n<meta property=\"article:published_time\" content=\"2023-04-09T11:16:50+00:00\" \/>\n<meta name=\"author\" content=\"La Macina Magazine\" \/>\n<meta name=\"twitter:card\" content=\"summary_large_image\" \/>\n<meta name=\"twitter:creator\" content=\"@https:\/\/twitter.com\/LAMACINAONLUS\" \/>\n<meta name=\"twitter:label1\" content=\"Scritto da\" \/>\n\t<meta name=\"twitter:data1\" content=\"La Macina Magazine\" \/>\n\t<meta name=\"twitter:label2\" content=\"Tempo di lettura stimato\" \/>\n\t<meta name=\"twitter:data2\" content=\"2 minuti\" \/>\n<script type=\"application\/ld+json\" class=\"yoast-schema-graph\">{\"@context\":\"https:\\\/\\\/schema.org\",\"@graph\":[{\"@type\":\"Article\",\"@id\":\"https:\\\/\\\/www.article-marketing.eu\\\/comunicatistampa\\\/il-mio-vinitaly-2023\\\/#article\",\"isPartOf\":{\"@id\":\"https:\\\/\\\/www.article-marketing.eu\\\/comunicatistampa\\\/il-mio-vinitaly-2023\\\/\"},\"author\":{\"name\":\"La Macina Magazine\",\"@id\":\"https:\\\/\\\/www.article-marketing.eu\\\/comunicatistampa\\\/#\\\/schema\\\/person\\\/1745353dbe89ed35550459191c7824c9\"},\"headline\":\"IL \u201cMIO\u201d VINITALY 2023\",\"datePublished\":\"2023-04-09T11:16:50+00:00\",\"mainEntityOfPage\":{\"@id\":\"https:\\\/\\\/www.article-marketing.eu\\\/comunicatistampa\\\/il-mio-vinitaly-2023\\\/\"},\"wordCount\":354,\"commentCount\":0,\"keywords\":[\"Verona\",\"Vinitaly\"],\"articleSection\":[\"Eventi\"],\"inLanguage\":\"it-IT\",\"potentialAction\":[{\"@type\":\"CommentAction\",\"name\":\"Comment\",\"target\":[\"https:\\\/\\\/www.article-marketing.eu\\\/comunicatistampa\\\/il-mio-vinitaly-2023\\\/#respond\"]}]},{\"@type\":\"WebPage\",\"@id\":\"https:\\\/\\\/www.article-marketing.eu\\\/comunicatistampa\\\/il-mio-vinitaly-2023\\\/\",\"url\":\"https:\\\/\\\/www.article-marketing.eu\\\/comunicatistampa\\\/il-mio-vinitaly-2023\\\/\",\"name\":\"IL \u201cMIO\u201d VINITALY 2023 IL \u201cMIO\u201d VINITALY 2023\",\"isPartOf\":{\"@id\":\"https:\\\/\\\/www.article-marketing.eu\\\/comunicatistampa\\\/#website\"},\"datePublished\":\"2023-04-09T11:16:50+00:00\",\"author\":{\"@id\":\"https:\\\/\\\/www.article-marketing.eu\\\/comunicatistampa\\\/#\\\/schema\\\/person\\\/1745353dbe89ed35550459191c7824c9\"},\"description\":\"IL \u201cMIO\u201d VINITALY 2023, un atteso ritorno.\",\"breadcrumb\":{\"@id\":\"https:\\\/\\\/www.article-marketing.eu\\\/comunicatistampa\\\/il-mio-vinitaly-2023\\\/#breadcrumb\"},\"inLanguage\":\"it-IT\",\"potentialAction\":[{\"@type\":\"ReadAction\",\"target\":[\"https:\\\/\\\/www.article-marketing.eu\\\/comunicatistampa\\\/il-mio-vinitaly-2023\\\/\"]}]},{\"@type\":\"BreadcrumbList\",\"@id\":\"https:\\\/\\\/www.article-marketing.eu\\\/comunicatistampa\\\/il-mio-vinitaly-2023\\\/#breadcrumb\",\"itemListElement\":[{\"@type\":\"ListItem\",\"position\":1,\"name\":\"Home\",\"item\":\"https:\\\/\\\/www.article-marketing.eu\\\/comunicatistampa\\\/\"},{\"@type\":\"ListItem\",\"position\":2,\"name\":\"IL \u201cMIO\u201d VINITALY 2023\"}]},{\"@type\":\"WebSite\",\"@id\":\"https:\\\/\\\/www.article-marketing.eu\\\/comunicatistampa\\\/#website\",\"url\":\"https:\\\/\\\/www.article-marketing.eu\\\/comunicatistampa\\\/\",\"name\":\"Article Marketing\",\"description\":\"article marketing &amp; press release\",\"potentialAction\":[{\"@type\":\"SearchAction\",\"target\":{\"@type\":\"EntryPoint\",\"urlTemplate\":\"https:\\\/\\\/www.article-marketing.eu\\\/comunicatistampa\\\/?s={search_term_string}\"},\"query-input\":{\"@type\":\"PropertyValueSpecification\",\"valueRequired\":true,\"valueName\":\"search_term_string\"}}],\"inLanguage\":\"it-IT\"},{\"@type\":\"Person\",\"@id\":\"https:\\\/\\\/www.article-marketing.eu\\\/comunicatistampa\\\/#\\\/schema\\\/person\\\/1745353dbe89ed35550459191c7824c9\",\"name\":\"La Macina Magazine\",\"image\":{\"@type\":\"ImageObject\",\"inLanguage\":\"it-IT\",\"@id\":\"https:\\\/\\\/secure.gravatar.com\\\/avatar\\\/cda0654dfaa9cea252a11d3b7706406282e513bb36c8715d95f1126f7ac5a90b?s=96&d=mm&r=g\",\"url\":\"https:\\\/\\\/secure.gravatar.com\\\/avatar\\\/cda0654dfaa9cea252a11d3b7706406282e513bb36c8715d95f1126f7ac5a90b?s=96&d=mm&r=g\",\"contentUrl\":\"https:\\\/\\\/secure.gravatar.com\\\/avatar\\\/cda0654dfaa9cea252a11d3b7706406282e513bb36c8715d95f1126f7ac5a90b?s=96&d=mm&r=g\",\"caption\":\"La Macina Magazine\"},\"sameAs\":[\"https:\\\/\\\/www.lamacinamagazine.it\\\/\",\"https:\\\/\\\/www.facebook.com\\\/lamacina.onlus\",\"https:\\\/\\\/www.linkedin.com\\\/in\\\/la-macina-onlus-roma-67564941\\\/\",\"https:\\\/\\\/x.com\\\/https:\\\/\\\/twitter.com\\\/LAMACINAONLUS\"],\"url\":\"https:\\\/\\\/www.article-marketing.eu\\\/comunicatistampa\\\/author\\\/piero-casoli\\\/\"}]}<\/script>\n<!-- \/ Yoast SEO plugin. -->","yoast_head_json":{"title":"IL \u201cMIO\u201d VINITALY 2023 IL \u201cMIO\u201d VINITALY 2023","description":"IL \u201cMIO\u201d VINITALY 2023, un atteso ritorno.","robots":{"index":"index","follow":"follow","max-snippet":"max-snippet:-1","max-image-preview":"max-image-preview:large","max-video-preview":"max-video-preview:-1"},"canonical":"https:\/\/www.article-marketing.eu\/comunicatistampa\/il-mio-vinitaly-2023\/","og_locale":"it_IT","og_type":"article","og_title":"IL \u201cMIO\u201d VINITALY 2023 IL \u201cMIO\u201d VINITALY 2023","og_description":"IL \u201cMIO\u201d VINITALY 2023, un atteso ritorno.","og_url":"https:\/\/www.article-marketing.eu\/comunicatistampa\/il-mio-vinitaly-2023\/","og_site_name":"Article Marketing","article_author":"https:\/\/www.facebook.com\/lamacina.onlus","article_published_time":"2023-04-09T11:16:50+00:00","author":"La Macina Magazine","twitter_card":"summary_large_image","twitter_creator":"@https:\/\/twitter.com\/LAMACINAONLUS","twitter_misc":{"Scritto da":"La Macina Magazine","Tempo di lettura stimato":"2 minuti"},"schema":{"@context":"https:\/\/schema.org","@graph":[{"@type":"Article","@id":"https:\/\/www.article-marketing.eu\/comunicatistampa\/il-mio-vinitaly-2023\/#article","isPartOf":{"@id":"https:\/\/www.article-marketing.eu\/comunicatistampa\/il-mio-vinitaly-2023\/"},"author":{"name":"La Macina Magazine","@id":"https:\/\/www.article-marketing.eu\/comunicatistampa\/#\/schema\/person\/1745353dbe89ed35550459191c7824c9"},"headline":"IL \u201cMIO\u201d VINITALY 2023","datePublished":"2023-04-09T11:16:50+00:00","mainEntityOfPage":{"@id":"https:\/\/www.article-marketing.eu\/comunicatistampa\/il-mio-vinitaly-2023\/"},"wordCount":354,"commentCount":0,"keywords":["Verona","Vinitaly"],"articleSection":["Eventi"],"inLanguage":"it-IT","potentialAction":[{"@type":"CommentAction","name":"Comment","target":["https:\/\/www.article-marketing.eu\/comunicatistampa\/il-mio-vinitaly-2023\/#respond"]}]},{"@type":"WebPage","@id":"https:\/\/www.article-marketing.eu\/comunicatistampa\/il-mio-vinitaly-2023\/","url":"https:\/\/www.article-marketing.eu\/comunicatistampa\/il-mio-vinitaly-2023\/","name":"IL \u201cMIO\u201d VINITALY 2023 IL \u201cMIO\u201d VINITALY 2023","isPartOf":{"@id":"https:\/\/www.article-marketing.eu\/comunicatistampa\/#website"},"datePublished":"2023-04-09T11:16:50+00:00","author":{"@id":"https:\/\/www.article-marketing.eu\/comunicatistampa\/#\/schema\/person\/1745353dbe89ed35550459191c7824c9"},"description":"IL \u201cMIO\u201d VINITALY 2023, un atteso ritorno.","breadcrumb":{"@id":"https:\/\/www.article-marketing.eu\/comunicatistampa\/il-mio-vinitaly-2023\/#breadcrumb"},"inLanguage":"it-IT","potentialAction":[{"@type":"ReadAction","target":["https:\/\/www.article-marketing.eu\/comunicatistampa\/il-mio-vinitaly-2023\/"]}]},{"@type":"BreadcrumbList","@id":"https:\/\/www.article-marketing.eu\/comunicatistampa\/il-mio-vinitaly-2023\/#breadcrumb","itemListElement":[{"@type":"ListItem","position":1,"name":"Home","item":"https:\/\/www.article-marketing.eu\/comunicatistampa\/"},{"@type":"ListItem","position":2,"name":"IL \u201cMIO\u201d VINITALY 2023"}]},{"@type":"WebSite","@id":"https:\/\/www.article-marketing.eu\/comunicatistampa\/#website","url":"https:\/\/www.article-marketing.eu\/comunicatistampa\/","name":"Article Marketing","description":"article marketing &amp; press release","potentialAction":[{"@type":"SearchAction","target":{"@type":"EntryPoint","urlTemplate":"https:\/\/www.article-marketing.eu\/comunicatistampa\/?s={search_term_string}"},"query-input":{"@type":"PropertyValueSpecification","valueRequired":true,"valueName":"search_term_string"}}],"inLanguage":"it-IT"},{"@type":"Person","@id":"https:\/\/www.article-marketing.eu\/comunicatistampa\/#\/schema\/person\/1745353dbe89ed35550459191c7824c9","name":"La Macina Magazine","image":{"@type":"ImageObject","inLanguage":"it-IT","@id":"https:\/\/secure.gravatar.com\/avatar\/cda0654dfaa9cea252a11d3b7706406282e513bb36c8715d95f1126f7ac5a90b?s=96&d=mm&r=g","url":"https:\/\/secure.gravatar.com\/avatar\/cda0654dfaa9cea252a11d3b7706406282e513bb36c8715d95f1126f7ac5a90b?s=96&d=mm&r=g","contentUrl":"https:\/\/secure.gravatar.com\/avatar\/cda0654dfaa9cea252a11d3b7706406282e513bb36c8715d95f1126f7ac5a90b?s=96&d=mm&r=g","caption":"La Macina Magazine"},"sameAs":["https:\/\/www.lamacinamagazine.it\/","https:\/\/www.facebook.com\/lamacina.onlus","https:\/\/www.linkedin.com\/in\/la-macina-onlus-roma-67564941\/","https:\/\/x.com\/https:\/\/twitter.com\/LAMACINAONLUS"],"url":"https:\/\/www.article-marketing.eu\/comunicatistampa\/author\/piero-casoli\/"}]}},"_links":{"self":[{"href":"https:\/\/www.article-marketing.eu\/comunicatistampa\/wp-json\/wp\/v2\/posts\/27015","targetHints":{"allow":["GET"]}}],"collection":[{"href":"https:\/\/www.article-marketing.eu\/comunicatistampa\/wp-json\/wp\/v2\/posts"}],"about":[{"href":"https:\/\/www.article-marketing.eu\/comunicatistampa\/wp-json\/wp\/v2\/types\/post"}],"author":[{"embeddable":true,"href":"https:\/\/www.article-marketing.eu\/comunicatistampa\/wp-json\/wp\/v2\/users\/5603"}],"replies":[{"embeddable":true,"href":"https:\/\/www.article-marketing.eu\/comunicatistampa\/wp-json\/wp\/v2\/comments?post=27015"}],"version-history":[{"count":2,"href":"https:\/\/www.article-marketing.eu\/comunicatistampa\/wp-json\/wp\/v2\/posts\/27015\/revisions"}],"predecessor-version":[{"id":27017,"href":"https:\/\/www.article-marketing.eu\/comunicatistampa\/wp-json\/wp\/v2\/posts\/27015\/revisions\/27017"}],"wp:attachment":[{"href":"https:\/\/www.article-marketing.eu\/comunicatistampa\/wp-json\/wp\/v2\/media?parent=27015"}],"wp:term":[{"taxonomy":"category","embeddable":true,"href":"https:\/\/www.article-marketing.eu\/comunicatistampa\/wp-json\/wp\/v2\/categories?post=27015"},{"taxonomy":"post_tag","embeddable":true,"href":"https:\/\/www.article-marketing.eu\/comunicatistampa\/wp-json\/wp\/v2\/tags?post=27015"}],"curies":[{"name":"wp","href":"https:\/\/api.w.org\/{rel}","templated":true}]}}