{"id":27031,"date":"2023-04-23T15:34:43","date_gmt":"2023-04-23T13:34:43","guid":{"rendered":"https:\/\/www.article-marketing.eu\/comunicatistampa\/?p=27031"},"modified":"2023-04-23T15:34:43","modified_gmt":"2023-04-23T13:34:43","slug":"un-vinitaly-2023-da-applausi-per-maia-wine","status":"publish","type":"post","link":"https:\/\/www.article-marketing.eu\/comunicatistampa\/un-vinitaly-2023-da-applausi-per-maia-wine\/","title":{"rendered":"Un Vinitaly 2023 da applausi per Maia Wine"},"content":{"rendered":"<p class=\"western\" lang=\"en-US\" align=\"justify\"><span style=\"font-family: Verdana, serif;\"><span style=\"font-size: small;\"><span lang=\"it-IT\"><i>Una nuova campagna, tre premi e un nuovo Prosecco Doc per il brand glamour che continua a stupire con il proprio stile unico, pubblico e addetti ai lavori. Conferme che consolidano la crescita di un marchio sempre pi\u00f9 richiesto e che si fa notare anche in un mercato saturo per la personalit\u00e0 che non teme paragoni <\/i><\/span><\/span><\/span><\/p>\n<p class=\"western\" lang=\"en-US\" align=\"justify\"><span style=\"font-family: Verdana, serif;\"><span style=\"font-size: small;\"><span lang=\"it-IT\">Lo spumante italiano nell\u2019evento di casa parte da <\/span><\/span><\/span><span style=\"font-family: Verdana, serif;\"><span style=\"font-size: small;\"><span lang=\"it-IT\"><b>protagonista a partire dalla campagna affissioni per il lancio del nuovissimo Prosecco Doc<\/b><\/span><\/span><\/span><span style=\"font-family: Verdana, serif;\"><span style=\"font-size: small;\"><span lang=\"it-IT\">, passando da <\/span><\/span><\/span><span style=\"font-family: Verdana, serif;\"><span style=\"font-size: small;\"><span lang=\"it-IT\"><b>eventi glamour<\/b><\/span><\/span><\/span><span style=\"font-family: Verdana, serif;\"><span style=\"font-size: small;\"><span lang=\"it-IT\"> fino ad arrivare a <\/span><\/span><\/span><span style=\"font-family: Verdana, serif;\"><span style=\"font-size: small;\"><span lang=\"it-IT\"><b>tre premi conquistati con la limited edition Maia Benacus<\/b><\/span><\/span><\/span><span style=\"font-family: Verdana, serif;\"><span style=\"font-size: small;\"><span lang=\"it-IT\">.<\/span><\/span><\/span><\/p>\n<p align=\"justify\"><span style=\"font-family: Avenir Next Regular, serif;\"><span style=\"font-family: Verdana, serif;\"><span style=\"font-size: small;\">Tra fiammanti BENTLEY nella splendida cornice di Piazza dei Signori MAIA WINE inaugura la prima giornata di Vinitaly con un <\/span><\/span><span style=\"font-family: Verdana, serif;\"><span style=\"font-size: small;\"><b>COCKTAIL PARTY<\/b><\/span><\/span><span style=\"font-family: Verdana, serif;\"><span style=\"font-size: small;\">, all\u2019insegna del glamour tra bollicine, musica classica e deejay set.<\/span><\/span><\/span><\/p>\n<p align=\"justify\"><span style=\"font-family: Avenir Next Regular, serif;\"><span style=\"font-family: Verdana, serif;\"><span style=\"font-size: small;\">La seconda giornata per il brand gardesano si \u00e8 aperta con la conquista di <\/span><\/span><span style=\"font-family: Verdana, serif;\"><span style=\"font-size: small;\"><b>tre premi al \u201cVini&amp;Consumi Awards\u201d, <\/b><\/span><\/span><span style=\"font-family: Verdana, serif;\"><span style=\"font-size: small;\"><b>Miglior Pack, Miglior Evento Wine e Miglior Limited Edition per la bottiglia Maia Benacus<\/b><\/span><\/span> <span style=\"font-family: Verdana, serif;\"><span style=\"font-size: small;\"><b>dedicata al territorio del Garda<\/b><\/span><\/span><span style=\"font-family: Verdana, serif;\"><span style=\"font-size: small;\">.<\/span><\/span><\/span><\/p>\n<p align=\"justify\"><span style=\"font-family: Avenir Next Regular, serif;\"><span style=\"font-family: Verdana, serif;\"><span style=\"font-size: small;\"><br \/>\n\u201c<\/span><\/span><span style=\"font-family: Verdana, serif;\"><span style=\"font-size: small;\"><i>Abbiamo voluto dar vita ad una bottiglia rappresentativa di una della principali attrattive del nostro territorio, il Lago di Garda.\u00a0Attraverso un design moderno e fresco abbiamo ritratto sulla bottiglia la costellazione delle Pleiadi, di cui fa parte la stella Maia. Il profilo dei monti viene valorizzato da un dettaglio in oro, mentre l\u2019iconica siluette del nostro lago lascia spazio ad una trasparenza che ne fa intravedere il vino spumante<\/i><\/span><\/span><span style=\"font-family: Verdana, serif;\"><span style=\"font-size: small;\">.\u201d Racconta <\/span><\/span><span style=\"color: #221e1f;\"><span style=\"font-family: Times New Roman, serif;\"><span style=\"font-size: small;\"><span lang=\"it-IT\"><b><span style=\"font-family: Verdana, serif;\">Angelo Lella, fondatore del brand,<\/span><\/b><\/span><\/span><\/span><\/span><span style=\"font-family: Verdana, serif;\"><span style=\"font-size: small;\"> agli ospiti presenti in sala alla consegna del <\/span><\/span><span style=\"font-family: Verdana, serif;\"><span style=\"font-size: small;\"><b>doppio premio \u201cMiglior Packaging Spumante\u201d e \u201cMiglior Limited Edition\u201d<\/b><\/span><\/span><span style=\"font-family: Verdana, serif;\"><span style=\"font-size: small;\"> p.sso la Sala Rossini di Verona Fiere.<\/span><\/span><\/span><\/p>\n<p align=\"justify\"><span style=\"font-family: Avenir Next Regular, serif;\"><span style=\"font-family: Verdana, serif;\"><span style=\"font-size: small;\">Il Lifestyle dello spumante del bel vivere italiano conquista <\/span><\/span><span style=\"font-family: Verdana, serif;\"><span style=\"font-size: small;\"><b>anche il premio come Miglior Evento<\/b><\/span><\/span><span style=\"font-family: Verdana, serif;\"><span style=\"font-size: small;\"> del mondo del Vino che viene ritirato per l\u2019occasione dalla <\/span><\/span><span style=\"font-family: Verdana, serif;\"><span style=\"font-size: small;\"><b>Brand Ambassador Isabel Tonelli Rodriguez<\/b><\/span><\/span><span style=\"font-family: Verdana, serif;\"><span style=\"font-size: small;\"> che racconta: \u201c<\/span><\/span><span style=\"font-family: Verdana, serif;\"><span style=\"font-size: small;\"><i>La qualit\u00e0 oggi \u00e8 la base. Quello che fa la differenza \u00e8 l&#8217;experience legata al prodotto, a quel fascino sensoriale che da vita allo spirito d&#8217;appartenenza ad un marchio fortemente rappresentativo del lifestyle, della visione e del comportamento del cliente; che si esprime dal modo in cui ci vestiamo, da quello che facciamo, fino a che etichetta scegliamo per brindare ai nostri momenti importanti. Per questo motivo per noi gli eventi sono un asset fondamentale per trasmettere il valore di marca del brand sia attraverso il mondo reale che quello digitale<\/i><\/span><\/span><span style=\"font-family: Verdana, serif;\"><span style=\"font-size: small;\">\u201d.<\/span><\/span><\/span><\/p>\n<p align=\"justify\"><span style=\"font-family: Avenir Next Regular, serif;\"><span style=\"font-family: Verdana, serif;\"><span style=\"font-size: small;\">La terza giornata \u00e8 continuata con grande afflusso allo stand E6 del padiglione 5 all\u2019interno dello stand Cielo e Terra, proprietaria del 50% del marchio.<\/span><\/span><\/span><\/p>\n<p align=\"justify\"><span style=\"font-family: Avenir Next Regular, serif;\"><span style=\"font-family: Verdana, serif;\"><span style=\"font-size: small;\"><b>L\u2019aperitivo di chiusura Vinitaly<\/b><\/span><\/span><span style=\"font-family: Verdana, serif;\"><span style=\"font-size: small;\"> invece si \u00e8 tenuto l\u2019ultimo giorno di fiera <\/span><\/span><span style=\"font-family: Verdana, serif;\"><span style=\"font-size: small;\"><b>al Roma33 in collaborazione con The Organics by Red Bull che vede lo special Guest Daniele Gentili dar vita a inediti cocktail firmati Maia e The Organics by Red Bull.<\/b><\/span><\/span><\/span><\/p>\n<p class=\"western\" lang=\"en-US\" align=\"justify\"><span style=\"font-family: Verdana, serif;\"><span style=\"font-size: small;\"><span lang=\"it-IT\">La <\/span><\/span><\/span><span style=\"font-family: Verdana, serif;\"><span style=\"font-size: small;\"><span lang=\"it-IT\"><b>nuova etichetta lanciata a Vinitaly: Maia Prosecco Doc<\/b><\/span><\/span><\/span><span style=\"font-family: Verdana, serif;\"><span style=\"font-size: small;\"><span lang=\"it-IT\"> mixa alla perfezione linee classiche con la modernit\u00e0 di un fiammante verde cromato, proietta il brand veneto in un\u2019altra dimensione: quella globale, grazie alla forza di una denominazione riconosciuta in tutto il mondo.<\/span><\/span><\/span><\/p>\n<p class=\"western\" lang=\"en-US\" align=\"justify\"><span style=\"font-family: Verdana, serif;\"><span style=\"font-size: small;\"><span lang=\"it-IT\"><b>La campagna che porta la firma dall\u2019agenzia UNited STudio di Verona,<\/b><\/span><\/span><\/span> <span style=\"font-family: Verdana, serif;\"><span style=\"font-size: small;\"><span lang=\"it-IT\"><b>con la direzione artistica di Isabel Tonelli Rodriguez,<\/b><\/span><\/span><\/span><span style=\"font-family: Verdana, serif;\"><span style=\"font-size: small;\"><span lang=\"it-IT\"> \u00e8 stata scattata dal <\/span><\/span><\/span><span style=\"font-family: Verdana, serif;\"><span style=\"font-size: small;\"><span lang=\"it-IT\"><b>fotografo di moda nazionale Alberto Rugolotto <\/b><\/span><\/span><\/span><span style=\"font-family: Verdana, serif;\"><span style=\"font-size: small;\"><span lang=\"it-IT\">(gi\u00e0 autore di numerosi scatti per brand globali) per i prossimi mesi sar\u00e0 visibile attraverso una <\/span><\/span><\/span><span style=\"font-family: Verdana, serif;\"><span style=\"font-size: small;\"><span lang=\"it-IT\"><b>massiccia campagna affissioni.<\/b><\/span><\/span><\/span><\/p>\n<p class=\"western\" lang=\"en-US\" align=\"justify\"><span style=\"font-family: Verdana, serif;\"><span style=\"font-size: small;\"><span lang=\"it-IT\">Il NewConcept della casa veneta rivivr\u00e0 per i prossimi mesi anche attraverso una campagna digitale <\/span><\/span><\/span><span style=\"font-family: Verdana, serif;\"><span style=\"font-size: small;\"><span lang=\"it-IT\"><b>dal carattere fashion che mixa un ritmo decisamente futuribile<\/b><\/span><\/span><\/span><span style=\"font-family: Verdana, serif;\"><span style=\"font-size: small;\"><span lang=\"it-IT\"> in piena linea con le <\/span><\/span><\/span><span style=\"font-family: Verdana, serif;\"><span style=\"font-size: small;\"><span lang=\"it-IT\"><b>tendenze del momento e <\/b><\/span><\/span><\/span><span style=\"font-family: Verdana, serif;\"><span style=\"font-size: small;\"><span lang=\"it-IT\">che si stacca totalmente dai canoni del mondo wine.<\/span><\/span><\/span><\/p>\n<p class=\"western\" lang=\"en-US\" align=\"center\"><span style=\"font-family: Verdana, serif;\"><span style=\"font-size: small;\"><span lang=\"it-IT\"><b>APPROFONDIMENTI E DICHIARAZIONI:<\/b><\/span><\/span><\/span><\/p>\n<p class=\"western\" lang=\"en-US\" align=\"justify\"><span style=\"font-family: Verdana, serif;\"><span style=\"font-size: small;\"><span lang=\"it-IT\">PIERPAOLO CIELO SU PROSECCO DOC:<\/span><\/span><\/span><\/p>\n<p class=\"western\" lang=\"en-US\" align=\"justify\">\u201c<span style=\"font-family: Verdana, serif;\"><span style=\"font-size: small;\"><span lang=\"it-IT\"><i>Crediamo molto in questa nuova etichetta e nel progetto Prosecco Doc. Maia si inserisce cos\u00ec alla scoperta di un mercato popolato da molte aziende e pochi brand. Pochi brand perch\u00e9 ormai per dichiararsi brand non basta un\u2019etichetta su una bottiglia, ma il brand deve esistere, muoversi e generare un valore in linea con il proprio posizionamento. Valore per il Brand e valore per il nostro cliente, che sia ristoratore o cliente finale, sono le colonne portanti del nostro progetto che si allontana dalle politiche del volume e dei prezzi a ribasso, ma che punta ad un nuovo modo di vivere il Metodo Italiano che merita di rivivere attraverso brand, che come il nostro, ne valorizzano la presenza sul mercato<\/i><\/span><\/span><\/span><span style=\"font-family: Verdana, serif;\"><span style=\"font-size: small;\"><span lang=\"it-IT\">\u201d<\/span><\/span><\/span><\/p>\n<p class=\"western\" align=\"justify\"><a name=\"_GoBack\"><\/a><\/p>\n<p class=\"western\" lang=\"en-US\" align=\"justify\"><span style=\"font-family: Verdana, serif;\"><span style=\"font-size: small;\"><span lang=\"it-IT\">ANGELO LELLA SU CAMPAGNA ADV:<\/span><\/span><\/span><\/p>\n<p class=\"western\" lang=\"en-US\" align=\"justify\">\u201c<span style=\"font-family: Verdana, serif;\"><span style=\"font-size: small;\"><span lang=\"it-IT\"><i>Il futuro \u00e8 quella porzione della nostra vita che ancora non si \u00e8 verificata. Incerto o sognato, il futuro \u00e8 l&#8217;incognita pi\u00f9 grande che abbiamo, un foglio bianco su cui scrivere la nostra storia, ma anche una grande opportunit\u00e0. E la nuova avventura per il nostro brand \u00e8 oggi quella del <\/i><\/span><\/span><\/span><span style=\"font-family: Verdana, serif;\"><span style=\"font-size: small;\"><span lang=\"it-IT\"><i><b>Prosecco Doc<\/b><\/i><\/span><\/span><\/span><span style=\"font-family: Verdana, serif;\"><span style=\"font-size: small;\"><span lang=\"it-IT\"><i>. Abbiamo la fortuna di poter sviluppare oggi le nostre strategie su <\/i><\/span><\/span><\/span><span style=\"font-family: Verdana, serif;\"><span style=\"font-size: small;\"><span lang=\"it-IT\"><i><b>un brand forte e dal grande appeal<\/b><\/i><\/span><\/span><\/span><span style=\"font-family: Verdana, serif;\"><span style=\"font-size: small;\"><span lang=\"it-IT\"><i> che fa da \u201ccasa base\u201d alle doc su cui decidiamo e decideremo di puntare grazie alla vastit\u00e0 di variet\u00e0 abbracciate dal Gruppo di cui facciamo ora parte. <\/i><\/span><\/span><\/span><span style=\"font-family: Verdana, serif;\"><span style=\"font-size: small;\"><span lang=\"it-IT\"><i><b>Maia \u00e8 un marchio dalle spalle forti<\/b><\/i><\/span><\/span><\/span><span style=\"font-family: Verdana, serif;\"><span style=\"font-size: small;\"><span lang=\"it-IT\"><i>. Siamo nati nel luglio 2020 in uno dei periodi pi\u00f9 difficili per il settore Ho.Re.Ca (unico canale in cui operiamo); abbiamo puntato su una denominazione in cui pochi credevano come la Doc Garda grazie all\u2019<\/i><\/span><\/span><\/span><span style=\"font-family: Verdana, serif;\"><span style=\"font-size: small;\"><span lang=\"it-IT\"><i><b>entusiasmo e alla progettualit\u00e0 di Luciano Piona (ex presidente del consorzio del Garda)<\/b><\/i><\/span><\/span><\/span><span style=\"font-family: Verdana, serif;\"><span style=\"font-size: small;\"><span lang=\"it-IT\"><i>. <\/i><\/span><\/span><\/span><span style=\"font-family: Verdana, serif;\"><span style=\"font-size: small;\"><span lang=\"it-IT\"><i><b>Manterremo fede al progetto iniziale abbracciando allo stesso tempo la doc Prosecco sviluppata grazie al nuovo partner Cielo e Terra,<\/b><\/i><\/span><\/span><\/span><span style=\"font-family: Verdana, serif;\"><span style=\"font-size: small;\"><span lang=\"it-IT\"><i> che con i soci viticoltori vicentini ha rilanciato del prosecco del territorio, acclamato gi\u00e0 nel 1754 dal Poeta Acanti<\/i><\/span><\/span><\/span><span style=\"font-family: Verdana, serif;\"><span style=\"font-size: small;\"><span lang=\"it-IT\">\u201d Racconta <\/span><\/span><\/span><span style=\"font-family: Verdana, serif;\"><span style=\"font-size: small;\"><span lang=\"it-IT\"><b>Angelo Lella &#8211; fondatore del brand<\/b><\/span><\/span><\/span><span style=\"font-family: Verdana, serif;\"><span style=\"font-size: small;\"><span lang=\"it-IT\">.<\/span><\/span><\/span><\/p>\n<p class=\"western\" lang=\"en-US\" align=\"justify\"><span style=\"font-family: Verdana, serif;\"><span style=\"font-size: xx-small;\"><b>ABOUT MAIA<\/b><\/span><\/span><\/p>\n<p class=\"western\" lang=\"en-US\" align=\"justify\"><span style=\"font-family: Verdana, serif;\"><span style=\"font-size: xx-small;\"><span lang=\"it-IT\">Mai\u0303a nasce da una visone condivisa, da un <\/span><\/span><\/span><span style=\"font-family: Verdana, serif;\"><span style=\"font-size: xx-small;\"><span lang=\"it-IT\"><b>nuova chiave di lettura del Metodo Italiano<\/b><\/span><\/span><\/span><span style=\"font-family: Verdana, serif;\"><span style=\"font-size: xx-small;\"><span lang=\"it-IT\"> che da vita ad <\/span><\/span><\/span><span style=\"font-family: Verdana, serif;\"><span style=\"font-size: xx-small;\"><span lang=\"it-IT\"><b>nuovo posizionamento<\/b><\/span><\/span><\/span><span style=\"font-family: Verdana, serif;\"><span style=\"font-size: xx-small;\"><span lang=\"it-IT\"> per le bollicine del Nostro Paese, spesso relegate ad attore non protagonista, costantemente alla ricerca del volumi a scapito del valore. Mai\u0303a diventa cos\u00ec la <\/span><\/span><\/span><span style=\"font-family: Verdana, serif;\"><span style=\"font-size: xx-small;\"><span lang=\"it-IT\"><b>pioniera del Segmento Soft Luxury<\/b><\/span><\/span><\/span><span style=\"font-family: Verdana, serif;\"><span style=\"font-size: xx-small;\"><span lang=\"it-IT\"> e lo fa grazie ad una bollicina elegante, raffinata, che rivive in <\/span><\/span><\/span><span style=\"font-family: Verdana, serif;\"><span style=\"font-size: xx-small;\"><span lang=\"it-IT\"><b>un <\/b><\/span><\/span><\/span><span style=\"font-family: Verdana, serif;\"><span style=\"font-size: xx-small;\"><span lang=\"it-IT\"><i><b>lifestyle tipicamente italiano<\/b><\/i><\/span><\/span><\/span><span style=\"font-family: Verdana, serif;\"><span style=\"font-size: xx-small;\"><span lang=\"it-IT\"><b>, fatto di eventi, appuntamenti glamour, partnership con global brand del mondo del lusso ed experience esclusive<\/b><\/span><\/span><\/span><span style=\"font-family: Verdana, serif;\"><span style=\"font-size: xx-small;\"><span lang=\"it-IT\">. Figlia di una <\/span><\/span><\/span><span style=\"font-family: Verdana, serif;\"><span style=\"font-size: xx-small;\"><span lang=\"it-IT\"><i>produzione artigianale e limitata<\/i><\/span><\/span><\/span><span style=\"font-family: Verdana, serif;\"><span style=\"font-size: xx-small;\"><span lang=\"it-IT\">, Mai\u0303a poggia le proprie radici su da una strategia produttiva chiara e delineata, ovvero quella di mantenere nel tempo una crescita graduale, senza rincorrere i numeri, valorizzando la qualit\u00e0 ,l\u2019 experience ed il fascino sensoriale che ruota attorno al nostro brand. <\/span><\/span><\/span><\/p>\n<p class=\"western\" lang=\"en-US\" align=\"justify\"><span style=\"font-family: Verdana, serif;\"><span style=\"font-size: xx-small;\"><span lang=\"it-IT\">Nel novembre 2021 il 50% del marchio viene acquistato dal <\/span><\/span><\/span><span style=\"font-family: Verdana, serif;\"><span style=\"font-size: xx-small;\"><span lang=\"it-IT\"><i>gruppo Cielo e Terra Spa<\/i><\/span><\/span><\/span><span style=\"font-family: Verdana, serif;\"><span style=\"font-size: xx-small;\"><span lang=\"it-IT\">, realt\u00e0 con oltre 100 anni di storia, <\/span><\/span><\/span><span style=\"font-family: Verdana, serif;\"><span style=\"font-size: xx-small;\"><span lang=\"it-IT\"><i>presente in oltre 65 paesi nel mondo <\/i><\/span><\/span><\/span><span style=\"font-family: Verdana, serif;\"><span style=\"font-size: xx-small;\"><span lang=\"it-IT\">con oltre 40 milioni di bottiglie. Grazie all&#8217;ingresso di Cielo e Terra Spa nel 2022: Mai\u0303a, pur mantenendo fede al carattere artigianale che ne fonda le origini, riesce a soddisfare la richiesta di clienti di tutto il Mondo, contando sull\u2019appoggio di una struttura moderna e innovativa e di una filiera completa che, partendo dall\u2019allevamento delle vigne, arriva fino alla commercializzazione globale dei propri prodotti. <\/span><\/span><\/span><\/p>\n<p class=\"western\" lang=\"en-US\" align=\"justify\"><span style=\"font-family: Verdana, serif;\"><span style=\"font-size: xx-small;\"><span lang=\"it-IT\">https:\/\/maiawine.it\/<\/span><\/span><\/span><\/p>\n","protected":false},"excerpt":{"rendered":"<p>Una nuova campagna, tre premi e un nuovo Prosecco Doc per il brand glamour che continua a stupire con il proprio stile unico, pubblico e addetti ai lavori. Conferme che consolidano la crescita di un marchio sempre pi\u00f9 richiesto e che si fa notare anche in un mercato saturo per la personalit\u00e0 che non teme paragoni Lo spumante italiano nell\u2019evento di casa parte da protagonista a partire dalla campagna affissioni<\/p>\n<p><a class=\"continue-reading\" href=\"https:\/\/www.article-marketing.eu\/comunicatistampa\/un-vinitaly-2023-da-applausi-per-maia-wine\/\">Continue reading&#8230;<\/a><\/p>\n","protected":false},"author":397,"featured_media":0,"comment_status":"open","ping_status":"open","sticky":false,"template":"","format":"standard","meta":{"_monsterinsights_skip_tracking":false,"_monsterinsights_sitenote_active":false,"_monsterinsights_sitenote_note":"","_monsterinsights_sitenote_category":0,"footnotes":""},"categories":[78],"tags":[],"class_list":["post-27031","post","type-post","status-publish","format-standard","hentry","category-comunicati-stampa"],"yoast_head":"<!-- This site is optimized with the Yoast SEO plugin v27.3 - https:\/\/yoast.com\/product\/yoast-seo-wordpress\/ -->\n<title>Un Vinitaly 2023 da applausi per Maia Wine - Article Marketing<\/title>\n<meta name=\"robots\" content=\"index, follow, max-snippet:-1, max-image-preview:large, max-video-preview:-1\" \/>\n<link rel=\"canonical\" href=\"https:\/\/www.article-marketing.eu\/comunicatistampa\/un-vinitaly-2023-da-applausi-per-maia-wine\/\" \/>\n<meta property=\"og:locale\" content=\"it_IT\" \/>\n<meta property=\"og:type\" content=\"article\" \/>\n<meta property=\"og:title\" content=\"Un Vinitaly 2023 da applausi per Maia Wine - Article Marketing\" \/>\n<meta property=\"og:description\" content=\"Una nuova campagna, tre premi e un nuovo Prosecco Doc per il brand glamour che continua a stupire con il proprio stile unico, pubblico e addetti ai lavori. Conferme che consolidano la crescita di un marchio sempre pi\u00f9 richiesto e che si fa notare anche in un mercato saturo per la personalit\u00e0 che non teme paragoni Lo spumante italiano nell\u2019evento di casa parte da protagonista a partire dalla campagna affissioniContinue reading...\" \/>\n<meta property=\"og:url\" content=\"https:\/\/www.article-marketing.eu\/comunicatistampa\/un-vinitaly-2023-da-applausi-per-maia-wine\/\" \/>\n<meta property=\"og:site_name\" content=\"Article Marketing\" \/>\n<meta property=\"article:published_time\" content=\"2023-04-23T13:34:43+00:00\" \/>\n<meta name=\"author\" content=\"Borderline Agency\" \/>\n<meta name=\"twitter:card\" content=\"summary_large_image\" \/>\n<meta name=\"twitter:label1\" content=\"Scritto da\" \/>\n\t<meta name=\"twitter:data1\" content=\"Borderline Agency\" \/>\n\t<meta name=\"twitter:label2\" content=\"Tempo di lettura stimato\" \/>\n\t<meta name=\"twitter:data2\" content=\"7 minuti\" \/>\n<script type=\"application\/ld+json\" class=\"yoast-schema-graph\">{\"@context\":\"https:\\\/\\\/schema.org\",\"@graph\":[{\"@type\":\"Article\",\"@id\":\"https:\\\/\\\/www.article-marketing.eu\\\/comunicatistampa\\\/un-vinitaly-2023-da-applausi-per-maia-wine\\\/#article\",\"isPartOf\":{\"@id\":\"https:\\\/\\\/www.article-marketing.eu\\\/comunicatistampa\\\/un-vinitaly-2023-da-applausi-per-maia-wine\\\/\"},\"author\":{\"name\":\"Borderline Agency\",\"@id\":\"https:\\\/\\\/www.article-marketing.eu\\\/comunicatistampa\\\/#\\\/schema\\\/person\\\/1c4ab1c7aad84347e26e78235da6ff1b\"},\"headline\":\"Un Vinitaly 2023 da applausi per Maia Wine\",\"datePublished\":\"2023-04-23T13:34:43+00:00\",\"mainEntityOfPage\":{\"@id\":\"https:\\\/\\\/www.article-marketing.eu\\\/comunicatistampa\\\/un-vinitaly-2023-da-applausi-per-maia-wine\\\/\"},\"wordCount\":1153,\"commentCount\":0,\"articleSection\":[\"Comunicati stampa\"],\"inLanguage\":\"it-IT\",\"potentialAction\":[{\"@type\":\"CommentAction\",\"name\":\"Comment\",\"target\":[\"https:\\\/\\\/www.article-marketing.eu\\\/comunicatistampa\\\/un-vinitaly-2023-da-applausi-per-maia-wine\\\/#respond\"]}]},{\"@type\":\"WebPage\",\"@id\":\"https:\\\/\\\/www.article-marketing.eu\\\/comunicatistampa\\\/un-vinitaly-2023-da-applausi-per-maia-wine\\\/\",\"url\":\"https:\\\/\\\/www.article-marketing.eu\\\/comunicatistampa\\\/un-vinitaly-2023-da-applausi-per-maia-wine\\\/\",\"name\":\"Un Vinitaly 2023 da applausi per Maia Wine - Article Marketing\",\"isPartOf\":{\"@id\":\"https:\\\/\\\/www.article-marketing.eu\\\/comunicatistampa\\\/#website\"},\"datePublished\":\"2023-04-23T13:34:43+00:00\",\"author\":{\"@id\":\"https:\\\/\\\/www.article-marketing.eu\\\/comunicatistampa\\\/#\\\/schema\\\/person\\\/1c4ab1c7aad84347e26e78235da6ff1b\"},\"breadcrumb\":{\"@id\":\"https:\\\/\\\/www.article-marketing.eu\\\/comunicatistampa\\\/un-vinitaly-2023-da-applausi-per-maia-wine\\\/#breadcrumb\"},\"inLanguage\":\"it-IT\",\"potentialAction\":[{\"@type\":\"ReadAction\",\"target\":[\"https:\\\/\\\/www.article-marketing.eu\\\/comunicatistampa\\\/un-vinitaly-2023-da-applausi-per-maia-wine\\\/\"]}]},{\"@type\":\"BreadcrumbList\",\"@id\":\"https:\\\/\\\/www.article-marketing.eu\\\/comunicatistampa\\\/un-vinitaly-2023-da-applausi-per-maia-wine\\\/#breadcrumb\",\"itemListElement\":[{\"@type\":\"ListItem\",\"position\":1,\"name\":\"Home\",\"item\":\"https:\\\/\\\/www.article-marketing.eu\\\/comunicatistampa\\\/\"},{\"@type\":\"ListItem\",\"position\":2,\"name\":\"Un Vinitaly 2023 da applausi per Maia Wine\"}]},{\"@type\":\"WebSite\",\"@id\":\"https:\\\/\\\/www.article-marketing.eu\\\/comunicatistampa\\\/#website\",\"url\":\"https:\\\/\\\/www.article-marketing.eu\\\/comunicatistampa\\\/\",\"name\":\"Article Marketing\",\"description\":\"article marketing &amp; press release\",\"potentialAction\":[{\"@type\":\"SearchAction\",\"target\":{\"@type\":\"EntryPoint\",\"urlTemplate\":\"https:\\\/\\\/www.article-marketing.eu\\\/comunicatistampa\\\/?s={search_term_string}\"},\"query-input\":{\"@type\":\"PropertyValueSpecification\",\"valueRequired\":true,\"valueName\":\"search_term_string\"}}],\"inLanguage\":\"it-IT\"},{\"@type\":\"Person\",\"@id\":\"https:\\\/\\\/www.article-marketing.eu\\\/comunicatistampa\\\/#\\\/schema\\\/person\\\/1c4ab1c7aad84347e26e78235da6ff1b\",\"name\":\"Borderline Agency\",\"image\":{\"@type\":\"ImageObject\",\"inLanguage\":\"it-IT\",\"@id\":\"https:\\\/\\\/secure.gravatar.com\\\/avatar\\\/741fa053101610cb0be7dc835c116926549ae4ae2142ff35eac04d78fda61461?s=96&d=mm&r=g\",\"url\":\"https:\\\/\\\/secure.gravatar.com\\\/avatar\\\/741fa053101610cb0be7dc835c116926549ae4ae2142ff35eac04d78fda61461?s=96&d=mm&r=g\",\"contentUrl\":\"https:\\\/\\\/secure.gravatar.com\\\/avatar\\\/741fa053101610cb0be7dc835c116926549ae4ae2142ff35eac04d78fda61461?s=96&d=mm&r=g\",\"caption\":\"Borderline Agency\"},\"url\":\"https:\\\/\\\/www.article-marketing.eu\\\/comunicatistampa\\\/author\\\/borderline-agency\\\/\"}]}<\/script>\n<!-- \/ Yoast SEO plugin. -->","yoast_head_json":{"title":"Un Vinitaly 2023 da applausi per Maia Wine - Article Marketing","robots":{"index":"index","follow":"follow","max-snippet":"max-snippet:-1","max-image-preview":"max-image-preview:large","max-video-preview":"max-video-preview:-1"},"canonical":"https:\/\/www.article-marketing.eu\/comunicatistampa\/un-vinitaly-2023-da-applausi-per-maia-wine\/","og_locale":"it_IT","og_type":"article","og_title":"Un Vinitaly 2023 da applausi per Maia Wine - Article Marketing","og_description":"Una nuova campagna, tre premi e un nuovo Prosecco Doc per il brand glamour che continua a stupire con il proprio stile unico, pubblico e addetti ai lavori. Conferme che consolidano la crescita di un marchio sempre pi\u00f9 richiesto e che si fa notare anche in un mercato saturo per la personalit\u00e0 che non teme paragoni Lo spumante italiano nell\u2019evento di casa parte da protagonista a partire dalla campagna affissioniContinue reading...","og_url":"https:\/\/www.article-marketing.eu\/comunicatistampa\/un-vinitaly-2023-da-applausi-per-maia-wine\/","og_site_name":"Article Marketing","article_published_time":"2023-04-23T13:34:43+00:00","author":"Borderline Agency","twitter_card":"summary_large_image","twitter_misc":{"Scritto da":"Borderline Agency","Tempo di lettura stimato":"7 minuti"},"schema":{"@context":"https:\/\/schema.org","@graph":[{"@type":"Article","@id":"https:\/\/www.article-marketing.eu\/comunicatistampa\/un-vinitaly-2023-da-applausi-per-maia-wine\/#article","isPartOf":{"@id":"https:\/\/www.article-marketing.eu\/comunicatistampa\/un-vinitaly-2023-da-applausi-per-maia-wine\/"},"author":{"name":"Borderline Agency","@id":"https:\/\/www.article-marketing.eu\/comunicatistampa\/#\/schema\/person\/1c4ab1c7aad84347e26e78235da6ff1b"},"headline":"Un Vinitaly 2023 da applausi per Maia Wine","datePublished":"2023-04-23T13:34:43+00:00","mainEntityOfPage":{"@id":"https:\/\/www.article-marketing.eu\/comunicatistampa\/un-vinitaly-2023-da-applausi-per-maia-wine\/"},"wordCount":1153,"commentCount":0,"articleSection":["Comunicati stampa"],"inLanguage":"it-IT","potentialAction":[{"@type":"CommentAction","name":"Comment","target":["https:\/\/www.article-marketing.eu\/comunicatistampa\/un-vinitaly-2023-da-applausi-per-maia-wine\/#respond"]}]},{"@type":"WebPage","@id":"https:\/\/www.article-marketing.eu\/comunicatistampa\/un-vinitaly-2023-da-applausi-per-maia-wine\/","url":"https:\/\/www.article-marketing.eu\/comunicatistampa\/un-vinitaly-2023-da-applausi-per-maia-wine\/","name":"Un Vinitaly 2023 da applausi per Maia Wine - Article Marketing","isPartOf":{"@id":"https:\/\/www.article-marketing.eu\/comunicatistampa\/#website"},"datePublished":"2023-04-23T13:34:43+00:00","author":{"@id":"https:\/\/www.article-marketing.eu\/comunicatistampa\/#\/schema\/person\/1c4ab1c7aad84347e26e78235da6ff1b"},"breadcrumb":{"@id":"https:\/\/www.article-marketing.eu\/comunicatistampa\/un-vinitaly-2023-da-applausi-per-maia-wine\/#breadcrumb"},"inLanguage":"it-IT","potentialAction":[{"@type":"ReadAction","target":["https:\/\/www.article-marketing.eu\/comunicatistampa\/un-vinitaly-2023-da-applausi-per-maia-wine\/"]}]},{"@type":"BreadcrumbList","@id":"https:\/\/www.article-marketing.eu\/comunicatistampa\/un-vinitaly-2023-da-applausi-per-maia-wine\/#breadcrumb","itemListElement":[{"@type":"ListItem","position":1,"name":"Home","item":"https:\/\/www.article-marketing.eu\/comunicatistampa\/"},{"@type":"ListItem","position":2,"name":"Un Vinitaly 2023 da applausi per Maia Wine"}]},{"@type":"WebSite","@id":"https:\/\/www.article-marketing.eu\/comunicatistampa\/#website","url":"https:\/\/www.article-marketing.eu\/comunicatistampa\/","name":"Article Marketing","description":"article marketing &amp; press release","potentialAction":[{"@type":"SearchAction","target":{"@type":"EntryPoint","urlTemplate":"https:\/\/www.article-marketing.eu\/comunicatistampa\/?s={search_term_string}"},"query-input":{"@type":"PropertyValueSpecification","valueRequired":true,"valueName":"search_term_string"}}],"inLanguage":"it-IT"},{"@type":"Person","@id":"https:\/\/www.article-marketing.eu\/comunicatistampa\/#\/schema\/person\/1c4ab1c7aad84347e26e78235da6ff1b","name":"Borderline Agency","image":{"@type":"ImageObject","inLanguage":"it-IT","@id":"https:\/\/secure.gravatar.com\/avatar\/741fa053101610cb0be7dc835c116926549ae4ae2142ff35eac04d78fda61461?s=96&d=mm&r=g","url":"https:\/\/secure.gravatar.com\/avatar\/741fa053101610cb0be7dc835c116926549ae4ae2142ff35eac04d78fda61461?s=96&d=mm&r=g","contentUrl":"https:\/\/secure.gravatar.com\/avatar\/741fa053101610cb0be7dc835c116926549ae4ae2142ff35eac04d78fda61461?s=96&d=mm&r=g","caption":"Borderline Agency"},"url":"https:\/\/www.article-marketing.eu\/comunicatistampa\/author\/borderline-agency\/"}]}},"_links":{"self":[{"href":"https:\/\/www.article-marketing.eu\/comunicatistampa\/wp-json\/wp\/v2\/posts\/27031","targetHints":{"allow":["GET"]}}],"collection":[{"href":"https:\/\/www.article-marketing.eu\/comunicatistampa\/wp-json\/wp\/v2\/posts"}],"about":[{"href":"https:\/\/www.article-marketing.eu\/comunicatistampa\/wp-json\/wp\/v2\/types\/post"}],"author":[{"embeddable":true,"href":"https:\/\/www.article-marketing.eu\/comunicatistampa\/wp-json\/wp\/v2\/users\/397"}],"replies":[{"embeddable":true,"href":"https:\/\/www.article-marketing.eu\/comunicatistampa\/wp-json\/wp\/v2\/comments?post=27031"}],"version-history":[{"count":2,"href":"https:\/\/www.article-marketing.eu\/comunicatistampa\/wp-json\/wp\/v2\/posts\/27031\/revisions"}],"predecessor-version":[{"id":27138,"href":"https:\/\/www.article-marketing.eu\/comunicatistampa\/wp-json\/wp\/v2\/posts\/27031\/revisions\/27138"}],"wp:attachment":[{"href":"https:\/\/www.article-marketing.eu\/comunicatistampa\/wp-json\/wp\/v2\/media?parent=27031"}],"wp:term":[{"taxonomy":"category","embeddable":true,"href":"https:\/\/www.article-marketing.eu\/comunicatistampa\/wp-json\/wp\/v2\/categories?post=27031"},{"taxonomy":"post_tag","embeddable":true,"href":"https:\/\/www.article-marketing.eu\/comunicatistampa\/wp-json\/wp\/v2\/tags?post=27031"}],"curies":[{"name":"wp","href":"https:\/\/api.w.org\/{rel}","templated":true}]}}