{"id":2704,"date":"2017-05-23T01:14:21","date_gmt":"2017-05-22T23:14:21","guid":{"rendered":"http:\/\/www.article-marketing.eu\/comunicatistampa\/?p=2704"},"modified":"2017-05-23T01:14:21","modified_gmt":"2017-05-22T23:14:21","slug":"eset-italia-al-fianco-della-race-for-the-cure-2017-per-la-lotta-ai-tumori-al-seno","status":"publish","type":"post","link":"https:\/\/www.article-marketing.eu\/comunicatistampa\/eset-italia-al-fianco-della-race-for-the-cure-2017-per-la-lotta-ai-tumori-al-seno\/","title":{"rendered":"ESET Italia al fianco della Race for the Cure 2017 per la lotta ai tumori al seno"},"content":{"rendered":"<p>I dipendenti di ESET Italia hanno indossato ieri la maglia della Race for the Cure &#8211; l\u2019evento sportivo nato nel 2000 per sensibilizzare l\u2019opinione pubblica sul tema della prevenzione dei tumori del seno &#8211; e hanno partecipato alla corsa stracittadina che si \u00e8 tenuta al Circo Massimo di Roma.<\/p>\n<p>&nbsp;<\/p>\n<p>Con questo contributo piccolo ma concreto, ESET Italia si affianca alle aziende che sostengono la Susan G. Komen Italia (organizzatrice dell\u2019evento), alle Istituzioni, ai testimonial e alle numerose \u2018Donne in Rosa\u2019 che, avendo vissuto l\u2019esperienza di un tumore del seno, lo hanno affrontato e superato.<\/p>\n<p>&nbsp;<\/p>\n<p>ESET Italia, da sempre in prima linea nell\u2019impegno sociale e nel coinvolgimento in iniziative di solidariet\u00e0, ha scelto di sostenere quest\u2019anno la lotta ai tumori del seno poich\u00e9 rappresenta una causa di grande rilevanza sociale che coinvolge direttamente o indirettamente moltissime persone e perch\u00e9 crede fortemente nell\u2019importanza della prevenzione e della ricerca in ogni campo, da quello della sicurezza informatica in cui opera ESET a quello ben pi\u00f9 importante della salute e della lotta ai tumori.<br \/>\nPer ulteriori informazioni su ESET visitare il sito <a href=\"http:\/\/www.eset.it\">www.eset.it<\/a><\/p>\n<p>&nbsp;<\/p>\n<p>&nbsp;<\/p>\n<p>&nbsp;<\/p>\n<p><strong>ESET<\/strong>, fondata nel 1992, \u00e8 uno dei fornitori globali di software per la sicurezza informatica di pubbliche amministrazioni, aziende e utenti privati. Il software ESET NOD32 Antivirus fornisce una protezione in tempo reale da virus, worm, spyware e altri pericoli, conosciuti e non, offrendo il pi\u00f9 elevato livello di protezione disponibile alla massima velocit\u00e0 e con il minimo impiego di risorse di sistema. NOD32 \u00e8 l\u2019antivirus che ha vinto il maggior numero di certificazioni Virus Bulletin 100% e dal 1998 non ha mai mancato l\u2019individuazione di un virus ItW (in fase di diffusione). ESET NOD32 Antivirus, ESET Internet Security e ESET Cybersecurity per Mac rappresentano le soluzioni per la sicurezza informatica pi\u00f9 raccomandate a livello mondiale, avendo ottenuto la fiducia di oltre 100 milioni di utenti. L\u2019azienda, presente in 180 Paesi, ha il suo quartier generale a Bratislava e uffici e centri di ricerca a San Diego, Buenos Aires, Singapore, Praga, Cracovia, Montreal, Mosca. Per quattro anni di seguito ESET \u00e8 stata inclusa fra le aziende Technology Fast 500 EMEA da Deloitte e per dieci anni consecutivi fra le aziende Technology Fast 50 Central Europe. Per maggiori info: <a href=\"http:\/\/www.eset.it\/\"><strong>www.eset.it<\/strong><\/a><\/p>\n<p>&nbsp;<\/p>\n<p><strong>FUTURE TIME<\/strong> \u00e8 il distributore esclusivo dei prodotti ESET per l\u2019Italia, nonch\u00e9 suo partner tecnologico. Fondata a Roma nel 2001, Future Time nasce dalla sinergia di due preesistenti aziende attive da anni nel campo della sicurezza informatica. Future Time, con Paolo Monti e Luca Sambucci, fa parte della <a href=\"http:\/\/www.wildlist.org\/\"><strong>WildList Organization Internationa<\/strong><\/a><strong>l<\/strong>, ente no profit a livello mondiale composto da esperti e aziende antivirus che hanno il compito di riportare mensilmente tipologia e numero dei virus diffusi in ogni Paese. Per maggiori info: <strong>www.eset.it<\/strong><\/p>\n","protected":false},"excerpt":{"rendered":"<p>I dipendenti di ESET Italia hanno indossato ieri la maglia della Race for the Cure &#8211; l\u2019evento sportivo nato nel 2000 per sensibilizzare l\u2019opinione pubblica sul tema della prevenzione dei tumori del seno &#8211; e hanno partecipato alla corsa stracittadina che si \u00e8 tenuta al Circo Massimo di Roma. &nbsp; Con questo contributo piccolo ma concreto, ESET Italia si affianca alle aziende che sostengono la Susan G. Komen Italia (organizzatrice<\/p>\n<p><a class=\"continue-reading\" href=\"https:\/\/www.article-marketing.eu\/comunicatistampa\/eset-italia-al-fianco-della-race-for-the-cure-2017-per-la-lotta-ai-tumori-al-seno\/\">Continue reading&#8230;<\/a><\/p>\n","protected":false},"author":254,"featured_media":0,"comment_status":"open","ping_status":"open","sticky":false,"template":"","format":"standard","meta":{"_monsterinsights_skip_tracking":false,"_monsterinsights_sitenote_active":false,"_monsterinsights_sitenote_note":"","_monsterinsights_sitenote_category":0,"footnotes":""},"categories":[78],"tags":[],"class_list":["post-2704","post","type-post","status-publish","format-standard","hentry","category-comunicati-stampa"],"yoast_head":"<!-- This site is optimized with the Yoast SEO plugin v27.3 - https:\/\/yoast.com\/product\/yoast-seo-wordpress\/ -->\n<title>ESET Italia al fianco della Race for the Cure 2017 per la lotta ai tumori al seno - Article Marketing<\/title>\n<meta name=\"robots\" content=\"index, follow, max-snippet:-1, max-image-preview:large, max-video-preview:-1\" \/>\n<link rel=\"canonical\" href=\"https:\/\/www.article-marketing.eu\/comunicatistampa\/eset-italia-al-fianco-della-race-for-the-cure-2017-per-la-lotta-ai-tumori-al-seno\/\" \/>\n<meta property=\"og:locale\" content=\"it_IT\" \/>\n<meta property=\"og:type\" content=\"article\" \/>\n<meta property=\"og:title\" content=\"ESET Italia al fianco della Race for the Cure 2017 per la lotta ai tumori al seno - Article Marketing\" \/>\n<meta property=\"og:description\" content=\"I dipendenti di ESET Italia hanno indossato ieri la maglia della Race for the Cure &#8211; l\u2019evento sportivo nato nel 2000 per sensibilizzare l\u2019opinione pubblica sul tema della prevenzione dei tumori del seno &#8211; e hanno partecipato alla corsa stracittadina che si \u00e8 tenuta al Circo Massimo di Roma. &nbsp; Con questo contributo piccolo ma concreto, ESET Italia si affianca alle aziende che sostengono la Susan G. Komen Italia (organizzatriceContinue reading...\" \/>\n<meta property=\"og:url\" content=\"https:\/\/www.article-marketing.eu\/comunicatistampa\/eset-italia-al-fianco-della-race-for-the-cure-2017-per-la-lotta-ai-tumori-al-seno\/\" \/>\n<meta property=\"og:site_name\" content=\"Article Marketing\" \/>\n<meta property=\"article:published_time\" content=\"2017-05-22T23:14:21+00:00\" \/>\n<meta name=\"author\" content=\"Egiuliano\" \/>\n<meta name=\"twitter:card\" content=\"summary_large_image\" \/>\n<meta name=\"twitter:label1\" content=\"Scritto da\" \/>\n\t<meta name=\"twitter:data1\" content=\"Egiuliano\" \/>\n\t<meta name=\"twitter:label2\" content=\"Tempo di lettura stimato\" \/>\n\t<meta name=\"twitter:data2\" content=\"2 minuti\" \/>\n<script type=\"application\/ld+json\" class=\"yoast-schema-graph\">{\"@context\":\"https:\\\/\\\/schema.org\",\"@graph\":[{\"@type\":\"Article\",\"@id\":\"https:\\\/\\\/www.article-marketing.eu\\\/comunicatistampa\\\/eset-italia-al-fianco-della-race-for-the-cure-2017-per-la-lotta-ai-tumori-al-seno\\\/#article\",\"isPartOf\":{\"@id\":\"https:\\\/\\\/www.article-marketing.eu\\\/comunicatistampa\\\/eset-italia-al-fianco-della-race-for-the-cure-2017-per-la-lotta-ai-tumori-al-seno\\\/\"},\"author\":{\"name\":\"Egiuliano\",\"@id\":\"https:\\\/\\\/www.article-marketing.eu\\\/comunicatistampa\\\/#\\\/schema\\\/person\\\/ecf1fe95a2b0421baeb0a4eb979dbf55\"},\"headline\":\"ESET Italia al fianco della Race for the Cure 2017 per la lotta ai tumori al seno\",\"datePublished\":\"2017-05-22T23:14:21+00:00\",\"mainEntityOfPage\":{\"@id\":\"https:\\\/\\\/www.article-marketing.eu\\\/comunicatistampa\\\/eset-italia-al-fianco-della-race-for-the-cure-2017-per-la-lotta-ai-tumori-al-seno\\\/\"},\"wordCount\":477,\"commentCount\":0,\"articleSection\":[\"Comunicati stampa\"],\"inLanguage\":\"it-IT\",\"potentialAction\":[{\"@type\":\"CommentAction\",\"name\":\"Comment\",\"target\":[\"https:\\\/\\\/www.article-marketing.eu\\\/comunicatistampa\\\/eset-italia-al-fianco-della-race-for-the-cure-2017-per-la-lotta-ai-tumori-al-seno\\\/#respond\"]}]},{\"@type\":\"WebPage\",\"@id\":\"https:\\\/\\\/www.article-marketing.eu\\\/comunicatistampa\\\/eset-italia-al-fianco-della-race-for-the-cure-2017-per-la-lotta-ai-tumori-al-seno\\\/\",\"url\":\"https:\\\/\\\/www.article-marketing.eu\\\/comunicatistampa\\\/eset-italia-al-fianco-della-race-for-the-cure-2017-per-la-lotta-ai-tumori-al-seno\\\/\",\"name\":\"ESET Italia al fianco della Race for the Cure 2017 per la lotta ai tumori al seno - Article Marketing\",\"isPartOf\":{\"@id\":\"https:\\\/\\\/www.article-marketing.eu\\\/comunicatistampa\\\/#website\"},\"datePublished\":\"2017-05-22T23:14:21+00:00\",\"author\":{\"@id\":\"https:\\\/\\\/www.article-marketing.eu\\\/comunicatistampa\\\/#\\\/schema\\\/person\\\/ecf1fe95a2b0421baeb0a4eb979dbf55\"},\"breadcrumb\":{\"@id\":\"https:\\\/\\\/www.article-marketing.eu\\\/comunicatistampa\\\/eset-italia-al-fianco-della-race-for-the-cure-2017-per-la-lotta-ai-tumori-al-seno\\\/#breadcrumb\"},\"inLanguage\":\"it-IT\",\"potentialAction\":[{\"@type\":\"ReadAction\",\"target\":[\"https:\\\/\\\/www.article-marketing.eu\\\/comunicatistampa\\\/eset-italia-al-fianco-della-race-for-the-cure-2017-per-la-lotta-ai-tumori-al-seno\\\/\"]}]},{\"@type\":\"BreadcrumbList\",\"@id\":\"https:\\\/\\\/www.article-marketing.eu\\\/comunicatistampa\\\/eset-italia-al-fianco-della-race-for-the-cure-2017-per-la-lotta-ai-tumori-al-seno\\\/#breadcrumb\",\"itemListElement\":[{\"@type\":\"ListItem\",\"position\":1,\"name\":\"Home\",\"item\":\"https:\\\/\\\/www.article-marketing.eu\\\/comunicatistampa\\\/\"},{\"@type\":\"ListItem\",\"position\":2,\"name\":\"ESET Italia al fianco della Race for the Cure 2017 per la lotta ai tumori al seno\"}]},{\"@type\":\"WebSite\",\"@id\":\"https:\\\/\\\/www.article-marketing.eu\\\/comunicatistampa\\\/#website\",\"url\":\"https:\\\/\\\/www.article-marketing.eu\\\/comunicatistampa\\\/\",\"name\":\"Article Marketing\",\"description\":\"article marketing &amp; press release\",\"potentialAction\":[{\"@type\":\"SearchAction\",\"target\":{\"@type\":\"EntryPoint\",\"urlTemplate\":\"https:\\\/\\\/www.article-marketing.eu\\\/comunicatistampa\\\/?s={search_term_string}\"},\"query-input\":{\"@type\":\"PropertyValueSpecification\",\"valueRequired\":true,\"valueName\":\"search_term_string\"}}],\"inLanguage\":\"it-IT\"},{\"@type\":\"Person\",\"@id\":\"https:\\\/\\\/www.article-marketing.eu\\\/comunicatistampa\\\/#\\\/schema\\\/person\\\/ecf1fe95a2b0421baeb0a4eb979dbf55\",\"name\":\"Egiuliano\",\"image\":{\"@type\":\"ImageObject\",\"inLanguage\":\"it-IT\",\"@id\":\"https:\\\/\\\/secure.gravatar.com\\\/avatar\\\/9f2da407b906209a5c89e9f7c418e1cb6bafebf78ca0cf9c9884b8068e0718f4?s=96&d=mm&r=g\",\"url\":\"https:\\\/\\\/secure.gravatar.com\\\/avatar\\\/9f2da407b906209a5c89e9f7c418e1cb6bafebf78ca0cf9c9884b8068e0718f4?s=96&d=mm&r=g\",\"contentUrl\":\"https:\\\/\\\/secure.gravatar.com\\\/avatar\\\/9f2da407b906209a5c89e9f7c418e1cb6bafebf78ca0cf9c9884b8068e0718f4?s=96&d=mm&r=g\",\"caption\":\"Egiuliano\"},\"url\":\"https:\\\/\\\/www.article-marketing.eu\\\/comunicatistampa\\\/author\\\/egiuliano\\\/\"}]}<\/script>\n<!-- \/ Yoast SEO plugin. -->","yoast_head_json":{"title":"ESET Italia al fianco della Race for the Cure 2017 per la lotta ai tumori al seno - Article Marketing","robots":{"index":"index","follow":"follow","max-snippet":"max-snippet:-1","max-image-preview":"max-image-preview:large","max-video-preview":"max-video-preview:-1"},"canonical":"https:\/\/www.article-marketing.eu\/comunicatistampa\/eset-italia-al-fianco-della-race-for-the-cure-2017-per-la-lotta-ai-tumori-al-seno\/","og_locale":"it_IT","og_type":"article","og_title":"ESET Italia al fianco della Race for the Cure 2017 per la lotta ai tumori al seno - Article Marketing","og_description":"I dipendenti di ESET Italia hanno indossato ieri la maglia della Race for the Cure &#8211; l\u2019evento sportivo nato nel 2000 per sensibilizzare l\u2019opinione pubblica sul tema della prevenzione dei tumori del seno &#8211; e hanno partecipato alla corsa stracittadina che si \u00e8 tenuta al Circo Massimo di Roma. &nbsp; Con questo contributo piccolo ma concreto, ESET Italia si affianca alle aziende che sostengono la Susan G. Komen Italia (organizzatriceContinue reading...","og_url":"https:\/\/www.article-marketing.eu\/comunicatistampa\/eset-italia-al-fianco-della-race-for-the-cure-2017-per-la-lotta-ai-tumori-al-seno\/","og_site_name":"Article Marketing","article_published_time":"2017-05-22T23:14:21+00:00","author":"Egiuliano","twitter_card":"summary_large_image","twitter_misc":{"Scritto da":"Egiuliano","Tempo di lettura stimato":"2 minuti"},"schema":{"@context":"https:\/\/schema.org","@graph":[{"@type":"Article","@id":"https:\/\/www.article-marketing.eu\/comunicatistampa\/eset-italia-al-fianco-della-race-for-the-cure-2017-per-la-lotta-ai-tumori-al-seno\/#article","isPartOf":{"@id":"https:\/\/www.article-marketing.eu\/comunicatistampa\/eset-italia-al-fianco-della-race-for-the-cure-2017-per-la-lotta-ai-tumori-al-seno\/"},"author":{"name":"Egiuliano","@id":"https:\/\/www.article-marketing.eu\/comunicatistampa\/#\/schema\/person\/ecf1fe95a2b0421baeb0a4eb979dbf55"},"headline":"ESET Italia al fianco della Race for the Cure 2017 per la lotta ai tumori al seno","datePublished":"2017-05-22T23:14:21+00:00","mainEntityOfPage":{"@id":"https:\/\/www.article-marketing.eu\/comunicatistampa\/eset-italia-al-fianco-della-race-for-the-cure-2017-per-la-lotta-ai-tumori-al-seno\/"},"wordCount":477,"commentCount":0,"articleSection":["Comunicati stampa"],"inLanguage":"it-IT","potentialAction":[{"@type":"CommentAction","name":"Comment","target":["https:\/\/www.article-marketing.eu\/comunicatistampa\/eset-italia-al-fianco-della-race-for-the-cure-2017-per-la-lotta-ai-tumori-al-seno\/#respond"]}]},{"@type":"WebPage","@id":"https:\/\/www.article-marketing.eu\/comunicatistampa\/eset-italia-al-fianco-della-race-for-the-cure-2017-per-la-lotta-ai-tumori-al-seno\/","url":"https:\/\/www.article-marketing.eu\/comunicatistampa\/eset-italia-al-fianco-della-race-for-the-cure-2017-per-la-lotta-ai-tumori-al-seno\/","name":"ESET Italia al fianco della Race for the Cure 2017 per la lotta ai tumori al seno - Article Marketing","isPartOf":{"@id":"https:\/\/www.article-marketing.eu\/comunicatistampa\/#website"},"datePublished":"2017-05-22T23:14:21+00:00","author":{"@id":"https:\/\/www.article-marketing.eu\/comunicatistampa\/#\/schema\/person\/ecf1fe95a2b0421baeb0a4eb979dbf55"},"breadcrumb":{"@id":"https:\/\/www.article-marketing.eu\/comunicatistampa\/eset-italia-al-fianco-della-race-for-the-cure-2017-per-la-lotta-ai-tumori-al-seno\/#breadcrumb"},"inLanguage":"it-IT","potentialAction":[{"@type":"ReadAction","target":["https:\/\/www.article-marketing.eu\/comunicatistampa\/eset-italia-al-fianco-della-race-for-the-cure-2017-per-la-lotta-ai-tumori-al-seno\/"]}]},{"@type":"BreadcrumbList","@id":"https:\/\/www.article-marketing.eu\/comunicatistampa\/eset-italia-al-fianco-della-race-for-the-cure-2017-per-la-lotta-ai-tumori-al-seno\/#breadcrumb","itemListElement":[{"@type":"ListItem","position":1,"name":"Home","item":"https:\/\/www.article-marketing.eu\/comunicatistampa\/"},{"@type":"ListItem","position":2,"name":"ESET Italia al fianco della Race for the Cure 2017 per la lotta ai tumori al seno"}]},{"@type":"WebSite","@id":"https:\/\/www.article-marketing.eu\/comunicatistampa\/#website","url":"https:\/\/www.article-marketing.eu\/comunicatistampa\/","name":"Article Marketing","description":"article marketing &amp; press release","potentialAction":[{"@type":"SearchAction","target":{"@type":"EntryPoint","urlTemplate":"https:\/\/www.article-marketing.eu\/comunicatistampa\/?s={search_term_string}"},"query-input":{"@type":"PropertyValueSpecification","valueRequired":true,"valueName":"search_term_string"}}],"inLanguage":"it-IT"},{"@type":"Person","@id":"https:\/\/www.article-marketing.eu\/comunicatistampa\/#\/schema\/person\/ecf1fe95a2b0421baeb0a4eb979dbf55","name":"Egiuliano","image":{"@type":"ImageObject","inLanguage":"it-IT","@id":"https:\/\/secure.gravatar.com\/avatar\/9f2da407b906209a5c89e9f7c418e1cb6bafebf78ca0cf9c9884b8068e0718f4?s=96&d=mm&r=g","url":"https:\/\/secure.gravatar.com\/avatar\/9f2da407b906209a5c89e9f7c418e1cb6bafebf78ca0cf9c9884b8068e0718f4?s=96&d=mm&r=g","contentUrl":"https:\/\/secure.gravatar.com\/avatar\/9f2da407b906209a5c89e9f7c418e1cb6bafebf78ca0cf9c9884b8068e0718f4?s=96&d=mm&r=g","caption":"Egiuliano"},"url":"https:\/\/www.article-marketing.eu\/comunicatistampa\/author\/egiuliano\/"}]}},"_links":{"self":[{"href":"https:\/\/www.article-marketing.eu\/comunicatistampa\/wp-json\/wp\/v2\/posts\/2704","targetHints":{"allow":["GET"]}}],"collection":[{"href":"https:\/\/www.article-marketing.eu\/comunicatistampa\/wp-json\/wp\/v2\/posts"}],"about":[{"href":"https:\/\/www.article-marketing.eu\/comunicatistampa\/wp-json\/wp\/v2\/types\/post"}],"author":[{"embeddable":true,"href":"https:\/\/www.article-marketing.eu\/comunicatistampa\/wp-json\/wp\/v2\/users\/254"}],"replies":[{"embeddable":true,"href":"https:\/\/www.article-marketing.eu\/comunicatistampa\/wp-json\/wp\/v2\/comments?post=2704"}],"version-history":[{"count":2,"href":"https:\/\/www.article-marketing.eu\/comunicatistampa\/wp-json\/wp\/v2\/posts\/2704\/revisions"}],"predecessor-version":[{"id":2721,"href":"https:\/\/www.article-marketing.eu\/comunicatistampa\/wp-json\/wp\/v2\/posts\/2704\/revisions\/2721"}],"wp:attachment":[{"href":"https:\/\/www.article-marketing.eu\/comunicatistampa\/wp-json\/wp\/v2\/media?parent=2704"}],"wp:term":[{"taxonomy":"category","embeddable":true,"href":"https:\/\/www.article-marketing.eu\/comunicatistampa\/wp-json\/wp\/v2\/categories?post=2704"},{"taxonomy":"post_tag","embeddable":true,"href":"https:\/\/www.article-marketing.eu\/comunicatistampa\/wp-json\/wp\/v2\/tags?post=2704"}],"curies":[{"name":"wp","href":"https:\/\/api.w.org\/{rel}","templated":true}]}}