{"id":27052,"date":"2023-04-25T08:09:35","date_gmt":"2023-04-25T06:09:35","guid":{"rendered":"https:\/\/www.article-marketing.eu\/comunicatistampa\/?p=27052"},"modified":"2023-04-23T16:11:04","modified_gmt":"2023-04-23T14:11:04","slug":"le-conseguenze-della-crisi-economica-in-italia-leditoriale-di-giampiero-catone","status":"publish","type":"post","link":"https:\/\/www.article-marketing.eu\/comunicatistampa\/le-conseguenze-della-crisi-economica-in-italia-leditoriale-di-giampiero-catone\/","title":{"rendered":"Le conseguenze della crisi economica in Italia: l\u2019editoriale di Giampiero Catone"},"content":{"rendered":"<p><em><strong>Il Direttore del quotidiano \u201cLa Discussione\u201d <a title=\"Giampiero Catone, politiche economiche e sociali, crisi economica\" href=\"https:\/\/www.nellanotizia.net\/public\/fileuploati1\/smalla_23-03-234493-1.webp\">Giampiero Catone ha approfondito in un suo editoriale il tema della crisi economica<\/a> in Italia, analizzando le conseguenze sul piano sociale ed avanzando delle proposte per risolvere il problema.<\/strong><\/em><\/p>\n<p><a title=\"Giampiero Catone, crisi economica in Italia\" href=\"https:\/\/www.nellanotizia.net\/scheda_it_126710_Giampiero-Catone--evitare-il-declino-con-politiche-concrete-sostenendo-chi-assume_1.html\"><img loading=\"lazy\" decoding=\"async\" src=\"https:\/\/www.nellanotizia.net\/public\/fileuploati1\/smalla_23-03-234493-1.webp\" alt=\"Giampiero Catone\" width=\"300\" height=\"167\" \/><\/a><\/p>\n<h2>Giampiero Catone: dal declino economico a una minore qualit\u00e0 della vita<\/h2>\n<p>La crisi economica che sta affrontando il Paese sta avendo dei risvolti sociali davvero importanti. Nel suo editoriale <a title=\"Giampiero Catone, crisi economica e sociale in Italia\" href=\"https:\/\/www.nellanotizia.net\/public\/fileuploati1\/smalla_23-03-234493-1.webp\"><strong>Giampiero Catone<\/strong><\/a> fa infatti notare quanto sia rilevante il fenomeno del progressivo spopolamento degli esercizi commerciali come le librerie e i negozi di giocattoli. Tali esercizi hanno registrato un crollo del 31%. Al loro posto sorgono invece farmacie, negozi di telefonia e bar. Tra gli effetti pi\u00f9 gravi scaturiti da questa situazione vi \u00e8 la conseguente scomparsa dei servizi e quindi una forte diminuzione della vivibilit\u00e0 e della sicurezza. In altre parole, il declino economico ha un impatto negativo anche sulla qualit\u00e0 di vita delle persone. A portare alla luce il problema della desertificazione sono stati anche Confcommercio e Confesercenti, che hanno espresso preoccupazione per il deficit di sicurezza a cui molte citt\u00e0 italiane sono sempre pi\u00f9 esposte.<\/p>\n<h2>La risposta di Giampiero Catone per gestire la crisi<\/h2>\n<p>\u201c<em>Bisogna a tutti i costi promuovere una svolta virtuosa. Evitare l\u2019invivibilit\u00e0 e l\u2019aggravarsi del divario, lacerato dalla crisi sociale, tra centri storici e periferie. Tra citt\u00e0 e paesi, tra aree costiere e quelle montane. Sono maturi i tempi che la politica, le parti sociali de enti locali comincino a trovare soluzioni rapide<\/em>\u201d, scrive <strong>Giampiero Catone<\/strong> nel suo editoriale. Per il Direttore de \u201cLa Discussione\u201d la risposta al problema della crisi \u00e8 da individuare nelle politiche per il lavoro, negli incentivi per l\u2019occupazione stabile e in un piano di sostegno per le imprese. \u201c<em>Politiche concrete<\/em>\u201d in grado di \u201c<em>arrestare un declino che non \u00e8 inesorabile<\/em>\u201d, magari incoraggiando quelle aziende che ampliano i propri organici, assumendo e creando prospettive reali di lavoro. Sono dello stesso parere le Associazioni di categoria di commercio, artigianato e agricoltura, le quali chiedono al Governo pi\u00f9 incentivi per il lavoro e per la formazione, oltre ad un utilizzo pi\u00f9 ampio e selettivo dei fondi nel PNRR.<\/p>\n","protected":false},"excerpt":{"rendered":"<p>Il Direttore del quotidiano \u201cLa Discussione\u201d Giampiero Catone ha approfondito in un suo editoriale il tema della crisi economica in Italia, analizzando le conseguenze sul piano sociale ed avanzando delle proposte per risolvere il problema. Giampiero Catone: dal declino economico a una minore qualit\u00e0 della vita La crisi economica che sta affrontando il Paese sta avendo dei risvolti sociali davvero importanti. Nel suo editoriale Giampiero Catone fa infatti notare quanto<\/p>\n<p><a class=\"continue-reading\" href=\"https:\/\/www.article-marketing.eu\/comunicatistampa\/le-conseguenze-della-crisi-economica-in-italia-leditoriale-di-giampiero-catone\/\">Continue reading&#8230;<\/a><\/p>\n","protected":false},"author":6477,"featured_media":0,"comment_status":"open","ping_status":"open","sticky":false,"template":"","format":"standard","meta":{"_monsterinsights_skip_tracking":false,"_monsterinsights_sitenote_active":false,"_monsterinsights_sitenote_note":"","_monsterinsights_sitenote_category":0,"footnotes":""},"categories":[386],"tags":[9329],"class_list":["post-27052","post","type-post","status-publish","format-standard","hentry","category-economia-e-lavoro","tag-giampiero-catone"],"yoast_head":"<!-- This site is optimized with the Yoast SEO plugin v27.3 - https:\/\/yoast.com\/product\/yoast-seo-wordpress\/ -->\n<title>Le conseguenze della crisi economica in Italia: l\u2019editoriale di Giampiero Catone<\/title>\n<meta name=\"robots\" content=\"index, follow, max-snippet:-1, max-image-preview:large, max-video-preview:-1\" \/>\n<link rel=\"canonical\" href=\"https:\/\/www.article-marketing.eu\/comunicatistampa\/le-conseguenze-della-crisi-economica-in-italia-leditoriale-di-giampiero-catone\/\" \/>\n<meta property=\"og:locale\" content=\"it_IT\" \/>\n<meta property=\"og:type\" content=\"article\" \/>\n<meta property=\"og:title\" content=\"Le conseguenze della crisi economica in Italia: l\u2019editoriale di Giampiero Catone\" \/>\n<meta property=\"og:description\" content=\"Il Direttore del quotidiano \u201cLa Discussione\u201d Giampiero Catone ha approfondito in un suo editoriale il tema della crisi economica in Italia, analizzando le conseguenze sul piano sociale ed avanzando delle proposte per risolvere il problema. Giampiero Catone: dal declino economico a una minore qualit\u00e0 della vita La crisi economica che sta affrontando il Paese sta avendo dei risvolti sociali davvero importanti. Nel suo editoriale Giampiero Catone fa infatti notare quantoContinue reading...\" \/>\n<meta property=\"og:url\" content=\"https:\/\/www.article-marketing.eu\/comunicatistampa\/le-conseguenze-della-crisi-economica-in-italia-leditoriale-di-giampiero-catone\/\" \/>\n<meta property=\"og:site_name\" content=\"Article Marketing\" \/>\n<meta property=\"article:published_time\" content=\"2023-04-25T06:09:35+00:00\" \/>\n<meta property=\"og:image\" content=\"https:\/\/www.nellanotizia.net\/public\/fileuploati1\/smalla_23-03-234493-1.webp\" \/>\n<meta name=\"author\" content=\"articolinews\" \/>\n<meta name=\"twitter:card\" content=\"summary_large_image\" \/>\n<meta name=\"twitter:label1\" content=\"Scritto da\" \/>\n\t<meta name=\"twitter:data1\" content=\"articolinews\" \/>\n\t<meta name=\"twitter:label2\" content=\"Tempo di lettura stimato\" \/>\n\t<meta name=\"twitter:data2\" content=\"3 minuti\" \/>\n<script type=\"application\/ld+json\" class=\"yoast-schema-graph\">{\"@context\":\"https:\\\/\\\/schema.org\",\"@graph\":[{\"@type\":\"Article\",\"@id\":\"https:\\\/\\\/www.article-marketing.eu\\\/comunicatistampa\\\/le-conseguenze-della-crisi-economica-in-italia-leditoriale-di-giampiero-catone\\\/#article\",\"isPartOf\":{\"@id\":\"https:\\\/\\\/www.article-marketing.eu\\\/comunicatistampa\\\/le-conseguenze-della-crisi-economica-in-italia-leditoriale-di-giampiero-catone\\\/\"},\"author\":{\"name\":\"articolinews\",\"@id\":\"https:\\\/\\\/www.article-marketing.eu\\\/comunicatistampa\\\/#\\\/schema\\\/person\\\/2fcaf8f8f3a9eef9eb7f27532d3ca458\"},\"headline\":\"Le conseguenze della crisi economica in Italia: l\u2019editoriale di Giampiero Catone\",\"datePublished\":\"2023-04-25T06:09:35+00:00\",\"mainEntityOfPage\":{\"@id\":\"https:\\\/\\\/www.article-marketing.eu\\\/comunicatistampa\\\/le-conseguenze-della-crisi-economica-in-italia-leditoriale-di-giampiero-catone\\\/\"},\"wordCount\":361,\"commentCount\":0,\"image\":{\"@id\":\"https:\\\/\\\/www.article-marketing.eu\\\/comunicatistampa\\\/le-conseguenze-della-crisi-economica-in-italia-leditoriale-di-giampiero-catone\\\/#primaryimage\"},\"thumbnailUrl\":\"https:\\\/\\\/www.nellanotizia.net\\\/public\\\/fileuploati1\\\/smalla_23-03-234493-1.webp\",\"keywords\":[\"Giampiero Catone\"],\"articleSection\":[\"Economia e lavoro\"],\"inLanguage\":\"it-IT\",\"potentialAction\":[{\"@type\":\"CommentAction\",\"name\":\"Comment\",\"target\":[\"https:\\\/\\\/www.article-marketing.eu\\\/comunicatistampa\\\/le-conseguenze-della-crisi-economica-in-italia-leditoriale-di-giampiero-catone\\\/#respond\"]}]},{\"@type\":\"WebPage\",\"@id\":\"https:\\\/\\\/www.article-marketing.eu\\\/comunicatistampa\\\/le-conseguenze-della-crisi-economica-in-italia-leditoriale-di-giampiero-catone\\\/\",\"url\":\"https:\\\/\\\/www.article-marketing.eu\\\/comunicatistampa\\\/le-conseguenze-della-crisi-economica-in-italia-leditoriale-di-giampiero-catone\\\/\",\"name\":\"Le conseguenze della crisi economica in Italia: l\u2019editoriale di Giampiero Catone\",\"isPartOf\":{\"@id\":\"https:\\\/\\\/www.article-marketing.eu\\\/comunicatistampa\\\/#website\"},\"primaryImageOfPage\":{\"@id\":\"https:\\\/\\\/www.article-marketing.eu\\\/comunicatistampa\\\/le-conseguenze-della-crisi-economica-in-italia-leditoriale-di-giampiero-catone\\\/#primaryimage\"},\"image\":{\"@id\":\"https:\\\/\\\/www.article-marketing.eu\\\/comunicatistampa\\\/le-conseguenze-della-crisi-economica-in-italia-leditoriale-di-giampiero-catone\\\/#primaryimage\"},\"thumbnailUrl\":\"https:\\\/\\\/www.nellanotizia.net\\\/public\\\/fileuploati1\\\/smalla_23-03-234493-1.webp\",\"datePublished\":\"2023-04-25T06:09:35+00:00\",\"author\":{\"@id\":\"https:\\\/\\\/www.article-marketing.eu\\\/comunicatistampa\\\/#\\\/schema\\\/person\\\/2fcaf8f8f3a9eef9eb7f27532d3ca458\"},\"breadcrumb\":{\"@id\":\"https:\\\/\\\/www.article-marketing.eu\\\/comunicatistampa\\\/le-conseguenze-della-crisi-economica-in-italia-leditoriale-di-giampiero-catone\\\/#breadcrumb\"},\"inLanguage\":\"it-IT\",\"potentialAction\":[{\"@type\":\"ReadAction\",\"target\":[\"https:\\\/\\\/www.article-marketing.eu\\\/comunicatistampa\\\/le-conseguenze-della-crisi-economica-in-italia-leditoriale-di-giampiero-catone\\\/\"]}]},{\"@type\":\"ImageObject\",\"inLanguage\":\"it-IT\",\"@id\":\"https:\\\/\\\/www.article-marketing.eu\\\/comunicatistampa\\\/le-conseguenze-della-crisi-economica-in-italia-leditoriale-di-giampiero-catone\\\/#primaryimage\",\"url\":\"https:\\\/\\\/www.nellanotizia.net\\\/public\\\/fileuploati1\\\/smalla_23-03-234493-1.webp\",\"contentUrl\":\"https:\\\/\\\/www.nellanotizia.net\\\/public\\\/fileuploati1\\\/smalla_23-03-234493-1.webp\"},{\"@type\":\"BreadcrumbList\",\"@id\":\"https:\\\/\\\/www.article-marketing.eu\\\/comunicatistampa\\\/le-conseguenze-della-crisi-economica-in-italia-leditoriale-di-giampiero-catone\\\/#breadcrumb\",\"itemListElement\":[{\"@type\":\"ListItem\",\"position\":1,\"name\":\"Home\",\"item\":\"https:\\\/\\\/www.article-marketing.eu\\\/comunicatistampa\\\/\"},{\"@type\":\"ListItem\",\"position\":2,\"name\":\"Le conseguenze della crisi economica in Italia: l\u2019editoriale di Giampiero Catone\"}]},{\"@type\":\"WebSite\",\"@id\":\"https:\\\/\\\/www.article-marketing.eu\\\/comunicatistampa\\\/#website\",\"url\":\"https:\\\/\\\/www.article-marketing.eu\\\/comunicatistampa\\\/\",\"name\":\"Article Marketing\",\"description\":\"article marketing &amp; press release\",\"potentialAction\":[{\"@type\":\"SearchAction\",\"target\":{\"@type\":\"EntryPoint\",\"urlTemplate\":\"https:\\\/\\\/www.article-marketing.eu\\\/comunicatistampa\\\/?s={search_term_string}\"},\"query-input\":{\"@type\":\"PropertyValueSpecification\",\"valueRequired\":true,\"valueName\":\"search_term_string\"}}],\"inLanguage\":\"it-IT\"},{\"@type\":\"Person\",\"@id\":\"https:\\\/\\\/www.article-marketing.eu\\\/comunicatistampa\\\/#\\\/schema\\\/person\\\/2fcaf8f8f3a9eef9eb7f27532d3ca458\",\"name\":\"articolinews\",\"image\":{\"@type\":\"ImageObject\",\"inLanguage\":\"it-IT\",\"@id\":\"https:\\\/\\\/secure.gravatar.com\\\/avatar\\\/9e2a264bab04e17dea24d937c9956304649a848cb73c46747a692ff1bdeb1cb7?s=96&d=mm&r=g\",\"url\":\"https:\\\/\\\/secure.gravatar.com\\\/avatar\\\/9e2a264bab04e17dea24d937c9956304649a848cb73c46747a692ff1bdeb1cb7?s=96&d=mm&r=g\",\"contentUrl\":\"https:\\\/\\\/secure.gravatar.com\\\/avatar\\\/9e2a264bab04e17dea24d937c9956304649a848cb73c46747a692ff1bdeb1cb7?s=96&d=mm&r=g\",\"caption\":\"articolinews\"},\"url\":\"https:\\\/\\\/www.article-marketing.eu\\\/comunicatistampa\\\/author\\\/articolinews\\\/\"}]}<\/script>\n<!-- \/ Yoast SEO plugin. -->","yoast_head_json":{"title":"Le conseguenze della crisi economica in Italia: l\u2019editoriale di Giampiero Catone","robots":{"index":"index","follow":"follow","max-snippet":"max-snippet:-1","max-image-preview":"max-image-preview:large","max-video-preview":"max-video-preview:-1"},"canonical":"https:\/\/www.article-marketing.eu\/comunicatistampa\/le-conseguenze-della-crisi-economica-in-italia-leditoriale-di-giampiero-catone\/","og_locale":"it_IT","og_type":"article","og_title":"Le conseguenze della crisi economica in Italia: l\u2019editoriale di Giampiero Catone","og_description":"Il Direttore del quotidiano \u201cLa Discussione\u201d Giampiero Catone ha approfondito in un suo editoriale il tema della crisi economica in Italia, analizzando le conseguenze sul piano sociale ed avanzando delle proposte per risolvere il problema. Giampiero Catone: dal declino economico a una minore qualit\u00e0 della vita La crisi economica che sta affrontando il Paese sta avendo dei risvolti sociali davvero importanti. Nel suo editoriale Giampiero Catone fa infatti notare quantoContinue reading...","og_url":"https:\/\/www.article-marketing.eu\/comunicatistampa\/le-conseguenze-della-crisi-economica-in-italia-leditoriale-di-giampiero-catone\/","og_site_name":"Article Marketing","article_published_time":"2023-04-25T06:09:35+00:00","og_image":[{"url":"https:\/\/www.nellanotizia.net\/public\/fileuploati1\/smalla_23-03-234493-1.webp","type":"","width":"","height":""}],"author":"articolinews","twitter_card":"summary_large_image","twitter_misc":{"Scritto da":"articolinews","Tempo di lettura stimato":"3 minuti"},"schema":{"@context":"https:\/\/schema.org","@graph":[{"@type":"Article","@id":"https:\/\/www.article-marketing.eu\/comunicatistampa\/le-conseguenze-della-crisi-economica-in-italia-leditoriale-di-giampiero-catone\/#article","isPartOf":{"@id":"https:\/\/www.article-marketing.eu\/comunicatistampa\/le-conseguenze-della-crisi-economica-in-italia-leditoriale-di-giampiero-catone\/"},"author":{"name":"articolinews","@id":"https:\/\/www.article-marketing.eu\/comunicatistampa\/#\/schema\/person\/2fcaf8f8f3a9eef9eb7f27532d3ca458"},"headline":"Le conseguenze della crisi economica in Italia: l\u2019editoriale di Giampiero Catone","datePublished":"2023-04-25T06:09:35+00:00","mainEntityOfPage":{"@id":"https:\/\/www.article-marketing.eu\/comunicatistampa\/le-conseguenze-della-crisi-economica-in-italia-leditoriale-di-giampiero-catone\/"},"wordCount":361,"commentCount":0,"image":{"@id":"https:\/\/www.article-marketing.eu\/comunicatistampa\/le-conseguenze-della-crisi-economica-in-italia-leditoriale-di-giampiero-catone\/#primaryimage"},"thumbnailUrl":"https:\/\/www.nellanotizia.net\/public\/fileuploati1\/smalla_23-03-234493-1.webp","keywords":["Giampiero Catone"],"articleSection":["Economia e lavoro"],"inLanguage":"it-IT","potentialAction":[{"@type":"CommentAction","name":"Comment","target":["https:\/\/www.article-marketing.eu\/comunicatistampa\/le-conseguenze-della-crisi-economica-in-italia-leditoriale-di-giampiero-catone\/#respond"]}]},{"@type":"WebPage","@id":"https:\/\/www.article-marketing.eu\/comunicatistampa\/le-conseguenze-della-crisi-economica-in-italia-leditoriale-di-giampiero-catone\/","url":"https:\/\/www.article-marketing.eu\/comunicatistampa\/le-conseguenze-della-crisi-economica-in-italia-leditoriale-di-giampiero-catone\/","name":"Le conseguenze della crisi economica in Italia: l\u2019editoriale di Giampiero Catone","isPartOf":{"@id":"https:\/\/www.article-marketing.eu\/comunicatistampa\/#website"},"primaryImageOfPage":{"@id":"https:\/\/www.article-marketing.eu\/comunicatistampa\/le-conseguenze-della-crisi-economica-in-italia-leditoriale-di-giampiero-catone\/#primaryimage"},"image":{"@id":"https:\/\/www.article-marketing.eu\/comunicatistampa\/le-conseguenze-della-crisi-economica-in-italia-leditoriale-di-giampiero-catone\/#primaryimage"},"thumbnailUrl":"https:\/\/www.nellanotizia.net\/public\/fileuploati1\/smalla_23-03-234493-1.webp","datePublished":"2023-04-25T06:09:35+00:00","author":{"@id":"https:\/\/www.article-marketing.eu\/comunicatistampa\/#\/schema\/person\/2fcaf8f8f3a9eef9eb7f27532d3ca458"},"breadcrumb":{"@id":"https:\/\/www.article-marketing.eu\/comunicatistampa\/le-conseguenze-della-crisi-economica-in-italia-leditoriale-di-giampiero-catone\/#breadcrumb"},"inLanguage":"it-IT","potentialAction":[{"@type":"ReadAction","target":["https:\/\/www.article-marketing.eu\/comunicatistampa\/le-conseguenze-della-crisi-economica-in-italia-leditoriale-di-giampiero-catone\/"]}]},{"@type":"ImageObject","inLanguage":"it-IT","@id":"https:\/\/www.article-marketing.eu\/comunicatistampa\/le-conseguenze-della-crisi-economica-in-italia-leditoriale-di-giampiero-catone\/#primaryimage","url":"https:\/\/www.nellanotizia.net\/public\/fileuploati1\/smalla_23-03-234493-1.webp","contentUrl":"https:\/\/www.nellanotizia.net\/public\/fileuploati1\/smalla_23-03-234493-1.webp"},{"@type":"BreadcrumbList","@id":"https:\/\/www.article-marketing.eu\/comunicatistampa\/le-conseguenze-della-crisi-economica-in-italia-leditoriale-di-giampiero-catone\/#breadcrumb","itemListElement":[{"@type":"ListItem","position":1,"name":"Home","item":"https:\/\/www.article-marketing.eu\/comunicatistampa\/"},{"@type":"ListItem","position":2,"name":"Le conseguenze della crisi economica in Italia: l\u2019editoriale di Giampiero Catone"}]},{"@type":"WebSite","@id":"https:\/\/www.article-marketing.eu\/comunicatistampa\/#website","url":"https:\/\/www.article-marketing.eu\/comunicatistampa\/","name":"Article Marketing","description":"article marketing &amp; press release","potentialAction":[{"@type":"SearchAction","target":{"@type":"EntryPoint","urlTemplate":"https:\/\/www.article-marketing.eu\/comunicatistampa\/?s={search_term_string}"},"query-input":{"@type":"PropertyValueSpecification","valueRequired":true,"valueName":"search_term_string"}}],"inLanguage":"it-IT"},{"@type":"Person","@id":"https:\/\/www.article-marketing.eu\/comunicatistampa\/#\/schema\/person\/2fcaf8f8f3a9eef9eb7f27532d3ca458","name":"articolinews","image":{"@type":"ImageObject","inLanguage":"it-IT","@id":"https:\/\/secure.gravatar.com\/avatar\/9e2a264bab04e17dea24d937c9956304649a848cb73c46747a692ff1bdeb1cb7?s=96&d=mm&r=g","url":"https:\/\/secure.gravatar.com\/avatar\/9e2a264bab04e17dea24d937c9956304649a848cb73c46747a692ff1bdeb1cb7?s=96&d=mm&r=g","contentUrl":"https:\/\/secure.gravatar.com\/avatar\/9e2a264bab04e17dea24d937c9956304649a848cb73c46747a692ff1bdeb1cb7?s=96&d=mm&r=g","caption":"articolinews"},"url":"https:\/\/www.article-marketing.eu\/comunicatistampa\/author\/articolinews\/"}]}},"_links":{"self":[{"href":"https:\/\/www.article-marketing.eu\/comunicatistampa\/wp-json\/wp\/v2\/posts\/27052","targetHints":{"allow":["GET"]}}],"collection":[{"href":"https:\/\/www.article-marketing.eu\/comunicatistampa\/wp-json\/wp\/v2\/posts"}],"about":[{"href":"https:\/\/www.article-marketing.eu\/comunicatistampa\/wp-json\/wp\/v2\/types\/post"}],"author":[{"embeddable":true,"href":"https:\/\/www.article-marketing.eu\/comunicatistampa\/wp-json\/wp\/v2\/users\/6477"}],"replies":[{"embeddable":true,"href":"https:\/\/www.article-marketing.eu\/comunicatistampa\/wp-json\/wp\/v2\/comments?post=27052"}],"version-history":[{"count":2,"href":"https:\/\/www.article-marketing.eu\/comunicatistampa\/wp-json\/wp\/v2\/posts\/27052\/revisions"}],"predecessor-version":[{"id":27166,"href":"https:\/\/www.article-marketing.eu\/comunicatistampa\/wp-json\/wp\/v2\/posts\/27052\/revisions\/27166"}],"wp:attachment":[{"href":"https:\/\/www.article-marketing.eu\/comunicatistampa\/wp-json\/wp\/v2\/media?parent=27052"}],"wp:term":[{"taxonomy":"category","embeddable":true,"href":"https:\/\/www.article-marketing.eu\/comunicatistampa\/wp-json\/wp\/v2\/categories?post=27052"},{"taxonomy":"post_tag","embeddable":true,"href":"https:\/\/www.article-marketing.eu\/comunicatistampa\/wp-json\/wp\/v2\/tags?post=27052"}],"curies":[{"name":"wp","href":"https:\/\/api.w.org\/{rel}","templated":true}]}}