{"id":27069,"date":"2023-04-23T15:40:54","date_gmt":"2023-04-23T13:40:54","guid":{"rendered":"https:\/\/www.article-marketing.eu\/comunicatistampa\/?p=27069"},"modified":"2023-04-23T15:40:54","modified_gmt":"2023-04-23T13:40:54","slug":"alessandro-benetton-21-invest-a-treviso-focus-sul-progetto-di-restauro-di-palazzo-ancilotto","status":"publish","type":"post","link":"https:\/\/www.article-marketing.eu\/comunicatistampa\/alessandro-benetton-21-invest-a-treviso-focus-sul-progetto-di-restauro-di-palazzo-ancilotto\/","title":{"rendered":"Alessandro Benetton: 21 Invest a Treviso, focus sul progetto di restauro di Palazzo Ancilotto"},"content":{"rendered":"<p><em><strong><a title=\"Alessandro Benetton profilo Executive Manager\" href=\"https:\/\/www.executivemanager.it\/Alessandro-Benetton\/\">Alessandro Benetton<\/a>, la nuova sede di 21 Invest a Palazzo Ancilotto: \u201cMi auguro che quest\u2019area rappresenti un dialogo fecondo tra passato e futuro, il punto di inizio di nuove traiettorie per tanti giovani del territorio e non solo\u201d.<\/strong><\/em><\/p>\n<p><a title=\"Bio Alessandro Benetton sul portale Executive Manager\" href=\"https:\/\/www.executivemanager.it\/Alessandro-Benetton\/\"><img loading=\"lazy\" decoding=\"async\" src=\"https:\/\/www.executivemanager.it\/images\/comprofiler\/449_59bb7e946a462.jpg\" alt=\"Alessandro Benetton Presidente Edizione S.p.A.\" width=\"130\" height=\"150\" \/><\/a><\/p>\n<h2>Alessandro Benetton: la nuova sede di 21 Invest a Treviso<\/h2>\n<p><strong>Alessandro Benetton<\/strong> lo ha annunciato di recente anche sui suoi canali social: a partire dalla primavera del 2023 la nuova sede di Treviso di 21 Invest sar\u00e0 Palazzo Ancilotto. Il progetto di restauro \u00e8 stato affidato al \u201c<em>miglior architetto del mondo<\/em>\u201d, come ricorda il Presidente di 21 Invest: Sir David Chipperfield \u00e8 stato infatti insignito del prestigioso Pritzker Architecture Prize. \u201c<em>Il Palazzo Ancilotto garantir\u00e0 una nuova sede per il nostro team con un patrimonio artistico unico, ma sar\u00e0 moderna ed efficiente<\/em>\u201d, spiega <strong>Alessandro Benetton<\/strong> sottolineando come il progetto abbia anche \u201c<em>l\u2019obiettivo di riqualificare l&#8217;area in cui si trova il palazzo, in Borgo Cavour a Treviso con una costruzione di nuova edificazione, che abbiamo voluto chiamare Palazzo B, per simmetria con il Palazzo A(ncilotto)<\/em>\u201d.<\/p>\n<h2>Alessandro Benetton: il restauro di Palazzo Ancilotto<\/h2>\n<p>Per 21 Invest, aggiunge <strong>Alessandro Benetton<\/strong>, \u00e8 \u201c<em>fondamentale valorizzare la storia e la cultura dei luoghi in cui operiamo<\/em>\u201d. Una vision che si riflette nel progetto di restauro di Palazzo Ancilotto, risalente al Cinquecento: \u201c<em>Come ha affermato David Chipperfield, \u00e8 tempo di assumerci le nostre responsabilit\u00e0. Sono felice dunque di contribuire a proteggere e valorizzare il nostro patrimonio culturale<\/em>\u201d. Non a caso la scelta di affidargli i lavori guarda proprio in questa direzione: \u201c<em>Il progetto doveva avere quell\u2019aspetto di sostenibilit\u00e0 che per noi \u00e8 tanto importante, che \u00e8 quello di rispettare e valorizzare la storia, pur interpretandola in chiave moderna contemporanea<\/em>\u201d. L\u2019auspicio di <a title=\"La carriera di Alessandro Benetton\" href=\"https:\/\/www.executivemanager.it\/Alessandro-Benetton\/\"><strong>Alessandro Benetton<\/strong><\/a> \u00e8 che questa area possa diventare presto \u201c<em>un luogo di dialogo tra passato e futuro, il punto di inizio di nuove traiettorie per tanti giovani del territorio e non solo<\/em>\u201d: un onore quindi per 21 Invest \u201c<em>condividerlo con la citt\u00e0 di Treviso e con tutti voi<\/em>\u201d.<\/p>\n","protected":false},"excerpt":{"rendered":"<p>Alessandro Benetton, la nuova sede di 21 Invest a Palazzo Ancilotto: \u201cMi auguro che quest\u2019area rappresenti un dialogo fecondo tra passato e futuro, il punto di inizio di nuove traiettorie per tanti giovani del territorio e non solo\u201d. Alessandro Benetton: la nuova sede di 21 Invest a Treviso Alessandro Benetton lo ha annunciato di recente anche sui suoi canali social: a partire dalla primavera del 2023 la nuova sede di<\/p>\n<p><a class=\"continue-reading\" href=\"https:\/\/www.article-marketing.eu\/comunicatistampa\/alessandro-benetton-21-invest-a-treviso-focus-sul-progetto-di-restauro-di-palazzo-ancilotto\/\">Continue reading&#8230;<\/a><\/p>\n","protected":false},"author":7191,"featured_media":0,"comment_status":"open","ping_status":"open","sticky":false,"template":"","format":"standard","meta":{"_monsterinsights_skip_tracking":false,"_monsterinsights_sitenote_active":false,"_monsterinsights_sitenote_note":"","_monsterinsights_sitenote_category":0,"footnotes":""},"categories":[407],"tags":[9630],"class_list":["post-27069","post","type-post","status-publish","format-standard","hentry","category-arte-e-cultura","tag-alessandro-benetton"],"yoast_head":"<!-- This site is optimized with the Yoast SEO plugin v27.3 - https:\/\/yoast.com\/product\/yoast-seo-wordpress\/ -->\n<title>Alessandro Benetton: 21 Invest a Treviso, focus sul progetto di restauro di Palazzo Ancilotto<\/title>\n<meta name=\"robots\" content=\"index, follow, max-snippet:-1, max-image-preview:large, max-video-preview:-1\" \/>\n<link rel=\"canonical\" href=\"https:\/\/www.article-marketing.eu\/comunicatistampa\/alessandro-benetton-21-invest-a-treviso-focus-sul-progetto-di-restauro-di-palazzo-ancilotto\/\" \/>\n<meta property=\"og:locale\" content=\"it_IT\" \/>\n<meta property=\"og:type\" content=\"article\" \/>\n<meta property=\"og:title\" content=\"Alessandro Benetton: 21 Invest a Treviso, focus sul progetto di restauro di Palazzo Ancilotto\" \/>\n<meta property=\"og:description\" content=\"Alessandro Benetton, la nuova sede di 21 Invest a Palazzo Ancilotto: \u201cMi auguro che quest\u2019area rappresenti un dialogo fecondo tra passato e futuro, il punto di inizio di nuove traiettorie per tanti giovani del territorio e non solo\u201d. Alessandro Benetton: la nuova sede di 21 Invest a Treviso Alessandro Benetton lo ha annunciato di recente anche sui suoi canali social: a partire dalla primavera del 2023 la nuova sede diContinue reading...\" \/>\n<meta property=\"og:url\" content=\"https:\/\/www.article-marketing.eu\/comunicatistampa\/alessandro-benetton-21-invest-a-treviso-focus-sul-progetto-di-restauro-di-palazzo-ancilotto\/\" \/>\n<meta property=\"og:site_name\" content=\"Article Marketing\" \/>\n<meta property=\"article:published_time\" content=\"2023-04-23T13:40:54+00:00\" \/>\n<meta property=\"og:image\" content=\"https:\/\/www.executivemanager.it\/images\/comprofiler\/449_59bb7e946a462.jpg\" \/>\n<meta name=\"author\" content=\"agencyabweb\" \/>\n<meta name=\"twitter:card\" content=\"summary_large_image\" \/>\n<meta name=\"twitter:label1\" content=\"Scritto da\" \/>\n\t<meta name=\"twitter:data1\" content=\"agencyabweb\" \/>\n\t<meta name=\"twitter:label2\" content=\"Tempo di lettura stimato\" \/>\n\t<meta name=\"twitter:data2\" content=\"2 minuti\" \/>\n<script type=\"application\/ld+json\" class=\"yoast-schema-graph\">{\"@context\":\"https:\\\/\\\/schema.org\",\"@graph\":[{\"@type\":\"Article\",\"@id\":\"https:\\\/\\\/www.article-marketing.eu\\\/comunicatistampa\\\/alessandro-benetton-21-invest-a-treviso-focus-sul-progetto-di-restauro-di-palazzo-ancilotto\\\/#article\",\"isPartOf\":{\"@id\":\"https:\\\/\\\/www.article-marketing.eu\\\/comunicatistampa\\\/alessandro-benetton-21-invest-a-treviso-focus-sul-progetto-di-restauro-di-palazzo-ancilotto\\\/\"},\"author\":{\"name\":\"agencyabweb\",\"@id\":\"https:\\\/\\\/www.article-marketing.eu\\\/comunicatistampa\\\/#\\\/schema\\\/person\\\/387302ea07720c8cca9cb7cbc223fca4\"},\"headline\":\"Alessandro Benetton: 21 Invest a Treviso, focus sul progetto di restauro di Palazzo Ancilotto\",\"datePublished\":\"2023-04-23T13:40:54+00:00\",\"mainEntityOfPage\":{\"@id\":\"https:\\\/\\\/www.article-marketing.eu\\\/comunicatistampa\\\/alessandro-benetton-21-invest-a-treviso-focus-sul-progetto-di-restauro-di-palazzo-ancilotto\\\/\"},\"wordCount\":333,\"commentCount\":0,\"image\":{\"@id\":\"https:\\\/\\\/www.article-marketing.eu\\\/comunicatistampa\\\/alessandro-benetton-21-invest-a-treviso-focus-sul-progetto-di-restauro-di-palazzo-ancilotto\\\/#primaryimage\"},\"thumbnailUrl\":\"https:\\\/\\\/www.executivemanager.it\\\/images\\\/comprofiler\\\/449_59bb7e946a462.jpg\",\"keywords\":[\"Alessandro Benetton\"],\"articleSection\":[\"Arte e cultura\"],\"inLanguage\":\"it-IT\",\"potentialAction\":[{\"@type\":\"CommentAction\",\"name\":\"Comment\",\"target\":[\"https:\\\/\\\/www.article-marketing.eu\\\/comunicatistampa\\\/alessandro-benetton-21-invest-a-treviso-focus-sul-progetto-di-restauro-di-palazzo-ancilotto\\\/#respond\"]}]},{\"@type\":\"WebPage\",\"@id\":\"https:\\\/\\\/www.article-marketing.eu\\\/comunicatistampa\\\/alessandro-benetton-21-invest-a-treviso-focus-sul-progetto-di-restauro-di-palazzo-ancilotto\\\/\",\"url\":\"https:\\\/\\\/www.article-marketing.eu\\\/comunicatistampa\\\/alessandro-benetton-21-invest-a-treviso-focus-sul-progetto-di-restauro-di-palazzo-ancilotto\\\/\",\"name\":\"Alessandro Benetton: 21 Invest a Treviso, focus sul progetto di restauro di Palazzo Ancilotto\",\"isPartOf\":{\"@id\":\"https:\\\/\\\/www.article-marketing.eu\\\/comunicatistampa\\\/#website\"},\"primaryImageOfPage\":{\"@id\":\"https:\\\/\\\/www.article-marketing.eu\\\/comunicatistampa\\\/alessandro-benetton-21-invest-a-treviso-focus-sul-progetto-di-restauro-di-palazzo-ancilotto\\\/#primaryimage\"},\"image\":{\"@id\":\"https:\\\/\\\/www.article-marketing.eu\\\/comunicatistampa\\\/alessandro-benetton-21-invest-a-treviso-focus-sul-progetto-di-restauro-di-palazzo-ancilotto\\\/#primaryimage\"},\"thumbnailUrl\":\"https:\\\/\\\/www.executivemanager.it\\\/images\\\/comprofiler\\\/449_59bb7e946a462.jpg\",\"datePublished\":\"2023-04-23T13:40:54+00:00\",\"author\":{\"@id\":\"https:\\\/\\\/www.article-marketing.eu\\\/comunicatistampa\\\/#\\\/schema\\\/person\\\/387302ea07720c8cca9cb7cbc223fca4\"},\"breadcrumb\":{\"@id\":\"https:\\\/\\\/www.article-marketing.eu\\\/comunicatistampa\\\/alessandro-benetton-21-invest-a-treviso-focus-sul-progetto-di-restauro-di-palazzo-ancilotto\\\/#breadcrumb\"},\"inLanguage\":\"it-IT\",\"potentialAction\":[{\"@type\":\"ReadAction\",\"target\":[\"https:\\\/\\\/www.article-marketing.eu\\\/comunicatistampa\\\/alessandro-benetton-21-invest-a-treviso-focus-sul-progetto-di-restauro-di-palazzo-ancilotto\\\/\"]}]},{\"@type\":\"ImageObject\",\"inLanguage\":\"it-IT\",\"@id\":\"https:\\\/\\\/www.article-marketing.eu\\\/comunicatistampa\\\/alessandro-benetton-21-invest-a-treviso-focus-sul-progetto-di-restauro-di-palazzo-ancilotto\\\/#primaryimage\",\"url\":\"https:\\\/\\\/www.executivemanager.it\\\/images\\\/comprofiler\\\/449_59bb7e946a462.jpg\",\"contentUrl\":\"https:\\\/\\\/www.executivemanager.it\\\/images\\\/comprofiler\\\/449_59bb7e946a462.jpg\"},{\"@type\":\"BreadcrumbList\",\"@id\":\"https:\\\/\\\/www.article-marketing.eu\\\/comunicatistampa\\\/alessandro-benetton-21-invest-a-treviso-focus-sul-progetto-di-restauro-di-palazzo-ancilotto\\\/#breadcrumb\",\"itemListElement\":[{\"@type\":\"ListItem\",\"position\":1,\"name\":\"Home\",\"item\":\"https:\\\/\\\/www.article-marketing.eu\\\/comunicatistampa\\\/\"},{\"@type\":\"ListItem\",\"position\":2,\"name\":\"Alessandro Benetton: 21 Invest a Treviso, focus sul progetto di restauro di Palazzo Ancilotto\"}]},{\"@type\":\"WebSite\",\"@id\":\"https:\\\/\\\/www.article-marketing.eu\\\/comunicatistampa\\\/#website\",\"url\":\"https:\\\/\\\/www.article-marketing.eu\\\/comunicatistampa\\\/\",\"name\":\"Article Marketing\",\"description\":\"article marketing &amp; press release\",\"potentialAction\":[{\"@type\":\"SearchAction\",\"target\":{\"@type\":\"EntryPoint\",\"urlTemplate\":\"https:\\\/\\\/www.article-marketing.eu\\\/comunicatistampa\\\/?s={search_term_string}\"},\"query-input\":{\"@type\":\"PropertyValueSpecification\",\"valueRequired\":true,\"valueName\":\"search_term_string\"}}],\"inLanguage\":\"it-IT\"},{\"@type\":\"Person\",\"@id\":\"https:\\\/\\\/www.article-marketing.eu\\\/comunicatistampa\\\/#\\\/schema\\\/person\\\/387302ea07720c8cca9cb7cbc223fca4\",\"name\":\"agencyabweb\",\"image\":{\"@type\":\"ImageObject\",\"inLanguage\":\"it-IT\",\"@id\":\"https:\\\/\\\/secure.gravatar.com\\\/avatar\\\/c9b06452f87b0cd78054668e3d508288cb2761bcd8a9f8bb19bb1cfb5638006f?s=96&d=mm&r=g\",\"url\":\"https:\\\/\\\/secure.gravatar.com\\\/avatar\\\/c9b06452f87b0cd78054668e3d508288cb2761bcd8a9f8bb19bb1cfb5638006f?s=96&d=mm&r=g\",\"contentUrl\":\"https:\\\/\\\/secure.gravatar.com\\\/avatar\\\/c9b06452f87b0cd78054668e3d508288cb2761bcd8a9f8bb19bb1cfb5638006f?s=96&d=mm&r=g\",\"caption\":\"agencyabweb\"},\"url\":\"https:\\\/\\\/www.article-marketing.eu\\\/comunicatistampa\\\/author\\\/agencyabweb\\\/\"}]}<\/script>\n<!-- \/ Yoast SEO plugin. -->","yoast_head_json":{"title":"Alessandro Benetton: 21 Invest a Treviso, focus sul progetto di restauro di Palazzo Ancilotto","robots":{"index":"index","follow":"follow","max-snippet":"max-snippet:-1","max-image-preview":"max-image-preview:large","max-video-preview":"max-video-preview:-1"},"canonical":"https:\/\/www.article-marketing.eu\/comunicatistampa\/alessandro-benetton-21-invest-a-treviso-focus-sul-progetto-di-restauro-di-palazzo-ancilotto\/","og_locale":"it_IT","og_type":"article","og_title":"Alessandro Benetton: 21 Invest a Treviso, focus sul progetto di restauro di Palazzo Ancilotto","og_description":"Alessandro Benetton, la nuova sede di 21 Invest a Palazzo Ancilotto: \u201cMi auguro che quest\u2019area rappresenti un dialogo fecondo tra passato e futuro, il punto di inizio di nuove traiettorie per tanti giovani del territorio e non solo\u201d. Alessandro Benetton: la nuova sede di 21 Invest a Treviso Alessandro Benetton lo ha annunciato di recente anche sui suoi canali social: a partire dalla primavera del 2023 la nuova sede diContinue reading...","og_url":"https:\/\/www.article-marketing.eu\/comunicatistampa\/alessandro-benetton-21-invest-a-treviso-focus-sul-progetto-di-restauro-di-palazzo-ancilotto\/","og_site_name":"Article Marketing","article_published_time":"2023-04-23T13:40:54+00:00","og_image":[{"url":"https:\/\/www.executivemanager.it\/images\/comprofiler\/449_59bb7e946a462.jpg","type":"","width":"","height":""}],"author":"agencyabweb","twitter_card":"summary_large_image","twitter_misc":{"Scritto da":"agencyabweb","Tempo di lettura stimato":"2 minuti"},"schema":{"@context":"https:\/\/schema.org","@graph":[{"@type":"Article","@id":"https:\/\/www.article-marketing.eu\/comunicatistampa\/alessandro-benetton-21-invest-a-treviso-focus-sul-progetto-di-restauro-di-palazzo-ancilotto\/#article","isPartOf":{"@id":"https:\/\/www.article-marketing.eu\/comunicatistampa\/alessandro-benetton-21-invest-a-treviso-focus-sul-progetto-di-restauro-di-palazzo-ancilotto\/"},"author":{"name":"agencyabweb","@id":"https:\/\/www.article-marketing.eu\/comunicatistampa\/#\/schema\/person\/387302ea07720c8cca9cb7cbc223fca4"},"headline":"Alessandro Benetton: 21 Invest a Treviso, focus sul progetto di restauro di Palazzo Ancilotto","datePublished":"2023-04-23T13:40:54+00:00","mainEntityOfPage":{"@id":"https:\/\/www.article-marketing.eu\/comunicatistampa\/alessandro-benetton-21-invest-a-treviso-focus-sul-progetto-di-restauro-di-palazzo-ancilotto\/"},"wordCount":333,"commentCount":0,"image":{"@id":"https:\/\/www.article-marketing.eu\/comunicatistampa\/alessandro-benetton-21-invest-a-treviso-focus-sul-progetto-di-restauro-di-palazzo-ancilotto\/#primaryimage"},"thumbnailUrl":"https:\/\/www.executivemanager.it\/images\/comprofiler\/449_59bb7e946a462.jpg","keywords":["Alessandro Benetton"],"articleSection":["Arte e cultura"],"inLanguage":"it-IT","potentialAction":[{"@type":"CommentAction","name":"Comment","target":["https:\/\/www.article-marketing.eu\/comunicatistampa\/alessandro-benetton-21-invest-a-treviso-focus-sul-progetto-di-restauro-di-palazzo-ancilotto\/#respond"]}]},{"@type":"WebPage","@id":"https:\/\/www.article-marketing.eu\/comunicatistampa\/alessandro-benetton-21-invest-a-treviso-focus-sul-progetto-di-restauro-di-palazzo-ancilotto\/","url":"https:\/\/www.article-marketing.eu\/comunicatistampa\/alessandro-benetton-21-invest-a-treviso-focus-sul-progetto-di-restauro-di-palazzo-ancilotto\/","name":"Alessandro Benetton: 21 Invest a Treviso, focus sul progetto di restauro di Palazzo Ancilotto","isPartOf":{"@id":"https:\/\/www.article-marketing.eu\/comunicatistampa\/#website"},"primaryImageOfPage":{"@id":"https:\/\/www.article-marketing.eu\/comunicatistampa\/alessandro-benetton-21-invest-a-treviso-focus-sul-progetto-di-restauro-di-palazzo-ancilotto\/#primaryimage"},"image":{"@id":"https:\/\/www.article-marketing.eu\/comunicatistampa\/alessandro-benetton-21-invest-a-treviso-focus-sul-progetto-di-restauro-di-palazzo-ancilotto\/#primaryimage"},"thumbnailUrl":"https:\/\/www.executivemanager.it\/images\/comprofiler\/449_59bb7e946a462.jpg","datePublished":"2023-04-23T13:40:54+00:00","author":{"@id":"https:\/\/www.article-marketing.eu\/comunicatistampa\/#\/schema\/person\/387302ea07720c8cca9cb7cbc223fca4"},"breadcrumb":{"@id":"https:\/\/www.article-marketing.eu\/comunicatistampa\/alessandro-benetton-21-invest-a-treviso-focus-sul-progetto-di-restauro-di-palazzo-ancilotto\/#breadcrumb"},"inLanguage":"it-IT","potentialAction":[{"@type":"ReadAction","target":["https:\/\/www.article-marketing.eu\/comunicatistampa\/alessandro-benetton-21-invest-a-treviso-focus-sul-progetto-di-restauro-di-palazzo-ancilotto\/"]}]},{"@type":"ImageObject","inLanguage":"it-IT","@id":"https:\/\/www.article-marketing.eu\/comunicatistampa\/alessandro-benetton-21-invest-a-treviso-focus-sul-progetto-di-restauro-di-palazzo-ancilotto\/#primaryimage","url":"https:\/\/www.executivemanager.it\/images\/comprofiler\/449_59bb7e946a462.jpg","contentUrl":"https:\/\/www.executivemanager.it\/images\/comprofiler\/449_59bb7e946a462.jpg"},{"@type":"BreadcrumbList","@id":"https:\/\/www.article-marketing.eu\/comunicatistampa\/alessandro-benetton-21-invest-a-treviso-focus-sul-progetto-di-restauro-di-palazzo-ancilotto\/#breadcrumb","itemListElement":[{"@type":"ListItem","position":1,"name":"Home","item":"https:\/\/www.article-marketing.eu\/comunicatistampa\/"},{"@type":"ListItem","position":2,"name":"Alessandro Benetton: 21 Invest a Treviso, focus sul progetto di restauro di Palazzo Ancilotto"}]},{"@type":"WebSite","@id":"https:\/\/www.article-marketing.eu\/comunicatistampa\/#website","url":"https:\/\/www.article-marketing.eu\/comunicatistampa\/","name":"Article Marketing","description":"article marketing &amp; press release","potentialAction":[{"@type":"SearchAction","target":{"@type":"EntryPoint","urlTemplate":"https:\/\/www.article-marketing.eu\/comunicatistampa\/?s={search_term_string}"},"query-input":{"@type":"PropertyValueSpecification","valueRequired":true,"valueName":"search_term_string"}}],"inLanguage":"it-IT"},{"@type":"Person","@id":"https:\/\/www.article-marketing.eu\/comunicatistampa\/#\/schema\/person\/387302ea07720c8cca9cb7cbc223fca4","name":"agencyabweb","image":{"@type":"ImageObject","inLanguage":"it-IT","@id":"https:\/\/secure.gravatar.com\/avatar\/c9b06452f87b0cd78054668e3d508288cb2761bcd8a9f8bb19bb1cfb5638006f?s=96&d=mm&r=g","url":"https:\/\/secure.gravatar.com\/avatar\/c9b06452f87b0cd78054668e3d508288cb2761bcd8a9f8bb19bb1cfb5638006f?s=96&d=mm&r=g","contentUrl":"https:\/\/secure.gravatar.com\/avatar\/c9b06452f87b0cd78054668e3d508288cb2761bcd8a9f8bb19bb1cfb5638006f?s=96&d=mm&r=g","caption":"agencyabweb"},"url":"https:\/\/www.article-marketing.eu\/comunicatistampa\/author\/agencyabweb\/"}]}},"_links":{"self":[{"href":"https:\/\/www.article-marketing.eu\/comunicatistampa\/wp-json\/wp\/v2\/posts\/27069","targetHints":{"allow":["GET"]}}],"collection":[{"href":"https:\/\/www.article-marketing.eu\/comunicatistampa\/wp-json\/wp\/v2\/posts"}],"about":[{"href":"https:\/\/www.article-marketing.eu\/comunicatistampa\/wp-json\/wp\/v2\/types\/post"}],"author":[{"embeddable":true,"href":"https:\/\/www.article-marketing.eu\/comunicatistampa\/wp-json\/wp\/v2\/users\/7191"}],"replies":[{"embeddable":true,"href":"https:\/\/www.article-marketing.eu\/comunicatistampa\/wp-json\/wp\/v2\/comments?post=27069"}],"version-history":[{"count":2,"href":"https:\/\/www.article-marketing.eu\/comunicatistampa\/wp-json\/wp\/v2\/posts\/27069\/revisions"}],"predecessor-version":[{"id":27151,"href":"https:\/\/www.article-marketing.eu\/comunicatistampa\/wp-json\/wp\/v2\/posts\/27069\/revisions\/27151"}],"wp:attachment":[{"href":"https:\/\/www.article-marketing.eu\/comunicatistampa\/wp-json\/wp\/v2\/media?parent=27069"}],"wp:term":[{"taxonomy":"category","embeddable":true,"href":"https:\/\/www.article-marketing.eu\/comunicatistampa\/wp-json\/wp\/v2\/categories?post=27069"},{"taxonomy":"post_tag","embeddable":true,"href":"https:\/\/www.article-marketing.eu\/comunicatistampa\/wp-json\/wp\/v2\/tags?post=27069"}],"curies":[{"name":"wp","href":"https:\/\/api.w.org\/{rel}","templated":true}]}}