{"id":27114,"date":"2023-04-23T15:14:19","date_gmt":"2023-04-23T13:14:19","guid":{"rendered":"https:\/\/www.article-marketing.eu\/comunicatistampa\/?p=27114"},"modified":"2023-04-23T15:14:19","modified_gmt":"2023-04-23T13:14:19","slug":"dalla-laurea-alle-principali-tappe-della-carriera-professionale-di-claudio-machetti","status":"publish","type":"post","link":"https:\/\/www.article-marketing.eu\/comunicatistampa\/dalla-laurea-alle-principali-tappe-della-carriera-professionale-di-claudio-machetti\/","title":{"rendered":"Dalla laurea alle principali tappe della carriera professionale di Claudio Machetti"},"content":{"rendered":"<p><em><strong>Dalla laurea in Statistica alla guida della Global Energy and Commodity Management Business Line di Enel: <a title=\"La carriera di Claudio Machetti\" href=\"https:\/\/www.topmanagers.it\/SharingFolder\/TopManager\/it\/ManagerProfilePhoto\/Photo\/claudio-machetti-profilo-topmanagers.jpg\">il percorso professionale<\/a> <\/strong><\/em><em><strong>del manager Claudio Machetti.<\/strong><\/em><\/p>\n<p><a title=\"Claudio Machetti - biografia professionale\" href=\"https:\/\/www.topmanagers.it\/SharingFolder\/TopManager\/it\/ManagerProfilePhoto\/Photo\/claudio-machetti-profilo-topmanagers.jpg\"><img loading=\"lazy\" decoding=\"async\" src=\"https:\/\/www.topmanagers.it\/SharingFolder\/TopManager\/it\/ManagerProfilePhoto\/Photo\/claudio-machetti-profilo-topmanagers.jpg\" alt=\"Claudio Machetti, Direttore della Business Line di Enel\" width=\"200\" height=\"158\" \/><\/a><\/p>\n<h2>La carriera di Claudio Machetti nel Gruppo Enel<\/h2>\n<p><strong><a title=\"L'iter professionale di Claudio Machetti \" href=\"https:\/\/www.topmanagers.it\/SharingFolder\/TopManager\/it\/ManagerProfilePhoto\/Photo\/claudio-machetti-profilo-topmanagers.jpg\">Claudio Machetti<\/a> <\/strong>\u00e8 attualmente il Direttore della Global Energy and Commodity Management Business Line del Gruppo Enel, ruolo che ricopre dal 2014. \u00c8 responsabile della gestione del sourcing di carbone, gas e olio combustibile, nonch\u00e9 della guida dell&#8217;attivit\u00e0 del Gruppo nei mercati all&#8217;ingrosso di gas ed energia elettrica. \u00c8 stato nominato anche Consigliere di Amministrazione di Endesa, Terna e Wind, e ha assunto il ruolo di Presidente di FondEnel e Fopen, i due fondi pensione del Gruppo. La carriera di Claudio Machetti presso Enel ha preso avvio nel 2000 come Responsabile dell&#8217;Area Finanza, per poi diventare Direttore finanziario dal 2005 al 2009. \u00c8 stato anche Direttore della funzione Risk Management prima di assumere la sua attuale posizione.<\/p>\n<h2>Dal Banco di Roma a Ferrovie dello Stato Italiane: i precedenti incarichi di Claudio Machetti<\/h2>\n<p>Prima di intraprendere il suo percorso in Enel, <strong>Claudio Machetti<\/strong> ha maturato una consolidata esperienza professionale presso il Banco di Roma e Ferrovie dello Stato Italiane. Dopo aver conseguito la laurea in Scienze Statistiche presso l&#8217;Universit\u00e0 La Sapienza di Roma nel 1982, inizia a lavorare per il Banco di Roma. In qualit\u00e0 di analista finanziario, cura l&#8217;IPO di alcune societ\u00e0 nella Borsa Italiana prima di essere nominato Vicedirettore Responsabile del Nucleo Analisti Finanziari. Nel 1992, Claudio Machetti passa a Ferrovie dello Stato Italiane e qui viene nominato Dirigente Responsabile dell&#8217;Unit\u00e0 Mercati Finanziari. Nel 1996, diventa Direttore della Finanza Operativa e collabora alla fondazione di Fercredit, per la quale assume successivamente la carica di Amministratore Delegato.<\/p>\n","protected":false},"excerpt":{"rendered":"<p>Dalla laurea in Statistica alla guida della Global Energy and Commodity Management Business Line di Enel: il percorso professionale del manager Claudio Machetti. La carriera di Claudio Machetti nel Gruppo Enel Claudio Machetti \u00e8 attualmente il Direttore della Global Energy and Commodity Management Business Line del Gruppo Enel, ruolo che ricopre dal 2014. \u00c8 responsabile della gestione del sourcing di carbone, gas e olio combustibile, nonch\u00e9 della guida dell&#8217;attivit\u00e0 del<\/p>\n<p><a class=\"continue-reading\" href=\"https:\/\/www.article-marketing.eu\/comunicatistampa\/dalla-laurea-alle-principali-tappe-della-carriera-professionale-di-claudio-machetti\/\">Continue reading&#8230;<\/a><\/p>\n","protected":false},"author":6477,"featured_media":0,"comment_status":"open","ping_status":"open","sticky":false,"template":"","format":"standard","meta":{"_monsterinsights_skip_tracking":false,"_monsterinsights_sitenote_active":false,"_monsterinsights_sitenote_note":"","_monsterinsights_sitenote_category":0,"footnotes":""},"categories":[78],"tags":[9886],"class_list":["post-27114","post","type-post","status-publish","format-standard","hentry","category-comunicati-stampa","tag-claudio-machetti"],"yoast_head":"<!-- This site is optimized with the Yoast SEO plugin v27.3 - https:\/\/yoast.com\/product\/yoast-seo-wordpress\/ -->\n<title>Dalla laurea alle principali tappe della carriera professionale di Claudio Machetti<\/title>\n<meta name=\"robots\" content=\"index, follow, max-snippet:-1, max-image-preview:large, max-video-preview:-1\" \/>\n<link rel=\"canonical\" href=\"https:\/\/www.article-marketing.eu\/comunicatistampa\/dalla-laurea-alle-principali-tappe-della-carriera-professionale-di-claudio-machetti\/\" \/>\n<meta property=\"og:locale\" content=\"it_IT\" \/>\n<meta property=\"og:type\" content=\"article\" \/>\n<meta property=\"og:title\" content=\"Dalla laurea alle principali tappe della carriera professionale di Claudio Machetti\" \/>\n<meta property=\"og:description\" content=\"Dalla laurea in Statistica alla guida della Global Energy and Commodity Management Business Line di Enel: il percorso professionale del manager Claudio Machetti. La carriera di Claudio Machetti nel Gruppo Enel Claudio Machetti \u00e8 attualmente il Direttore della Global Energy and Commodity Management Business Line del Gruppo Enel, ruolo che ricopre dal 2014. \u00c8 responsabile della gestione del sourcing di carbone, gas e olio combustibile, nonch\u00e9 della guida dell&#8217;attivit\u00e0 delContinue reading...\" \/>\n<meta property=\"og:url\" content=\"https:\/\/www.article-marketing.eu\/comunicatistampa\/dalla-laurea-alle-principali-tappe-della-carriera-professionale-di-claudio-machetti\/\" \/>\n<meta property=\"og:site_name\" content=\"Article Marketing\" \/>\n<meta property=\"article:published_time\" content=\"2023-04-23T13:14:19+00:00\" \/>\n<meta property=\"og:image\" content=\"https:\/\/www.topmanagers.it\/SharingFolder\/TopManager\/it\/ManagerProfilePhoto\/Photo\/claudio-machetti-profilo-topmanagers.jpg\" \/>\n<meta name=\"author\" content=\"articolinews\" \/>\n<meta name=\"twitter:card\" content=\"summary_large_image\" \/>\n<meta name=\"twitter:label1\" content=\"Scritto da\" \/>\n\t<meta name=\"twitter:data1\" content=\"articolinews\" \/>\n\t<meta name=\"twitter:label2\" content=\"Tempo di lettura stimato\" \/>\n\t<meta name=\"twitter:data2\" content=\"2 minuti\" \/>\n<script type=\"application\/ld+json\" class=\"yoast-schema-graph\">{\"@context\":\"https:\\\/\\\/schema.org\",\"@graph\":[{\"@type\":\"Article\",\"@id\":\"https:\\\/\\\/www.article-marketing.eu\\\/comunicatistampa\\\/dalla-laurea-alle-principali-tappe-della-carriera-professionale-di-claudio-machetti\\\/#article\",\"isPartOf\":{\"@id\":\"https:\\\/\\\/www.article-marketing.eu\\\/comunicatistampa\\\/dalla-laurea-alle-principali-tappe-della-carriera-professionale-di-claudio-machetti\\\/\"},\"author\":{\"name\":\"articolinews\",\"@id\":\"https:\\\/\\\/www.article-marketing.eu\\\/comunicatistampa\\\/#\\\/schema\\\/person\\\/2fcaf8f8f3a9eef9eb7f27532d3ca458\"},\"headline\":\"Dalla laurea alle principali tappe della carriera professionale di Claudio Machetti\",\"datePublished\":\"2023-04-23T13:14:19+00:00\",\"mainEntityOfPage\":{\"@id\":\"https:\\\/\\\/www.article-marketing.eu\\\/comunicatistampa\\\/dalla-laurea-alle-principali-tappe-della-carriera-professionale-di-claudio-machetti\\\/\"},\"wordCount\":278,\"commentCount\":0,\"image\":{\"@id\":\"https:\\\/\\\/www.article-marketing.eu\\\/comunicatistampa\\\/dalla-laurea-alle-principali-tappe-della-carriera-professionale-di-claudio-machetti\\\/#primaryimage\"},\"thumbnailUrl\":\"https:\\\/\\\/www.topmanagers.it\\\/SharingFolder\\\/TopManager\\\/it\\\/ManagerProfilePhoto\\\/Photo\\\/claudio-machetti-profilo-topmanagers.jpg\",\"keywords\":[\"Claudio Machetti\"],\"articleSection\":[\"Comunicati stampa\"],\"inLanguage\":\"it-IT\",\"potentialAction\":[{\"@type\":\"CommentAction\",\"name\":\"Comment\",\"target\":[\"https:\\\/\\\/www.article-marketing.eu\\\/comunicatistampa\\\/dalla-laurea-alle-principali-tappe-della-carriera-professionale-di-claudio-machetti\\\/#respond\"]}]},{\"@type\":\"WebPage\",\"@id\":\"https:\\\/\\\/www.article-marketing.eu\\\/comunicatistampa\\\/dalla-laurea-alle-principali-tappe-della-carriera-professionale-di-claudio-machetti\\\/\",\"url\":\"https:\\\/\\\/www.article-marketing.eu\\\/comunicatistampa\\\/dalla-laurea-alle-principali-tappe-della-carriera-professionale-di-claudio-machetti\\\/\",\"name\":\"Dalla laurea alle principali tappe della carriera professionale di Claudio Machetti\",\"isPartOf\":{\"@id\":\"https:\\\/\\\/www.article-marketing.eu\\\/comunicatistampa\\\/#website\"},\"primaryImageOfPage\":{\"@id\":\"https:\\\/\\\/www.article-marketing.eu\\\/comunicatistampa\\\/dalla-laurea-alle-principali-tappe-della-carriera-professionale-di-claudio-machetti\\\/#primaryimage\"},\"image\":{\"@id\":\"https:\\\/\\\/www.article-marketing.eu\\\/comunicatistampa\\\/dalla-laurea-alle-principali-tappe-della-carriera-professionale-di-claudio-machetti\\\/#primaryimage\"},\"thumbnailUrl\":\"https:\\\/\\\/www.topmanagers.it\\\/SharingFolder\\\/TopManager\\\/it\\\/ManagerProfilePhoto\\\/Photo\\\/claudio-machetti-profilo-topmanagers.jpg\",\"datePublished\":\"2023-04-23T13:14:19+00:00\",\"author\":{\"@id\":\"https:\\\/\\\/www.article-marketing.eu\\\/comunicatistampa\\\/#\\\/schema\\\/person\\\/2fcaf8f8f3a9eef9eb7f27532d3ca458\"},\"breadcrumb\":{\"@id\":\"https:\\\/\\\/www.article-marketing.eu\\\/comunicatistampa\\\/dalla-laurea-alle-principali-tappe-della-carriera-professionale-di-claudio-machetti\\\/#breadcrumb\"},\"inLanguage\":\"it-IT\",\"potentialAction\":[{\"@type\":\"ReadAction\",\"target\":[\"https:\\\/\\\/www.article-marketing.eu\\\/comunicatistampa\\\/dalla-laurea-alle-principali-tappe-della-carriera-professionale-di-claudio-machetti\\\/\"]}]},{\"@type\":\"ImageObject\",\"inLanguage\":\"it-IT\",\"@id\":\"https:\\\/\\\/www.article-marketing.eu\\\/comunicatistampa\\\/dalla-laurea-alle-principali-tappe-della-carriera-professionale-di-claudio-machetti\\\/#primaryimage\",\"url\":\"https:\\\/\\\/www.topmanagers.it\\\/SharingFolder\\\/TopManager\\\/it\\\/ManagerProfilePhoto\\\/Photo\\\/claudio-machetti-profilo-topmanagers.jpg\",\"contentUrl\":\"https:\\\/\\\/www.topmanagers.it\\\/SharingFolder\\\/TopManager\\\/it\\\/ManagerProfilePhoto\\\/Photo\\\/claudio-machetti-profilo-topmanagers.jpg\"},{\"@type\":\"BreadcrumbList\",\"@id\":\"https:\\\/\\\/www.article-marketing.eu\\\/comunicatistampa\\\/dalla-laurea-alle-principali-tappe-della-carriera-professionale-di-claudio-machetti\\\/#breadcrumb\",\"itemListElement\":[{\"@type\":\"ListItem\",\"position\":1,\"name\":\"Home\",\"item\":\"https:\\\/\\\/www.article-marketing.eu\\\/comunicatistampa\\\/\"},{\"@type\":\"ListItem\",\"position\":2,\"name\":\"Dalla laurea alle principali tappe della carriera professionale di Claudio Machetti\"}]},{\"@type\":\"WebSite\",\"@id\":\"https:\\\/\\\/www.article-marketing.eu\\\/comunicatistampa\\\/#website\",\"url\":\"https:\\\/\\\/www.article-marketing.eu\\\/comunicatistampa\\\/\",\"name\":\"Article Marketing\",\"description\":\"article marketing &amp; press release\",\"potentialAction\":[{\"@type\":\"SearchAction\",\"target\":{\"@type\":\"EntryPoint\",\"urlTemplate\":\"https:\\\/\\\/www.article-marketing.eu\\\/comunicatistampa\\\/?s={search_term_string}\"},\"query-input\":{\"@type\":\"PropertyValueSpecification\",\"valueRequired\":true,\"valueName\":\"search_term_string\"}}],\"inLanguage\":\"it-IT\"},{\"@type\":\"Person\",\"@id\":\"https:\\\/\\\/www.article-marketing.eu\\\/comunicatistampa\\\/#\\\/schema\\\/person\\\/2fcaf8f8f3a9eef9eb7f27532d3ca458\",\"name\":\"articolinews\",\"image\":{\"@type\":\"ImageObject\",\"inLanguage\":\"it-IT\",\"@id\":\"https:\\\/\\\/secure.gravatar.com\\\/avatar\\\/9e2a264bab04e17dea24d937c9956304649a848cb73c46747a692ff1bdeb1cb7?s=96&d=mm&r=g\",\"url\":\"https:\\\/\\\/secure.gravatar.com\\\/avatar\\\/9e2a264bab04e17dea24d937c9956304649a848cb73c46747a692ff1bdeb1cb7?s=96&d=mm&r=g\",\"contentUrl\":\"https:\\\/\\\/secure.gravatar.com\\\/avatar\\\/9e2a264bab04e17dea24d937c9956304649a848cb73c46747a692ff1bdeb1cb7?s=96&d=mm&r=g\",\"caption\":\"articolinews\"},\"url\":\"https:\\\/\\\/www.article-marketing.eu\\\/comunicatistampa\\\/author\\\/articolinews\\\/\"}]}<\/script>\n<!-- \/ Yoast SEO plugin. -->","yoast_head_json":{"title":"Dalla laurea alle principali tappe della carriera professionale di Claudio Machetti","robots":{"index":"index","follow":"follow","max-snippet":"max-snippet:-1","max-image-preview":"max-image-preview:large","max-video-preview":"max-video-preview:-1"},"canonical":"https:\/\/www.article-marketing.eu\/comunicatistampa\/dalla-laurea-alle-principali-tappe-della-carriera-professionale-di-claudio-machetti\/","og_locale":"it_IT","og_type":"article","og_title":"Dalla laurea alle principali tappe della carriera professionale di Claudio Machetti","og_description":"Dalla laurea in Statistica alla guida della Global Energy and Commodity Management Business Line di Enel: il percorso professionale del manager Claudio Machetti. La carriera di Claudio Machetti nel Gruppo Enel Claudio Machetti \u00e8 attualmente il Direttore della Global Energy and Commodity Management Business Line del Gruppo Enel, ruolo che ricopre dal 2014. \u00c8 responsabile della gestione del sourcing di carbone, gas e olio combustibile, nonch\u00e9 della guida dell&#8217;attivit\u00e0 delContinue reading...","og_url":"https:\/\/www.article-marketing.eu\/comunicatistampa\/dalla-laurea-alle-principali-tappe-della-carriera-professionale-di-claudio-machetti\/","og_site_name":"Article Marketing","article_published_time":"2023-04-23T13:14:19+00:00","og_image":[{"url":"https:\/\/www.topmanagers.it\/SharingFolder\/TopManager\/it\/ManagerProfilePhoto\/Photo\/claudio-machetti-profilo-topmanagers.jpg","type":"","width":"","height":""}],"author":"articolinews","twitter_card":"summary_large_image","twitter_misc":{"Scritto da":"articolinews","Tempo di lettura stimato":"2 minuti"},"schema":{"@context":"https:\/\/schema.org","@graph":[{"@type":"Article","@id":"https:\/\/www.article-marketing.eu\/comunicatistampa\/dalla-laurea-alle-principali-tappe-della-carriera-professionale-di-claudio-machetti\/#article","isPartOf":{"@id":"https:\/\/www.article-marketing.eu\/comunicatistampa\/dalla-laurea-alle-principali-tappe-della-carriera-professionale-di-claudio-machetti\/"},"author":{"name":"articolinews","@id":"https:\/\/www.article-marketing.eu\/comunicatistampa\/#\/schema\/person\/2fcaf8f8f3a9eef9eb7f27532d3ca458"},"headline":"Dalla laurea alle principali tappe della carriera professionale di Claudio Machetti","datePublished":"2023-04-23T13:14:19+00:00","mainEntityOfPage":{"@id":"https:\/\/www.article-marketing.eu\/comunicatistampa\/dalla-laurea-alle-principali-tappe-della-carriera-professionale-di-claudio-machetti\/"},"wordCount":278,"commentCount":0,"image":{"@id":"https:\/\/www.article-marketing.eu\/comunicatistampa\/dalla-laurea-alle-principali-tappe-della-carriera-professionale-di-claudio-machetti\/#primaryimage"},"thumbnailUrl":"https:\/\/www.topmanagers.it\/SharingFolder\/TopManager\/it\/ManagerProfilePhoto\/Photo\/claudio-machetti-profilo-topmanagers.jpg","keywords":["Claudio Machetti"],"articleSection":["Comunicati stampa"],"inLanguage":"it-IT","potentialAction":[{"@type":"CommentAction","name":"Comment","target":["https:\/\/www.article-marketing.eu\/comunicatistampa\/dalla-laurea-alle-principali-tappe-della-carriera-professionale-di-claudio-machetti\/#respond"]}]},{"@type":"WebPage","@id":"https:\/\/www.article-marketing.eu\/comunicatistampa\/dalla-laurea-alle-principali-tappe-della-carriera-professionale-di-claudio-machetti\/","url":"https:\/\/www.article-marketing.eu\/comunicatistampa\/dalla-laurea-alle-principali-tappe-della-carriera-professionale-di-claudio-machetti\/","name":"Dalla laurea alle principali tappe della carriera professionale di Claudio Machetti","isPartOf":{"@id":"https:\/\/www.article-marketing.eu\/comunicatistampa\/#website"},"primaryImageOfPage":{"@id":"https:\/\/www.article-marketing.eu\/comunicatistampa\/dalla-laurea-alle-principali-tappe-della-carriera-professionale-di-claudio-machetti\/#primaryimage"},"image":{"@id":"https:\/\/www.article-marketing.eu\/comunicatistampa\/dalla-laurea-alle-principali-tappe-della-carriera-professionale-di-claudio-machetti\/#primaryimage"},"thumbnailUrl":"https:\/\/www.topmanagers.it\/SharingFolder\/TopManager\/it\/ManagerProfilePhoto\/Photo\/claudio-machetti-profilo-topmanagers.jpg","datePublished":"2023-04-23T13:14:19+00:00","author":{"@id":"https:\/\/www.article-marketing.eu\/comunicatistampa\/#\/schema\/person\/2fcaf8f8f3a9eef9eb7f27532d3ca458"},"breadcrumb":{"@id":"https:\/\/www.article-marketing.eu\/comunicatistampa\/dalla-laurea-alle-principali-tappe-della-carriera-professionale-di-claudio-machetti\/#breadcrumb"},"inLanguage":"it-IT","potentialAction":[{"@type":"ReadAction","target":["https:\/\/www.article-marketing.eu\/comunicatistampa\/dalla-laurea-alle-principali-tappe-della-carriera-professionale-di-claudio-machetti\/"]}]},{"@type":"ImageObject","inLanguage":"it-IT","@id":"https:\/\/www.article-marketing.eu\/comunicatistampa\/dalla-laurea-alle-principali-tappe-della-carriera-professionale-di-claudio-machetti\/#primaryimage","url":"https:\/\/www.topmanagers.it\/SharingFolder\/TopManager\/it\/ManagerProfilePhoto\/Photo\/claudio-machetti-profilo-topmanagers.jpg","contentUrl":"https:\/\/www.topmanagers.it\/SharingFolder\/TopManager\/it\/ManagerProfilePhoto\/Photo\/claudio-machetti-profilo-topmanagers.jpg"},{"@type":"BreadcrumbList","@id":"https:\/\/www.article-marketing.eu\/comunicatistampa\/dalla-laurea-alle-principali-tappe-della-carriera-professionale-di-claudio-machetti\/#breadcrumb","itemListElement":[{"@type":"ListItem","position":1,"name":"Home","item":"https:\/\/www.article-marketing.eu\/comunicatistampa\/"},{"@type":"ListItem","position":2,"name":"Dalla laurea alle principali tappe della carriera professionale di Claudio Machetti"}]},{"@type":"WebSite","@id":"https:\/\/www.article-marketing.eu\/comunicatistampa\/#website","url":"https:\/\/www.article-marketing.eu\/comunicatistampa\/","name":"Article Marketing","description":"article marketing &amp; press release","potentialAction":[{"@type":"SearchAction","target":{"@type":"EntryPoint","urlTemplate":"https:\/\/www.article-marketing.eu\/comunicatistampa\/?s={search_term_string}"},"query-input":{"@type":"PropertyValueSpecification","valueRequired":true,"valueName":"search_term_string"}}],"inLanguage":"it-IT"},{"@type":"Person","@id":"https:\/\/www.article-marketing.eu\/comunicatistampa\/#\/schema\/person\/2fcaf8f8f3a9eef9eb7f27532d3ca458","name":"articolinews","image":{"@type":"ImageObject","inLanguage":"it-IT","@id":"https:\/\/secure.gravatar.com\/avatar\/9e2a264bab04e17dea24d937c9956304649a848cb73c46747a692ff1bdeb1cb7?s=96&d=mm&r=g","url":"https:\/\/secure.gravatar.com\/avatar\/9e2a264bab04e17dea24d937c9956304649a848cb73c46747a692ff1bdeb1cb7?s=96&d=mm&r=g","contentUrl":"https:\/\/secure.gravatar.com\/avatar\/9e2a264bab04e17dea24d937c9956304649a848cb73c46747a692ff1bdeb1cb7?s=96&d=mm&r=g","caption":"articolinews"},"url":"https:\/\/www.article-marketing.eu\/comunicatistampa\/author\/articolinews\/"}]}},"_links":{"self":[{"href":"https:\/\/www.article-marketing.eu\/comunicatistampa\/wp-json\/wp\/v2\/posts\/27114","targetHints":{"allow":["GET"]}}],"collection":[{"href":"https:\/\/www.article-marketing.eu\/comunicatistampa\/wp-json\/wp\/v2\/posts"}],"about":[{"href":"https:\/\/www.article-marketing.eu\/comunicatistampa\/wp-json\/wp\/v2\/types\/post"}],"author":[{"embeddable":true,"href":"https:\/\/www.article-marketing.eu\/comunicatistampa\/wp-json\/wp\/v2\/users\/6477"}],"replies":[{"embeddable":true,"href":"https:\/\/www.article-marketing.eu\/comunicatistampa\/wp-json\/wp\/v2\/comments?post=27114"}],"version-history":[{"count":2,"href":"https:\/\/www.article-marketing.eu\/comunicatistampa\/wp-json\/wp\/v2\/posts\/27114\/revisions"}],"predecessor-version":[{"id":27132,"href":"https:\/\/www.article-marketing.eu\/comunicatistampa\/wp-json\/wp\/v2\/posts\/27114\/revisions\/27132"}],"wp:attachment":[{"href":"https:\/\/www.article-marketing.eu\/comunicatistampa\/wp-json\/wp\/v2\/media?parent=27114"}],"wp:term":[{"taxonomy":"category","embeddable":true,"href":"https:\/\/www.article-marketing.eu\/comunicatistampa\/wp-json\/wp\/v2\/categories?post=27114"},{"taxonomy":"post_tag","embeddable":true,"href":"https:\/\/www.article-marketing.eu\/comunicatistampa\/wp-json\/wp\/v2\/tags?post=27114"}],"curies":[{"name":"wp","href":"https:\/\/api.w.org\/{rel}","templated":true}]}}