{"id":27205,"date":"2023-05-01T08:15:46","date_gmt":"2023-05-01T06:15:46","guid":{"rendered":"https:\/\/www.article-marketing.eu\/comunicatistampa\/?p=27205"},"modified":"2023-04-29T22:15:36","modified_gmt":"2023-04-29T20:15:36","slug":"claudio-descalzi-energia-da-fusione-eni-e-cfs-accelerano-il-percorso-di-industrializzazione","status":"publish","type":"post","link":"https:\/\/www.article-marketing.eu\/comunicatistampa\/claudio-descalzi-energia-da-fusione-eni-e-cfs-accelerano-il-percorso-di-industrializzazione\/","title":{"rendered":"Claudio Descalzi: energia da fusione, Eni e CFS accelerano il percorso di industrializzazione"},"content":{"rendered":"<p><em><strong>Eni punta ad accelerare l&#8217;industrializzazione dell\u2019energia da fusione: l\u2019AD <a title=\"Sito ufficiale di Claudio Descalzi\" href=\"https:\/\/www.claudiodescalzi.com\/\">Claudio Descalzi<\/a> a Devens sottoscrive un ulteriore accordo per rafforzare la cooperazione con CFS (Commonwealth Fusion Systems), lo spin-out del Massachusetts Institute of Technology (MIT).<\/strong><\/em><\/p>\n<p><a title=\"Info e news su Claudio Descalzi AD Eni\" href=\"https:\/\/www.claudiodescalzi.com\/\"><img loading=\"lazy\" decoding=\"async\" src=\"https:\/\/www.claudiodescalzi.com\/wp-content\/uploads\/2019\/01\/cropped-home.jpg\" alt=\"Claudio Descalzi\" width=\"370\" height=\"150\" \/><\/a><\/p>\n<h2>Claudio Descalzi: Eni e CFS insieme per una \u201csvolta tecnologica epocale\u201d<\/h2>\n<p>L\u2019AD <strong>Claudio Descalzi<\/strong> lo ha detto chiaramente: \u201c<em>Siamo di fronte a una potenziale svolta tecnologica epocale<\/em>\u201d. E che Eni ci punti fortemente lo conferma anche l\u2019ulteriore accordo di cooperazione sottoscritto lo scorso 9 marzo con CFS (Commonwealth Fusion Systems), lo spin-out del Massachusetts Institute of Technology (MIT) con cui Eni collabora dal 2018 per accelerare l\u2019industrializzazione dell\u2019energia da fusione. Quando all\u2019inizio del prossimo decennio \u201c<em>vedremo realizzata la prima centrale elettrica di CFS basata sulla fusione a confinamento magnetico, avendo poi davanti a noi quasi 20 anni per diffondere la tecnologia e raggiungere gli obiettivi di transizione energetica al 2050<\/em>\u201d significher\u00e0 poter \u201c<em>disporre a livello industriale di una tecnologia in grado di fornire grandi quantit\u00e0 di energia senza alcuna emissione di gas serra prodotta in modo sicuro, pulito e virtualmente inesauribile fornendo un contributo sostanziale alla transizione energetica<\/em>\u201d. I vantaggi per i consumatori saranno \u201c<em>infiniti<\/em>\u201d, come ha spiegato efficacemente <strong>Claudio Descalzi<\/strong>: tutti potranno avere accesso all\u2019energia e si potranno sviluppare industrie, catene alimentari, catene sanitarie a prezzi bassissimi.<\/p>\n<h2>Claudio Descalzi: Eni rafforza la cooperazione con CFS<\/h2>\n<p>L\u2019accordo di cooperazione sottoscritto dall\u2019AD <strong>Claudio Descalzi<\/strong> a Devens, nella sede di CFS, rafforza la partnership tra le due societ\u00e0, unendo l\u2019esperienza ingegneristica e di project management di Eni ad una serie di progetti a supporto di CFS, e lo sviluppo e distribuzione dell\u2019energia da fusione su scala industriale. \u00c8 \u201c<em>una rivoluzione incredibile<\/em>\u201d, ha ribadito l\u2019AD di Eni che lavora a questo progetto insieme a CFS dal 2018. Nel settembre 2021 il conseguimento di un primo grande traguardo con il successo del test su un magnete con tecnologia superconduttiva HTS (HighTemperature Superconductors): il magnete pi\u00f9 potente del suo genere al mondo assicurer\u00e0 il confinamento del plasma nel processo di fusione magnetica e potr\u00e0 contribuire al raggiungimento dell&#8217;energia netta da fusione in un futuro impianto dimostrativo. E oggi l\u2019obiettivo, come ricorda anche <a title=\"Aggiornamenti su Claudio Descalzi\" href=\"https:\/\/www.claudiodescalzi.com\/\"><strong>Claudio Descalzi<\/strong><\/a>, \u00e8 l\u2019applicazione industriale della tecnologia della fusione a confinamento magnetico per il prossimo decennio: \u201c<em>Oggi rafforziamo ulteriormente questa collaborazione con le nostre competenze ed esperienza con l\u2019obiettivo di accelerare il pi\u00f9 possibile il percorso di industrializzazione della fusione<\/em>\u201d. Il primo impianto pilota a confinamento magnetico al mondo a produzione netta di energia da fusione, denominato SPARC, \u00e8 in costruzione e sar\u00e0 operativo entro il 2025. Il progetto prevede inoltre che a sua volta SPARC funger\u00e0 da banco di prova per lo sviluppo di ARC: la prima centrale elettrica industriale da fusione in grado di immettere elettricit\u00e0 in rete, che dovrebbe essere operativa nei primi anni del 2030.<\/p>\n","protected":false},"excerpt":{"rendered":"<p>Eni punta ad accelerare l&#8217;industrializzazione dell\u2019energia da fusione: l\u2019AD Claudio Descalzi a Devens sottoscrive un ulteriore accordo per rafforzare la cooperazione con CFS (Commonwealth Fusion Systems), lo spin-out del Massachusetts Institute of Technology (MIT). Claudio Descalzi: Eni e CFS insieme per una \u201csvolta tecnologica epocale\u201d L\u2019AD Claudio Descalzi lo ha detto chiaramente: \u201cSiamo di fronte a una potenziale svolta tecnologica epocale\u201d. E che Eni ci punti fortemente lo conferma anche<\/p>\n<p><a class=\"continue-reading\" href=\"https:\/\/www.article-marketing.eu\/comunicatistampa\/claudio-descalzi-energia-da-fusione-eni-e-cfs-accelerano-il-percorso-di-industrializzazione\/\">Continue reading&#8230;<\/a><\/p>\n","protected":false},"author":6477,"featured_media":0,"comment_status":"open","ping_status":"open","sticky":false,"template":"","format":"standard","meta":{"_monsterinsights_skip_tracking":false,"_monsterinsights_sitenote_active":false,"_monsterinsights_sitenote_note":"","_monsterinsights_sitenote_category":0,"footnotes":""},"categories":[386],"tags":[9889],"class_list":["post-27205","post","type-post","status-publish","format-standard","hentry","category-economia-e-lavoro","tag-claudio-descalzi"],"yoast_head":"<!-- This site is optimized with the Yoast SEO plugin v27.3 - https:\/\/yoast.com\/product\/yoast-seo-wordpress\/ -->\n<title>Claudio Descalzi: energia da fusione, Eni e CFS accelerano il percorso di industrializzazione<\/title>\n<meta name=\"robots\" content=\"index, follow, max-snippet:-1, max-image-preview:large, max-video-preview:-1\" \/>\n<link rel=\"canonical\" href=\"https:\/\/www.article-marketing.eu\/comunicatistampa\/claudio-descalzi-energia-da-fusione-eni-e-cfs-accelerano-il-percorso-di-industrializzazione\/\" \/>\n<meta property=\"og:locale\" content=\"it_IT\" \/>\n<meta property=\"og:type\" content=\"article\" \/>\n<meta property=\"og:title\" content=\"Claudio Descalzi: energia da fusione, Eni e CFS accelerano il percorso di industrializzazione\" \/>\n<meta property=\"og:description\" content=\"Eni punta ad accelerare l&#8217;industrializzazione dell\u2019energia da fusione: l\u2019AD Claudio Descalzi a Devens sottoscrive un ulteriore accordo per rafforzare la cooperazione con CFS (Commonwealth Fusion Systems), lo spin-out del Massachusetts Institute of Technology (MIT). Claudio Descalzi: Eni e CFS insieme per una \u201csvolta tecnologica epocale\u201d L\u2019AD Claudio Descalzi lo ha detto chiaramente: \u201cSiamo di fronte a una potenziale svolta tecnologica epocale\u201d. E che Eni ci punti fortemente lo conferma ancheContinue reading...\" \/>\n<meta property=\"og:url\" content=\"https:\/\/www.article-marketing.eu\/comunicatistampa\/claudio-descalzi-energia-da-fusione-eni-e-cfs-accelerano-il-percorso-di-industrializzazione\/\" \/>\n<meta property=\"og:site_name\" content=\"Article Marketing\" \/>\n<meta property=\"article:published_time\" content=\"2023-05-01T06:15:46+00:00\" \/>\n<meta property=\"og:image\" content=\"https:\/\/www.claudiodescalzi.com\/wp-content\/uploads\/2019\/01\/cropped-home.jpg\" \/>\n<meta name=\"author\" content=\"articolinews\" \/>\n<meta name=\"twitter:card\" content=\"summary_large_image\" \/>\n<meta name=\"twitter:label1\" content=\"Scritto da\" \/>\n\t<meta name=\"twitter:data1\" content=\"articolinews\" \/>\n\t<meta name=\"twitter:label2\" content=\"Tempo di lettura stimato\" \/>\n\t<meta name=\"twitter:data2\" content=\"3 minuti\" \/>\n<script type=\"application\/ld+json\" class=\"yoast-schema-graph\">{\"@context\":\"https:\\\/\\\/schema.org\",\"@graph\":[{\"@type\":\"Article\",\"@id\":\"https:\\\/\\\/www.article-marketing.eu\\\/comunicatistampa\\\/claudio-descalzi-energia-da-fusione-eni-e-cfs-accelerano-il-percorso-di-industrializzazione\\\/#article\",\"isPartOf\":{\"@id\":\"https:\\\/\\\/www.article-marketing.eu\\\/comunicatistampa\\\/claudio-descalzi-energia-da-fusione-eni-e-cfs-accelerano-il-percorso-di-industrializzazione\\\/\"},\"author\":{\"name\":\"articolinews\",\"@id\":\"https:\\\/\\\/www.article-marketing.eu\\\/comunicatistampa\\\/#\\\/schema\\\/person\\\/2fcaf8f8f3a9eef9eb7f27532d3ca458\"},\"headline\":\"Claudio Descalzi: energia da fusione, Eni e CFS accelerano il percorso di industrializzazione\",\"datePublished\":\"2023-05-01T06:15:46+00:00\",\"mainEntityOfPage\":{\"@id\":\"https:\\\/\\\/www.article-marketing.eu\\\/comunicatistampa\\\/claudio-descalzi-energia-da-fusione-eni-e-cfs-accelerano-il-percorso-di-industrializzazione\\\/\"},\"wordCount\":478,\"commentCount\":0,\"image\":{\"@id\":\"https:\\\/\\\/www.article-marketing.eu\\\/comunicatistampa\\\/claudio-descalzi-energia-da-fusione-eni-e-cfs-accelerano-il-percorso-di-industrializzazione\\\/#primaryimage\"},\"thumbnailUrl\":\"https:\\\/\\\/www.claudiodescalzi.com\\\/wp-content\\\/uploads\\\/2019\\\/01\\\/cropped-home.jpg\",\"keywords\":[\"Claudio Descalzi\"],\"articleSection\":[\"Economia e lavoro\"],\"inLanguage\":\"it-IT\",\"potentialAction\":[{\"@type\":\"CommentAction\",\"name\":\"Comment\",\"target\":[\"https:\\\/\\\/www.article-marketing.eu\\\/comunicatistampa\\\/claudio-descalzi-energia-da-fusione-eni-e-cfs-accelerano-il-percorso-di-industrializzazione\\\/#respond\"]}]},{\"@type\":\"WebPage\",\"@id\":\"https:\\\/\\\/www.article-marketing.eu\\\/comunicatistampa\\\/claudio-descalzi-energia-da-fusione-eni-e-cfs-accelerano-il-percorso-di-industrializzazione\\\/\",\"url\":\"https:\\\/\\\/www.article-marketing.eu\\\/comunicatistampa\\\/claudio-descalzi-energia-da-fusione-eni-e-cfs-accelerano-il-percorso-di-industrializzazione\\\/\",\"name\":\"Claudio Descalzi: energia da fusione, Eni e CFS accelerano il percorso di industrializzazione\",\"isPartOf\":{\"@id\":\"https:\\\/\\\/www.article-marketing.eu\\\/comunicatistampa\\\/#website\"},\"primaryImageOfPage\":{\"@id\":\"https:\\\/\\\/www.article-marketing.eu\\\/comunicatistampa\\\/claudio-descalzi-energia-da-fusione-eni-e-cfs-accelerano-il-percorso-di-industrializzazione\\\/#primaryimage\"},\"image\":{\"@id\":\"https:\\\/\\\/www.article-marketing.eu\\\/comunicatistampa\\\/claudio-descalzi-energia-da-fusione-eni-e-cfs-accelerano-il-percorso-di-industrializzazione\\\/#primaryimage\"},\"thumbnailUrl\":\"https:\\\/\\\/www.claudiodescalzi.com\\\/wp-content\\\/uploads\\\/2019\\\/01\\\/cropped-home.jpg\",\"datePublished\":\"2023-05-01T06:15:46+00:00\",\"author\":{\"@id\":\"https:\\\/\\\/www.article-marketing.eu\\\/comunicatistampa\\\/#\\\/schema\\\/person\\\/2fcaf8f8f3a9eef9eb7f27532d3ca458\"},\"breadcrumb\":{\"@id\":\"https:\\\/\\\/www.article-marketing.eu\\\/comunicatistampa\\\/claudio-descalzi-energia-da-fusione-eni-e-cfs-accelerano-il-percorso-di-industrializzazione\\\/#breadcrumb\"},\"inLanguage\":\"it-IT\",\"potentialAction\":[{\"@type\":\"ReadAction\",\"target\":[\"https:\\\/\\\/www.article-marketing.eu\\\/comunicatistampa\\\/claudio-descalzi-energia-da-fusione-eni-e-cfs-accelerano-il-percorso-di-industrializzazione\\\/\"]}]},{\"@type\":\"ImageObject\",\"inLanguage\":\"it-IT\",\"@id\":\"https:\\\/\\\/www.article-marketing.eu\\\/comunicatistampa\\\/claudio-descalzi-energia-da-fusione-eni-e-cfs-accelerano-il-percorso-di-industrializzazione\\\/#primaryimage\",\"url\":\"https:\\\/\\\/www.claudiodescalzi.com\\\/wp-content\\\/uploads\\\/2019\\\/01\\\/cropped-home.jpg\",\"contentUrl\":\"https:\\\/\\\/www.claudiodescalzi.com\\\/wp-content\\\/uploads\\\/2019\\\/01\\\/cropped-home.jpg\"},{\"@type\":\"BreadcrumbList\",\"@id\":\"https:\\\/\\\/www.article-marketing.eu\\\/comunicatistampa\\\/claudio-descalzi-energia-da-fusione-eni-e-cfs-accelerano-il-percorso-di-industrializzazione\\\/#breadcrumb\",\"itemListElement\":[{\"@type\":\"ListItem\",\"position\":1,\"name\":\"Home\",\"item\":\"https:\\\/\\\/www.article-marketing.eu\\\/comunicatistampa\\\/\"},{\"@type\":\"ListItem\",\"position\":2,\"name\":\"Claudio Descalzi: energia da fusione, Eni e CFS accelerano il percorso di industrializzazione\"}]},{\"@type\":\"WebSite\",\"@id\":\"https:\\\/\\\/www.article-marketing.eu\\\/comunicatistampa\\\/#website\",\"url\":\"https:\\\/\\\/www.article-marketing.eu\\\/comunicatistampa\\\/\",\"name\":\"Article Marketing\",\"description\":\"article marketing &amp; press release\",\"potentialAction\":[{\"@type\":\"SearchAction\",\"target\":{\"@type\":\"EntryPoint\",\"urlTemplate\":\"https:\\\/\\\/www.article-marketing.eu\\\/comunicatistampa\\\/?s={search_term_string}\"},\"query-input\":{\"@type\":\"PropertyValueSpecification\",\"valueRequired\":true,\"valueName\":\"search_term_string\"}}],\"inLanguage\":\"it-IT\"},{\"@type\":\"Person\",\"@id\":\"https:\\\/\\\/www.article-marketing.eu\\\/comunicatistampa\\\/#\\\/schema\\\/person\\\/2fcaf8f8f3a9eef9eb7f27532d3ca458\",\"name\":\"articolinews\",\"image\":{\"@type\":\"ImageObject\",\"inLanguage\":\"it-IT\",\"@id\":\"https:\\\/\\\/secure.gravatar.com\\\/avatar\\\/9e2a264bab04e17dea24d937c9956304649a848cb73c46747a692ff1bdeb1cb7?s=96&d=mm&r=g\",\"url\":\"https:\\\/\\\/secure.gravatar.com\\\/avatar\\\/9e2a264bab04e17dea24d937c9956304649a848cb73c46747a692ff1bdeb1cb7?s=96&d=mm&r=g\",\"contentUrl\":\"https:\\\/\\\/secure.gravatar.com\\\/avatar\\\/9e2a264bab04e17dea24d937c9956304649a848cb73c46747a692ff1bdeb1cb7?s=96&d=mm&r=g\",\"caption\":\"articolinews\"},\"url\":\"https:\\\/\\\/www.article-marketing.eu\\\/comunicatistampa\\\/author\\\/articolinews\\\/\"}]}<\/script>\n<!-- \/ Yoast SEO plugin. -->","yoast_head_json":{"title":"Claudio Descalzi: energia da fusione, Eni e CFS accelerano il percorso di industrializzazione","robots":{"index":"index","follow":"follow","max-snippet":"max-snippet:-1","max-image-preview":"max-image-preview:large","max-video-preview":"max-video-preview:-1"},"canonical":"https:\/\/www.article-marketing.eu\/comunicatistampa\/claudio-descalzi-energia-da-fusione-eni-e-cfs-accelerano-il-percorso-di-industrializzazione\/","og_locale":"it_IT","og_type":"article","og_title":"Claudio Descalzi: energia da fusione, Eni e CFS accelerano il percorso di industrializzazione","og_description":"Eni punta ad accelerare l&#8217;industrializzazione dell\u2019energia da fusione: l\u2019AD Claudio Descalzi a Devens sottoscrive un ulteriore accordo per rafforzare la cooperazione con CFS (Commonwealth Fusion Systems), lo spin-out del Massachusetts Institute of Technology (MIT). Claudio Descalzi: Eni e CFS insieme per una \u201csvolta tecnologica epocale\u201d L\u2019AD Claudio Descalzi lo ha detto chiaramente: \u201cSiamo di fronte a una potenziale svolta tecnologica epocale\u201d. E che Eni ci punti fortemente lo conferma ancheContinue reading...","og_url":"https:\/\/www.article-marketing.eu\/comunicatistampa\/claudio-descalzi-energia-da-fusione-eni-e-cfs-accelerano-il-percorso-di-industrializzazione\/","og_site_name":"Article Marketing","article_published_time":"2023-05-01T06:15:46+00:00","og_image":[{"url":"https:\/\/www.claudiodescalzi.com\/wp-content\/uploads\/2019\/01\/cropped-home.jpg","type":"","width":"","height":""}],"author":"articolinews","twitter_card":"summary_large_image","twitter_misc":{"Scritto da":"articolinews","Tempo di lettura stimato":"3 minuti"},"schema":{"@context":"https:\/\/schema.org","@graph":[{"@type":"Article","@id":"https:\/\/www.article-marketing.eu\/comunicatistampa\/claudio-descalzi-energia-da-fusione-eni-e-cfs-accelerano-il-percorso-di-industrializzazione\/#article","isPartOf":{"@id":"https:\/\/www.article-marketing.eu\/comunicatistampa\/claudio-descalzi-energia-da-fusione-eni-e-cfs-accelerano-il-percorso-di-industrializzazione\/"},"author":{"name":"articolinews","@id":"https:\/\/www.article-marketing.eu\/comunicatistampa\/#\/schema\/person\/2fcaf8f8f3a9eef9eb7f27532d3ca458"},"headline":"Claudio Descalzi: energia da fusione, Eni e CFS accelerano il percorso di industrializzazione","datePublished":"2023-05-01T06:15:46+00:00","mainEntityOfPage":{"@id":"https:\/\/www.article-marketing.eu\/comunicatistampa\/claudio-descalzi-energia-da-fusione-eni-e-cfs-accelerano-il-percorso-di-industrializzazione\/"},"wordCount":478,"commentCount":0,"image":{"@id":"https:\/\/www.article-marketing.eu\/comunicatistampa\/claudio-descalzi-energia-da-fusione-eni-e-cfs-accelerano-il-percorso-di-industrializzazione\/#primaryimage"},"thumbnailUrl":"https:\/\/www.claudiodescalzi.com\/wp-content\/uploads\/2019\/01\/cropped-home.jpg","keywords":["Claudio Descalzi"],"articleSection":["Economia e lavoro"],"inLanguage":"it-IT","potentialAction":[{"@type":"CommentAction","name":"Comment","target":["https:\/\/www.article-marketing.eu\/comunicatistampa\/claudio-descalzi-energia-da-fusione-eni-e-cfs-accelerano-il-percorso-di-industrializzazione\/#respond"]}]},{"@type":"WebPage","@id":"https:\/\/www.article-marketing.eu\/comunicatistampa\/claudio-descalzi-energia-da-fusione-eni-e-cfs-accelerano-il-percorso-di-industrializzazione\/","url":"https:\/\/www.article-marketing.eu\/comunicatistampa\/claudio-descalzi-energia-da-fusione-eni-e-cfs-accelerano-il-percorso-di-industrializzazione\/","name":"Claudio Descalzi: energia da fusione, Eni e CFS accelerano il percorso di industrializzazione","isPartOf":{"@id":"https:\/\/www.article-marketing.eu\/comunicatistampa\/#website"},"primaryImageOfPage":{"@id":"https:\/\/www.article-marketing.eu\/comunicatistampa\/claudio-descalzi-energia-da-fusione-eni-e-cfs-accelerano-il-percorso-di-industrializzazione\/#primaryimage"},"image":{"@id":"https:\/\/www.article-marketing.eu\/comunicatistampa\/claudio-descalzi-energia-da-fusione-eni-e-cfs-accelerano-il-percorso-di-industrializzazione\/#primaryimage"},"thumbnailUrl":"https:\/\/www.claudiodescalzi.com\/wp-content\/uploads\/2019\/01\/cropped-home.jpg","datePublished":"2023-05-01T06:15:46+00:00","author":{"@id":"https:\/\/www.article-marketing.eu\/comunicatistampa\/#\/schema\/person\/2fcaf8f8f3a9eef9eb7f27532d3ca458"},"breadcrumb":{"@id":"https:\/\/www.article-marketing.eu\/comunicatistampa\/claudio-descalzi-energia-da-fusione-eni-e-cfs-accelerano-il-percorso-di-industrializzazione\/#breadcrumb"},"inLanguage":"it-IT","potentialAction":[{"@type":"ReadAction","target":["https:\/\/www.article-marketing.eu\/comunicatistampa\/claudio-descalzi-energia-da-fusione-eni-e-cfs-accelerano-il-percorso-di-industrializzazione\/"]}]},{"@type":"ImageObject","inLanguage":"it-IT","@id":"https:\/\/www.article-marketing.eu\/comunicatistampa\/claudio-descalzi-energia-da-fusione-eni-e-cfs-accelerano-il-percorso-di-industrializzazione\/#primaryimage","url":"https:\/\/www.claudiodescalzi.com\/wp-content\/uploads\/2019\/01\/cropped-home.jpg","contentUrl":"https:\/\/www.claudiodescalzi.com\/wp-content\/uploads\/2019\/01\/cropped-home.jpg"},{"@type":"BreadcrumbList","@id":"https:\/\/www.article-marketing.eu\/comunicatistampa\/claudio-descalzi-energia-da-fusione-eni-e-cfs-accelerano-il-percorso-di-industrializzazione\/#breadcrumb","itemListElement":[{"@type":"ListItem","position":1,"name":"Home","item":"https:\/\/www.article-marketing.eu\/comunicatistampa\/"},{"@type":"ListItem","position":2,"name":"Claudio Descalzi: energia da fusione, Eni e CFS accelerano il percorso di industrializzazione"}]},{"@type":"WebSite","@id":"https:\/\/www.article-marketing.eu\/comunicatistampa\/#website","url":"https:\/\/www.article-marketing.eu\/comunicatistampa\/","name":"Article Marketing","description":"article marketing &amp; press release","potentialAction":[{"@type":"SearchAction","target":{"@type":"EntryPoint","urlTemplate":"https:\/\/www.article-marketing.eu\/comunicatistampa\/?s={search_term_string}"},"query-input":{"@type":"PropertyValueSpecification","valueRequired":true,"valueName":"search_term_string"}}],"inLanguage":"it-IT"},{"@type":"Person","@id":"https:\/\/www.article-marketing.eu\/comunicatistampa\/#\/schema\/person\/2fcaf8f8f3a9eef9eb7f27532d3ca458","name":"articolinews","image":{"@type":"ImageObject","inLanguage":"it-IT","@id":"https:\/\/secure.gravatar.com\/avatar\/9e2a264bab04e17dea24d937c9956304649a848cb73c46747a692ff1bdeb1cb7?s=96&d=mm&r=g","url":"https:\/\/secure.gravatar.com\/avatar\/9e2a264bab04e17dea24d937c9956304649a848cb73c46747a692ff1bdeb1cb7?s=96&d=mm&r=g","contentUrl":"https:\/\/secure.gravatar.com\/avatar\/9e2a264bab04e17dea24d937c9956304649a848cb73c46747a692ff1bdeb1cb7?s=96&d=mm&r=g","caption":"articolinews"},"url":"https:\/\/www.article-marketing.eu\/comunicatistampa\/author\/articolinews\/"}]}},"_links":{"self":[{"href":"https:\/\/www.article-marketing.eu\/comunicatistampa\/wp-json\/wp\/v2\/posts\/27205","targetHints":{"allow":["GET"]}}],"collection":[{"href":"https:\/\/www.article-marketing.eu\/comunicatistampa\/wp-json\/wp\/v2\/posts"}],"about":[{"href":"https:\/\/www.article-marketing.eu\/comunicatistampa\/wp-json\/wp\/v2\/types\/post"}],"author":[{"embeddable":true,"href":"https:\/\/www.article-marketing.eu\/comunicatistampa\/wp-json\/wp\/v2\/users\/6477"}],"replies":[{"embeddable":true,"href":"https:\/\/www.article-marketing.eu\/comunicatistampa\/wp-json\/wp\/v2\/comments?post=27205"}],"version-history":[{"count":2,"href":"https:\/\/www.article-marketing.eu\/comunicatistampa\/wp-json\/wp\/v2\/posts\/27205\/revisions"}],"predecessor-version":[{"id":27246,"href":"https:\/\/www.article-marketing.eu\/comunicatistampa\/wp-json\/wp\/v2\/posts\/27205\/revisions\/27246"}],"wp:attachment":[{"href":"https:\/\/www.article-marketing.eu\/comunicatistampa\/wp-json\/wp\/v2\/media?parent=27205"}],"wp:term":[{"taxonomy":"category","embeddable":true,"href":"https:\/\/www.article-marketing.eu\/comunicatistampa\/wp-json\/wp\/v2\/categories?post=27205"},{"taxonomy":"post_tag","embeddable":true,"href":"https:\/\/www.article-marketing.eu\/comunicatistampa\/wp-json\/wp\/v2\/tags?post=27205"}],"curies":[{"name":"wp","href":"https:\/\/api.w.org\/{rel}","templated":true}]}}