{"id":27207,"date":"2023-05-01T09:06:49","date_gmt":"2023-05-01T07:06:49","guid":{"rendered":"https:\/\/www.article-marketing.eu\/comunicatistampa\/?p=27207"},"modified":"2023-04-29T22:16:23","modified_gmt":"2023-04-29T20:16:23","slug":"amplifon-cresce-la-societa-guidata-da-enrico-vita-in-sette-anni-piu-che-raddoppiati-i-ricavi","status":"publish","type":"post","link":"https:\/\/www.article-marketing.eu\/comunicatistampa\/amplifon-cresce-la-societa-guidata-da-enrico-vita-in-sette-anni-piu-che-raddoppiati-i-ricavi\/","title":{"rendered":"Amplifon, cresce la societ\u00e0 guidata da Enrico Vita: in sette anni pi\u00f9 che raddoppiati i ricavi"},"content":{"rendered":"<p><em><strong>Con il CEO <a title=\"Il percorso professionale di Enrico Vita\" href=\"https:\/\/h2biz.net\/Manager\/enrico-vita-12643\">Enrico Vita<\/a> alla guida, Amplifon continua a crescere in maniera significativa e arriva a pi\u00f9 che raddoppiare i propri ricavi nel giro di sette anni. Alla base della strategia la diversificazione geografica e gli investimenti in acquisizioni e innovazione.<\/strong><\/em><\/p>\n<p><a title=\"Enrico Vita - il profilo professionale\" href=\"https:\/\/h2biz.net\/Manager\/enrico-vita-12643\"><img loading=\"lazy\" decoding=\"async\" src=\"https:\/\/h2biz.net\/images\/Plats\/crop_min_20230406153310.jpg\" alt=\"Enrico Vita - Amministratore Delegato di Amplifon\" width=\"200\" height=\"200\" \/><\/a><\/p>\n<h2>Il commento del CEO Enrico Vita sui ricavi del 2022<\/h2>\n<p>Da quando \u00e8 stata affidata la guida di Amplifon a <a title=\"Enrico Vita - formazione e carriera\" href=\"https:\/\/h2biz.net\/Manager\/enrico-vita-12643\"><strong>Enrico Vita<\/strong><\/a> nel 2015 ad oggi, l\u2019azienda ha pi\u00f9 che raddoppiato i propri ricavi. \u201c<em>Pochi mesi dopo il mio arrivo in Amplifon <\/em>\u2013 aveva raccontato il CEO al \u201cCorriere della Sera\u201d \u2013 <em>avevamo festeggiato il miliardo. Ora come obiettivo per fine 2022 abbiamo quello di superare abbondantemente i due miliardi<\/em>\u201d. Dopo i primi nove mesi i ricavi gi\u00e0 superavano il miliardo e mezzo. \u201c<em>Numeri molto buoni<\/em> \u2013 aveva commentato l\u2019AD \u2013 <em>a maggior ragione perch\u00e9 ottenuti in un contesto sfidante che ha visto un calo complessivo del mercato globale<\/em>\u201d. Merito anche dei tanti investimenti che non si sono mai fermati, neanche nel 2020. Ogni anno, il Gruppo investe circa 100 milioni in innovazione digitale, con l\u2019intento di accrescere, dal punto di vista tecnologico e digitale, l\u2019esperienza dei clienti. Con lo stesso proposito \u00e8 nato infatti Amplifon X, un centro di innovazione interna lanciato a inizio 2022 e reso possibile dalla collaborazione tra Amplifon e la startup Otohub.<\/p>\n<h2>Enrico Vita: la crescita di Amplifon a livello globale<\/h2>\n<p>Attualmente, Amplifon \u00e8 presente in 25 Paesi e gode dunque di una buona diversificazione geografica, oltre che della posizione di leadership con l\u201911% del mercato retail. \u201c<em>I nostri mercati di riferimento<\/em> \u2013 aveva spiegato l\u2019AD <strong>Enrico Vita<\/strong> \u2013 <em>restano quello europeo, con Italia, Spagna, Francia e Germania ai primi posti e quello statunitense, dove stiamo crescendo molto e che rappresenta il 40% del nostro settore<\/em>\u201d. Questo non ha impedito per\u00f2 alla societ\u00e0 di guardare ancora pi\u00f9 lontano. Nel 2021 Amplifon acquisiva infatti Bay Audio, il principale operatore privato nel mercato retail australiano. Il mercato cinese \u00e8 un altro target importante. Dopo aver fatto il suo ingresso nel 2018 con una joint venture, la societ\u00e0 \u00e8 riuscita a crescere in maniera significativa. \u201c<em>La Cina rappresenta il nostro obiettivo pi\u00f9 sul lungo termine. La nostra volont\u00e0 resta comunque quella di competere in un contesto globale<\/em>\u201d, aveva commentato Enrico Vita.<\/p>\n","protected":false},"excerpt":{"rendered":"<p>Con il CEO Enrico Vita alla guida, Amplifon continua a crescere in maniera significativa e arriva a pi\u00f9 che raddoppiare i propri ricavi nel giro di sette anni. Alla base della strategia la diversificazione geografica e gli investimenti in acquisizioni e innovazione. Il commento del CEO Enrico Vita sui ricavi del 2022 Da quando \u00e8 stata affidata la guida di Amplifon a Enrico Vita nel 2015 ad oggi, l\u2019azienda ha<\/p>\n<p><a class=\"continue-reading\" href=\"https:\/\/www.article-marketing.eu\/comunicatistampa\/amplifon-cresce-la-societa-guidata-da-enrico-vita-in-sette-anni-piu-che-raddoppiati-i-ricavi\/\">Continue reading&#8230;<\/a><\/p>\n","protected":false},"author":6477,"featured_media":0,"comment_status":"open","ping_status":"open","sticky":false,"template":"","format":"standard","meta":{"_monsterinsights_skip_tracking":false,"_monsterinsights_sitenote_active":false,"_monsterinsights_sitenote_note":"","_monsterinsights_sitenote_category":0,"footnotes":""},"categories":[386],"tags":[10643],"class_list":["post-27207","post","type-post","status-publish","format-standard","hentry","category-economia-e-lavoro","tag-enrico-vita"],"yoast_head":"<!-- This site is optimized with the Yoast SEO plugin v27.3 - https:\/\/yoast.com\/product\/yoast-seo-wordpress\/ -->\n<title>Amplifon, cresce la societ\u00e0 guidata da Enrico Vita: in sette anni pi\u00f9 che raddoppiati i ricavi<\/title>\n<meta name=\"robots\" content=\"index, follow, max-snippet:-1, max-image-preview:large, max-video-preview:-1\" \/>\n<link rel=\"canonical\" href=\"https:\/\/www.article-marketing.eu\/comunicatistampa\/amplifon-cresce-la-societa-guidata-da-enrico-vita-in-sette-anni-piu-che-raddoppiati-i-ricavi\/\" \/>\n<meta property=\"og:locale\" content=\"it_IT\" \/>\n<meta property=\"og:type\" content=\"article\" \/>\n<meta property=\"og:title\" content=\"Amplifon, cresce la societ\u00e0 guidata da Enrico Vita: in sette anni pi\u00f9 che raddoppiati i ricavi\" \/>\n<meta property=\"og:description\" content=\"Con il CEO Enrico Vita alla guida, Amplifon continua a crescere in maniera significativa e arriva a pi\u00f9 che raddoppiare i propri ricavi nel giro di sette anni. Alla base della strategia la diversificazione geografica e gli investimenti in acquisizioni e innovazione. Il commento del CEO Enrico Vita sui ricavi del 2022 Da quando \u00e8 stata affidata la guida di Amplifon a Enrico Vita nel 2015 ad oggi, l\u2019azienda haContinue reading...\" \/>\n<meta property=\"og:url\" content=\"https:\/\/www.article-marketing.eu\/comunicatistampa\/amplifon-cresce-la-societa-guidata-da-enrico-vita-in-sette-anni-piu-che-raddoppiati-i-ricavi\/\" \/>\n<meta property=\"og:site_name\" content=\"Article Marketing\" \/>\n<meta property=\"article:published_time\" content=\"2023-05-01T07:06:49+00:00\" \/>\n<meta property=\"og:image\" content=\"https:\/\/h2biz.net\/images\/Plats\/crop_min_20230406153310.jpg\" \/>\n<meta name=\"author\" content=\"articolinews\" \/>\n<meta name=\"twitter:card\" content=\"summary_large_image\" \/>\n<meta name=\"twitter:label1\" content=\"Scritto da\" \/>\n\t<meta name=\"twitter:data1\" content=\"articolinews\" \/>\n\t<meta name=\"twitter:label2\" content=\"Tempo di lettura stimato\" \/>\n\t<meta name=\"twitter:data2\" content=\"3 minuti\" \/>\n<script type=\"application\/ld+json\" class=\"yoast-schema-graph\">{\"@context\":\"https:\\\/\\\/schema.org\",\"@graph\":[{\"@type\":\"Article\",\"@id\":\"https:\\\/\\\/www.article-marketing.eu\\\/comunicatistampa\\\/amplifon-cresce-la-societa-guidata-da-enrico-vita-in-sette-anni-piu-che-raddoppiati-i-ricavi\\\/#article\",\"isPartOf\":{\"@id\":\"https:\\\/\\\/www.article-marketing.eu\\\/comunicatistampa\\\/amplifon-cresce-la-societa-guidata-da-enrico-vita-in-sette-anni-piu-che-raddoppiati-i-ricavi\\\/\"},\"author\":{\"name\":\"articolinews\",\"@id\":\"https:\\\/\\\/www.article-marketing.eu\\\/comunicatistampa\\\/#\\\/schema\\\/person\\\/2fcaf8f8f3a9eef9eb7f27532d3ca458\"},\"headline\":\"Amplifon, cresce la societ\u00e0 guidata da Enrico Vita: in sette anni pi\u00f9 che raddoppiati i ricavi\",\"datePublished\":\"2023-05-01T07:06:49+00:00\",\"mainEntityOfPage\":{\"@id\":\"https:\\\/\\\/www.article-marketing.eu\\\/comunicatistampa\\\/amplifon-cresce-la-societa-guidata-da-enrico-vita-in-sette-anni-piu-che-raddoppiati-i-ricavi\\\/\"},\"wordCount\":375,\"commentCount\":0,\"image\":{\"@id\":\"https:\\\/\\\/www.article-marketing.eu\\\/comunicatistampa\\\/amplifon-cresce-la-societa-guidata-da-enrico-vita-in-sette-anni-piu-che-raddoppiati-i-ricavi\\\/#primaryimage\"},\"thumbnailUrl\":\"https:\\\/\\\/h2biz.net\\\/images\\\/Plats\\\/crop_min_20230406153310.jpg\",\"keywords\":[\"Enrico Vita\"],\"articleSection\":[\"Economia e lavoro\"],\"inLanguage\":\"it-IT\",\"potentialAction\":[{\"@type\":\"CommentAction\",\"name\":\"Comment\",\"target\":[\"https:\\\/\\\/www.article-marketing.eu\\\/comunicatistampa\\\/amplifon-cresce-la-societa-guidata-da-enrico-vita-in-sette-anni-piu-che-raddoppiati-i-ricavi\\\/#respond\"]}]},{\"@type\":\"WebPage\",\"@id\":\"https:\\\/\\\/www.article-marketing.eu\\\/comunicatistampa\\\/amplifon-cresce-la-societa-guidata-da-enrico-vita-in-sette-anni-piu-che-raddoppiati-i-ricavi\\\/\",\"url\":\"https:\\\/\\\/www.article-marketing.eu\\\/comunicatistampa\\\/amplifon-cresce-la-societa-guidata-da-enrico-vita-in-sette-anni-piu-che-raddoppiati-i-ricavi\\\/\",\"name\":\"Amplifon, cresce la societ\u00e0 guidata da Enrico Vita: in sette anni pi\u00f9 che raddoppiati i ricavi\",\"isPartOf\":{\"@id\":\"https:\\\/\\\/www.article-marketing.eu\\\/comunicatistampa\\\/#website\"},\"primaryImageOfPage\":{\"@id\":\"https:\\\/\\\/www.article-marketing.eu\\\/comunicatistampa\\\/amplifon-cresce-la-societa-guidata-da-enrico-vita-in-sette-anni-piu-che-raddoppiati-i-ricavi\\\/#primaryimage\"},\"image\":{\"@id\":\"https:\\\/\\\/www.article-marketing.eu\\\/comunicatistampa\\\/amplifon-cresce-la-societa-guidata-da-enrico-vita-in-sette-anni-piu-che-raddoppiati-i-ricavi\\\/#primaryimage\"},\"thumbnailUrl\":\"https:\\\/\\\/h2biz.net\\\/images\\\/Plats\\\/crop_min_20230406153310.jpg\",\"datePublished\":\"2023-05-01T07:06:49+00:00\",\"author\":{\"@id\":\"https:\\\/\\\/www.article-marketing.eu\\\/comunicatistampa\\\/#\\\/schema\\\/person\\\/2fcaf8f8f3a9eef9eb7f27532d3ca458\"},\"breadcrumb\":{\"@id\":\"https:\\\/\\\/www.article-marketing.eu\\\/comunicatistampa\\\/amplifon-cresce-la-societa-guidata-da-enrico-vita-in-sette-anni-piu-che-raddoppiati-i-ricavi\\\/#breadcrumb\"},\"inLanguage\":\"it-IT\",\"potentialAction\":[{\"@type\":\"ReadAction\",\"target\":[\"https:\\\/\\\/www.article-marketing.eu\\\/comunicatistampa\\\/amplifon-cresce-la-societa-guidata-da-enrico-vita-in-sette-anni-piu-che-raddoppiati-i-ricavi\\\/\"]}]},{\"@type\":\"ImageObject\",\"inLanguage\":\"it-IT\",\"@id\":\"https:\\\/\\\/www.article-marketing.eu\\\/comunicatistampa\\\/amplifon-cresce-la-societa-guidata-da-enrico-vita-in-sette-anni-piu-che-raddoppiati-i-ricavi\\\/#primaryimage\",\"url\":\"https:\\\/\\\/h2biz.net\\\/images\\\/Plats\\\/crop_min_20230406153310.jpg\",\"contentUrl\":\"https:\\\/\\\/h2biz.net\\\/images\\\/Plats\\\/crop_min_20230406153310.jpg\"},{\"@type\":\"BreadcrumbList\",\"@id\":\"https:\\\/\\\/www.article-marketing.eu\\\/comunicatistampa\\\/amplifon-cresce-la-societa-guidata-da-enrico-vita-in-sette-anni-piu-che-raddoppiati-i-ricavi\\\/#breadcrumb\",\"itemListElement\":[{\"@type\":\"ListItem\",\"position\":1,\"name\":\"Home\",\"item\":\"https:\\\/\\\/www.article-marketing.eu\\\/comunicatistampa\\\/\"},{\"@type\":\"ListItem\",\"position\":2,\"name\":\"Amplifon, cresce la societ\u00e0 guidata da Enrico Vita: in sette anni pi\u00f9 che raddoppiati i ricavi\"}]},{\"@type\":\"WebSite\",\"@id\":\"https:\\\/\\\/www.article-marketing.eu\\\/comunicatistampa\\\/#website\",\"url\":\"https:\\\/\\\/www.article-marketing.eu\\\/comunicatistampa\\\/\",\"name\":\"Article Marketing\",\"description\":\"article marketing &amp; press release\",\"potentialAction\":[{\"@type\":\"SearchAction\",\"target\":{\"@type\":\"EntryPoint\",\"urlTemplate\":\"https:\\\/\\\/www.article-marketing.eu\\\/comunicatistampa\\\/?s={search_term_string}\"},\"query-input\":{\"@type\":\"PropertyValueSpecification\",\"valueRequired\":true,\"valueName\":\"search_term_string\"}}],\"inLanguage\":\"it-IT\"},{\"@type\":\"Person\",\"@id\":\"https:\\\/\\\/www.article-marketing.eu\\\/comunicatistampa\\\/#\\\/schema\\\/person\\\/2fcaf8f8f3a9eef9eb7f27532d3ca458\",\"name\":\"articolinews\",\"image\":{\"@type\":\"ImageObject\",\"inLanguage\":\"it-IT\",\"@id\":\"https:\\\/\\\/secure.gravatar.com\\\/avatar\\\/9e2a264bab04e17dea24d937c9956304649a848cb73c46747a692ff1bdeb1cb7?s=96&d=mm&r=g\",\"url\":\"https:\\\/\\\/secure.gravatar.com\\\/avatar\\\/9e2a264bab04e17dea24d937c9956304649a848cb73c46747a692ff1bdeb1cb7?s=96&d=mm&r=g\",\"contentUrl\":\"https:\\\/\\\/secure.gravatar.com\\\/avatar\\\/9e2a264bab04e17dea24d937c9956304649a848cb73c46747a692ff1bdeb1cb7?s=96&d=mm&r=g\",\"caption\":\"articolinews\"},\"url\":\"https:\\\/\\\/www.article-marketing.eu\\\/comunicatistampa\\\/author\\\/articolinews\\\/\"}]}<\/script>\n<!-- \/ Yoast SEO plugin. -->","yoast_head_json":{"title":"Amplifon, cresce la societ\u00e0 guidata da Enrico Vita: in sette anni pi\u00f9 che raddoppiati i ricavi","robots":{"index":"index","follow":"follow","max-snippet":"max-snippet:-1","max-image-preview":"max-image-preview:large","max-video-preview":"max-video-preview:-1"},"canonical":"https:\/\/www.article-marketing.eu\/comunicatistampa\/amplifon-cresce-la-societa-guidata-da-enrico-vita-in-sette-anni-piu-che-raddoppiati-i-ricavi\/","og_locale":"it_IT","og_type":"article","og_title":"Amplifon, cresce la societ\u00e0 guidata da Enrico Vita: in sette anni pi\u00f9 che raddoppiati i ricavi","og_description":"Con il CEO Enrico Vita alla guida, Amplifon continua a crescere in maniera significativa e arriva a pi\u00f9 che raddoppiare i propri ricavi nel giro di sette anni. Alla base della strategia la diversificazione geografica e gli investimenti in acquisizioni e innovazione. Il commento del CEO Enrico Vita sui ricavi del 2022 Da quando \u00e8 stata affidata la guida di Amplifon a Enrico Vita nel 2015 ad oggi, l\u2019azienda haContinue reading...","og_url":"https:\/\/www.article-marketing.eu\/comunicatistampa\/amplifon-cresce-la-societa-guidata-da-enrico-vita-in-sette-anni-piu-che-raddoppiati-i-ricavi\/","og_site_name":"Article Marketing","article_published_time":"2023-05-01T07:06:49+00:00","og_image":[{"url":"https:\/\/h2biz.net\/images\/Plats\/crop_min_20230406153310.jpg","type":"","width":"","height":""}],"author":"articolinews","twitter_card":"summary_large_image","twitter_misc":{"Scritto da":"articolinews","Tempo di lettura stimato":"3 minuti"},"schema":{"@context":"https:\/\/schema.org","@graph":[{"@type":"Article","@id":"https:\/\/www.article-marketing.eu\/comunicatistampa\/amplifon-cresce-la-societa-guidata-da-enrico-vita-in-sette-anni-piu-che-raddoppiati-i-ricavi\/#article","isPartOf":{"@id":"https:\/\/www.article-marketing.eu\/comunicatistampa\/amplifon-cresce-la-societa-guidata-da-enrico-vita-in-sette-anni-piu-che-raddoppiati-i-ricavi\/"},"author":{"name":"articolinews","@id":"https:\/\/www.article-marketing.eu\/comunicatistampa\/#\/schema\/person\/2fcaf8f8f3a9eef9eb7f27532d3ca458"},"headline":"Amplifon, cresce la societ\u00e0 guidata da Enrico Vita: in sette anni pi\u00f9 che raddoppiati i ricavi","datePublished":"2023-05-01T07:06:49+00:00","mainEntityOfPage":{"@id":"https:\/\/www.article-marketing.eu\/comunicatistampa\/amplifon-cresce-la-societa-guidata-da-enrico-vita-in-sette-anni-piu-che-raddoppiati-i-ricavi\/"},"wordCount":375,"commentCount":0,"image":{"@id":"https:\/\/www.article-marketing.eu\/comunicatistampa\/amplifon-cresce-la-societa-guidata-da-enrico-vita-in-sette-anni-piu-che-raddoppiati-i-ricavi\/#primaryimage"},"thumbnailUrl":"https:\/\/h2biz.net\/images\/Plats\/crop_min_20230406153310.jpg","keywords":["Enrico Vita"],"articleSection":["Economia e lavoro"],"inLanguage":"it-IT","potentialAction":[{"@type":"CommentAction","name":"Comment","target":["https:\/\/www.article-marketing.eu\/comunicatistampa\/amplifon-cresce-la-societa-guidata-da-enrico-vita-in-sette-anni-piu-che-raddoppiati-i-ricavi\/#respond"]}]},{"@type":"WebPage","@id":"https:\/\/www.article-marketing.eu\/comunicatistampa\/amplifon-cresce-la-societa-guidata-da-enrico-vita-in-sette-anni-piu-che-raddoppiati-i-ricavi\/","url":"https:\/\/www.article-marketing.eu\/comunicatistampa\/amplifon-cresce-la-societa-guidata-da-enrico-vita-in-sette-anni-piu-che-raddoppiati-i-ricavi\/","name":"Amplifon, cresce la societ\u00e0 guidata da Enrico Vita: in sette anni pi\u00f9 che raddoppiati i ricavi","isPartOf":{"@id":"https:\/\/www.article-marketing.eu\/comunicatistampa\/#website"},"primaryImageOfPage":{"@id":"https:\/\/www.article-marketing.eu\/comunicatistampa\/amplifon-cresce-la-societa-guidata-da-enrico-vita-in-sette-anni-piu-che-raddoppiati-i-ricavi\/#primaryimage"},"image":{"@id":"https:\/\/www.article-marketing.eu\/comunicatistampa\/amplifon-cresce-la-societa-guidata-da-enrico-vita-in-sette-anni-piu-che-raddoppiati-i-ricavi\/#primaryimage"},"thumbnailUrl":"https:\/\/h2biz.net\/images\/Plats\/crop_min_20230406153310.jpg","datePublished":"2023-05-01T07:06:49+00:00","author":{"@id":"https:\/\/www.article-marketing.eu\/comunicatistampa\/#\/schema\/person\/2fcaf8f8f3a9eef9eb7f27532d3ca458"},"breadcrumb":{"@id":"https:\/\/www.article-marketing.eu\/comunicatistampa\/amplifon-cresce-la-societa-guidata-da-enrico-vita-in-sette-anni-piu-che-raddoppiati-i-ricavi\/#breadcrumb"},"inLanguage":"it-IT","potentialAction":[{"@type":"ReadAction","target":["https:\/\/www.article-marketing.eu\/comunicatistampa\/amplifon-cresce-la-societa-guidata-da-enrico-vita-in-sette-anni-piu-che-raddoppiati-i-ricavi\/"]}]},{"@type":"ImageObject","inLanguage":"it-IT","@id":"https:\/\/www.article-marketing.eu\/comunicatistampa\/amplifon-cresce-la-societa-guidata-da-enrico-vita-in-sette-anni-piu-che-raddoppiati-i-ricavi\/#primaryimage","url":"https:\/\/h2biz.net\/images\/Plats\/crop_min_20230406153310.jpg","contentUrl":"https:\/\/h2biz.net\/images\/Plats\/crop_min_20230406153310.jpg"},{"@type":"BreadcrumbList","@id":"https:\/\/www.article-marketing.eu\/comunicatistampa\/amplifon-cresce-la-societa-guidata-da-enrico-vita-in-sette-anni-piu-che-raddoppiati-i-ricavi\/#breadcrumb","itemListElement":[{"@type":"ListItem","position":1,"name":"Home","item":"https:\/\/www.article-marketing.eu\/comunicatistampa\/"},{"@type":"ListItem","position":2,"name":"Amplifon, cresce la societ\u00e0 guidata da Enrico Vita: in sette anni pi\u00f9 che raddoppiati i ricavi"}]},{"@type":"WebSite","@id":"https:\/\/www.article-marketing.eu\/comunicatistampa\/#website","url":"https:\/\/www.article-marketing.eu\/comunicatistampa\/","name":"Article Marketing","description":"article marketing &amp; press release","potentialAction":[{"@type":"SearchAction","target":{"@type":"EntryPoint","urlTemplate":"https:\/\/www.article-marketing.eu\/comunicatistampa\/?s={search_term_string}"},"query-input":{"@type":"PropertyValueSpecification","valueRequired":true,"valueName":"search_term_string"}}],"inLanguage":"it-IT"},{"@type":"Person","@id":"https:\/\/www.article-marketing.eu\/comunicatistampa\/#\/schema\/person\/2fcaf8f8f3a9eef9eb7f27532d3ca458","name":"articolinews","image":{"@type":"ImageObject","inLanguage":"it-IT","@id":"https:\/\/secure.gravatar.com\/avatar\/9e2a264bab04e17dea24d937c9956304649a848cb73c46747a692ff1bdeb1cb7?s=96&d=mm&r=g","url":"https:\/\/secure.gravatar.com\/avatar\/9e2a264bab04e17dea24d937c9956304649a848cb73c46747a692ff1bdeb1cb7?s=96&d=mm&r=g","contentUrl":"https:\/\/secure.gravatar.com\/avatar\/9e2a264bab04e17dea24d937c9956304649a848cb73c46747a692ff1bdeb1cb7?s=96&d=mm&r=g","caption":"articolinews"},"url":"https:\/\/www.article-marketing.eu\/comunicatistampa\/author\/articolinews\/"}]}},"_links":{"self":[{"href":"https:\/\/www.article-marketing.eu\/comunicatistampa\/wp-json\/wp\/v2\/posts\/27207","targetHints":{"allow":["GET"]}}],"collection":[{"href":"https:\/\/www.article-marketing.eu\/comunicatistampa\/wp-json\/wp\/v2\/posts"}],"about":[{"href":"https:\/\/www.article-marketing.eu\/comunicatistampa\/wp-json\/wp\/v2\/types\/post"}],"author":[{"embeddable":true,"href":"https:\/\/www.article-marketing.eu\/comunicatistampa\/wp-json\/wp\/v2\/users\/6477"}],"replies":[{"embeddable":true,"href":"https:\/\/www.article-marketing.eu\/comunicatistampa\/wp-json\/wp\/v2\/comments?post=27207"}],"version-history":[{"count":2,"href":"https:\/\/www.article-marketing.eu\/comunicatistampa\/wp-json\/wp\/v2\/posts\/27207\/revisions"}],"predecessor-version":[{"id":27247,"href":"https:\/\/www.article-marketing.eu\/comunicatistampa\/wp-json\/wp\/v2\/posts\/27207\/revisions\/27247"}],"wp:attachment":[{"href":"https:\/\/www.article-marketing.eu\/comunicatistampa\/wp-json\/wp\/v2\/media?parent=27207"}],"wp:term":[{"taxonomy":"category","embeddable":true,"href":"https:\/\/www.article-marketing.eu\/comunicatistampa\/wp-json\/wp\/v2\/categories?post=27207"},{"taxonomy":"post_tag","embeddable":true,"href":"https:\/\/www.article-marketing.eu\/comunicatistampa\/wp-json\/wp\/v2\/tags?post=27207"}],"curies":[{"name":"wp","href":"https:\/\/api.w.org\/{rel}","templated":true}]}}