{"id":27213,"date":"2023-04-29T21:57:53","date_gmt":"2023-04-29T19:57:53","guid":{"rendered":"https:\/\/www.article-marketing.eu\/comunicatistampa\/?p=27213"},"modified":"2023-04-29T21:57:53","modified_gmt":"2023-04-29T19:57:53","slug":"andrea-mascetti-a-rete55-lunicita-dei-territori-la-vision-dellavvocato","status":"publish","type":"post","link":"https:\/\/www.article-marketing.eu\/comunicatistampa\/andrea-mascetti-a-rete55-lunicita-dei-territori-la-vision-dellavvocato\/","title":{"rendered":"Andrea Mascetti a Rete55: l\u2019unicit\u00e0 dei territori, la vision dell\u2019avvocato"},"content":{"rendered":"<p><em><strong>L\u2019intervista di Rete55 ad Andrea Mascetti: il valore dell\u2019unicit\u00e0 dei territori nelle parole dell\u2019avvocato, nominato di recente nella Commissione per l\u2019applicazione dell\u2019Autonomia della Regione Valle d\u2019Aosta.<\/strong><\/em><\/p>\n<p><a title=\"Andrea Mascetti, l\u2019avvocato che crede nell\u2019unicit\u00e0 dei territori\" href=\"https:\/\/www.rete55.it\/trasmissioni-rete55\/speciale-rete55\/mascetti-lavvocato-che-crede-nellunicita-dei-territori\/\"><em><strong><img loading=\"lazy\" decoding=\"async\" src=\"https:\/\/www.executivemanager.it\/images\/comprofiler\/0_5e4fb5cda8ee1.png\" alt=\"\" width=\"300\" height=\"187\" \/><\/strong><\/em><\/a><\/p>\n<h2><strong>Andrea Mascetti<\/strong><strong>: il nuovo incarico nella Commissione per l\u2019applicazione dell\u2019Autonomia della Regione Valle d\u2019Aosta<\/strong><\/h2>\n<p>L\u2019avvocato <a title=\"Andrea Mascetti: l\u2019intervista di Rete55\" href=\"https:\/\/www.rete55.it\/trasmissioni-rete55\/speciale-rete55\/mascetti-lavvocato-che-crede-nellunicita-dei-territori\/\">Andrea Mascetti<\/a> \u00e8 stato designato nei giorni scorsi su decreto della Presidenza del Consiglio dei Ministri firmato dal Ministro Calderoli per operare all\u2019interno della Commissione Paritetica per le norme di attuazione dello Statuto Speciale della Regione Autonoma Valle D\u2019Aosta. Non pu\u00f2 non partire da qui l\u2019intervista di Rete55 all\u2019avvocato, fondatore e titolare dello Studio Legale Mascetti: nel sottolineare il valore di questo incarico di rilievo istituzionale, Andrea Mascetti ne spiega dettagliatamente origini e finalit\u00e0 riflettendo insieme al giornalista Matteo Inzaghi sulle prospettive autonomistiche della Lombardia e sull\u2019esigenza di riaffermare il ruolo dei territori.<\/p>\n<h2><strong>Andrea Mascetti<\/strong><strong>: l\u2019impegno per l\u2019arte e la cultura in Fondazione Cariplo e la vision sul mondo dell\u2019associazionismo<\/strong><\/h2>\n<p>Nell\u2019intervista a Rete 55, <a title=\"Andrea Macetti e il nuovo incarico di rilievo istituzionale\" href=\"https:\/\/www.rete55.it\/trasmissioni-rete55\/speciale-rete55\/mascetti-lavvocato-che-crede-nellunicita-dei-territori\/\">Andrea Mascetti<\/a> sottolinea anche il valore dell\u2019arte e della cultura per il territorio: in qualit\u00e0 di Coordinatore della Commissione Arte e Cultura di Fondazione Cariplo ha avuto modo di appurarne l\u2019importanza nei numerosi progetti promossi e nelle iniziative lanciate. \u201c<em>Il mondo dell\u2019associazionismo culturale \u00e8 in crisi perch\u00e9 manca il volontariato. Io credo che gli Enti locali debbano aiutare le attivit\u00e0 culturali, soprattutto quelle pi\u00f9 legate ai temi della nostra identit\u00e0<\/em>\u201d: fondamentale in quest\u2019ottica il coinvolgimento dei privati \u201c<em>perch\u00e9 tante realt\u00e0 culturali che portano avanti iniziative bellissime nei nostri territori non hanno la capacit\u00e0 di intercettare risorse<\/em>\u201d, spiega l\u2019avvocato Andrea Mascetti nell\u2019intervista.<\/p>\n","protected":false},"excerpt":{"rendered":"<p>L\u2019intervista di Rete55 ad Andrea Mascetti: il valore dell\u2019unicit\u00e0 dei territori nelle parole dell\u2019avvocato, nominato di recente nella Commissione per l\u2019applicazione dell\u2019Autonomia della Regione Valle d\u2019Aosta. Andrea Mascetti: il nuovo incarico nella Commissione per l\u2019applicazione dell\u2019Autonomia della Regione Valle d\u2019Aosta L\u2019avvocato Andrea Mascetti \u00e8 stato designato nei giorni scorsi su decreto della Presidenza del Consiglio dei Ministri firmato dal Ministro Calderoli per operare all\u2019interno della Commissione Paritetica per le norme<\/p>\n<p><a class=\"continue-reading\" href=\"https:\/\/www.article-marketing.eu\/comunicatistampa\/andrea-mascetti-a-rete55-lunicita-dei-territori-la-vision-dellavvocato\/\">Continue reading&#8230;<\/a><\/p>\n","protected":false},"author":6477,"featured_media":0,"comment_status":"open","ping_status":"open","sticky":false,"template":"","format":"standard","meta":{"_monsterinsights_skip_tracking":false,"_monsterinsights_sitenote_active":false,"_monsterinsights_sitenote_note":"","_monsterinsights_sitenote_category":0,"footnotes":""},"categories":[78],"tags":[9120],"class_list":["post-27213","post","type-post","status-publish","format-standard","hentry","category-comunicati-stampa","tag-andrea-mascetti"],"yoast_head":"<!-- This site is optimized with the Yoast SEO plugin v27.3 - https:\/\/yoast.com\/product\/yoast-seo-wordpress\/ -->\n<title>Andrea Mascetti a Rete55: l\u2019unicit\u00e0 dei territori, la vision dell\u2019avvocato<\/title>\n<meta name=\"robots\" content=\"index, follow, max-snippet:-1, max-image-preview:large, max-video-preview:-1\" \/>\n<link rel=\"canonical\" href=\"https:\/\/www.article-marketing.eu\/comunicatistampa\/andrea-mascetti-a-rete55-lunicita-dei-territori-la-vision-dellavvocato\/\" \/>\n<meta property=\"og:locale\" content=\"it_IT\" \/>\n<meta property=\"og:type\" content=\"article\" \/>\n<meta property=\"og:title\" content=\"Andrea Mascetti a Rete55: l\u2019unicit\u00e0 dei territori, la vision dell\u2019avvocato\" \/>\n<meta property=\"og:description\" content=\"L\u2019intervista di Rete55 ad Andrea Mascetti: il valore dell\u2019unicit\u00e0 dei territori nelle parole dell\u2019avvocato, nominato di recente nella Commissione per l\u2019applicazione dell\u2019Autonomia della Regione Valle d\u2019Aosta. Andrea Mascetti: il nuovo incarico nella Commissione per l\u2019applicazione dell\u2019Autonomia della Regione Valle d\u2019Aosta L\u2019avvocato Andrea Mascetti \u00e8 stato designato nei giorni scorsi su decreto della Presidenza del Consiglio dei Ministri firmato dal Ministro Calderoli per operare all\u2019interno della Commissione Paritetica per le normeContinue reading...\" \/>\n<meta property=\"og:url\" content=\"https:\/\/www.article-marketing.eu\/comunicatistampa\/andrea-mascetti-a-rete55-lunicita-dei-territori-la-vision-dellavvocato\/\" \/>\n<meta property=\"og:site_name\" content=\"Article Marketing\" \/>\n<meta property=\"article:published_time\" content=\"2023-04-29T19:57:53+00:00\" \/>\n<meta property=\"og:image\" content=\"https:\/\/www.executivemanager.it\/images\/comprofiler\/0_5e4fb5cda8ee1.png\" \/>\n<meta name=\"author\" content=\"articolinews\" \/>\n<meta name=\"twitter:card\" content=\"summary_large_image\" \/>\n<meta name=\"twitter:label1\" content=\"Scritto da\" \/>\n\t<meta name=\"twitter:data1\" content=\"articolinews\" \/>\n\t<meta name=\"twitter:label2\" content=\"Tempo di lettura stimato\" \/>\n\t<meta name=\"twitter:data2\" content=\"2 minuti\" \/>\n<script type=\"application\/ld+json\" class=\"yoast-schema-graph\">{\"@context\":\"https:\\\/\\\/schema.org\",\"@graph\":[{\"@type\":\"Article\",\"@id\":\"https:\\\/\\\/www.article-marketing.eu\\\/comunicatistampa\\\/andrea-mascetti-a-rete55-lunicita-dei-territori-la-vision-dellavvocato\\\/#article\",\"isPartOf\":{\"@id\":\"https:\\\/\\\/www.article-marketing.eu\\\/comunicatistampa\\\/andrea-mascetti-a-rete55-lunicita-dei-territori-la-vision-dellavvocato\\\/\"},\"author\":{\"name\":\"articolinews\",\"@id\":\"https:\\\/\\\/www.article-marketing.eu\\\/comunicatistampa\\\/#\\\/schema\\\/person\\\/2fcaf8f8f3a9eef9eb7f27532d3ca458\"},\"headline\":\"Andrea Mascetti a Rete55: l\u2019unicit\u00e0 dei territori, la vision dell\u2019avvocato\",\"datePublished\":\"2023-04-29T19:57:53+00:00\",\"mainEntityOfPage\":{\"@id\":\"https:\\\/\\\/www.article-marketing.eu\\\/comunicatistampa\\\/andrea-mascetti-a-rete55-lunicita-dei-territori-la-vision-dellavvocato\\\/\"},\"wordCount\":290,\"commentCount\":0,\"image\":{\"@id\":\"https:\\\/\\\/www.article-marketing.eu\\\/comunicatistampa\\\/andrea-mascetti-a-rete55-lunicita-dei-territori-la-vision-dellavvocato\\\/#primaryimage\"},\"thumbnailUrl\":\"https:\\\/\\\/www.executivemanager.it\\\/images\\\/comprofiler\\\/0_5e4fb5cda8ee1.png\",\"keywords\":[\"Andrea Mascetti\"],\"articleSection\":[\"Comunicati stampa\"],\"inLanguage\":\"it-IT\",\"potentialAction\":[{\"@type\":\"CommentAction\",\"name\":\"Comment\",\"target\":[\"https:\\\/\\\/www.article-marketing.eu\\\/comunicatistampa\\\/andrea-mascetti-a-rete55-lunicita-dei-territori-la-vision-dellavvocato\\\/#respond\"]}]},{\"@type\":\"WebPage\",\"@id\":\"https:\\\/\\\/www.article-marketing.eu\\\/comunicatistampa\\\/andrea-mascetti-a-rete55-lunicita-dei-territori-la-vision-dellavvocato\\\/\",\"url\":\"https:\\\/\\\/www.article-marketing.eu\\\/comunicatistampa\\\/andrea-mascetti-a-rete55-lunicita-dei-territori-la-vision-dellavvocato\\\/\",\"name\":\"Andrea Mascetti a Rete55: l\u2019unicit\u00e0 dei territori, la vision dell\u2019avvocato\",\"isPartOf\":{\"@id\":\"https:\\\/\\\/www.article-marketing.eu\\\/comunicatistampa\\\/#website\"},\"primaryImageOfPage\":{\"@id\":\"https:\\\/\\\/www.article-marketing.eu\\\/comunicatistampa\\\/andrea-mascetti-a-rete55-lunicita-dei-territori-la-vision-dellavvocato\\\/#primaryimage\"},\"image\":{\"@id\":\"https:\\\/\\\/www.article-marketing.eu\\\/comunicatistampa\\\/andrea-mascetti-a-rete55-lunicita-dei-territori-la-vision-dellavvocato\\\/#primaryimage\"},\"thumbnailUrl\":\"https:\\\/\\\/www.executivemanager.it\\\/images\\\/comprofiler\\\/0_5e4fb5cda8ee1.png\",\"datePublished\":\"2023-04-29T19:57:53+00:00\",\"author\":{\"@id\":\"https:\\\/\\\/www.article-marketing.eu\\\/comunicatistampa\\\/#\\\/schema\\\/person\\\/2fcaf8f8f3a9eef9eb7f27532d3ca458\"},\"breadcrumb\":{\"@id\":\"https:\\\/\\\/www.article-marketing.eu\\\/comunicatistampa\\\/andrea-mascetti-a-rete55-lunicita-dei-territori-la-vision-dellavvocato\\\/#breadcrumb\"},\"inLanguage\":\"it-IT\",\"potentialAction\":[{\"@type\":\"ReadAction\",\"target\":[\"https:\\\/\\\/www.article-marketing.eu\\\/comunicatistampa\\\/andrea-mascetti-a-rete55-lunicita-dei-territori-la-vision-dellavvocato\\\/\"]}]},{\"@type\":\"ImageObject\",\"inLanguage\":\"it-IT\",\"@id\":\"https:\\\/\\\/www.article-marketing.eu\\\/comunicatistampa\\\/andrea-mascetti-a-rete55-lunicita-dei-territori-la-vision-dellavvocato\\\/#primaryimage\",\"url\":\"https:\\\/\\\/www.executivemanager.it\\\/images\\\/comprofiler\\\/0_5e4fb5cda8ee1.png\",\"contentUrl\":\"https:\\\/\\\/www.executivemanager.it\\\/images\\\/comprofiler\\\/0_5e4fb5cda8ee1.png\"},{\"@type\":\"BreadcrumbList\",\"@id\":\"https:\\\/\\\/www.article-marketing.eu\\\/comunicatistampa\\\/andrea-mascetti-a-rete55-lunicita-dei-territori-la-vision-dellavvocato\\\/#breadcrumb\",\"itemListElement\":[{\"@type\":\"ListItem\",\"position\":1,\"name\":\"Home\",\"item\":\"https:\\\/\\\/www.article-marketing.eu\\\/comunicatistampa\\\/\"},{\"@type\":\"ListItem\",\"position\":2,\"name\":\"Andrea Mascetti a Rete55: l\u2019unicit\u00e0 dei territori, la vision dell\u2019avvocato\"}]},{\"@type\":\"WebSite\",\"@id\":\"https:\\\/\\\/www.article-marketing.eu\\\/comunicatistampa\\\/#website\",\"url\":\"https:\\\/\\\/www.article-marketing.eu\\\/comunicatistampa\\\/\",\"name\":\"Article Marketing\",\"description\":\"article marketing &amp; press release\",\"potentialAction\":[{\"@type\":\"SearchAction\",\"target\":{\"@type\":\"EntryPoint\",\"urlTemplate\":\"https:\\\/\\\/www.article-marketing.eu\\\/comunicatistampa\\\/?s={search_term_string}\"},\"query-input\":{\"@type\":\"PropertyValueSpecification\",\"valueRequired\":true,\"valueName\":\"search_term_string\"}}],\"inLanguage\":\"it-IT\"},{\"@type\":\"Person\",\"@id\":\"https:\\\/\\\/www.article-marketing.eu\\\/comunicatistampa\\\/#\\\/schema\\\/person\\\/2fcaf8f8f3a9eef9eb7f27532d3ca458\",\"name\":\"articolinews\",\"image\":{\"@type\":\"ImageObject\",\"inLanguage\":\"it-IT\",\"@id\":\"https:\\\/\\\/secure.gravatar.com\\\/avatar\\\/9e2a264bab04e17dea24d937c9956304649a848cb73c46747a692ff1bdeb1cb7?s=96&d=mm&r=g\",\"url\":\"https:\\\/\\\/secure.gravatar.com\\\/avatar\\\/9e2a264bab04e17dea24d937c9956304649a848cb73c46747a692ff1bdeb1cb7?s=96&d=mm&r=g\",\"contentUrl\":\"https:\\\/\\\/secure.gravatar.com\\\/avatar\\\/9e2a264bab04e17dea24d937c9956304649a848cb73c46747a692ff1bdeb1cb7?s=96&d=mm&r=g\",\"caption\":\"articolinews\"},\"url\":\"https:\\\/\\\/www.article-marketing.eu\\\/comunicatistampa\\\/author\\\/articolinews\\\/\"}]}<\/script>\n<!-- \/ Yoast SEO plugin. -->","yoast_head_json":{"title":"Andrea Mascetti a Rete55: l\u2019unicit\u00e0 dei territori, la vision dell\u2019avvocato","robots":{"index":"index","follow":"follow","max-snippet":"max-snippet:-1","max-image-preview":"max-image-preview:large","max-video-preview":"max-video-preview:-1"},"canonical":"https:\/\/www.article-marketing.eu\/comunicatistampa\/andrea-mascetti-a-rete55-lunicita-dei-territori-la-vision-dellavvocato\/","og_locale":"it_IT","og_type":"article","og_title":"Andrea Mascetti a Rete55: l\u2019unicit\u00e0 dei territori, la vision dell\u2019avvocato","og_description":"L\u2019intervista di Rete55 ad Andrea Mascetti: il valore dell\u2019unicit\u00e0 dei territori nelle parole dell\u2019avvocato, nominato di recente nella Commissione per l\u2019applicazione dell\u2019Autonomia della Regione Valle d\u2019Aosta. Andrea Mascetti: il nuovo incarico nella Commissione per l\u2019applicazione dell\u2019Autonomia della Regione Valle d\u2019Aosta L\u2019avvocato Andrea Mascetti \u00e8 stato designato nei giorni scorsi su decreto della Presidenza del Consiglio dei Ministri firmato dal Ministro Calderoli per operare all\u2019interno della Commissione Paritetica per le normeContinue reading...","og_url":"https:\/\/www.article-marketing.eu\/comunicatistampa\/andrea-mascetti-a-rete55-lunicita-dei-territori-la-vision-dellavvocato\/","og_site_name":"Article Marketing","article_published_time":"2023-04-29T19:57:53+00:00","og_image":[{"url":"https:\/\/www.executivemanager.it\/images\/comprofiler\/0_5e4fb5cda8ee1.png","type":"","width":"","height":""}],"author":"articolinews","twitter_card":"summary_large_image","twitter_misc":{"Scritto da":"articolinews","Tempo di lettura stimato":"2 minuti"},"schema":{"@context":"https:\/\/schema.org","@graph":[{"@type":"Article","@id":"https:\/\/www.article-marketing.eu\/comunicatistampa\/andrea-mascetti-a-rete55-lunicita-dei-territori-la-vision-dellavvocato\/#article","isPartOf":{"@id":"https:\/\/www.article-marketing.eu\/comunicatistampa\/andrea-mascetti-a-rete55-lunicita-dei-territori-la-vision-dellavvocato\/"},"author":{"name":"articolinews","@id":"https:\/\/www.article-marketing.eu\/comunicatistampa\/#\/schema\/person\/2fcaf8f8f3a9eef9eb7f27532d3ca458"},"headline":"Andrea Mascetti a Rete55: l\u2019unicit\u00e0 dei territori, la vision dell\u2019avvocato","datePublished":"2023-04-29T19:57:53+00:00","mainEntityOfPage":{"@id":"https:\/\/www.article-marketing.eu\/comunicatistampa\/andrea-mascetti-a-rete55-lunicita-dei-territori-la-vision-dellavvocato\/"},"wordCount":290,"commentCount":0,"image":{"@id":"https:\/\/www.article-marketing.eu\/comunicatistampa\/andrea-mascetti-a-rete55-lunicita-dei-territori-la-vision-dellavvocato\/#primaryimage"},"thumbnailUrl":"https:\/\/www.executivemanager.it\/images\/comprofiler\/0_5e4fb5cda8ee1.png","keywords":["Andrea Mascetti"],"articleSection":["Comunicati stampa"],"inLanguage":"it-IT","potentialAction":[{"@type":"CommentAction","name":"Comment","target":["https:\/\/www.article-marketing.eu\/comunicatistampa\/andrea-mascetti-a-rete55-lunicita-dei-territori-la-vision-dellavvocato\/#respond"]}]},{"@type":"WebPage","@id":"https:\/\/www.article-marketing.eu\/comunicatistampa\/andrea-mascetti-a-rete55-lunicita-dei-territori-la-vision-dellavvocato\/","url":"https:\/\/www.article-marketing.eu\/comunicatistampa\/andrea-mascetti-a-rete55-lunicita-dei-territori-la-vision-dellavvocato\/","name":"Andrea Mascetti a Rete55: l\u2019unicit\u00e0 dei territori, la vision dell\u2019avvocato","isPartOf":{"@id":"https:\/\/www.article-marketing.eu\/comunicatistampa\/#website"},"primaryImageOfPage":{"@id":"https:\/\/www.article-marketing.eu\/comunicatistampa\/andrea-mascetti-a-rete55-lunicita-dei-territori-la-vision-dellavvocato\/#primaryimage"},"image":{"@id":"https:\/\/www.article-marketing.eu\/comunicatistampa\/andrea-mascetti-a-rete55-lunicita-dei-territori-la-vision-dellavvocato\/#primaryimage"},"thumbnailUrl":"https:\/\/www.executivemanager.it\/images\/comprofiler\/0_5e4fb5cda8ee1.png","datePublished":"2023-04-29T19:57:53+00:00","author":{"@id":"https:\/\/www.article-marketing.eu\/comunicatistampa\/#\/schema\/person\/2fcaf8f8f3a9eef9eb7f27532d3ca458"},"breadcrumb":{"@id":"https:\/\/www.article-marketing.eu\/comunicatistampa\/andrea-mascetti-a-rete55-lunicita-dei-territori-la-vision-dellavvocato\/#breadcrumb"},"inLanguage":"it-IT","potentialAction":[{"@type":"ReadAction","target":["https:\/\/www.article-marketing.eu\/comunicatistampa\/andrea-mascetti-a-rete55-lunicita-dei-territori-la-vision-dellavvocato\/"]}]},{"@type":"ImageObject","inLanguage":"it-IT","@id":"https:\/\/www.article-marketing.eu\/comunicatistampa\/andrea-mascetti-a-rete55-lunicita-dei-territori-la-vision-dellavvocato\/#primaryimage","url":"https:\/\/www.executivemanager.it\/images\/comprofiler\/0_5e4fb5cda8ee1.png","contentUrl":"https:\/\/www.executivemanager.it\/images\/comprofiler\/0_5e4fb5cda8ee1.png"},{"@type":"BreadcrumbList","@id":"https:\/\/www.article-marketing.eu\/comunicatistampa\/andrea-mascetti-a-rete55-lunicita-dei-territori-la-vision-dellavvocato\/#breadcrumb","itemListElement":[{"@type":"ListItem","position":1,"name":"Home","item":"https:\/\/www.article-marketing.eu\/comunicatistampa\/"},{"@type":"ListItem","position":2,"name":"Andrea Mascetti a Rete55: l\u2019unicit\u00e0 dei territori, la vision dell\u2019avvocato"}]},{"@type":"WebSite","@id":"https:\/\/www.article-marketing.eu\/comunicatistampa\/#website","url":"https:\/\/www.article-marketing.eu\/comunicatistampa\/","name":"Article Marketing","description":"article marketing &amp; press release","potentialAction":[{"@type":"SearchAction","target":{"@type":"EntryPoint","urlTemplate":"https:\/\/www.article-marketing.eu\/comunicatistampa\/?s={search_term_string}"},"query-input":{"@type":"PropertyValueSpecification","valueRequired":true,"valueName":"search_term_string"}}],"inLanguage":"it-IT"},{"@type":"Person","@id":"https:\/\/www.article-marketing.eu\/comunicatistampa\/#\/schema\/person\/2fcaf8f8f3a9eef9eb7f27532d3ca458","name":"articolinews","image":{"@type":"ImageObject","inLanguage":"it-IT","@id":"https:\/\/secure.gravatar.com\/avatar\/9e2a264bab04e17dea24d937c9956304649a848cb73c46747a692ff1bdeb1cb7?s=96&d=mm&r=g","url":"https:\/\/secure.gravatar.com\/avatar\/9e2a264bab04e17dea24d937c9956304649a848cb73c46747a692ff1bdeb1cb7?s=96&d=mm&r=g","contentUrl":"https:\/\/secure.gravatar.com\/avatar\/9e2a264bab04e17dea24d937c9956304649a848cb73c46747a692ff1bdeb1cb7?s=96&d=mm&r=g","caption":"articolinews"},"url":"https:\/\/www.article-marketing.eu\/comunicatistampa\/author\/articolinews\/"}]}},"_links":{"self":[{"href":"https:\/\/www.article-marketing.eu\/comunicatistampa\/wp-json\/wp\/v2\/posts\/27213","targetHints":{"allow":["GET"]}}],"collection":[{"href":"https:\/\/www.article-marketing.eu\/comunicatistampa\/wp-json\/wp\/v2\/posts"}],"about":[{"href":"https:\/\/www.article-marketing.eu\/comunicatistampa\/wp-json\/wp\/v2\/types\/post"}],"author":[{"embeddable":true,"href":"https:\/\/www.article-marketing.eu\/comunicatistampa\/wp-json\/wp\/v2\/users\/6477"}],"replies":[{"embeddable":true,"href":"https:\/\/www.article-marketing.eu\/comunicatistampa\/wp-json\/wp\/v2\/comments?post=27213"}],"version-history":[{"count":2,"href":"https:\/\/www.article-marketing.eu\/comunicatistampa\/wp-json\/wp\/v2\/posts\/27213\/revisions"}],"predecessor-version":[{"id":27238,"href":"https:\/\/www.article-marketing.eu\/comunicatistampa\/wp-json\/wp\/v2\/posts\/27213\/revisions\/27238"}],"wp:attachment":[{"href":"https:\/\/www.article-marketing.eu\/comunicatistampa\/wp-json\/wp\/v2\/media?parent=27213"}],"wp:term":[{"taxonomy":"category","embeddable":true,"href":"https:\/\/www.article-marketing.eu\/comunicatistampa\/wp-json\/wp\/v2\/categories?post=27213"},{"taxonomy":"post_tag","embeddable":true,"href":"https:\/\/www.article-marketing.eu\/comunicatistampa\/wp-json\/wp\/v2\/tags?post=27213"}],"curies":[{"name":"wp","href":"https:\/\/api.w.org\/{rel}","templated":true}]}}