{"id":27224,"date":"2023-05-03T08:32:09","date_gmt":"2023-05-03T06:32:09","guid":{"rendered":"https:\/\/www.article-marketing.eu\/comunicatistampa\/?p=27224"},"modified":"2023-04-29T22:23:02","modified_gmt":"2023-04-29T20:23:02","slug":"renato-mazzoncini-a-brescia-le-prime-city-plug-di-a2a-intervista-allad","status":"publish","type":"post","link":"https:\/\/www.article-marketing.eu\/comunicatistampa\/renato-mazzoncini-a-brescia-le-prime-city-plug-di-a2a-intervista-allad\/","title":{"rendered":"Renato Mazzoncini: a Brescia le prime City Plug di A2A, intervista all\u2019AD"},"content":{"rendered":"<p><em><strong>Inaugurate a Brescia le prime colonnine City Plug. Il valore del progetto nelle parole di <a title=\"Renato Mazzoncini presenta il progetto City Plug\" href=\"https:\/\/www.youtube.com\/watch?v=QfZQrE7U-d8&amp;ab_channel=VaiElettrico\">Renato Mazzoncini<\/a>, AD e DG di A2A: \u201cAssoluta novit\u00e0 nella mobilit\u00e0 elettrica. Un modello di servizio pi\u00f9 capillare e alla portata di tutti\u201d.<\/strong><\/em><\/p>\n<p><a title=\"Renato Mazzoncini, A2A city plug\" href=\"https:\/\/www.youtube.com\/watch?v=QfZQrE7U-d8&amp;ab_channel=VaiElettrico\"><img loading=\"lazy\" decoding=\"async\" src=\"https:\/\/www.elivebrescia.tv\/wp-content\/uploads\/2023\/04\/52797603264_2d94a03953_o-1024x682.jpg\" alt=\"Renato Mazzoncini, city plug A2A\" width=\"300\" height=\"200\" \/><\/a><\/p>\n<h2>A Brescia arrivano le City Plug: l\u2019intervista all\u2019AD e DG di A2A Renato Mazzoncini<\/h2>\n<p>Portare in strada l\u2019esperienza della ricarica domestica: guarda in questa direzione il progetto City Plug lanciato da <strong>A2A<\/strong>. \u00a0Lo ha sottolineato anche l\u2019AD e DG <strong>Renato Mazzoncini<\/strong>, intervistato lo scorso 6 aprile a Brescia da \u201cVaiElettrico\u201d in occasione dell\u2019inaugurazione della prima serie di queste colonnine innovative. \u201c<em>A2A<\/em> <em>intende sostenere lo sviluppo della mobilit\u00e0 elettrica privata nei contesti urbani grazie a una soluzione che risponde a esigenze specifiche dei residenti e accessibile anche ai cittadini sprovvisti di un posto auto privato\u201d<\/em>, ha spiegato l\u2019AD parlando degli obiettivi del progetto: la City Plug \u00e8 stata progettata per offrire una modalit\u00e0 di ricarica \u201clenta\u201d, che possa essere utilizzata durante il parcheggio notturno di una vettura , \u00a0pensata per chi non un \u00a0garage o un posto auto privato dove poter installare una wallbox. Insieme all\u2019AD e DG <strong>Renato Mazzoncini<\/strong>, all\u2019evento hanno preso parte anche l\u2019AD di A2A E-Mobility Fabio Pressi, il Presidente di Giugiaro Architettura Fabrizio Giugiaro e l\u2019Assessore alle Politiche della Mobilit\u00e0 del Comune di Brescia Federico Manzoni.<strong>\u00a0<\/strong><\/p>\n<h2>Renato Mazzoncini: l\u2019elettrificazione per il futuro della mobilit\u00e0<\/h2>\n<p><em>\u201cCon queste infrastrutture A2A propone una assoluta novit\u00e0 nella mobilit\u00e0 elettrica\u201d<\/em>, ha ribadito <strong>Renato Mazzoncini<\/strong> sottolineando come City Plug rappresenti <em>\u201cun modello di servizio pi\u00f9 capillare e alla portata di tutti, sostenibile per la citt\u00e0 e per chi decide di guidare elettrico\u201d<\/em>. La stazione inaugurata in Via Boves a Brescia propone colonnine che erogano elettricit\u00e0 certificata 100% green a 7,4 kW di potenza, a servizio quindi anche di auto elettriche con batterie di piccole dimensioni e ibride plug-in. Un\u2019unica centrale di alimentazione suddivide i carichi disponibili, garantendo inoltre un servizio di ricarica a costi contenuti. Come reso noto durante la presentazione, il design delle City Plug, che trae origine da un concorso interno a cui hanno partecipato i dipendenti di <strong>A2A<\/strong>, \u00e8 stato sviluppato da Giugiaro Architettura. Nuova energia, dunque, per favorire la transizione ecologica del Paese, con la Life Company guidata da <a title=\"Renato Mazzoncini di A2A spiega il progetto City Plug\" href=\"https:\/\/www.youtube.com\/watch?v=QfZQrE7U-d8&amp;ab_channel=VaiElettrico\"><strong>Renato Mazzoncini<\/strong><\/a> che offre un nuovo importante contributo allo sviluppo della mobilit\u00e0 sostenibile.<\/p>\n","protected":false},"excerpt":{"rendered":"<p>Inaugurate a Brescia le prime colonnine City Plug. Il valore del progetto nelle parole di Renato Mazzoncini, AD e DG di A2A: \u201cAssoluta novit\u00e0 nella mobilit\u00e0 elettrica. Un modello di servizio pi\u00f9 capillare e alla portata di tutti\u201d. A Brescia arrivano le City Plug: l\u2019intervista all\u2019AD e DG di A2A Renato Mazzoncini Portare in strada l\u2019esperienza della ricarica domestica: guarda in questa direzione il progetto City Plug lanciato da A2A.<\/p>\n<p><a class=\"continue-reading\" href=\"https:\/\/www.article-marketing.eu\/comunicatistampa\/renato-mazzoncini-a-brescia-le-prime-city-plug-di-a2a-intervista-allad\/\">Continue reading&#8230;<\/a><\/p>\n","protected":false},"author":6477,"featured_media":0,"comment_status":"open","ping_status":"open","sticky":false,"template":"","format":"standard","meta":{"_monsterinsights_skip_tracking":false,"_monsterinsights_sitenote_active":false,"_monsterinsights_sitenote_note":"","_monsterinsights_sitenote_category":0,"footnotes":""},"categories":[386],"tags":[9539,10442],"class_list":["post-27224","post","type-post","status-publish","format-standard","hentry","category-economia-e-lavoro","tag-a2a","tag-renato-mazzoncini"],"yoast_head":"<!-- This site is optimized with the Yoast SEO plugin v27.3 - https:\/\/yoast.com\/product\/yoast-seo-wordpress\/ -->\n<title>Renato Mazzoncini: a Brescia le prime City Plug di A2A, intervista all\u2019AD<\/title>\n<meta name=\"robots\" content=\"index, follow, max-snippet:-1, max-image-preview:large, max-video-preview:-1\" \/>\n<link rel=\"canonical\" href=\"https:\/\/www.article-marketing.eu\/comunicatistampa\/renato-mazzoncini-a-brescia-le-prime-city-plug-di-a2a-intervista-allad\/\" \/>\n<meta property=\"og:locale\" content=\"it_IT\" \/>\n<meta property=\"og:type\" content=\"article\" \/>\n<meta property=\"og:title\" content=\"Renato Mazzoncini: a Brescia le prime City Plug di A2A, intervista all\u2019AD\" \/>\n<meta property=\"og:description\" content=\"Inaugurate a Brescia le prime colonnine City Plug. Il valore del progetto nelle parole di Renato Mazzoncini, AD e DG di A2A: \u201cAssoluta novit\u00e0 nella mobilit\u00e0 elettrica. Un modello di servizio pi\u00f9 capillare e alla portata di tutti\u201d. A Brescia arrivano le City Plug: l\u2019intervista all\u2019AD e DG di A2A Renato Mazzoncini Portare in strada l\u2019esperienza della ricarica domestica: guarda in questa direzione il progetto City Plug lanciato da A2A.Continue reading...\" \/>\n<meta property=\"og:url\" content=\"https:\/\/www.article-marketing.eu\/comunicatistampa\/renato-mazzoncini-a-brescia-le-prime-city-plug-di-a2a-intervista-allad\/\" \/>\n<meta property=\"og:site_name\" content=\"Article Marketing\" \/>\n<meta property=\"article:published_time\" content=\"2023-05-03T06:32:09+00:00\" \/>\n<meta property=\"og:image\" content=\"https:\/\/www.elivebrescia.tv\/wp-content\/uploads\/2023\/04\/52797603264_2d94a03953_o-1024x682.jpg\" \/>\n<meta name=\"author\" content=\"articolinews\" \/>\n<meta name=\"twitter:card\" content=\"summary_large_image\" \/>\n<meta name=\"twitter:label1\" content=\"Scritto da\" \/>\n\t<meta name=\"twitter:data1\" content=\"articolinews\" \/>\n\t<meta name=\"twitter:label2\" content=\"Tempo di lettura stimato\" \/>\n\t<meta name=\"twitter:data2\" content=\"3 minuti\" \/>\n<script type=\"application\/ld+json\" class=\"yoast-schema-graph\">{\"@context\":\"https:\\\/\\\/schema.org\",\"@graph\":[{\"@type\":\"Article\",\"@id\":\"https:\\\/\\\/www.article-marketing.eu\\\/comunicatistampa\\\/renato-mazzoncini-a-brescia-le-prime-city-plug-di-a2a-intervista-allad\\\/#article\",\"isPartOf\":{\"@id\":\"https:\\\/\\\/www.article-marketing.eu\\\/comunicatistampa\\\/renato-mazzoncini-a-brescia-le-prime-city-plug-di-a2a-intervista-allad\\\/\"},\"author\":{\"name\":\"articolinews\",\"@id\":\"https:\\\/\\\/www.article-marketing.eu\\\/comunicatistampa\\\/#\\\/schema\\\/person\\\/2fcaf8f8f3a9eef9eb7f27532d3ca458\"},\"headline\":\"Renato Mazzoncini: a Brescia le prime City Plug di A2A, intervista all\u2019AD\",\"datePublished\":\"2023-05-03T06:32:09+00:00\",\"mainEntityOfPage\":{\"@id\":\"https:\\\/\\\/www.article-marketing.eu\\\/comunicatistampa\\\/renato-mazzoncini-a-brescia-le-prime-city-plug-di-a2a-intervista-allad\\\/\"},\"wordCount\":408,\"commentCount\":0,\"image\":{\"@id\":\"https:\\\/\\\/www.article-marketing.eu\\\/comunicatistampa\\\/renato-mazzoncini-a-brescia-le-prime-city-plug-di-a2a-intervista-allad\\\/#primaryimage\"},\"thumbnailUrl\":\"https:\\\/\\\/www.elivebrescia.tv\\\/wp-content\\\/uploads\\\/2023\\\/04\\\/52797603264_2d94a03953_o-1024x682.jpg\",\"keywords\":[\"A2A\",\"Renato Mazzoncini\"],\"articleSection\":[\"Economia e lavoro\"],\"inLanguage\":\"it-IT\",\"potentialAction\":[{\"@type\":\"CommentAction\",\"name\":\"Comment\",\"target\":[\"https:\\\/\\\/www.article-marketing.eu\\\/comunicatistampa\\\/renato-mazzoncini-a-brescia-le-prime-city-plug-di-a2a-intervista-allad\\\/#respond\"]}]},{\"@type\":\"WebPage\",\"@id\":\"https:\\\/\\\/www.article-marketing.eu\\\/comunicatistampa\\\/renato-mazzoncini-a-brescia-le-prime-city-plug-di-a2a-intervista-allad\\\/\",\"url\":\"https:\\\/\\\/www.article-marketing.eu\\\/comunicatistampa\\\/renato-mazzoncini-a-brescia-le-prime-city-plug-di-a2a-intervista-allad\\\/\",\"name\":\"Renato Mazzoncini: a Brescia le prime City Plug di A2A, intervista all\u2019AD\",\"isPartOf\":{\"@id\":\"https:\\\/\\\/www.article-marketing.eu\\\/comunicatistampa\\\/#website\"},\"primaryImageOfPage\":{\"@id\":\"https:\\\/\\\/www.article-marketing.eu\\\/comunicatistampa\\\/renato-mazzoncini-a-brescia-le-prime-city-plug-di-a2a-intervista-allad\\\/#primaryimage\"},\"image\":{\"@id\":\"https:\\\/\\\/www.article-marketing.eu\\\/comunicatistampa\\\/renato-mazzoncini-a-brescia-le-prime-city-plug-di-a2a-intervista-allad\\\/#primaryimage\"},\"thumbnailUrl\":\"https:\\\/\\\/www.elivebrescia.tv\\\/wp-content\\\/uploads\\\/2023\\\/04\\\/52797603264_2d94a03953_o-1024x682.jpg\",\"datePublished\":\"2023-05-03T06:32:09+00:00\",\"author\":{\"@id\":\"https:\\\/\\\/www.article-marketing.eu\\\/comunicatistampa\\\/#\\\/schema\\\/person\\\/2fcaf8f8f3a9eef9eb7f27532d3ca458\"},\"breadcrumb\":{\"@id\":\"https:\\\/\\\/www.article-marketing.eu\\\/comunicatistampa\\\/renato-mazzoncini-a-brescia-le-prime-city-plug-di-a2a-intervista-allad\\\/#breadcrumb\"},\"inLanguage\":\"it-IT\",\"potentialAction\":[{\"@type\":\"ReadAction\",\"target\":[\"https:\\\/\\\/www.article-marketing.eu\\\/comunicatistampa\\\/renato-mazzoncini-a-brescia-le-prime-city-plug-di-a2a-intervista-allad\\\/\"]}]},{\"@type\":\"ImageObject\",\"inLanguage\":\"it-IT\",\"@id\":\"https:\\\/\\\/www.article-marketing.eu\\\/comunicatistampa\\\/renato-mazzoncini-a-brescia-le-prime-city-plug-di-a2a-intervista-allad\\\/#primaryimage\",\"url\":\"https:\\\/\\\/www.elivebrescia.tv\\\/wp-content\\\/uploads\\\/2023\\\/04\\\/52797603264_2d94a03953_o-1024x682.jpg\",\"contentUrl\":\"https:\\\/\\\/www.elivebrescia.tv\\\/wp-content\\\/uploads\\\/2023\\\/04\\\/52797603264_2d94a03953_o-1024x682.jpg\"},{\"@type\":\"BreadcrumbList\",\"@id\":\"https:\\\/\\\/www.article-marketing.eu\\\/comunicatistampa\\\/renato-mazzoncini-a-brescia-le-prime-city-plug-di-a2a-intervista-allad\\\/#breadcrumb\",\"itemListElement\":[{\"@type\":\"ListItem\",\"position\":1,\"name\":\"Home\",\"item\":\"https:\\\/\\\/www.article-marketing.eu\\\/comunicatistampa\\\/\"},{\"@type\":\"ListItem\",\"position\":2,\"name\":\"Renato Mazzoncini: a Brescia le prime City Plug di A2A, intervista all\u2019AD\"}]},{\"@type\":\"WebSite\",\"@id\":\"https:\\\/\\\/www.article-marketing.eu\\\/comunicatistampa\\\/#website\",\"url\":\"https:\\\/\\\/www.article-marketing.eu\\\/comunicatistampa\\\/\",\"name\":\"Article Marketing\",\"description\":\"article marketing &amp; press release\",\"potentialAction\":[{\"@type\":\"SearchAction\",\"target\":{\"@type\":\"EntryPoint\",\"urlTemplate\":\"https:\\\/\\\/www.article-marketing.eu\\\/comunicatistampa\\\/?s={search_term_string}\"},\"query-input\":{\"@type\":\"PropertyValueSpecification\",\"valueRequired\":true,\"valueName\":\"search_term_string\"}}],\"inLanguage\":\"it-IT\"},{\"@type\":\"Person\",\"@id\":\"https:\\\/\\\/www.article-marketing.eu\\\/comunicatistampa\\\/#\\\/schema\\\/person\\\/2fcaf8f8f3a9eef9eb7f27532d3ca458\",\"name\":\"articolinews\",\"image\":{\"@type\":\"ImageObject\",\"inLanguage\":\"it-IT\",\"@id\":\"https:\\\/\\\/secure.gravatar.com\\\/avatar\\\/9e2a264bab04e17dea24d937c9956304649a848cb73c46747a692ff1bdeb1cb7?s=96&d=mm&r=g\",\"url\":\"https:\\\/\\\/secure.gravatar.com\\\/avatar\\\/9e2a264bab04e17dea24d937c9956304649a848cb73c46747a692ff1bdeb1cb7?s=96&d=mm&r=g\",\"contentUrl\":\"https:\\\/\\\/secure.gravatar.com\\\/avatar\\\/9e2a264bab04e17dea24d937c9956304649a848cb73c46747a692ff1bdeb1cb7?s=96&d=mm&r=g\",\"caption\":\"articolinews\"},\"url\":\"https:\\\/\\\/www.article-marketing.eu\\\/comunicatistampa\\\/author\\\/articolinews\\\/\"}]}<\/script>\n<!-- \/ Yoast SEO plugin. -->","yoast_head_json":{"title":"Renato Mazzoncini: a Brescia le prime City Plug di A2A, intervista all\u2019AD","robots":{"index":"index","follow":"follow","max-snippet":"max-snippet:-1","max-image-preview":"max-image-preview:large","max-video-preview":"max-video-preview:-1"},"canonical":"https:\/\/www.article-marketing.eu\/comunicatistampa\/renato-mazzoncini-a-brescia-le-prime-city-plug-di-a2a-intervista-allad\/","og_locale":"it_IT","og_type":"article","og_title":"Renato Mazzoncini: a Brescia le prime City Plug di A2A, intervista all\u2019AD","og_description":"Inaugurate a Brescia le prime colonnine City Plug. Il valore del progetto nelle parole di Renato Mazzoncini, AD e DG di A2A: \u201cAssoluta novit\u00e0 nella mobilit\u00e0 elettrica. Un modello di servizio pi\u00f9 capillare e alla portata di tutti\u201d. A Brescia arrivano le City Plug: l\u2019intervista all\u2019AD e DG di A2A Renato Mazzoncini Portare in strada l\u2019esperienza della ricarica domestica: guarda in questa direzione il progetto City Plug lanciato da A2A.Continue reading...","og_url":"https:\/\/www.article-marketing.eu\/comunicatistampa\/renato-mazzoncini-a-brescia-le-prime-city-plug-di-a2a-intervista-allad\/","og_site_name":"Article Marketing","article_published_time":"2023-05-03T06:32:09+00:00","og_image":[{"url":"https:\/\/www.elivebrescia.tv\/wp-content\/uploads\/2023\/04\/52797603264_2d94a03953_o-1024x682.jpg","type":"","width":"","height":""}],"author":"articolinews","twitter_card":"summary_large_image","twitter_misc":{"Scritto da":"articolinews","Tempo di lettura stimato":"3 minuti"},"schema":{"@context":"https:\/\/schema.org","@graph":[{"@type":"Article","@id":"https:\/\/www.article-marketing.eu\/comunicatistampa\/renato-mazzoncini-a-brescia-le-prime-city-plug-di-a2a-intervista-allad\/#article","isPartOf":{"@id":"https:\/\/www.article-marketing.eu\/comunicatistampa\/renato-mazzoncini-a-brescia-le-prime-city-plug-di-a2a-intervista-allad\/"},"author":{"name":"articolinews","@id":"https:\/\/www.article-marketing.eu\/comunicatistampa\/#\/schema\/person\/2fcaf8f8f3a9eef9eb7f27532d3ca458"},"headline":"Renato Mazzoncini: a Brescia le prime City Plug di A2A, intervista all\u2019AD","datePublished":"2023-05-03T06:32:09+00:00","mainEntityOfPage":{"@id":"https:\/\/www.article-marketing.eu\/comunicatistampa\/renato-mazzoncini-a-brescia-le-prime-city-plug-di-a2a-intervista-allad\/"},"wordCount":408,"commentCount":0,"image":{"@id":"https:\/\/www.article-marketing.eu\/comunicatistampa\/renato-mazzoncini-a-brescia-le-prime-city-plug-di-a2a-intervista-allad\/#primaryimage"},"thumbnailUrl":"https:\/\/www.elivebrescia.tv\/wp-content\/uploads\/2023\/04\/52797603264_2d94a03953_o-1024x682.jpg","keywords":["A2A","Renato Mazzoncini"],"articleSection":["Economia e lavoro"],"inLanguage":"it-IT","potentialAction":[{"@type":"CommentAction","name":"Comment","target":["https:\/\/www.article-marketing.eu\/comunicatistampa\/renato-mazzoncini-a-brescia-le-prime-city-plug-di-a2a-intervista-allad\/#respond"]}]},{"@type":"WebPage","@id":"https:\/\/www.article-marketing.eu\/comunicatistampa\/renato-mazzoncini-a-brescia-le-prime-city-plug-di-a2a-intervista-allad\/","url":"https:\/\/www.article-marketing.eu\/comunicatistampa\/renato-mazzoncini-a-brescia-le-prime-city-plug-di-a2a-intervista-allad\/","name":"Renato Mazzoncini: a Brescia le prime City Plug di A2A, intervista all\u2019AD","isPartOf":{"@id":"https:\/\/www.article-marketing.eu\/comunicatistampa\/#website"},"primaryImageOfPage":{"@id":"https:\/\/www.article-marketing.eu\/comunicatistampa\/renato-mazzoncini-a-brescia-le-prime-city-plug-di-a2a-intervista-allad\/#primaryimage"},"image":{"@id":"https:\/\/www.article-marketing.eu\/comunicatistampa\/renato-mazzoncini-a-brescia-le-prime-city-plug-di-a2a-intervista-allad\/#primaryimage"},"thumbnailUrl":"https:\/\/www.elivebrescia.tv\/wp-content\/uploads\/2023\/04\/52797603264_2d94a03953_o-1024x682.jpg","datePublished":"2023-05-03T06:32:09+00:00","author":{"@id":"https:\/\/www.article-marketing.eu\/comunicatistampa\/#\/schema\/person\/2fcaf8f8f3a9eef9eb7f27532d3ca458"},"breadcrumb":{"@id":"https:\/\/www.article-marketing.eu\/comunicatistampa\/renato-mazzoncini-a-brescia-le-prime-city-plug-di-a2a-intervista-allad\/#breadcrumb"},"inLanguage":"it-IT","potentialAction":[{"@type":"ReadAction","target":["https:\/\/www.article-marketing.eu\/comunicatistampa\/renato-mazzoncini-a-brescia-le-prime-city-plug-di-a2a-intervista-allad\/"]}]},{"@type":"ImageObject","inLanguage":"it-IT","@id":"https:\/\/www.article-marketing.eu\/comunicatistampa\/renato-mazzoncini-a-brescia-le-prime-city-plug-di-a2a-intervista-allad\/#primaryimage","url":"https:\/\/www.elivebrescia.tv\/wp-content\/uploads\/2023\/04\/52797603264_2d94a03953_o-1024x682.jpg","contentUrl":"https:\/\/www.elivebrescia.tv\/wp-content\/uploads\/2023\/04\/52797603264_2d94a03953_o-1024x682.jpg"},{"@type":"BreadcrumbList","@id":"https:\/\/www.article-marketing.eu\/comunicatistampa\/renato-mazzoncini-a-brescia-le-prime-city-plug-di-a2a-intervista-allad\/#breadcrumb","itemListElement":[{"@type":"ListItem","position":1,"name":"Home","item":"https:\/\/www.article-marketing.eu\/comunicatistampa\/"},{"@type":"ListItem","position":2,"name":"Renato Mazzoncini: a Brescia le prime City Plug di A2A, intervista all\u2019AD"}]},{"@type":"WebSite","@id":"https:\/\/www.article-marketing.eu\/comunicatistampa\/#website","url":"https:\/\/www.article-marketing.eu\/comunicatistampa\/","name":"Article Marketing","description":"article marketing &amp; press release","potentialAction":[{"@type":"SearchAction","target":{"@type":"EntryPoint","urlTemplate":"https:\/\/www.article-marketing.eu\/comunicatistampa\/?s={search_term_string}"},"query-input":{"@type":"PropertyValueSpecification","valueRequired":true,"valueName":"search_term_string"}}],"inLanguage":"it-IT"},{"@type":"Person","@id":"https:\/\/www.article-marketing.eu\/comunicatistampa\/#\/schema\/person\/2fcaf8f8f3a9eef9eb7f27532d3ca458","name":"articolinews","image":{"@type":"ImageObject","inLanguage":"it-IT","@id":"https:\/\/secure.gravatar.com\/avatar\/9e2a264bab04e17dea24d937c9956304649a848cb73c46747a692ff1bdeb1cb7?s=96&d=mm&r=g","url":"https:\/\/secure.gravatar.com\/avatar\/9e2a264bab04e17dea24d937c9956304649a848cb73c46747a692ff1bdeb1cb7?s=96&d=mm&r=g","contentUrl":"https:\/\/secure.gravatar.com\/avatar\/9e2a264bab04e17dea24d937c9956304649a848cb73c46747a692ff1bdeb1cb7?s=96&d=mm&r=g","caption":"articolinews"},"url":"https:\/\/www.article-marketing.eu\/comunicatistampa\/author\/articolinews\/"}]}},"_links":{"self":[{"href":"https:\/\/www.article-marketing.eu\/comunicatistampa\/wp-json\/wp\/v2\/posts\/27224","targetHints":{"allow":["GET"]}}],"collection":[{"href":"https:\/\/www.article-marketing.eu\/comunicatistampa\/wp-json\/wp\/v2\/posts"}],"about":[{"href":"https:\/\/www.article-marketing.eu\/comunicatistampa\/wp-json\/wp\/v2\/types\/post"}],"author":[{"embeddable":true,"href":"https:\/\/www.article-marketing.eu\/comunicatistampa\/wp-json\/wp\/v2\/users\/6477"}],"replies":[{"embeddable":true,"href":"https:\/\/www.article-marketing.eu\/comunicatistampa\/wp-json\/wp\/v2\/comments?post=27224"}],"version-history":[{"count":2,"href":"https:\/\/www.article-marketing.eu\/comunicatistampa\/wp-json\/wp\/v2\/posts\/27224\/revisions"}],"predecessor-version":[{"id":27255,"href":"https:\/\/www.article-marketing.eu\/comunicatistampa\/wp-json\/wp\/v2\/posts\/27224\/revisions\/27255"}],"wp:attachment":[{"href":"https:\/\/www.article-marketing.eu\/comunicatistampa\/wp-json\/wp\/v2\/media?parent=27224"}],"wp:term":[{"taxonomy":"category","embeddable":true,"href":"https:\/\/www.article-marketing.eu\/comunicatistampa\/wp-json\/wp\/v2\/categories?post=27224"},{"taxonomy":"post_tag","embeddable":true,"href":"https:\/\/www.article-marketing.eu\/comunicatistampa\/wp-json\/wp\/v2\/tags?post=27224"}],"curies":[{"name":"wp","href":"https:\/\/api.w.org\/{rel}","templated":true}]}}