{"id":27228,"date":"2023-05-03T09:42:17","date_gmt":"2023-05-03T07:42:17","guid":{"rendered":"https:\/\/www.article-marketing.eu\/comunicatistampa\/?p=27228"},"modified":"2023-04-29T22:24:52","modified_gmt":"2023-04-29T20:24:52","slug":"serenissima-ristorazione-e-animenta-progetto-comune-per-la-prevenzione-dei-disturbi-alimentari","status":"publish","type":"post","link":"https:\/\/www.article-marketing.eu\/comunicatistampa\/serenissima-ristorazione-e-animenta-progetto-comune-per-la-prevenzione-dei-disturbi-alimentari\/","title":{"rendered":"Serenissima Ristorazione e Animenta: progetto comune per la prevenzione dei disturbi alimentari"},"content":{"rendered":"<p><em><strong><a title=\"Serenissima Ristorazione avvia partnership con Animenta\" href=\"https:\/\/www.today.it\/partner\/adnkronos\/green\/serenissima-ristorazione-progetto-su-disturbi-comportamento-alimentare.html\">Serenissima Ristorazione<\/a> in prima linea con Animenta e Unobravo nella prevenzione e nel supporto alle persone che soffrono di Disturbi del Comportamento Alimentare.<\/strong><\/em><\/p>\n<p><a title=\"L'impegno di Serenissima Ristorazione sui disturbi alimentari\" href=\"https:\/\/www.today.it\/partner\/adnkronos\/green\/serenissima-ristorazione-progetto-su-disturbi-comportamento-alimentare.html\"><img loading=\"lazy\" decoding=\"async\" src=\"https:\/\/grupposerenissima.it\/wp-content\/uploads\/2022\/11\/Serenissima_logo.svg\" alt=\"Serenissima Ristorazione\" width=\"270\" height=\"150\" \/><\/a><\/p>\n<h2>Serenissima Ristorazione: supporto psicologico e promozione di stili alimentari sani a chi soffre di DCA<\/h2>\n<p><strong>Serenissima Ristorazione<\/strong>, una delle principali realt\u00e0 italiane nel settore della ristorazione collettiva e da sempre impegnata nella promozione di stili alimentari sani ed equilibrati, ha siglato una partnership con Animenta, associazione no-profit che si occupa di raccontare, informare e sensibilizzare sui Disturbi del Comportamento Alimentare (DCA). Proposito dell\u2019iniziativa offrire supporto psicologico tempestivo a chi soffre di queste patologie e ai loro familiari. Nello specifico, <strong>Serenissima Ristorazione<\/strong> contribuir\u00e0 all\u2019iniziativa finanziando le sedute di psicoterapia online offerte da Unobravo. Giulia Putin, Chief Purchasing Manager del Gruppo, si \u00e8 detta orgogliosa di sostenere il progetto portato avanti da Animenta e di poter \u201c<em>dare un aiuto concreto<\/em>\u201d alle persone che vivono questi disturbi. Oggi i DCA colpiscono in particolare gli adolescenti \u2013 circa 2 milioni solo in Italia secondo gli ultimi dati a disposizione \u2013 con l\u2019et\u00e0 che tende ad abbassarsi sempre di pi\u00f9. Anoressia e bulimia i pi\u00f9 diffusi, soprattutto tra le donne, ma l\u2019aumento sta riguardando anche gli uomini.<\/p>\n<h2>Serenissima Ristorazione e Animenta, le iniziative dedicate ai giovani studenti<\/h2>\n<p>Oltre a finanziare le sedute di psicoterapia destinate alla community di Animenta, <strong>Serenissima Ristorazione<\/strong> parteciper\u00e0 attivamente anche ad una serie di appuntamenti organizzati dalla no-profit in diverse scuole italiane. L\u2019obiettivo: sensibilizzare i liceali sui Disturbi del Comportamento Alimentare e offrire uno spazio di confronto sul tema. Agli incontri prenderanno parte Lucia Cammisa, dietista e responsabile Sistema di Gestione Qualit\u00e0 Integrata di <a title=\"Il progetto di Serenissima Ristorazione e Animenta sui DCA\" href=\"https:\/\/www.today.it\/partner\/adnkronos\/green\/serenissima-ristorazione-progetto-su-disturbi-comportamento-alimentare.html\"><strong>Serenissima Ristorazione<\/strong><\/a>, un volontario dell\u2019associazione Animenta e uno psicoterapeuta specializzato in DCA. Lo stesso team di esperti prender\u00e0 parte anche ad un webinar dedicato ai collaboratori del Gruppo e coordinato dalla Responsabile Marketing Elisa Riccobene. \u201c<em>Trovare aziende che decidono di camminare accanto a noi ci permette di arrivare a pi\u00f9 persone, di raggiungere chi fino a questo momento non ha accesso alle cure, di creare importanti progetti di prevenzione e di sensibilizzazione<\/em>\u201d, ha commentato la Presidente e Founder di Animenta Aurora Caporossi. Sulla stessa linea Erica Bigi, Co-Managing Director di Unobravo, che ha evidenziato l\u2019importanza di creare sinergie e collaborazioni per le iniziative di responsabilit\u00e0 sociale.<\/p>\n","protected":false},"excerpt":{"rendered":"<p>Serenissima Ristorazione in prima linea con Animenta e Unobravo nella prevenzione e nel supporto alle persone che soffrono di Disturbi del Comportamento Alimentare. Serenissima Ristorazione: supporto psicologico e promozione di stili alimentari sani a chi soffre di DCA Serenissima Ristorazione, una delle principali realt\u00e0 italiane nel settore della ristorazione collettiva e da sempre impegnata nella promozione di stili alimentari sani ed equilibrati, ha siglato una partnership con Animenta, associazione no-profit<\/p>\n<p><a class=\"continue-reading\" href=\"https:\/\/www.article-marketing.eu\/comunicatistampa\/serenissima-ristorazione-e-animenta-progetto-comune-per-la-prevenzione-dei-disturbi-alimentari\/\">Continue reading&#8230;<\/a><\/p>\n","protected":false},"author":6477,"featured_media":0,"comment_status":"open","ping_status":"open","sticky":false,"template":"","format":"standard","meta":{"_monsterinsights_skip_tracking":false,"_monsterinsights_sitenote_active":false,"_monsterinsights_sitenote_note":"","_monsterinsights_sitenote_category":0,"footnotes":""},"categories":[386],"tags":[9302],"class_list":["post-27228","post","type-post","status-publish","format-standard","hentry","category-economia-e-lavoro","tag-serenissima-ristorazione"],"yoast_head":"<!-- This site is optimized with the Yoast SEO plugin v27.3 - https:\/\/yoast.com\/product\/yoast-seo-wordpress\/ -->\n<title>Serenissima Ristorazione e Animenta: progetto comune per la prevenzione dei disturbi alimentari<\/title>\n<meta name=\"robots\" content=\"index, follow, max-snippet:-1, max-image-preview:large, max-video-preview:-1\" \/>\n<link rel=\"canonical\" href=\"https:\/\/www.article-marketing.eu\/comunicatistampa\/serenissima-ristorazione-e-animenta-progetto-comune-per-la-prevenzione-dei-disturbi-alimentari\/\" \/>\n<meta property=\"og:locale\" content=\"it_IT\" \/>\n<meta property=\"og:type\" content=\"article\" \/>\n<meta property=\"og:title\" content=\"Serenissima Ristorazione e Animenta: progetto comune per la prevenzione dei disturbi alimentari\" \/>\n<meta property=\"og:description\" content=\"Serenissima Ristorazione in prima linea con Animenta e Unobravo nella prevenzione e nel supporto alle persone che soffrono di Disturbi del Comportamento Alimentare. Serenissima Ristorazione: supporto psicologico e promozione di stili alimentari sani a chi soffre di DCA Serenissima Ristorazione, una delle principali realt\u00e0 italiane nel settore della ristorazione collettiva e da sempre impegnata nella promozione di stili alimentari sani ed equilibrati, ha siglato una partnership con Animenta, associazione no-profitContinue reading...\" \/>\n<meta property=\"og:url\" content=\"https:\/\/www.article-marketing.eu\/comunicatistampa\/serenissima-ristorazione-e-animenta-progetto-comune-per-la-prevenzione-dei-disturbi-alimentari\/\" \/>\n<meta property=\"og:site_name\" content=\"Article Marketing\" \/>\n<meta property=\"article:published_time\" content=\"2023-05-03T07:42:17+00:00\" \/>\n<meta property=\"og:image\" content=\"https:\/\/grupposerenissima.it\/wp-content\/uploads\/2022\/11\/Serenissima_logo.svg\" \/>\n<meta name=\"author\" content=\"articolinews\" \/>\n<meta name=\"twitter:card\" content=\"summary_large_image\" \/>\n<meta name=\"twitter:label1\" content=\"Scritto da\" \/>\n\t<meta name=\"twitter:data1\" content=\"articolinews\" \/>\n\t<meta name=\"twitter:label2\" content=\"Tempo di lettura stimato\" \/>\n\t<meta name=\"twitter:data2\" content=\"3 minuti\" \/>\n<script type=\"application\/ld+json\" class=\"yoast-schema-graph\">{\"@context\":\"https:\\\/\\\/schema.org\",\"@graph\":[{\"@type\":\"Article\",\"@id\":\"https:\\\/\\\/www.article-marketing.eu\\\/comunicatistampa\\\/serenissima-ristorazione-e-animenta-progetto-comune-per-la-prevenzione-dei-disturbi-alimentari\\\/#article\",\"isPartOf\":{\"@id\":\"https:\\\/\\\/www.article-marketing.eu\\\/comunicatistampa\\\/serenissima-ristorazione-e-animenta-progetto-comune-per-la-prevenzione-dei-disturbi-alimentari\\\/\"},\"author\":{\"name\":\"articolinews\",\"@id\":\"https:\\\/\\\/www.article-marketing.eu\\\/comunicatistampa\\\/#\\\/schema\\\/person\\\/2fcaf8f8f3a9eef9eb7f27532d3ca458\"},\"headline\":\"Serenissima Ristorazione e Animenta: progetto comune per la prevenzione dei disturbi alimentari\",\"datePublished\":\"2023-05-03T07:42:17+00:00\",\"mainEntityOfPage\":{\"@id\":\"https:\\\/\\\/www.article-marketing.eu\\\/comunicatistampa\\\/serenissima-ristorazione-e-animenta-progetto-comune-per-la-prevenzione-dei-disturbi-alimentari\\\/\"},\"wordCount\":387,\"commentCount\":0,\"image\":{\"@id\":\"https:\\\/\\\/www.article-marketing.eu\\\/comunicatistampa\\\/serenissima-ristorazione-e-animenta-progetto-comune-per-la-prevenzione-dei-disturbi-alimentari\\\/#primaryimage\"},\"thumbnailUrl\":\"https:\\\/\\\/grupposerenissima.it\\\/wp-content\\\/uploads\\\/2022\\\/11\\\/Serenissima_logo.svg\",\"keywords\":[\"Serenissima Ristorazione\"],\"articleSection\":[\"Economia e lavoro\"],\"inLanguage\":\"it-IT\",\"potentialAction\":[{\"@type\":\"CommentAction\",\"name\":\"Comment\",\"target\":[\"https:\\\/\\\/www.article-marketing.eu\\\/comunicatistampa\\\/serenissima-ristorazione-e-animenta-progetto-comune-per-la-prevenzione-dei-disturbi-alimentari\\\/#respond\"]}]},{\"@type\":\"WebPage\",\"@id\":\"https:\\\/\\\/www.article-marketing.eu\\\/comunicatistampa\\\/serenissima-ristorazione-e-animenta-progetto-comune-per-la-prevenzione-dei-disturbi-alimentari\\\/\",\"url\":\"https:\\\/\\\/www.article-marketing.eu\\\/comunicatistampa\\\/serenissima-ristorazione-e-animenta-progetto-comune-per-la-prevenzione-dei-disturbi-alimentari\\\/\",\"name\":\"Serenissima Ristorazione e Animenta: progetto comune per la prevenzione dei disturbi alimentari\",\"isPartOf\":{\"@id\":\"https:\\\/\\\/www.article-marketing.eu\\\/comunicatistampa\\\/#website\"},\"primaryImageOfPage\":{\"@id\":\"https:\\\/\\\/www.article-marketing.eu\\\/comunicatistampa\\\/serenissima-ristorazione-e-animenta-progetto-comune-per-la-prevenzione-dei-disturbi-alimentari\\\/#primaryimage\"},\"image\":{\"@id\":\"https:\\\/\\\/www.article-marketing.eu\\\/comunicatistampa\\\/serenissima-ristorazione-e-animenta-progetto-comune-per-la-prevenzione-dei-disturbi-alimentari\\\/#primaryimage\"},\"thumbnailUrl\":\"https:\\\/\\\/grupposerenissima.it\\\/wp-content\\\/uploads\\\/2022\\\/11\\\/Serenissima_logo.svg\",\"datePublished\":\"2023-05-03T07:42:17+00:00\",\"author\":{\"@id\":\"https:\\\/\\\/www.article-marketing.eu\\\/comunicatistampa\\\/#\\\/schema\\\/person\\\/2fcaf8f8f3a9eef9eb7f27532d3ca458\"},\"breadcrumb\":{\"@id\":\"https:\\\/\\\/www.article-marketing.eu\\\/comunicatistampa\\\/serenissima-ristorazione-e-animenta-progetto-comune-per-la-prevenzione-dei-disturbi-alimentari\\\/#breadcrumb\"},\"inLanguage\":\"it-IT\",\"potentialAction\":[{\"@type\":\"ReadAction\",\"target\":[\"https:\\\/\\\/www.article-marketing.eu\\\/comunicatistampa\\\/serenissima-ristorazione-e-animenta-progetto-comune-per-la-prevenzione-dei-disturbi-alimentari\\\/\"]}]},{\"@type\":\"ImageObject\",\"inLanguage\":\"it-IT\",\"@id\":\"https:\\\/\\\/www.article-marketing.eu\\\/comunicatistampa\\\/serenissima-ristorazione-e-animenta-progetto-comune-per-la-prevenzione-dei-disturbi-alimentari\\\/#primaryimage\",\"url\":\"https:\\\/\\\/grupposerenissima.it\\\/wp-content\\\/uploads\\\/2022\\\/11\\\/Serenissima_logo.svg\",\"contentUrl\":\"https:\\\/\\\/grupposerenissima.it\\\/wp-content\\\/uploads\\\/2022\\\/11\\\/Serenissima_logo.svg\"},{\"@type\":\"BreadcrumbList\",\"@id\":\"https:\\\/\\\/www.article-marketing.eu\\\/comunicatistampa\\\/serenissima-ristorazione-e-animenta-progetto-comune-per-la-prevenzione-dei-disturbi-alimentari\\\/#breadcrumb\",\"itemListElement\":[{\"@type\":\"ListItem\",\"position\":1,\"name\":\"Home\",\"item\":\"https:\\\/\\\/www.article-marketing.eu\\\/comunicatistampa\\\/\"},{\"@type\":\"ListItem\",\"position\":2,\"name\":\"Serenissima Ristorazione e Animenta: progetto comune per la prevenzione dei disturbi alimentari\"}]},{\"@type\":\"WebSite\",\"@id\":\"https:\\\/\\\/www.article-marketing.eu\\\/comunicatistampa\\\/#website\",\"url\":\"https:\\\/\\\/www.article-marketing.eu\\\/comunicatistampa\\\/\",\"name\":\"Article Marketing\",\"description\":\"article marketing &amp; press release\",\"potentialAction\":[{\"@type\":\"SearchAction\",\"target\":{\"@type\":\"EntryPoint\",\"urlTemplate\":\"https:\\\/\\\/www.article-marketing.eu\\\/comunicatistampa\\\/?s={search_term_string}\"},\"query-input\":{\"@type\":\"PropertyValueSpecification\",\"valueRequired\":true,\"valueName\":\"search_term_string\"}}],\"inLanguage\":\"it-IT\"},{\"@type\":\"Person\",\"@id\":\"https:\\\/\\\/www.article-marketing.eu\\\/comunicatistampa\\\/#\\\/schema\\\/person\\\/2fcaf8f8f3a9eef9eb7f27532d3ca458\",\"name\":\"articolinews\",\"image\":{\"@type\":\"ImageObject\",\"inLanguage\":\"it-IT\",\"@id\":\"https:\\\/\\\/secure.gravatar.com\\\/avatar\\\/9e2a264bab04e17dea24d937c9956304649a848cb73c46747a692ff1bdeb1cb7?s=96&d=mm&r=g\",\"url\":\"https:\\\/\\\/secure.gravatar.com\\\/avatar\\\/9e2a264bab04e17dea24d937c9956304649a848cb73c46747a692ff1bdeb1cb7?s=96&d=mm&r=g\",\"contentUrl\":\"https:\\\/\\\/secure.gravatar.com\\\/avatar\\\/9e2a264bab04e17dea24d937c9956304649a848cb73c46747a692ff1bdeb1cb7?s=96&d=mm&r=g\",\"caption\":\"articolinews\"},\"url\":\"https:\\\/\\\/www.article-marketing.eu\\\/comunicatistampa\\\/author\\\/articolinews\\\/\"}]}<\/script>\n<!-- \/ Yoast SEO plugin. -->","yoast_head_json":{"title":"Serenissima Ristorazione e Animenta: progetto comune per la prevenzione dei disturbi alimentari","robots":{"index":"index","follow":"follow","max-snippet":"max-snippet:-1","max-image-preview":"max-image-preview:large","max-video-preview":"max-video-preview:-1"},"canonical":"https:\/\/www.article-marketing.eu\/comunicatistampa\/serenissima-ristorazione-e-animenta-progetto-comune-per-la-prevenzione-dei-disturbi-alimentari\/","og_locale":"it_IT","og_type":"article","og_title":"Serenissima Ristorazione e Animenta: progetto comune per la prevenzione dei disturbi alimentari","og_description":"Serenissima Ristorazione in prima linea con Animenta e Unobravo nella prevenzione e nel supporto alle persone che soffrono di Disturbi del Comportamento Alimentare. Serenissima Ristorazione: supporto psicologico e promozione di stili alimentari sani a chi soffre di DCA Serenissima Ristorazione, una delle principali realt\u00e0 italiane nel settore della ristorazione collettiva e da sempre impegnata nella promozione di stili alimentari sani ed equilibrati, ha siglato una partnership con Animenta, associazione no-profitContinue reading...","og_url":"https:\/\/www.article-marketing.eu\/comunicatistampa\/serenissima-ristorazione-e-animenta-progetto-comune-per-la-prevenzione-dei-disturbi-alimentari\/","og_site_name":"Article Marketing","article_published_time":"2023-05-03T07:42:17+00:00","og_image":[{"url":"https:\/\/grupposerenissima.it\/wp-content\/uploads\/2022\/11\/Serenissima_logo.svg","type":"","width":"","height":""}],"author":"articolinews","twitter_card":"summary_large_image","twitter_misc":{"Scritto da":"articolinews","Tempo di lettura stimato":"3 minuti"},"schema":{"@context":"https:\/\/schema.org","@graph":[{"@type":"Article","@id":"https:\/\/www.article-marketing.eu\/comunicatistampa\/serenissima-ristorazione-e-animenta-progetto-comune-per-la-prevenzione-dei-disturbi-alimentari\/#article","isPartOf":{"@id":"https:\/\/www.article-marketing.eu\/comunicatistampa\/serenissima-ristorazione-e-animenta-progetto-comune-per-la-prevenzione-dei-disturbi-alimentari\/"},"author":{"name":"articolinews","@id":"https:\/\/www.article-marketing.eu\/comunicatistampa\/#\/schema\/person\/2fcaf8f8f3a9eef9eb7f27532d3ca458"},"headline":"Serenissima Ristorazione e Animenta: progetto comune per la prevenzione dei disturbi alimentari","datePublished":"2023-05-03T07:42:17+00:00","mainEntityOfPage":{"@id":"https:\/\/www.article-marketing.eu\/comunicatistampa\/serenissima-ristorazione-e-animenta-progetto-comune-per-la-prevenzione-dei-disturbi-alimentari\/"},"wordCount":387,"commentCount":0,"image":{"@id":"https:\/\/www.article-marketing.eu\/comunicatistampa\/serenissima-ristorazione-e-animenta-progetto-comune-per-la-prevenzione-dei-disturbi-alimentari\/#primaryimage"},"thumbnailUrl":"https:\/\/grupposerenissima.it\/wp-content\/uploads\/2022\/11\/Serenissima_logo.svg","keywords":["Serenissima Ristorazione"],"articleSection":["Economia e lavoro"],"inLanguage":"it-IT","potentialAction":[{"@type":"CommentAction","name":"Comment","target":["https:\/\/www.article-marketing.eu\/comunicatistampa\/serenissima-ristorazione-e-animenta-progetto-comune-per-la-prevenzione-dei-disturbi-alimentari\/#respond"]}]},{"@type":"WebPage","@id":"https:\/\/www.article-marketing.eu\/comunicatistampa\/serenissima-ristorazione-e-animenta-progetto-comune-per-la-prevenzione-dei-disturbi-alimentari\/","url":"https:\/\/www.article-marketing.eu\/comunicatistampa\/serenissima-ristorazione-e-animenta-progetto-comune-per-la-prevenzione-dei-disturbi-alimentari\/","name":"Serenissima Ristorazione e Animenta: progetto comune per la prevenzione dei disturbi alimentari","isPartOf":{"@id":"https:\/\/www.article-marketing.eu\/comunicatistampa\/#website"},"primaryImageOfPage":{"@id":"https:\/\/www.article-marketing.eu\/comunicatistampa\/serenissima-ristorazione-e-animenta-progetto-comune-per-la-prevenzione-dei-disturbi-alimentari\/#primaryimage"},"image":{"@id":"https:\/\/www.article-marketing.eu\/comunicatistampa\/serenissima-ristorazione-e-animenta-progetto-comune-per-la-prevenzione-dei-disturbi-alimentari\/#primaryimage"},"thumbnailUrl":"https:\/\/grupposerenissima.it\/wp-content\/uploads\/2022\/11\/Serenissima_logo.svg","datePublished":"2023-05-03T07:42:17+00:00","author":{"@id":"https:\/\/www.article-marketing.eu\/comunicatistampa\/#\/schema\/person\/2fcaf8f8f3a9eef9eb7f27532d3ca458"},"breadcrumb":{"@id":"https:\/\/www.article-marketing.eu\/comunicatistampa\/serenissima-ristorazione-e-animenta-progetto-comune-per-la-prevenzione-dei-disturbi-alimentari\/#breadcrumb"},"inLanguage":"it-IT","potentialAction":[{"@type":"ReadAction","target":["https:\/\/www.article-marketing.eu\/comunicatistampa\/serenissima-ristorazione-e-animenta-progetto-comune-per-la-prevenzione-dei-disturbi-alimentari\/"]}]},{"@type":"ImageObject","inLanguage":"it-IT","@id":"https:\/\/www.article-marketing.eu\/comunicatistampa\/serenissima-ristorazione-e-animenta-progetto-comune-per-la-prevenzione-dei-disturbi-alimentari\/#primaryimage","url":"https:\/\/grupposerenissima.it\/wp-content\/uploads\/2022\/11\/Serenissima_logo.svg","contentUrl":"https:\/\/grupposerenissima.it\/wp-content\/uploads\/2022\/11\/Serenissima_logo.svg"},{"@type":"BreadcrumbList","@id":"https:\/\/www.article-marketing.eu\/comunicatistampa\/serenissima-ristorazione-e-animenta-progetto-comune-per-la-prevenzione-dei-disturbi-alimentari\/#breadcrumb","itemListElement":[{"@type":"ListItem","position":1,"name":"Home","item":"https:\/\/www.article-marketing.eu\/comunicatistampa\/"},{"@type":"ListItem","position":2,"name":"Serenissima Ristorazione e Animenta: progetto comune per la prevenzione dei disturbi alimentari"}]},{"@type":"WebSite","@id":"https:\/\/www.article-marketing.eu\/comunicatistampa\/#website","url":"https:\/\/www.article-marketing.eu\/comunicatistampa\/","name":"Article Marketing","description":"article marketing &amp; press release","potentialAction":[{"@type":"SearchAction","target":{"@type":"EntryPoint","urlTemplate":"https:\/\/www.article-marketing.eu\/comunicatistampa\/?s={search_term_string}"},"query-input":{"@type":"PropertyValueSpecification","valueRequired":true,"valueName":"search_term_string"}}],"inLanguage":"it-IT"},{"@type":"Person","@id":"https:\/\/www.article-marketing.eu\/comunicatistampa\/#\/schema\/person\/2fcaf8f8f3a9eef9eb7f27532d3ca458","name":"articolinews","image":{"@type":"ImageObject","inLanguage":"it-IT","@id":"https:\/\/secure.gravatar.com\/avatar\/9e2a264bab04e17dea24d937c9956304649a848cb73c46747a692ff1bdeb1cb7?s=96&d=mm&r=g","url":"https:\/\/secure.gravatar.com\/avatar\/9e2a264bab04e17dea24d937c9956304649a848cb73c46747a692ff1bdeb1cb7?s=96&d=mm&r=g","contentUrl":"https:\/\/secure.gravatar.com\/avatar\/9e2a264bab04e17dea24d937c9956304649a848cb73c46747a692ff1bdeb1cb7?s=96&d=mm&r=g","caption":"articolinews"},"url":"https:\/\/www.article-marketing.eu\/comunicatistampa\/author\/articolinews\/"}]}},"_links":{"self":[{"href":"https:\/\/www.article-marketing.eu\/comunicatistampa\/wp-json\/wp\/v2\/posts\/27228","targetHints":{"allow":["GET"]}}],"collection":[{"href":"https:\/\/www.article-marketing.eu\/comunicatistampa\/wp-json\/wp\/v2\/posts"}],"about":[{"href":"https:\/\/www.article-marketing.eu\/comunicatistampa\/wp-json\/wp\/v2\/types\/post"}],"author":[{"embeddable":true,"href":"https:\/\/www.article-marketing.eu\/comunicatistampa\/wp-json\/wp\/v2\/users\/6477"}],"replies":[{"embeddable":true,"href":"https:\/\/www.article-marketing.eu\/comunicatistampa\/wp-json\/wp\/v2\/comments?post=27228"}],"version-history":[{"count":2,"href":"https:\/\/www.article-marketing.eu\/comunicatistampa\/wp-json\/wp\/v2\/posts\/27228\/revisions"}],"predecessor-version":[{"id":27257,"href":"https:\/\/www.article-marketing.eu\/comunicatistampa\/wp-json\/wp\/v2\/posts\/27228\/revisions\/27257"}],"wp:attachment":[{"href":"https:\/\/www.article-marketing.eu\/comunicatistampa\/wp-json\/wp\/v2\/media?parent=27228"}],"wp:term":[{"taxonomy":"category","embeddable":true,"href":"https:\/\/www.article-marketing.eu\/comunicatistampa\/wp-json\/wp\/v2\/categories?post=27228"},{"taxonomy":"post_tag","embeddable":true,"href":"https:\/\/www.article-marketing.eu\/comunicatistampa\/wp-json\/wp\/v2\/tags?post=27228"}],"curies":[{"name":"wp","href":"https:\/\/api.w.org\/{rel}","templated":true}]}}