{"id":27230,"date":"2023-05-03T10:16:21","date_gmt":"2023-05-03T08:16:21","guid":{"rendered":"https:\/\/www.article-marketing.eu\/comunicatistampa\/?p=27230"},"modified":"2023-04-29T22:25:38","modified_gmt":"2023-04-29T20:25:38","slug":"gian-maria-mossa-lad-di-banca-generali-a-colloquio-con-il-corriere-della-sera","status":"publish","type":"post","link":"https:\/\/www.article-marketing.eu\/comunicatistampa\/gian-maria-mossa-lad-di-banca-generali-a-colloquio-con-il-corriere-della-sera\/","title":{"rendered":"Gian Maria Mossa, l\u2019AD di Banca Generali a colloquio con il \u201cCorriere della Sera\u201d"},"content":{"rendered":"<p><em><strong><a title=\"Gian Maria Mossa intervistato dal Corriere della Sera\" href=\"https:\/\/www.corriere.it\/economia\/finanza\/23_aprile_08\/banca-generali-l-ad-mossa-il-patrimonio-italiani-motore-la-crescita-4499f166-d55f-11ed-abda-87da1fb8b4f0.shtml\">Gian Maria Mossa<\/a> guida Banca Generali dal 2017 e oggi l\u2019Istituto \u00e8 leader nella gestione delle masse con 83 miliardi di euro. L\u2019AD \u00e8 stato intervistato dal \u201cCorriere della Sera\u201d sugli ultimi avvicendamenti che hanno scosso il settore.<\/strong><\/em><\/p>\n<p><a title=\"Sul Corriere il punto di Gian Maria Mossa (Banca Generali)\" href=\"https:\/\/www.corriere.it\/economia\/finanza\/23_aprile_08\/banca-generali-l-ad-mossa-il-patrimonio-italiani-motore-la-crescita-4499f166-d55f-11ed-abda-87da1fb8b4f0.shtml\"><img loading=\"lazy\" decoding=\"async\" src=\"https:\/\/www.corriere.it\/methode_image\/2023\/04\/07\/Economia\/Foto%20Economia%20-%20Trattate\/Imagoeconomica_121045-keMH-U34101003549656JhF-656x492@Corriere-Web-Sezioni.jpg\" alt=\"Gian Maria Mossa AD di Banca Generali\" width=\"200\" height=\"150\" \/><\/a><\/p>\n<h2>Gian Maria Mossa: \u201cHo fiducia nella politica monetaria. Su trasparenza fatti passi da gigante\u201d<\/h2>\n<p>L\u2019emergenza Svb, il salvataggio di Credit Suisse e il crollo di Deutsche Bank sono alcuni degli episodi che negli ultimi mesi hanno scosso i mercati finanziari. Parlare di contagio tuttavia non ha alcun senso. A spiegarlo \u00e8 <strong>Gian Maria Mossa<\/strong>, Amministratore Delegato di <strong>Banca Generali<\/strong>. In un\u2019intervista rilasciata al \u201cCorriere della Sera\u201d, il manager ha evidenziato \u201c<em>i passi da gigante<\/em>\u201d compiuti dal settore bancario negli ultimi dieci anni sul fronte dei costi, della trasparenza, del rafforzamento del capitale. Un risultato possibile grazie soprattutto ai Regulators e in particolare allo sforzo della Bce, che secondo l\u2019AD \u00e8 riuscita a creare \u201c<em>anticorpi senza precedenti<\/em>\u201d proprio per prevenire tali scenari. Casi come quelli citati vanno considerati singolarmente, ha spiegato <strong>Gian Maria Mossa<\/strong> ricordando che proprio la Bce ha escluso la possibilit\u00e0 che si verifichino in Europa episodi come quello di Credit Suisse. L\u2019AD di <strong>Banca Generali<\/strong> si \u00e8 poi detto ottimista per quanto riguarda il rialzo dei tassi di interesse deciso dalle banche centrali a seguito della spinta inflazionistica. \u201c<em>Ho molta fiducia nella politica monetaria: quando l\u2019inflazione cresce in modo tanto violento, tu devi fare di tutto per evitare che questa vada ad influenzare le aspettative di prezzo future. Dall\u2019altra parte <\/em>\u2013 ha aggiunto \u2013<em> vediamo una politica fiscale che rimarr\u00e0 a lungo espansiva, con i consumi privati che continuano comunque a tenere. Credo che i mercati stiano premiando pi\u00f9 la volont\u00e0 dei governi di sostenere l\u2019economia che la preoccupazione per la stretta monetaria. Sono elementi di ottimismo<\/em>\u201d.<\/p>\n<h2>Gian Maria Mossa: \u201cNel primo trimestre forte reazione dei mercati. Clienti? Oggi chiedono protezione\u201d<\/h2>\n<p>A dare forza alle previsioni ottimistiche di <strong>Gian Maria Mossa<\/strong> anche la qualit\u00e0 delle aziende italiane e la \u201c<em>generosit\u00e0 dei governi<\/em>\u201d, che hanno evitato il ripetersi della tempesta perfetta dello scorso anno: \u201c<em>Oggi non sottovalutiamo l\u2019effetto positivo di avere uno zoccolo duro derivante dai rendimenti obbligazionari. Detto questo il mercato azionario non \u00e8 a buon prezzo, per\u00f2 le aziende a mio avviso hanno colto l\u2019occasione di ristrutturarsi e oggi sono pi\u00f9 forti e sane<\/em>\u201d. Fondamentale analizzare anche possibili shock futuri, soprattutto considerate le tensioni tra Cina e Stati Uniti. Non \u00e8 un caso che i clienti chiedano sempre maggiore protezione, sottolinea l\u2019AD di <strong>Banca Generali<\/strong>, e se i player italiani vogliono rimanere al passo c\u2019\u00e8 bisogno di un percorso di consolidamento del settore: \u201c<em>A mio modo di vedere \u00e8 soprattutto nel risparmio gestito che sarebbe opportuno costruire qualcosa di solido e pi\u00f9 strutturato, perch\u00e9 dobbiamo riappropriarci delle fabbriche prodotto e perch\u00e9 parliamo di un grande patrimonio nazionale<\/em>\u201d. Patrimonio, conclude <a title=\"Gian Maria Mossa risponde alle domande del Corriere della Sera\" href=\"https:\/\/www.corriere.it\/economia\/finanza\/23_aprile_08\/banca-generali-l-ad-mossa-il-patrimonio-italiani-motore-la-crescita-4499f166-d55f-11ed-abda-87da1fb8b4f0.shtml\"><strong>Gian Maria Mossa<\/strong><\/a>, che <strong>Banca Generali<\/strong> intende valorizzare servendosi della propria rete di consulenza, la prima in Italia a caratterizzarsi per la logica strutturata di wealth management: \u201c<em>Nel nostro settore la differenza viene fatta dai professionisti con cui si lavora e sono davvero onorato di guidare un team tanto capace<\/em>\u201d.<\/p>\n","protected":false},"excerpt":{"rendered":"<p>Gian Maria Mossa guida Banca Generali dal 2017 e oggi l\u2019Istituto \u00e8 leader nella gestione delle masse con 83 miliardi di euro. L\u2019AD \u00e8 stato intervistato dal \u201cCorriere della Sera\u201d sugli ultimi avvicendamenti che hanno scosso il settore. Gian Maria Mossa: \u201cHo fiducia nella politica monetaria. Su trasparenza fatti passi da gigante\u201d L\u2019emergenza Svb, il salvataggio di Credit Suisse e il crollo di Deutsche Bank sono alcuni degli episodi che<\/p>\n<p><a class=\"continue-reading\" href=\"https:\/\/www.article-marketing.eu\/comunicatistampa\/gian-maria-mossa-lad-di-banca-generali-a-colloquio-con-il-corriere-della-sera\/\">Continue reading&#8230;<\/a><\/p>\n","protected":false},"author":7095,"featured_media":0,"comment_status":"open","ping_status":"open","sticky":false,"template":"","format":"standard","meta":{"_monsterinsights_skip_tracking":false,"_monsterinsights_sitenote_active":false,"_monsterinsights_sitenote_note":"","_monsterinsights_sitenote_category":0,"footnotes":""},"categories":[386],"tags":[9460,10551],"class_list":["post-27230","post","type-post","status-publish","format-standard","hentry","category-economia-e-lavoro","tag-banca-generali","tag-gian-maria-mossa"],"yoast_head":"<!-- This site is optimized with the Yoast SEO plugin v27.3 - https:\/\/yoast.com\/product\/yoast-seo-wordpress\/ -->\n<title>Gian Maria Mossa, l\u2019AD di Banca Generali a colloquio con il \u201cCorriere della Sera\u201d<\/title>\n<meta name=\"robots\" content=\"index, follow, max-snippet:-1, max-image-preview:large, max-video-preview:-1\" \/>\n<link rel=\"canonical\" href=\"https:\/\/www.article-marketing.eu\/comunicatistampa\/gian-maria-mossa-lad-di-banca-generali-a-colloquio-con-il-corriere-della-sera\/\" \/>\n<meta property=\"og:locale\" content=\"it_IT\" \/>\n<meta property=\"og:type\" content=\"article\" \/>\n<meta property=\"og:title\" content=\"Gian Maria Mossa, l\u2019AD di Banca Generali a colloquio con il \u201cCorriere della Sera\u201d\" \/>\n<meta property=\"og:description\" content=\"Gian Maria Mossa guida Banca Generali dal 2017 e oggi l\u2019Istituto \u00e8 leader nella gestione delle masse con 83 miliardi di euro. L\u2019AD \u00e8 stato intervistato dal \u201cCorriere della Sera\u201d sugli ultimi avvicendamenti che hanno scosso il settore. Gian Maria Mossa: \u201cHo fiducia nella politica monetaria. Su trasparenza fatti passi da gigante\u201d L\u2019emergenza Svb, il salvataggio di Credit Suisse e il crollo di Deutsche Bank sono alcuni degli episodi cheContinue reading...\" \/>\n<meta property=\"og:url\" content=\"https:\/\/www.article-marketing.eu\/comunicatistampa\/gian-maria-mossa-lad-di-banca-generali-a-colloquio-con-il-corriere-della-sera\/\" \/>\n<meta property=\"og:site_name\" content=\"Article Marketing\" \/>\n<meta property=\"article:published_time\" content=\"2023-05-03T08:16:21+00:00\" \/>\n<meta property=\"og:image\" content=\"https:\/\/www.corriere.it\/methode_image\/2023\/04\/07\/Economia\/Foto%20Economia%20-%20Trattate\/Imagoeconomica_121045-keMH-U34101003549656JhF-656x492@Corriere-Web-Sezioni.jpg\" \/>\n<meta name=\"author\" content=\"bgmediapress\" \/>\n<meta name=\"twitter:card\" content=\"summary_large_image\" \/>\n<meta name=\"twitter:label1\" content=\"Scritto da\" \/>\n\t<meta name=\"twitter:data1\" content=\"bgmediapress\" \/>\n\t<meta name=\"twitter:label2\" content=\"Tempo di lettura stimato\" \/>\n\t<meta name=\"twitter:data2\" content=\"3 minuti\" \/>\n<script type=\"application\/ld+json\" class=\"yoast-schema-graph\">{\"@context\":\"https:\\\/\\\/schema.org\",\"@graph\":[{\"@type\":\"Article\",\"@id\":\"https:\\\/\\\/www.article-marketing.eu\\\/comunicatistampa\\\/gian-maria-mossa-lad-di-banca-generali-a-colloquio-con-il-corriere-della-sera\\\/#article\",\"isPartOf\":{\"@id\":\"https:\\\/\\\/www.article-marketing.eu\\\/comunicatistampa\\\/gian-maria-mossa-lad-di-banca-generali-a-colloquio-con-il-corriere-della-sera\\\/\"},\"author\":{\"name\":\"bgmediapress\",\"@id\":\"https:\\\/\\\/www.article-marketing.eu\\\/comunicatistampa\\\/#\\\/schema\\\/person\\\/404eb964bc74cb8500542618d935464e\"},\"headline\":\"Gian Maria Mossa, l\u2019AD di Banca Generali a colloquio con il \u201cCorriere della Sera\u201d\",\"datePublished\":\"2023-05-03T08:16:21+00:00\",\"mainEntityOfPage\":{\"@id\":\"https:\\\/\\\/www.article-marketing.eu\\\/comunicatistampa\\\/gian-maria-mossa-lad-di-banca-generali-a-colloquio-con-il-corriere-della-sera\\\/\"},\"wordCount\":535,\"commentCount\":0,\"image\":{\"@id\":\"https:\\\/\\\/www.article-marketing.eu\\\/comunicatistampa\\\/gian-maria-mossa-lad-di-banca-generali-a-colloquio-con-il-corriere-della-sera\\\/#primaryimage\"},\"thumbnailUrl\":\"https:\\\/\\\/www.corriere.it\\\/methode_image\\\/2023\\\/04\\\/07\\\/Economia\\\/Foto%20Economia%20-%20Trattate\\\/Imagoeconomica_121045-keMH-U34101003549656JhF-656x492@Corriere-Web-Sezioni.jpg\",\"keywords\":[\"Banca Generali\",\"Gian Maria Mossa\"],\"articleSection\":[\"Economia e lavoro\"],\"inLanguage\":\"it-IT\",\"potentialAction\":[{\"@type\":\"CommentAction\",\"name\":\"Comment\",\"target\":[\"https:\\\/\\\/www.article-marketing.eu\\\/comunicatistampa\\\/gian-maria-mossa-lad-di-banca-generali-a-colloquio-con-il-corriere-della-sera\\\/#respond\"]}]},{\"@type\":\"WebPage\",\"@id\":\"https:\\\/\\\/www.article-marketing.eu\\\/comunicatistampa\\\/gian-maria-mossa-lad-di-banca-generali-a-colloquio-con-il-corriere-della-sera\\\/\",\"url\":\"https:\\\/\\\/www.article-marketing.eu\\\/comunicatistampa\\\/gian-maria-mossa-lad-di-banca-generali-a-colloquio-con-il-corriere-della-sera\\\/\",\"name\":\"Gian Maria Mossa, l\u2019AD di Banca Generali a colloquio con il \u201cCorriere della Sera\u201d\",\"isPartOf\":{\"@id\":\"https:\\\/\\\/www.article-marketing.eu\\\/comunicatistampa\\\/#website\"},\"primaryImageOfPage\":{\"@id\":\"https:\\\/\\\/www.article-marketing.eu\\\/comunicatistampa\\\/gian-maria-mossa-lad-di-banca-generali-a-colloquio-con-il-corriere-della-sera\\\/#primaryimage\"},\"image\":{\"@id\":\"https:\\\/\\\/www.article-marketing.eu\\\/comunicatistampa\\\/gian-maria-mossa-lad-di-banca-generali-a-colloquio-con-il-corriere-della-sera\\\/#primaryimage\"},\"thumbnailUrl\":\"https:\\\/\\\/www.corriere.it\\\/methode_image\\\/2023\\\/04\\\/07\\\/Economia\\\/Foto%20Economia%20-%20Trattate\\\/Imagoeconomica_121045-keMH-U34101003549656JhF-656x492@Corriere-Web-Sezioni.jpg\",\"datePublished\":\"2023-05-03T08:16:21+00:00\",\"author\":{\"@id\":\"https:\\\/\\\/www.article-marketing.eu\\\/comunicatistampa\\\/#\\\/schema\\\/person\\\/404eb964bc74cb8500542618d935464e\"},\"breadcrumb\":{\"@id\":\"https:\\\/\\\/www.article-marketing.eu\\\/comunicatistampa\\\/gian-maria-mossa-lad-di-banca-generali-a-colloquio-con-il-corriere-della-sera\\\/#breadcrumb\"},\"inLanguage\":\"it-IT\",\"potentialAction\":[{\"@type\":\"ReadAction\",\"target\":[\"https:\\\/\\\/www.article-marketing.eu\\\/comunicatistampa\\\/gian-maria-mossa-lad-di-banca-generali-a-colloquio-con-il-corriere-della-sera\\\/\"]}]},{\"@type\":\"ImageObject\",\"inLanguage\":\"it-IT\",\"@id\":\"https:\\\/\\\/www.article-marketing.eu\\\/comunicatistampa\\\/gian-maria-mossa-lad-di-banca-generali-a-colloquio-con-il-corriere-della-sera\\\/#primaryimage\",\"url\":\"https:\\\/\\\/www.corriere.it\\\/methode_image\\\/2023\\\/04\\\/07\\\/Economia\\\/Foto%20Economia%20-%20Trattate\\\/Imagoeconomica_121045-keMH-U34101003549656JhF-656x492@Corriere-Web-Sezioni.jpg\",\"contentUrl\":\"https:\\\/\\\/www.corriere.it\\\/methode_image\\\/2023\\\/04\\\/07\\\/Economia\\\/Foto%20Economia%20-%20Trattate\\\/Imagoeconomica_121045-keMH-U34101003549656JhF-656x492@Corriere-Web-Sezioni.jpg\"},{\"@type\":\"BreadcrumbList\",\"@id\":\"https:\\\/\\\/www.article-marketing.eu\\\/comunicatistampa\\\/gian-maria-mossa-lad-di-banca-generali-a-colloquio-con-il-corriere-della-sera\\\/#breadcrumb\",\"itemListElement\":[{\"@type\":\"ListItem\",\"position\":1,\"name\":\"Home\",\"item\":\"https:\\\/\\\/www.article-marketing.eu\\\/comunicatistampa\\\/\"},{\"@type\":\"ListItem\",\"position\":2,\"name\":\"Gian Maria Mossa, l\u2019AD di Banca Generali a colloquio con il \u201cCorriere della Sera\u201d\"}]},{\"@type\":\"WebSite\",\"@id\":\"https:\\\/\\\/www.article-marketing.eu\\\/comunicatistampa\\\/#website\",\"url\":\"https:\\\/\\\/www.article-marketing.eu\\\/comunicatistampa\\\/\",\"name\":\"Article Marketing\",\"description\":\"article marketing &amp; press release\",\"potentialAction\":[{\"@type\":\"SearchAction\",\"target\":{\"@type\":\"EntryPoint\",\"urlTemplate\":\"https:\\\/\\\/www.article-marketing.eu\\\/comunicatistampa\\\/?s={search_term_string}\"},\"query-input\":{\"@type\":\"PropertyValueSpecification\",\"valueRequired\":true,\"valueName\":\"search_term_string\"}}],\"inLanguage\":\"it-IT\"},{\"@type\":\"Person\",\"@id\":\"https:\\\/\\\/www.article-marketing.eu\\\/comunicatistampa\\\/#\\\/schema\\\/person\\\/404eb964bc74cb8500542618d935464e\",\"name\":\"bgmediapress\",\"image\":{\"@type\":\"ImageObject\",\"inLanguage\":\"it-IT\",\"@id\":\"https:\\\/\\\/secure.gravatar.com\\\/avatar\\\/42f75c9f82baff699c42fc56a1917154a05957e73178939d3fe6f017d6f3d0ee?s=96&d=mm&r=g\",\"url\":\"https:\\\/\\\/secure.gravatar.com\\\/avatar\\\/42f75c9f82baff699c42fc56a1917154a05957e73178939d3fe6f017d6f3d0ee?s=96&d=mm&r=g\",\"contentUrl\":\"https:\\\/\\\/secure.gravatar.com\\\/avatar\\\/42f75c9f82baff699c42fc56a1917154a05957e73178939d3fe6f017d6f3d0ee?s=96&d=mm&r=g\",\"caption\":\"bgmediapress\"},\"url\":\"https:\\\/\\\/www.article-marketing.eu\\\/comunicatistampa\\\/author\\\/bgmediapress\\\/\"}]}<\/script>\n<!-- \/ Yoast SEO plugin. -->","yoast_head_json":{"title":"Gian Maria Mossa, l\u2019AD di Banca Generali a colloquio con il \u201cCorriere della Sera\u201d","robots":{"index":"index","follow":"follow","max-snippet":"max-snippet:-1","max-image-preview":"max-image-preview:large","max-video-preview":"max-video-preview:-1"},"canonical":"https:\/\/www.article-marketing.eu\/comunicatistampa\/gian-maria-mossa-lad-di-banca-generali-a-colloquio-con-il-corriere-della-sera\/","og_locale":"it_IT","og_type":"article","og_title":"Gian Maria Mossa, l\u2019AD di Banca Generali a colloquio con il \u201cCorriere della Sera\u201d","og_description":"Gian Maria Mossa guida Banca Generali dal 2017 e oggi l\u2019Istituto \u00e8 leader nella gestione delle masse con 83 miliardi di euro. L\u2019AD \u00e8 stato intervistato dal \u201cCorriere della Sera\u201d sugli ultimi avvicendamenti che hanno scosso il settore. Gian Maria Mossa: \u201cHo fiducia nella politica monetaria. Su trasparenza fatti passi da gigante\u201d L\u2019emergenza Svb, il salvataggio di Credit Suisse e il crollo di Deutsche Bank sono alcuni degli episodi cheContinue reading...","og_url":"https:\/\/www.article-marketing.eu\/comunicatistampa\/gian-maria-mossa-lad-di-banca-generali-a-colloquio-con-il-corriere-della-sera\/","og_site_name":"Article Marketing","article_published_time":"2023-05-03T08:16:21+00:00","og_image":[{"url":"https:\/\/www.corriere.it\/methode_image\/2023\/04\/07\/Economia\/Foto%20Economia%20-%20Trattate\/Imagoeconomica_121045-keMH-U34101003549656JhF-656x492@Corriere-Web-Sezioni.jpg","type":"","width":"","height":""}],"author":"bgmediapress","twitter_card":"summary_large_image","twitter_misc":{"Scritto da":"bgmediapress","Tempo di lettura stimato":"3 minuti"},"schema":{"@context":"https:\/\/schema.org","@graph":[{"@type":"Article","@id":"https:\/\/www.article-marketing.eu\/comunicatistampa\/gian-maria-mossa-lad-di-banca-generali-a-colloquio-con-il-corriere-della-sera\/#article","isPartOf":{"@id":"https:\/\/www.article-marketing.eu\/comunicatistampa\/gian-maria-mossa-lad-di-banca-generali-a-colloquio-con-il-corriere-della-sera\/"},"author":{"name":"bgmediapress","@id":"https:\/\/www.article-marketing.eu\/comunicatistampa\/#\/schema\/person\/404eb964bc74cb8500542618d935464e"},"headline":"Gian Maria Mossa, l\u2019AD di Banca Generali a colloquio con il \u201cCorriere della Sera\u201d","datePublished":"2023-05-03T08:16:21+00:00","mainEntityOfPage":{"@id":"https:\/\/www.article-marketing.eu\/comunicatistampa\/gian-maria-mossa-lad-di-banca-generali-a-colloquio-con-il-corriere-della-sera\/"},"wordCount":535,"commentCount":0,"image":{"@id":"https:\/\/www.article-marketing.eu\/comunicatistampa\/gian-maria-mossa-lad-di-banca-generali-a-colloquio-con-il-corriere-della-sera\/#primaryimage"},"thumbnailUrl":"https:\/\/www.corriere.it\/methode_image\/2023\/04\/07\/Economia\/Foto%20Economia%20-%20Trattate\/Imagoeconomica_121045-keMH-U34101003549656JhF-656x492@Corriere-Web-Sezioni.jpg","keywords":["Banca Generali","Gian Maria Mossa"],"articleSection":["Economia e lavoro"],"inLanguage":"it-IT","potentialAction":[{"@type":"CommentAction","name":"Comment","target":["https:\/\/www.article-marketing.eu\/comunicatistampa\/gian-maria-mossa-lad-di-banca-generali-a-colloquio-con-il-corriere-della-sera\/#respond"]}]},{"@type":"WebPage","@id":"https:\/\/www.article-marketing.eu\/comunicatistampa\/gian-maria-mossa-lad-di-banca-generali-a-colloquio-con-il-corriere-della-sera\/","url":"https:\/\/www.article-marketing.eu\/comunicatistampa\/gian-maria-mossa-lad-di-banca-generali-a-colloquio-con-il-corriere-della-sera\/","name":"Gian Maria Mossa, l\u2019AD di Banca Generali a colloquio con il \u201cCorriere della Sera\u201d","isPartOf":{"@id":"https:\/\/www.article-marketing.eu\/comunicatistampa\/#website"},"primaryImageOfPage":{"@id":"https:\/\/www.article-marketing.eu\/comunicatistampa\/gian-maria-mossa-lad-di-banca-generali-a-colloquio-con-il-corriere-della-sera\/#primaryimage"},"image":{"@id":"https:\/\/www.article-marketing.eu\/comunicatistampa\/gian-maria-mossa-lad-di-banca-generali-a-colloquio-con-il-corriere-della-sera\/#primaryimage"},"thumbnailUrl":"https:\/\/www.corriere.it\/methode_image\/2023\/04\/07\/Economia\/Foto%20Economia%20-%20Trattate\/Imagoeconomica_121045-keMH-U34101003549656JhF-656x492@Corriere-Web-Sezioni.jpg","datePublished":"2023-05-03T08:16:21+00:00","author":{"@id":"https:\/\/www.article-marketing.eu\/comunicatistampa\/#\/schema\/person\/404eb964bc74cb8500542618d935464e"},"breadcrumb":{"@id":"https:\/\/www.article-marketing.eu\/comunicatistampa\/gian-maria-mossa-lad-di-banca-generali-a-colloquio-con-il-corriere-della-sera\/#breadcrumb"},"inLanguage":"it-IT","potentialAction":[{"@type":"ReadAction","target":["https:\/\/www.article-marketing.eu\/comunicatistampa\/gian-maria-mossa-lad-di-banca-generali-a-colloquio-con-il-corriere-della-sera\/"]}]},{"@type":"ImageObject","inLanguage":"it-IT","@id":"https:\/\/www.article-marketing.eu\/comunicatistampa\/gian-maria-mossa-lad-di-banca-generali-a-colloquio-con-il-corriere-della-sera\/#primaryimage","url":"https:\/\/www.corriere.it\/methode_image\/2023\/04\/07\/Economia\/Foto%20Economia%20-%20Trattate\/Imagoeconomica_121045-keMH-U34101003549656JhF-656x492@Corriere-Web-Sezioni.jpg","contentUrl":"https:\/\/www.corriere.it\/methode_image\/2023\/04\/07\/Economia\/Foto%20Economia%20-%20Trattate\/Imagoeconomica_121045-keMH-U34101003549656JhF-656x492@Corriere-Web-Sezioni.jpg"},{"@type":"BreadcrumbList","@id":"https:\/\/www.article-marketing.eu\/comunicatistampa\/gian-maria-mossa-lad-di-banca-generali-a-colloquio-con-il-corriere-della-sera\/#breadcrumb","itemListElement":[{"@type":"ListItem","position":1,"name":"Home","item":"https:\/\/www.article-marketing.eu\/comunicatistampa\/"},{"@type":"ListItem","position":2,"name":"Gian Maria Mossa, l\u2019AD di Banca Generali a colloquio con il \u201cCorriere della Sera\u201d"}]},{"@type":"WebSite","@id":"https:\/\/www.article-marketing.eu\/comunicatistampa\/#website","url":"https:\/\/www.article-marketing.eu\/comunicatistampa\/","name":"Article Marketing","description":"article marketing &amp; press release","potentialAction":[{"@type":"SearchAction","target":{"@type":"EntryPoint","urlTemplate":"https:\/\/www.article-marketing.eu\/comunicatistampa\/?s={search_term_string}"},"query-input":{"@type":"PropertyValueSpecification","valueRequired":true,"valueName":"search_term_string"}}],"inLanguage":"it-IT"},{"@type":"Person","@id":"https:\/\/www.article-marketing.eu\/comunicatistampa\/#\/schema\/person\/404eb964bc74cb8500542618d935464e","name":"bgmediapress","image":{"@type":"ImageObject","inLanguage":"it-IT","@id":"https:\/\/secure.gravatar.com\/avatar\/42f75c9f82baff699c42fc56a1917154a05957e73178939d3fe6f017d6f3d0ee?s=96&d=mm&r=g","url":"https:\/\/secure.gravatar.com\/avatar\/42f75c9f82baff699c42fc56a1917154a05957e73178939d3fe6f017d6f3d0ee?s=96&d=mm&r=g","contentUrl":"https:\/\/secure.gravatar.com\/avatar\/42f75c9f82baff699c42fc56a1917154a05957e73178939d3fe6f017d6f3d0ee?s=96&d=mm&r=g","caption":"bgmediapress"},"url":"https:\/\/www.article-marketing.eu\/comunicatistampa\/author\/bgmediapress\/"}]}},"_links":{"self":[{"href":"https:\/\/www.article-marketing.eu\/comunicatistampa\/wp-json\/wp\/v2\/posts\/27230","targetHints":{"allow":["GET"]}}],"collection":[{"href":"https:\/\/www.article-marketing.eu\/comunicatistampa\/wp-json\/wp\/v2\/posts"}],"about":[{"href":"https:\/\/www.article-marketing.eu\/comunicatistampa\/wp-json\/wp\/v2\/types\/post"}],"author":[{"embeddable":true,"href":"https:\/\/www.article-marketing.eu\/comunicatistampa\/wp-json\/wp\/v2\/users\/7095"}],"replies":[{"embeddable":true,"href":"https:\/\/www.article-marketing.eu\/comunicatistampa\/wp-json\/wp\/v2\/comments?post=27230"}],"version-history":[{"count":2,"href":"https:\/\/www.article-marketing.eu\/comunicatistampa\/wp-json\/wp\/v2\/posts\/27230\/revisions"}],"predecessor-version":[{"id":27258,"href":"https:\/\/www.article-marketing.eu\/comunicatistampa\/wp-json\/wp\/v2\/posts\/27230\/revisions\/27258"}],"wp:attachment":[{"href":"https:\/\/www.article-marketing.eu\/comunicatistampa\/wp-json\/wp\/v2\/media?parent=27230"}],"wp:term":[{"taxonomy":"category","embeddable":true,"href":"https:\/\/www.article-marketing.eu\/comunicatistampa\/wp-json\/wp\/v2\/categories?post=27230"},{"taxonomy":"post_tag","embeddable":true,"href":"https:\/\/www.article-marketing.eu\/comunicatistampa\/wp-json\/wp\/v2\/tags?post=27230"}],"curies":[{"name":"wp","href":"https:\/\/api.w.org\/{rel}","templated":true}]}}