{"id":2726,"date":"2017-05-23T09:41:20","date_gmt":"2017-05-23T07:41:20","guid":{"rendered":"http:\/\/www.article-marketing.eu\/comunicatistampa\/?p=2726"},"modified":"2017-05-24T07:36:05","modified_gmt":"2017-05-24T05:36:05","slug":"roberto-meneguzzo-la-fondazione-di-palladio","status":"publish","type":"post","link":"https:\/\/www.article-marketing.eu\/comunicatistampa\/roberto-meneguzzo-la-fondazione-di-palladio\/","title":{"rendered":"Roberto Meneguzzo: La fondazione di Palladio"},"content":{"rendered":"<p><strong><a href=\"http:\/\/www.palladioteam.it\/tag\/roberto-meneguzzo.html\">Roberto Meneguzzo<\/a><\/strong>, fondatore e consigliere della <strong>holding di investimento PFH\u00a0(Palladio)<\/strong>, racconta la storia del gruppo\u00a0in una videointervista sul blog \u201cPalladio Team\u201d.<\/p>\n<p>\u201cPalladio &#8211; <a href=\"https:\/\/www.youtube.com\/watch?v=8DmyriGmOXc\">spiega Roberto Meneguzzo nel video<\/a> &#8211; nasce dall&#8217;idea di un gruppo desideroso di offrire una visione diversa: essere professionisti con la cassa. La prima attivit\u00e0, nel \u201879, fu la Palladio Leasing, strumento allora ancora sconosciuto. Lo presentammo a un gruppo di Verona, che confuse il leasing con il riesling. La vendita di Palladio Leasing a Mediobanca apr\u00ec il capitale ad\u00a0altri operatori. Il passaggio cruciale, che permise di uscire da una logica provinciale, avvenne negli anni \u201890, grazie all&#8217;entrata nell&#8217;azionariato di persone importanti come l&#8217;attuale Amministratore Delegato <a href=\"http:\/\/www.veicapital.it\/it\/team\/giorgio-drago.html\"><strong>Giorgio Drago<\/strong><\/a> e il Managing Director di VEI Capital <strong>Sergio Ravagli<\/strong> e di alcune banche italiane\u201d.<\/p>\n<p>PFH \u00e8 una\u00a0holding di investimento indipendente, con un asset value di gruppo di circa<strong>\u00a0<\/strong>400 milioni di euro<strong>\u00a0<\/strong>e un asset under management pari a<strong>\u00a0<\/strong>800 milioni di euro. \u00c8 un gruppo strutturato: controlla<strong>\u00a0<\/strong><strong>quattro veicoli d\u2019investimento specializzati<\/strong><strong>\u00a0<\/strong>(VEI Capital,<strong>\u00a0<\/strong>VEI Green, Venice e<strong>\u00a0<\/strong>VSL) e una societ\u00e0 specializzata nelle operazione di<strong>\u00a0<\/strong><strong>finanza straordinaria<\/strong>,<strong>\u00a0<\/strong>Palladio Corporate Finance. Ha investito, direttamente o attraverso i propri veicoli, in<strong>\u00a0<\/strong><strong>oltre 30 societ\u00e0<\/strong>. Tramite Palladio Corporate Finance, ha fornito consulenza in oltre<strong>\u00a0<\/strong><strong>100 operazioni.<\/strong> Il Gruppo svolge attivit\u00e0 di consulenza in finanza straordinaria tramite la controllata<strong>\u00a0<\/strong>Palladio Corporate Finance. Ha una struttura duttile, flessibile ed elastica, per approcciare una vasta gamma di operazioni con l\u2019anima del consulente o con quella dell\u2019investitore diretto. PFH vanta un<strong>\u00a0<\/strong><strong>azionariato stabile<\/strong>, che integra cultura finanziaria e industriale. Ha un<strong>\u00a0<\/strong><strong>team solido, coeso e indipendente,<\/strong><strong>\u00a0<\/strong>nel quale i manager sono anche soci del Gruppo. Per questo motivo, PFH<strong>\u00a0<\/strong><strong>non \u00e8 un semplice finanziatore ma anche un partner<\/strong>, i cui interessi sono allineati con quelli degli imprenditori. <strong>PFH valorizza il talento.<\/strong><strong>\u00a0<\/strong>Crea un abito su misura per le imprese partecipate, in funzione delle loro aspirazioni di crescita e sviluppo, sia in Italia che sui mercati esteri.<\/p>\n<p>Roberto Meneguzzo \u00e8 stato il fondatore, nel 1982, PFH S.p.A. e ne \u00e8 attualmente Consigliere. \u00c8 anche Consigliere di VEI Capital S.p.A., Venice S.p.A., VGH S.p.A. Coordina l\u2019attivita\u0300 di consulenza su tematiche di corporate finance e su operazioni di M&amp;A. Nato a Malo (Vicenza) il 6 febbraio 1956, Roberto Meneguzzo si \u00e8 laureato in Economia all\u2019Universita\u0300 Ca\u2019 Foscari di Venezia nel 1979. Si \u00e8 specializzato alla University of California di Berkeley, alla Boston University e alla University of Massachusetts, con un\u2019internship nella Banca Commerciale Italiana di New York. Nel 1980 e\u0300 stato socio fondatore di Palladio Leasing S.p.A., societa\u0300 di leasing operante nel Triveneto. Nel corso degli anni \u201980, Palladio Leasing attraversa una fase di forte crescita con ottimi risultati finanziari, attirando l\u2019interesse di Mediobanca, che acquisisce una quota di maggioranza nel 1989 e le rimanenti quote nel corso degli anni \u201990.<\/p>\n","protected":false},"excerpt":{"rendered":"<p>Roberto Meneguzzo, fondatore e consigliere della holding di investimento PFH\u00a0(Palladio), racconta la storia del gruppo\u00a0in una videointervista sul blog \u201cPalladio Team\u201d. \u201cPalladio &#8211; spiega Roberto Meneguzzo nel video &#8211; nasce dall&#8217;idea di un gruppo desideroso di offrire una visione diversa: essere professionisti con la cassa. La prima attivit\u00e0, nel \u201879, fu la Palladio Leasing, strumento allora ancora sconosciuto. Lo presentammo a un gruppo di Verona, che confuse il leasing con<\/p>\n<p><a class=\"continue-reading\" href=\"https:\/\/www.article-marketing.eu\/comunicatistampa\/roberto-meneguzzo-la-fondazione-di-palladio\/\">Continue reading&#8230;<\/a><\/p>\n","protected":false},"author":226,"featured_media":0,"comment_status":"open","ping_status":"open","sticky":false,"template":"","format":"standard","meta":{"_monsterinsights_skip_tracking":false,"_monsterinsights_sitenote_active":false,"_monsterinsights_sitenote_note":"","_monsterinsights_sitenote_category":0,"footnotes":""},"categories":[388,78],"tags":[1492,1491,1490],"class_list":["post-2726","post","type-post","status-publish","format-standard","hentry","category-aziende","category-comunicati-stampa","tag-palladio","tag-pfh","tag-roberto-meneguzzo"],"yoast_head":"<!-- This site is optimized with the Yoast SEO plugin v27.3 - https:\/\/yoast.com\/product\/yoast-seo-wordpress\/ -->\n<title>Roberto Meneguzzo: La fondazione di Palladio - Article Marketing<\/title>\n<meta name=\"robots\" content=\"index, follow, max-snippet:-1, max-image-preview:large, max-video-preview:-1\" \/>\n<link rel=\"canonical\" href=\"https:\/\/www.article-marketing.eu\/comunicatistampa\/roberto-meneguzzo-la-fondazione-di-palladio\/\" \/>\n<meta property=\"og:locale\" content=\"it_IT\" \/>\n<meta property=\"og:type\" content=\"article\" \/>\n<meta property=\"og:title\" content=\"Roberto Meneguzzo: La fondazione di Palladio - Article Marketing\" \/>\n<meta property=\"og:description\" content=\"Roberto Meneguzzo, fondatore e consigliere della holding di investimento PFH\u00a0(Palladio), racconta la storia del gruppo\u00a0in una videointervista sul blog \u201cPalladio Team\u201d. \u201cPalladio &#8211; spiega Roberto Meneguzzo nel video &#8211; nasce dall&#8217;idea di un gruppo desideroso di offrire una visione diversa: essere professionisti con la cassa. La prima attivit\u00e0, nel \u201879, fu la Palladio Leasing, strumento allora ancora sconosciuto. Lo presentammo a un gruppo di Verona, che confuse il leasing conContinue reading...\" \/>\n<meta property=\"og:url\" content=\"https:\/\/www.article-marketing.eu\/comunicatistampa\/roberto-meneguzzo-la-fondazione-di-palladio\/\" \/>\n<meta property=\"og:site_name\" content=\"Article Marketing\" \/>\n<meta property=\"article:published_time\" content=\"2017-05-23T07:41:20+00:00\" \/>\n<meta property=\"article:modified_time\" content=\"2017-05-24T05:36:05+00:00\" \/>\n<meta name=\"author\" content=\"Moni Rizza\" \/>\n<meta name=\"twitter:card\" content=\"summary_large_image\" \/>\n<meta name=\"twitter:label1\" content=\"Scritto da\" \/>\n\t<meta name=\"twitter:data1\" content=\"Moni Rizza\" \/>\n\t<meta name=\"twitter:label2\" content=\"Tempo di lettura stimato\" \/>\n\t<meta name=\"twitter:data2\" content=\"2 minuti\" \/>\n<script type=\"application\/ld+json\" class=\"yoast-schema-graph\">{\"@context\":\"https:\\\/\\\/schema.org\",\"@graph\":[{\"@type\":\"Article\",\"@id\":\"https:\\\/\\\/www.article-marketing.eu\\\/comunicatistampa\\\/roberto-meneguzzo-la-fondazione-di-palladio\\\/#article\",\"isPartOf\":{\"@id\":\"https:\\\/\\\/www.article-marketing.eu\\\/comunicatistampa\\\/roberto-meneguzzo-la-fondazione-di-palladio\\\/\"},\"author\":{\"name\":\"Moni Rizza\",\"@id\":\"https:\\\/\\\/www.article-marketing.eu\\\/comunicatistampa\\\/#\\\/schema\\\/person\\\/715bb8a033ed0623928561550396b8f7\"},\"headline\":\"Roberto Meneguzzo: La fondazione di Palladio\",\"datePublished\":\"2017-05-23T07:41:20+00:00\",\"dateModified\":\"2017-05-24T05:36:05+00:00\",\"mainEntityOfPage\":{\"@id\":\"https:\\\/\\\/www.article-marketing.eu\\\/comunicatistampa\\\/roberto-meneguzzo-la-fondazione-di-palladio\\\/\"},\"wordCount\":470,\"commentCount\":0,\"keywords\":[\"Palladio\",\"PFH\",\"Roberto Meneguzzo\"],\"articleSection\":[\"Aziende\",\"Comunicati stampa\"],\"inLanguage\":\"it-IT\",\"potentialAction\":[{\"@type\":\"CommentAction\",\"name\":\"Comment\",\"target\":[\"https:\\\/\\\/www.article-marketing.eu\\\/comunicatistampa\\\/roberto-meneguzzo-la-fondazione-di-palladio\\\/#respond\"]}]},{\"@type\":\"WebPage\",\"@id\":\"https:\\\/\\\/www.article-marketing.eu\\\/comunicatistampa\\\/roberto-meneguzzo-la-fondazione-di-palladio\\\/\",\"url\":\"https:\\\/\\\/www.article-marketing.eu\\\/comunicatistampa\\\/roberto-meneguzzo-la-fondazione-di-palladio\\\/\",\"name\":\"Roberto Meneguzzo: La fondazione di Palladio - Article Marketing\",\"isPartOf\":{\"@id\":\"https:\\\/\\\/www.article-marketing.eu\\\/comunicatistampa\\\/#website\"},\"datePublished\":\"2017-05-23T07:41:20+00:00\",\"dateModified\":\"2017-05-24T05:36:05+00:00\",\"author\":{\"@id\":\"https:\\\/\\\/www.article-marketing.eu\\\/comunicatistampa\\\/#\\\/schema\\\/person\\\/715bb8a033ed0623928561550396b8f7\"},\"breadcrumb\":{\"@id\":\"https:\\\/\\\/www.article-marketing.eu\\\/comunicatistampa\\\/roberto-meneguzzo-la-fondazione-di-palladio\\\/#breadcrumb\"},\"inLanguage\":\"it-IT\",\"potentialAction\":[{\"@type\":\"ReadAction\",\"target\":[\"https:\\\/\\\/www.article-marketing.eu\\\/comunicatistampa\\\/roberto-meneguzzo-la-fondazione-di-palladio\\\/\"]}]},{\"@type\":\"BreadcrumbList\",\"@id\":\"https:\\\/\\\/www.article-marketing.eu\\\/comunicatistampa\\\/roberto-meneguzzo-la-fondazione-di-palladio\\\/#breadcrumb\",\"itemListElement\":[{\"@type\":\"ListItem\",\"position\":1,\"name\":\"Home\",\"item\":\"https:\\\/\\\/www.article-marketing.eu\\\/comunicatistampa\\\/\"},{\"@type\":\"ListItem\",\"position\":2,\"name\":\"Roberto Meneguzzo: La fondazione di Palladio\"}]},{\"@type\":\"WebSite\",\"@id\":\"https:\\\/\\\/www.article-marketing.eu\\\/comunicatistampa\\\/#website\",\"url\":\"https:\\\/\\\/www.article-marketing.eu\\\/comunicatistampa\\\/\",\"name\":\"Article Marketing\",\"description\":\"article marketing &amp; press release\",\"potentialAction\":[{\"@type\":\"SearchAction\",\"target\":{\"@type\":\"EntryPoint\",\"urlTemplate\":\"https:\\\/\\\/www.article-marketing.eu\\\/comunicatistampa\\\/?s={search_term_string}\"},\"query-input\":{\"@type\":\"PropertyValueSpecification\",\"valueRequired\":true,\"valueName\":\"search_term_string\"}}],\"inLanguage\":\"it-IT\"},{\"@type\":\"Person\",\"@id\":\"https:\\\/\\\/www.article-marketing.eu\\\/comunicatistampa\\\/#\\\/schema\\\/person\\\/715bb8a033ed0623928561550396b8f7\",\"name\":\"Moni Rizza\",\"image\":{\"@type\":\"ImageObject\",\"inLanguage\":\"it-IT\",\"@id\":\"https:\\\/\\\/secure.gravatar.com\\\/avatar\\\/80aac995bc5dfa8d4c1c78a62678a69fadea7ba9d6f39def803c65d069593291?s=96&d=mm&r=g\",\"url\":\"https:\\\/\\\/secure.gravatar.com\\\/avatar\\\/80aac995bc5dfa8d4c1c78a62678a69fadea7ba9d6f39def803c65d069593291?s=96&d=mm&r=g\",\"contentUrl\":\"https:\\\/\\\/secure.gravatar.com\\\/avatar\\\/80aac995bc5dfa8d4c1c78a62678a69fadea7ba9d6f39def803c65d069593291?s=96&d=mm&r=g\",\"caption\":\"Moni Rizza\"},\"url\":\"https:\\\/\\\/www.article-marketing.eu\\\/comunicatistampa\\\/author\\\/moni-rizza\\\/\"}]}<\/script>\n<!-- \/ Yoast SEO plugin. -->","yoast_head_json":{"title":"Roberto Meneguzzo: La fondazione di Palladio - Article Marketing","robots":{"index":"index","follow":"follow","max-snippet":"max-snippet:-1","max-image-preview":"max-image-preview:large","max-video-preview":"max-video-preview:-1"},"canonical":"https:\/\/www.article-marketing.eu\/comunicatistampa\/roberto-meneguzzo-la-fondazione-di-palladio\/","og_locale":"it_IT","og_type":"article","og_title":"Roberto Meneguzzo: La fondazione di Palladio - Article Marketing","og_description":"Roberto Meneguzzo, fondatore e consigliere della holding di investimento PFH\u00a0(Palladio), racconta la storia del gruppo\u00a0in una videointervista sul blog \u201cPalladio Team\u201d. \u201cPalladio &#8211; spiega Roberto Meneguzzo nel video &#8211; nasce dall&#8217;idea di un gruppo desideroso di offrire una visione diversa: essere professionisti con la cassa. La prima attivit\u00e0, nel \u201879, fu la Palladio Leasing, strumento allora ancora sconosciuto. Lo presentammo a un gruppo di Verona, che confuse il leasing conContinue reading...","og_url":"https:\/\/www.article-marketing.eu\/comunicatistampa\/roberto-meneguzzo-la-fondazione-di-palladio\/","og_site_name":"Article Marketing","article_published_time":"2017-05-23T07:41:20+00:00","article_modified_time":"2017-05-24T05:36:05+00:00","author":"Moni Rizza","twitter_card":"summary_large_image","twitter_misc":{"Scritto da":"Moni Rizza","Tempo di lettura stimato":"2 minuti"},"schema":{"@context":"https:\/\/schema.org","@graph":[{"@type":"Article","@id":"https:\/\/www.article-marketing.eu\/comunicatistampa\/roberto-meneguzzo-la-fondazione-di-palladio\/#article","isPartOf":{"@id":"https:\/\/www.article-marketing.eu\/comunicatistampa\/roberto-meneguzzo-la-fondazione-di-palladio\/"},"author":{"name":"Moni Rizza","@id":"https:\/\/www.article-marketing.eu\/comunicatistampa\/#\/schema\/person\/715bb8a033ed0623928561550396b8f7"},"headline":"Roberto Meneguzzo: La fondazione di Palladio","datePublished":"2017-05-23T07:41:20+00:00","dateModified":"2017-05-24T05:36:05+00:00","mainEntityOfPage":{"@id":"https:\/\/www.article-marketing.eu\/comunicatistampa\/roberto-meneguzzo-la-fondazione-di-palladio\/"},"wordCount":470,"commentCount":0,"keywords":["Palladio","PFH","Roberto Meneguzzo"],"articleSection":["Aziende","Comunicati stampa"],"inLanguage":"it-IT","potentialAction":[{"@type":"CommentAction","name":"Comment","target":["https:\/\/www.article-marketing.eu\/comunicatistampa\/roberto-meneguzzo-la-fondazione-di-palladio\/#respond"]}]},{"@type":"WebPage","@id":"https:\/\/www.article-marketing.eu\/comunicatistampa\/roberto-meneguzzo-la-fondazione-di-palladio\/","url":"https:\/\/www.article-marketing.eu\/comunicatistampa\/roberto-meneguzzo-la-fondazione-di-palladio\/","name":"Roberto Meneguzzo: La fondazione di Palladio - Article Marketing","isPartOf":{"@id":"https:\/\/www.article-marketing.eu\/comunicatistampa\/#website"},"datePublished":"2017-05-23T07:41:20+00:00","dateModified":"2017-05-24T05:36:05+00:00","author":{"@id":"https:\/\/www.article-marketing.eu\/comunicatistampa\/#\/schema\/person\/715bb8a033ed0623928561550396b8f7"},"breadcrumb":{"@id":"https:\/\/www.article-marketing.eu\/comunicatistampa\/roberto-meneguzzo-la-fondazione-di-palladio\/#breadcrumb"},"inLanguage":"it-IT","potentialAction":[{"@type":"ReadAction","target":["https:\/\/www.article-marketing.eu\/comunicatistampa\/roberto-meneguzzo-la-fondazione-di-palladio\/"]}]},{"@type":"BreadcrumbList","@id":"https:\/\/www.article-marketing.eu\/comunicatistampa\/roberto-meneguzzo-la-fondazione-di-palladio\/#breadcrumb","itemListElement":[{"@type":"ListItem","position":1,"name":"Home","item":"https:\/\/www.article-marketing.eu\/comunicatistampa\/"},{"@type":"ListItem","position":2,"name":"Roberto Meneguzzo: La fondazione di Palladio"}]},{"@type":"WebSite","@id":"https:\/\/www.article-marketing.eu\/comunicatistampa\/#website","url":"https:\/\/www.article-marketing.eu\/comunicatistampa\/","name":"Article Marketing","description":"article marketing &amp; press release","potentialAction":[{"@type":"SearchAction","target":{"@type":"EntryPoint","urlTemplate":"https:\/\/www.article-marketing.eu\/comunicatistampa\/?s={search_term_string}"},"query-input":{"@type":"PropertyValueSpecification","valueRequired":true,"valueName":"search_term_string"}}],"inLanguage":"it-IT"},{"@type":"Person","@id":"https:\/\/www.article-marketing.eu\/comunicatistampa\/#\/schema\/person\/715bb8a033ed0623928561550396b8f7","name":"Moni Rizza","image":{"@type":"ImageObject","inLanguage":"it-IT","@id":"https:\/\/secure.gravatar.com\/avatar\/80aac995bc5dfa8d4c1c78a62678a69fadea7ba9d6f39def803c65d069593291?s=96&d=mm&r=g","url":"https:\/\/secure.gravatar.com\/avatar\/80aac995bc5dfa8d4c1c78a62678a69fadea7ba9d6f39def803c65d069593291?s=96&d=mm&r=g","contentUrl":"https:\/\/secure.gravatar.com\/avatar\/80aac995bc5dfa8d4c1c78a62678a69fadea7ba9d6f39def803c65d069593291?s=96&d=mm&r=g","caption":"Moni Rizza"},"url":"https:\/\/www.article-marketing.eu\/comunicatistampa\/author\/moni-rizza\/"}]}},"_links":{"self":[{"href":"https:\/\/www.article-marketing.eu\/comunicatistampa\/wp-json\/wp\/v2\/posts\/2726","targetHints":{"allow":["GET"]}}],"collection":[{"href":"https:\/\/www.article-marketing.eu\/comunicatistampa\/wp-json\/wp\/v2\/posts"}],"about":[{"href":"https:\/\/www.article-marketing.eu\/comunicatistampa\/wp-json\/wp\/v2\/types\/post"}],"author":[{"embeddable":true,"href":"https:\/\/www.article-marketing.eu\/comunicatistampa\/wp-json\/wp\/v2\/users\/226"}],"replies":[{"embeddable":true,"href":"https:\/\/www.article-marketing.eu\/comunicatistampa\/wp-json\/wp\/v2\/comments?post=2726"}],"version-history":[{"count":3,"href":"https:\/\/www.article-marketing.eu\/comunicatistampa\/wp-json\/wp\/v2\/posts\/2726\/revisions"}],"predecessor-version":[{"id":2747,"href":"https:\/\/www.article-marketing.eu\/comunicatistampa\/wp-json\/wp\/v2\/posts\/2726\/revisions\/2747"}],"wp:attachment":[{"href":"https:\/\/www.article-marketing.eu\/comunicatistampa\/wp-json\/wp\/v2\/media?parent=2726"}],"wp:term":[{"taxonomy":"category","embeddable":true,"href":"https:\/\/www.article-marketing.eu\/comunicatistampa\/wp-json\/wp\/v2\/categories?post=2726"},{"taxonomy":"post_tag","embeddable":true,"href":"https:\/\/www.article-marketing.eu\/comunicatistampa\/wp-json\/wp\/v2\/tags?post=2726"}],"curies":[{"name":"wp","href":"https:\/\/api.w.org\/{rel}","templated":true}]}}