{"id":27282,"date":"2023-05-05T13:37:09","date_gmt":"2023-05-05T11:37:09","guid":{"rendered":"https:\/\/www.article-marketing.eu\/comunicatistampa\/?p=27282"},"modified":"2023-05-05T13:37:09","modified_gmt":"2023-05-05T11:37:09","slug":"luciano-castiglione-formazione-e-percorso-professionale","status":"publish","type":"post","link":"https:\/\/www.article-marketing.eu\/comunicatistampa\/luciano-castiglione-formazione-e-percorso-professionale\/","title":{"rendered":"Luciano Castiglione: formazione e percorso professionale"},"content":{"rendered":"<p><strong><em><a title=\"Luciano Castiglione, esperienza professionale\" href=\"https:\/\/www.comunicati.eu\/luciano-castiglione-esperto-di-efficientamento-energetico-approfondimento-sulla-carriera-79644\">Luciano Castiglione<\/a> \u00e8 un esperto di efficientamento energetico che vanta un lungo percorso in importanti realt\u00e0 del settore, presso le quali ha ricoperto ruoli di crescente responsabilit\u00e0.<\/em><\/strong><\/p>\n<p><a title=\"Luciano Castiglione, carriera professionale\" href=\"https:\/\/www.comunicati.eu\/luciano-castiglione-esperto-di-efficientamento-energetico-approfondimento-sulla-carriera-79644\"><img loading=\"lazy\" decoding=\"async\" src=\"https:\/\/www.professionistieaziende.it\/luciano_castiglione\/luciano_castiglione.jpg\" alt=\"Luciano Castiglione\" width=\"246\" height=\"300\" \/><\/a><\/p>\n<h2>L\u2019evoluzione professionale di Luciano Castiglione nel settore energetico<\/h2>\n<p><a title=\"Luciano Castiglione, biografia professionale\" href=\"https:\/\/www.comunicati.eu\/luciano-castiglione-esperto-di-efficientamento-energetico-approfondimento-sulla-carriera-79644\"><strong>Luciano Castiglione<\/strong><\/a> fa il suo ingresso nel settore energetico nel 2000, anno in cui inizia a lavorare in Edison S.p.A., ricoprendo per 13 anni incarichi di rilievo manageriale. Dopo aver maturato esperienza nel ruolo di Account Manager, nel 2009 viene nominato Wholesales Manager. Tale mansione lo porta ad analizzare, negoziare e sviluppare contratti di vendita di gas ed energia elettrica con le partecipate Edison e anche con societ\u00e0 esterne. Sempre nel 2014 passa a DEA Elettrica S.p.A., una societ\u00e0 attiva nella Regione Marche che si occupa di gestire la rete e gli impianti per la distribuzione di energia elettrica nei Comuni di Osimo, Recanati e Polverigi, che guida in qualit\u00e0 di Amministratore Delegato. Nel 2017 Luciano Castiglione entra invece in Roma Gas&amp;Power S.p.A. come Direttore Commerciale Marketing, occupandosi di creazione, sviluppo e gestione della rete commerciale. Dal 2017 al 2021 \u00e8 stato Direttore Generale di Astea Energia S.p.A., per la quale si \u00e8 occupato del processo di privatizzazione dell\u2019azienda e dell\u2019espansione della linea business di efficienza energetica. Da maggio 2021 \u00e8 nella Direzione Commerciale Adriatico Sud di Unoenergy S.p.A.<\/p>\n<h2>Luciano Castiglione: formazione ed esperienze pregresse<\/h2>\n<p>L\u2019approdo di <strong>Luciano Castiglione<\/strong> nel comparto energetico segue diversi anni di esperienza nel Gruppo Angelini. In un primo momento opera in qualit\u00e0 di Direttore Tecnico del Centro di Distribuzione di L\u2019Aquila per A.DI.VAR S.p.A. e successivamente ricopre l\u2019incarico di Responsabile Logistico &#8211; Commerciale del Centro Italia. Originario di Caltanissetta, \u00e8 diplomato presso il Liceo Classico R. Settimo. Ha una laurea in Farmacia, conseguita con il massimo dei voti nel 1991 presso l\u2019Universit\u00e0 di Palermo. Deciso ad ampliare il proprio range di competenze, Luciano Castiglione frequenta inoltre una serie di corsi di approfondimento, tra i quali \u201cIl marketing e l\u2019analisi delle potenzialit\u00e0\u201d, \u201cFacing e Category Management\u201d e \u201cLa cultura del cliente\u201d di Pharma Group; \u201cManagement aziendale e GeoMarketing\u201d di IMS Health; \u201cLa gestione della forza di vendita\u201d presso SDA Bocconi.<\/p>\n","protected":false},"excerpt":{"rendered":"<p>Luciano Castiglione \u00e8 un esperto di efficientamento energetico che vanta un lungo percorso in importanti realt\u00e0 del settore, presso le quali ha ricoperto ruoli di crescente responsabilit\u00e0. L\u2019evoluzione professionale di Luciano Castiglione nel settore energetico Luciano Castiglione fa il suo ingresso nel settore energetico nel 2000, anno in cui inizia a lavorare in Edison S.p.A., ricoprendo per 13 anni incarichi di rilievo manageriale. Dopo aver maturato esperienza nel ruolo di<\/p>\n<p><a class=\"continue-reading\" href=\"https:\/\/www.article-marketing.eu\/comunicatistampa\/luciano-castiglione-formazione-e-percorso-professionale\/\">Continue reading&#8230;<\/a><\/p>\n","protected":false},"author":6477,"featured_media":0,"comment_status":"open","ping_status":"open","sticky":false,"template":"","format":"standard","meta":{"_monsterinsights_skip_tracking":false,"_monsterinsights_sitenote_active":false,"_monsterinsights_sitenote_note":"","_monsterinsights_sitenote_category":0,"footnotes":""},"categories":[386],"tags":[9735],"class_list":["post-27282","post","type-post","status-publish","format-standard","hentry","category-economia-e-lavoro","tag-luciano-castiglione"],"yoast_head":"<!-- This site is optimized with the Yoast SEO plugin v27.3 - https:\/\/yoast.com\/product\/yoast-seo-wordpress\/ -->\n<title>Luciano Castiglione: formazione e percorso professionale<\/title>\n<meta name=\"robots\" content=\"index, follow, max-snippet:-1, max-image-preview:large, max-video-preview:-1\" \/>\n<link rel=\"canonical\" href=\"https:\/\/www.article-marketing.eu\/comunicatistampa\/luciano-castiglione-formazione-e-percorso-professionale\/\" \/>\n<meta property=\"og:locale\" content=\"it_IT\" \/>\n<meta property=\"og:type\" content=\"article\" \/>\n<meta property=\"og:title\" content=\"Luciano Castiglione: formazione e percorso professionale\" \/>\n<meta property=\"og:description\" content=\"Luciano Castiglione \u00e8 un esperto di efficientamento energetico che vanta un lungo percorso in importanti realt\u00e0 del settore, presso le quali ha ricoperto ruoli di crescente responsabilit\u00e0. L\u2019evoluzione professionale di Luciano Castiglione nel settore energetico Luciano Castiglione fa il suo ingresso nel settore energetico nel 2000, anno in cui inizia a lavorare in Edison S.p.A., ricoprendo per 13 anni incarichi di rilievo manageriale. Dopo aver maturato esperienza nel ruolo diContinue reading...\" \/>\n<meta property=\"og:url\" content=\"https:\/\/www.article-marketing.eu\/comunicatistampa\/luciano-castiglione-formazione-e-percorso-professionale\/\" \/>\n<meta property=\"og:site_name\" content=\"Article Marketing\" \/>\n<meta property=\"article:published_time\" content=\"2023-05-05T11:37:09+00:00\" \/>\n<meta property=\"og:image\" content=\"https:\/\/www.professionistieaziende.it\/luciano_castiglione\/luciano_castiglione.jpg\" \/>\n<meta name=\"author\" content=\"articolinews\" \/>\n<meta name=\"twitter:card\" content=\"summary_large_image\" \/>\n<meta name=\"twitter:label1\" content=\"Scritto da\" \/>\n\t<meta name=\"twitter:data1\" content=\"articolinews\" \/>\n\t<meta name=\"twitter:label2\" content=\"Tempo di lettura stimato\" \/>\n\t<meta name=\"twitter:data2\" content=\"3 minuti\" \/>\n<script type=\"application\/ld+json\" class=\"yoast-schema-graph\">{\"@context\":\"https:\\\/\\\/schema.org\",\"@graph\":[{\"@type\":\"Article\",\"@id\":\"https:\\\/\\\/www.article-marketing.eu\\\/comunicatistampa\\\/luciano-castiglione-formazione-e-percorso-professionale\\\/#article\",\"isPartOf\":{\"@id\":\"https:\\\/\\\/www.article-marketing.eu\\\/comunicatistampa\\\/luciano-castiglione-formazione-e-percorso-professionale\\\/\"},\"author\":{\"name\":\"articolinews\",\"@id\":\"https:\\\/\\\/www.article-marketing.eu\\\/comunicatistampa\\\/#\\\/schema\\\/person\\\/2fcaf8f8f3a9eef9eb7f27532d3ca458\"},\"headline\":\"Luciano Castiglione: formazione e percorso professionale\",\"datePublished\":\"2023-05-05T11:37:09+00:00\",\"mainEntityOfPage\":{\"@id\":\"https:\\\/\\\/www.article-marketing.eu\\\/comunicatistampa\\\/luciano-castiglione-formazione-e-percorso-professionale\\\/\"},\"wordCount\":365,\"commentCount\":0,\"image\":{\"@id\":\"https:\\\/\\\/www.article-marketing.eu\\\/comunicatistampa\\\/luciano-castiglione-formazione-e-percorso-professionale\\\/#primaryimage\"},\"thumbnailUrl\":\"https:\\\/\\\/www.professionistieaziende.it\\\/luciano_castiglione\\\/luciano_castiglione.jpg\",\"keywords\":[\"Luciano Castiglione\"],\"articleSection\":[\"Economia e lavoro\"],\"inLanguage\":\"it-IT\",\"potentialAction\":[{\"@type\":\"CommentAction\",\"name\":\"Comment\",\"target\":[\"https:\\\/\\\/www.article-marketing.eu\\\/comunicatistampa\\\/luciano-castiglione-formazione-e-percorso-professionale\\\/#respond\"]}]},{\"@type\":\"WebPage\",\"@id\":\"https:\\\/\\\/www.article-marketing.eu\\\/comunicatistampa\\\/luciano-castiglione-formazione-e-percorso-professionale\\\/\",\"url\":\"https:\\\/\\\/www.article-marketing.eu\\\/comunicatistampa\\\/luciano-castiglione-formazione-e-percorso-professionale\\\/\",\"name\":\"Luciano Castiglione: formazione e percorso professionale\",\"isPartOf\":{\"@id\":\"https:\\\/\\\/www.article-marketing.eu\\\/comunicatistampa\\\/#website\"},\"primaryImageOfPage\":{\"@id\":\"https:\\\/\\\/www.article-marketing.eu\\\/comunicatistampa\\\/luciano-castiglione-formazione-e-percorso-professionale\\\/#primaryimage\"},\"image\":{\"@id\":\"https:\\\/\\\/www.article-marketing.eu\\\/comunicatistampa\\\/luciano-castiglione-formazione-e-percorso-professionale\\\/#primaryimage\"},\"thumbnailUrl\":\"https:\\\/\\\/www.professionistieaziende.it\\\/luciano_castiglione\\\/luciano_castiglione.jpg\",\"datePublished\":\"2023-05-05T11:37:09+00:00\",\"author\":{\"@id\":\"https:\\\/\\\/www.article-marketing.eu\\\/comunicatistampa\\\/#\\\/schema\\\/person\\\/2fcaf8f8f3a9eef9eb7f27532d3ca458\"},\"breadcrumb\":{\"@id\":\"https:\\\/\\\/www.article-marketing.eu\\\/comunicatistampa\\\/luciano-castiglione-formazione-e-percorso-professionale\\\/#breadcrumb\"},\"inLanguage\":\"it-IT\",\"potentialAction\":[{\"@type\":\"ReadAction\",\"target\":[\"https:\\\/\\\/www.article-marketing.eu\\\/comunicatistampa\\\/luciano-castiglione-formazione-e-percorso-professionale\\\/\"]}]},{\"@type\":\"ImageObject\",\"inLanguage\":\"it-IT\",\"@id\":\"https:\\\/\\\/www.article-marketing.eu\\\/comunicatistampa\\\/luciano-castiglione-formazione-e-percorso-professionale\\\/#primaryimage\",\"url\":\"https:\\\/\\\/www.professionistieaziende.it\\\/luciano_castiglione\\\/luciano_castiglione.jpg\",\"contentUrl\":\"https:\\\/\\\/www.professionistieaziende.it\\\/luciano_castiglione\\\/luciano_castiglione.jpg\"},{\"@type\":\"BreadcrumbList\",\"@id\":\"https:\\\/\\\/www.article-marketing.eu\\\/comunicatistampa\\\/luciano-castiglione-formazione-e-percorso-professionale\\\/#breadcrumb\",\"itemListElement\":[{\"@type\":\"ListItem\",\"position\":1,\"name\":\"Home\",\"item\":\"https:\\\/\\\/www.article-marketing.eu\\\/comunicatistampa\\\/\"},{\"@type\":\"ListItem\",\"position\":2,\"name\":\"Luciano Castiglione: formazione e percorso professionale\"}]},{\"@type\":\"WebSite\",\"@id\":\"https:\\\/\\\/www.article-marketing.eu\\\/comunicatistampa\\\/#website\",\"url\":\"https:\\\/\\\/www.article-marketing.eu\\\/comunicatistampa\\\/\",\"name\":\"Article Marketing\",\"description\":\"article marketing &amp; press release\",\"potentialAction\":[{\"@type\":\"SearchAction\",\"target\":{\"@type\":\"EntryPoint\",\"urlTemplate\":\"https:\\\/\\\/www.article-marketing.eu\\\/comunicatistampa\\\/?s={search_term_string}\"},\"query-input\":{\"@type\":\"PropertyValueSpecification\",\"valueRequired\":true,\"valueName\":\"search_term_string\"}}],\"inLanguage\":\"it-IT\"},{\"@type\":\"Person\",\"@id\":\"https:\\\/\\\/www.article-marketing.eu\\\/comunicatistampa\\\/#\\\/schema\\\/person\\\/2fcaf8f8f3a9eef9eb7f27532d3ca458\",\"name\":\"articolinews\",\"image\":{\"@type\":\"ImageObject\",\"inLanguage\":\"it-IT\",\"@id\":\"https:\\\/\\\/secure.gravatar.com\\\/avatar\\\/9e2a264bab04e17dea24d937c9956304649a848cb73c46747a692ff1bdeb1cb7?s=96&d=mm&r=g\",\"url\":\"https:\\\/\\\/secure.gravatar.com\\\/avatar\\\/9e2a264bab04e17dea24d937c9956304649a848cb73c46747a692ff1bdeb1cb7?s=96&d=mm&r=g\",\"contentUrl\":\"https:\\\/\\\/secure.gravatar.com\\\/avatar\\\/9e2a264bab04e17dea24d937c9956304649a848cb73c46747a692ff1bdeb1cb7?s=96&d=mm&r=g\",\"caption\":\"articolinews\"},\"url\":\"https:\\\/\\\/www.article-marketing.eu\\\/comunicatistampa\\\/author\\\/articolinews\\\/\"}]}<\/script>\n<!-- \/ Yoast SEO plugin. -->","yoast_head_json":{"title":"Luciano Castiglione: formazione e percorso professionale","robots":{"index":"index","follow":"follow","max-snippet":"max-snippet:-1","max-image-preview":"max-image-preview:large","max-video-preview":"max-video-preview:-1"},"canonical":"https:\/\/www.article-marketing.eu\/comunicatistampa\/luciano-castiglione-formazione-e-percorso-professionale\/","og_locale":"it_IT","og_type":"article","og_title":"Luciano Castiglione: formazione e percorso professionale","og_description":"Luciano Castiglione \u00e8 un esperto di efficientamento energetico che vanta un lungo percorso in importanti realt\u00e0 del settore, presso le quali ha ricoperto ruoli di crescente responsabilit\u00e0. L\u2019evoluzione professionale di Luciano Castiglione nel settore energetico Luciano Castiglione fa il suo ingresso nel settore energetico nel 2000, anno in cui inizia a lavorare in Edison S.p.A., ricoprendo per 13 anni incarichi di rilievo manageriale. Dopo aver maturato esperienza nel ruolo diContinue reading...","og_url":"https:\/\/www.article-marketing.eu\/comunicatistampa\/luciano-castiglione-formazione-e-percorso-professionale\/","og_site_name":"Article Marketing","article_published_time":"2023-05-05T11:37:09+00:00","og_image":[{"url":"https:\/\/www.professionistieaziende.it\/luciano_castiglione\/luciano_castiglione.jpg","type":"","width":"","height":""}],"author":"articolinews","twitter_card":"summary_large_image","twitter_misc":{"Scritto da":"articolinews","Tempo di lettura stimato":"3 minuti"},"schema":{"@context":"https:\/\/schema.org","@graph":[{"@type":"Article","@id":"https:\/\/www.article-marketing.eu\/comunicatistampa\/luciano-castiglione-formazione-e-percorso-professionale\/#article","isPartOf":{"@id":"https:\/\/www.article-marketing.eu\/comunicatistampa\/luciano-castiglione-formazione-e-percorso-professionale\/"},"author":{"name":"articolinews","@id":"https:\/\/www.article-marketing.eu\/comunicatistampa\/#\/schema\/person\/2fcaf8f8f3a9eef9eb7f27532d3ca458"},"headline":"Luciano Castiglione: formazione e percorso professionale","datePublished":"2023-05-05T11:37:09+00:00","mainEntityOfPage":{"@id":"https:\/\/www.article-marketing.eu\/comunicatistampa\/luciano-castiglione-formazione-e-percorso-professionale\/"},"wordCount":365,"commentCount":0,"image":{"@id":"https:\/\/www.article-marketing.eu\/comunicatistampa\/luciano-castiglione-formazione-e-percorso-professionale\/#primaryimage"},"thumbnailUrl":"https:\/\/www.professionistieaziende.it\/luciano_castiglione\/luciano_castiglione.jpg","keywords":["Luciano Castiglione"],"articleSection":["Economia e lavoro"],"inLanguage":"it-IT","potentialAction":[{"@type":"CommentAction","name":"Comment","target":["https:\/\/www.article-marketing.eu\/comunicatistampa\/luciano-castiglione-formazione-e-percorso-professionale\/#respond"]}]},{"@type":"WebPage","@id":"https:\/\/www.article-marketing.eu\/comunicatistampa\/luciano-castiglione-formazione-e-percorso-professionale\/","url":"https:\/\/www.article-marketing.eu\/comunicatistampa\/luciano-castiglione-formazione-e-percorso-professionale\/","name":"Luciano Castiglione: formazione e percorso professionale","isPartOf":{"@id":"https:\/\/www.article-marketing.eu\/comunicatistampa\/#website"},"primaryImageOfPage":{"@id":"https:\/\/www.article-marketing.eu\/comunicatistampa\/luciano-castiglione-formazione-e-percorso-professionale\/#primaryimage"},"image":{"@id":"https:\/\/www.article-marketing.eu\/comunicatistampa\/luciano-castiglione-formazione-e-percorso-professionale\/#primaryimage"},"thumbnailUrl":"https:\/\/www.professionistieaziende.it\/luciano_castiglione\/luciano_castiglione.jpg","datePublished":"2023-05-05T11:37:09+00:00","author":{"@id":"https:\/\/www.article-marketing.eu\/comunicatistampa\/#\/schema\/person\/2fcaf8f8f3a9eef9eb7f27532d3ca458"},"breadcrumb":{"@id":"https:\/\/www.article-marketing.eu\/comunicatistampa\/luciano-castiglione-formazione-e-percorso-professionale\/#breadcrumb"},"inLanguage":"it-IT","potentialAction":[{"@type":"ReadAction","target":["https:\/\/www.article-marketing.eu\/comunicatistampa\/luciano-castiglione-formazione-e-percorso-professionale\/"]}]},{"@type":"ImageObject","inLanguage":"it-IT","@id":"https:\/\/www.article-marketing.eu\/comunicatistampa\/luciano-castiglione-formazione-e-percorso-professionale\/#primaryimage","url":"https:\/\/www.professionistieaziende.it\/luciano_castiglione\/luciano_castiglione.jpg","contentUrl":"https:\/\/www.professionistieaziende.it\/luciano_castiglione\/luciano_castiglione.jpg"},{"@type":"BreadcrumbList","@id":"https:\/\/www.article-marketing.eu\/comunicatistampa\/luciano-castiglione-formazione-e-percorso-professionale\/#breadcrumb","itemListElement":[{"@type":"ListItem","position":1,"name":"Home","item":"https:\/\/www.article-marketing.eu\/comunicatistampa\/"},{"@type":"ListItem","position":2,"name":"Luciano Castiglione: formazione e percorso professionale"}]},{"@type":"WebSite","@id":"https:\/\/www.article-marketing.eu\/comunicatistampa\/#website","url":"https:\/\/www.article-marketing.eu\/comunicatistampa\/","name":"Article Marketing","description":"article marketing &amp; press release","potentialAction":[{"@type":"SearchAction","target":{"@type":"EntryPoint","urlTemplate":"https:\/\/www.article-marketing.eu\/comunicatistampa\/?s={search_term_string}"},"query-input":{"@type":"PropertyValueSpecification","valueRequired":true,"valueName":"search_term_string"}}],"inLanguage":"it-IT"},{"@type":"Person","@id":"https:\/\/www.article-marketing.eu\/comunicatistampa\/#\/schema\/person\/2fcaf8f8f3a9eef9eb7f27532d3ca458","name":"articolinews","image":{"@type":"ImageObject","inLanguage":"it-IT","@id":"https:\/\/secure.gravatar.com\/avatar\/9e2a264bab04e17dea24d937c9956304649a848cb73c46747a692ff1bdeb1cb7?s=96&d=mm&r=g","url":"https:\/\/secure.gravatar.com\/avatar\/9e2a264bab04e17dea24d937c9956304649a848cb73c46747a692ff1bdeb1cb7?s=96&d=mm&r=g","contentUrl":"https:\/\/secure.gravatar.com\/avatar\/9e2a264bab04e17dea24d937c9956304649a848cb73c46747a692ff1bdeb1cb7?s=96&d=mm&r=g","caption":"articolinews"},"url":"https:\/\/www.article-marketing.eu\/comunicatistampa\/author\/articolinews\/"}]}},"_links":{"self":[{"href":"https:\/\/www.article-marketing.eu\/comunicatistampa\/wp-json\/wp\/v2\/posts\/27282","targetHints":{"allow":["GET"]}}],"collection":[{"href":"https:\/\/www.article-marketing.eu\/comunicatistampa\/wp-json\/wp\/v2\/posts"}],"about":[{"href":"https:\/\/www.article-marketing.eu\/comunicatistampa\/wp-json\/wp\/v2\/types\/post"}],"author":[{"embeddable":true,"href":"https:\/\/www.article-marketing.eu\/comunicatistampa\/wp-json\/wp\/v2\/users\/6477"}],"replies":[{"embeddable":true,"href":"https:\/\/www.article-marketing.eu\/comunicatistampa\/wp-json\/wp\/v2\/comments?post=27282"}],"version-history":[{"count":3,"href":"https:\/\/www.article-marketing.eu\/comunicatistampa\/wp-json\/wp\/v2\/posts\/27282\/revisions"}],"predecessor-version":[{"id":27308,"href":"https:\/\/www.article-marketing.eu\/comunicatistampa\/wp-json\/wp\/v2\/posts\/27282\/revisions\/27308"}],"wp:attachment":[{"href":"https:\/\/www.article-marketing.eu\/comunicatistampa\/wp-json\/wp\/v2\/media?parent=27282"}],"wp:term":[{"taxonomy":"category","embeddable":true,"href":"https:\/\/www.article-marketing.eu\/comunicatistampa\/wp-json\/wp\/v2\/categories?post=27282"},{"taxonomy":"post_tag","embeddable":true,"href":"https:\/\/www.article-marketing.eu\/comunicatistampa\/wp-json\/wp\/v2\/tags?post=27282"}],"curies":[{"name":"wp","href":"https:\/\/api.w.org\/{rel}","templated":true}]}}