{"id":27323,"date":"2023-05-12T06:45:58","date_gmt":"2023-05-12T04:45:58","guid":{"rendered":"https:\/\/www.article-marketing.eu\/comunicatistampa\/?p=27323"},"modified":"2023-05-12T06:45:58","modified_gmt":"2023-05-12T04:45:58","slug":"one-express-si-presenta-come-protagonista-a-transport-logistic","status":"publish","type":"post","link":"https:\/\/www.article-marketing.eu\/comunicatistampa\/one-express-si-presenta-come-protagonista-a-transport-logistic\/","title":{"rendered":"One Express si presenta come  protagonista a Transport Logistic"},"content":{"rendered":"<p class=\"western\" align=\"justify\"><span style=\"font-family: Verdana;\"><span style=\"font-size: large;\"><i>Nel quindicesimo anno dalla sua costituzione<\/i><\/span><\/span><span style=\"font-family: Verdana;\"><span style=\"font-size: large;\"><i> il primo Pallet Network italiano per Qualit\u00e0 espone a Monaco di Baviera a<\/i><\/span><\/span><span style=\"font-family: Verdana;\"><span style=\"font-size: large;\"><i>lla fiera internazionale della logistica con uno stand di 150 mq totalmente riutilizzabile che rende omaggio all\u2019Italia e a quel saper fare bene di cui la One \u00e8 ambasciatrice<\/i><\/span><\/span><\/p>\n<p class=\"western\" align=\"justify\"><span style=\"font-family: Verdana;\">Un\u2019edizione molto speciale, quella di <\/span><span style=\"font-family: Verdana;\"><b>Transport Logistic 2023<\/b><\/span><span style=\"font-family: Verdana;\">, la fiera internazionale di <\/span><span style=\"font-family: Verdana;\"><b>Monaco di Baviera<\/b><\/span> <span style=\"font-family: Verdana;\"><b>dal 9 al 12 maggio<\/b><\/span><span style=\"font-family: Verdana;\">, dedicata ai settori di trasporto e logistica, macchine per imballaggio, sistemi di comunicazione, tecnologia multimediale, sistemi di informazione. <\/span><span style=\"font-family: Verdana;\"><b>Nell\u2019anno del quindicesimo dalla sua costituzione<\/b><\/span> <span style=\"font-family: Verdana;\"><b>protagonista della manifestazione \u00e8 One Express<\/b><\/span><span style=\"font-family: Verdana;\">, <\/span><span style=\"font-family: Verdana;\"><b>primo Pallet Network italiano per Qualit\u00e0<\/b><\/span><span style=\"font-family: Verdana;\">, pronta a far conoscere le novit\u00e0 e i servizi che l\u2019hanno resa un player di primaria importanza ben oltre i confini nazionali.<\/span><\/p>\n<p class=\"western\" align=\"justify\"><span style=\"font-family: Verdana;\">La crescita costante del Pallet Network ha permesso lo sviluppo di <\/span><span style=\"font-family: Verdana;\"><b>una rete caratterizzata da 136 Affiliati che coprono capillarmente tutto il territorio italiano<\/b><\/span><span style=\"font-family: Verdana;\"> e che <\/span><span style=\"font-family: Verdana;\"><b>grazie alla collaborazione di partner esteri riveste a pieno titolo il ruolo di ambasciatrice del Made in Italy<\/b><\/span><span style=\"font-family: Verdana;\">, con partenze quotidiane per tutta Europa. La fiera di Monaco \u00e8 dunque l\u2019occasione per i Partner esteri, sempre pi\u00f9 interessati a One Express, di incontrare una realt\u00e0 che conferma di <\/span><span style=\"font-family: Verdana;\"><b>saper offrire non comuni garanzie in termini di Qualit\u00e0<\/b><\/span><span style=\"font-family: Verdana;\">. Per condividere i valori e gli elementi caratterizzanti, <\/span><span style=\"color: #000000;\"><span style=\"font-family: Verdana;\"><b>Roberto Taliani, Responsabile Marketing e Comunicazione One Express <\/b><\/span><\/span><span style=\"color: #000000;\"><span style=\"font-family: Verdana;\">ha ideato uno stand che fin dal primo sguardo proietta all\u2019interno del sistema valoriale di One Express. Grandi piante di limoni, infatti, ricordano come il Network sia espressione dell\u2019Italia, una terra baciata dal sole e da cui l\u2019headquarter di Bologna trae energia grazie al<\/span><\/span><span style=\"font-family: Verdana;\">l\u2019installazione di un nuovo impianto fotovoltaico dalla potenza nominale di 451 kWp, dimostrando il percorso intrapreso nell\u2019ambito della sostenibilit\u00e0, riducendo l\u2019emissione di<\/span><span style=\"color: #000000;\"><span style=\"font-family: Verdana;\"> CO<\/span><\/span><span style=\"color: #000000;\"><sub><span style=\"font-family: Verdana;\">2<\/span><\/sub><\/span><span style=\"font-family: Verdana;\"> nell\u2019aria. Una sostenibilit\u00e0 portata avanti in maniera concreta anche con l\u2019adesione al Progetto Nat\u00f9, lanciando <\/span><span style=\"font-family: Verdana;\">l\u2019iniziativa denominata \u201cONE FOREST\u201d che prevede la messa a dimora di alberi per la rinaturalizzazione del territorio e la compensazione delle emissioni di C0<\/span><sub><span style=\"font-family: Verdana;\">2 <\/span><\/sub><span style=\"font-family: Verdana;\">a livello nazionale, con il coinvolgimento del Network.<\/span><\/p>\n<p class=\"western\" align=\"justify\"><span style=\"font-family: Verdana;\">Proprio la Qualit\u00e0 ha portato One Express a diventare un punto di riferimento europeo e una valida portavoce dell\u2019italianit\u00e0, aiutando tutti i produttori interessati ad aprire nuovi sbocchi commerciali oltre confine. Un risultato ottenuto grazie alla presenza di Affiliati in tutte le regioni italiane e un servizio efficiente non solo dentro i confini nazionali, ma anche in Europa, con il contributo proprio di Partner esteri che condividono con One Express obiettivi comuni, tra cui proprio la Qualit\u00e0. <\/span><\/p>\n<p class=\"western\" align=\"justify\"><span style=\"font-family: Verdana;\">Un\u2019italianit\u00e0 proposta con gusto, dal momento che a ingolosire i visitatori \u00e8 anche il secondo numero di <\/span><span style=\"font-family: Verdana;\"><b>RistorantOne, la guida dei ristoranti su strada<\/b><\/span><span style=\"font-family: Verdana;\">, interamente ideata e realizzata da chi ogni giorno percorre le principali arterie stradali d\u2019Italia. <\/span><span style=\"font-family: Verdana;\"><b>Dopo il successo riscosso dalla prima edizione, con <\/b><\/span><span style=\"font-family: Verdana;\"><b>12.000 copie cartacee e migliaia di download dal sito internet<\/b><\/span> <a href=\"http:\/\/www.oneexpress.it\/\"><span style=\"font-family: Verdana;\"><b>www.oneexpress.it<\/b><\/span><\/a><span style=\"font-family: Verdana;\"> per avere RistorantOne in formato digitale, One Express ha portato in stand anche il secondo appuntamento di quella che \u00e8 diventata a tutti gli effetti una collana collezionabile. Miti, leggende e curiosit\u00e0 dei piatti pi\u00f9 famosi d\u2019Italia raccontano in italiano e inglese storia, tradizioni, usi e costumi differenti in ogni luogo, grazie a una diversit\u00e0 territoriale che ha reso il Belpaese <\/span><span style=\"font-family: Verdana;\"><b>un territorio unico al mondo. Un volume goloso quanto le sorprese enogastronomiche che saranno proposte in fiera <\/b><\/span><span style=\"font-family: Verdana;\">in occasione di pranzi, merende e aperitivi capaci di farsi ricordare<\/span><b> <\/b><span style=\"font-family: Verdana;\">ben oltre il termine della manifestazione<\/span><span style=\"font-family: Verdana;\"><b>.<\/b><\/span><\/p>\n<p class=\"western\" align=\"justify\"><span style=\"font-family: Verdana;\">La <\/span><span style=\"font-family: Verdana;\"><b>Fiera di Monaco<\/b><\/span><span style=\"font-family: Verdana;\"> \u00e8 quindi un evento che <\/span><span style=\"font-family: Verdana;\">rappresenta <\/span><span style=\"font-family: Verdana;\"><b>un&#8217;opportunit\u00e0 per<\/b><\/span><span style=\"font-family: Verdana;\"> incontrare Partner vecchi e nuovi, <\/span><span style=\"font-family: Verdana;\"><b>allargare il Network Europeo e rinsaldare le relazioni internazionali<\/b><\/span><span style=\"font-family: Verdana;\">. Tra i pilastri di One Express non manca l\u2019innovazione e in fiera le tecnologie di cui dispone il Network e i risultati raggiunti sono quindi un\u2019ulteriore conferma di come l\u2019Azienda venga considerata il primo Pallet Network italiano per Qualit\u00e0. <\/span><span style=\"font-family: Verdana;\"><b>Tra le tante novit\u00e0 presentate in stand c\u2019\u00e8 anche <\/b><\/span><span style=\"font-family: Verdana;\"><b>PMIX, il nuovo servizio colli con gli standard di Qualit\u00e0 One Express<\/b><\/span><span style=\"font-family: Verdana;\"> per soddisfare i Clienti con le stesse tempistiche del trasporto Silver su Pallet. Una novit\u00e0 nel segno della crescita in uno mondo come quello <\/span><span style=\"font-family: Verdana;\">della logistica sempre pi\u00f9 complesso, con una Clientela che evidenzia la necessit\u00e0 di far viaggiare le merci sempre pi\u00f9 velocemente e anche con carichi ripartiti. Poter soddisfare questa richiesta consente di ampliare l\u2019offerta e completare il Servizio rivolto a nuovi Clienti e a quelli che gi\u00e0 conoscono la Qualit\u00e0 garantita da One Express. <\/span><span style=\"font-family: Verdana;\"><b>Un\u2019estensione della capacit\u00e0 operativa che sia in Italia sia in Europa \u00e8 destinata a regalare grandi soddisfazioni<\/b><\/span><span style=\"font-family: Verdana;\">, di fatto rispondendo e in parte anche anticipando le dinamiche di un mercato in continua evoluzione.<\/span><\/p>\n<p class=\"western\" align=\"justify\"><span style=\"font-family: Verdana;\">Tecnologia che ritorna anche nella presentazione, proprio in occasione della partecipazione a <\/span><span style=\"font-family: Verdana;\"><b>Transport Logistic 2023<\/b><\/span><span style=\"font-family: Verdana;\"> del <\/span><span style=\"font-family: Verdana;\"><b>rinnovato <\/b><\/span><span style=\"font-family: Verdana;\"><b>ecosistema digitale attraverso la nuova piattaforma digitale <\/b><\/span><a href=\"http:\/\/www.oneexpress.it\/\"><span style=\"font-family: Verdana;\"><b>www.oneexpress.it<\/b><\/span><\/a><span style=\"font-family: Verdana;\"> nel perfetto equilibrio di immagini e nell\u2019organizzazione strategica dei contenuti risponde con efficacia alle necessit\u00e0 e agli interessi dei differenti target dell\u2019Azienda. Qualit\u00e0, sostenibilit\u00e0, tecnologia sono i focus di un patrimonio aziendale da diffondere e condividere con tutto il Network e che a Monaco stupisce per la <\/span><span style=\"font-family: Verdana;\"><b>piena corrispondenza tra virtuale e reale<\/b><\/span><span style=\"font-family: Verdana;\">, ponendo il sito internet come un punto d\u2019incontro e un trampolino verso l\u2019internazionalizzazione, cos\u00ec come lo <\/span><span style=\"font-family: Verdana;\">stand di Monaco, che come gli Hub, mette al centro i Valori e le Persone che costituiscono il Network, il loro impegno e la determinazione nel conseguimento degli obiettivi, primo fra tutti la Qualit\u00e0. <\/span><\/p>\n<p class=\"western\" align=\"justify\">\u201c<span style=\"font-family: Verdana;\"><i>Gli spot radiofonici e i video hanno dato voce a queste Persone<\/i><\/span><span style=\"font-family: Verdana;\"> \u2013 spiega Roberto Taliani &#8211; perch\u00e9 <\/span><span style=\"font-family: Verdana;\"><i>dietro la crescita di questi quindici anni di successi ci sono proprio loro, gli Affiliati, il Personale interno, i Collaboratori, tutti coloro che in un grande lavoro di squadra hanno portato One Express a questi livelli di Eccellenza<\/i><\/span><span style=\"font-family: Verdana;\">\u201d. <\/span><\/p>\n<p class=\"western\" align=\"justify\"><span style=\"font-family: Verdana;\">A confermare l\u2019entusiasmo per questa edizione \u00e8 anche Claudio Franceschelli, Presidente One Express: <\/span><span style=\"font-family: Verdana;\"><i>\u201cOne Express oggi \u00e8 <\/i><\/span><span style=\"color: #000000;\"><span style=\"font-family: Verdana;\"><i>pi\u00f9 viva e dinamica che mai, consapevole\u00a0delle proprie potenzialit\u00e0. Partiamo da solide basi, con\u00a0l\u2019esperienza maturata in questi tre lustri, ma con lo sguardo sempre rivolto a ci\u00f2 che verr\u00e0, sicuri delle nostre capacit\u00e0 e animati da un forte spirito di gruppo, in cui ognuno ha un ruolo fondamentale per assicurare a tutti,\u00a0nuovi e sempre pi\u00f9 ambiziosi traguardi da raggiungere e superare. <\/i><\/span><\/span><span style=\"font-family: Verdana;\"><i>Stiamo crescendo ancora, anche in Europa, dove partecipiamo da protagonisti a <\/i><\/span><span style=\"font-family: Verdana;\"><i>Transport Logistic per incontrare i nostri Partner Esteri in una cornice davvero suggestiva\u201d.<\/i><\/span><\/p>\n<p class=\"western\" align=\"justify\"><span style=\"color: #000000;\"><span style=\"font-family: Verdana;\"><span style=\"font-size: xx-small;\"><b>One Express<\/b><\/span><\/span><\/span><span style=\"color: #000000;\"><span style=\"font-family: Verdana;\"><span style=\"font-size: xx-small;\"> \u00e8 dal 2008 il corriere espresso punto di riferimento nazionale per il trasporto di merci su pallet. Con 3 Hub localizzati in tutto il territorio nazionale (a Bologna, Milano, Napoli) e una fitta rete di collegamento, One Express garantisce consegne in 24\/48\/72 ore in Italia e in Europa, in base alla destinazione, grazie alla rete sinergica composta da oltre 150 membri tra Affiliati italiani e Partner europei.<\/span><\/span><\/span><\/p>\n<p class=\"western\" align=\"justify\"><span style=\"color: #000000;\"><span style=\"font-family: Verdana;\"><span style=\"font-size: xx-small;\">https:\/\/www.oneexpress.it\/it\/<\/span><\/span><\/span><\/p>\n<p>&nbsp;<\/p>\n","protected":false},"excerpt":{"rendered":"<p>Nel quindicesimo anno dalla sua costituzione il primo Pallet Network italiano per Qualit\u00e0 espone a Monaco di Baviera alla fiera internazionale della logistica con uno stand di 150 mq totalmente riutilizzabile che rende omaggio all\u2019Italia e a quel saper fare bene di cui la One \u00e8 ambasciatrice Un\u2019edizione molto speciale, quella di Transport Logistic 2023, la fiera internazionale di Monaco di Baviera dal 9 al 12 maggio, dedicata ai settori<\/p>\n<p><a class=\"continue-reading\" href=\"https:\/\/www.article-marketing.eu\/comunicatistampa\/one-express-si-presenta-come-protagonista-a-transport-logistic\/\">Continue reading&#8230;<\/a><\/p>\n","protected":false},"author":397,"featured_media":0,"comment_status":"open","ping_status":"open","sticky":false,"template":"","format":"standard","meta":{"_monsterinsights_skip_tracking":false,"_monsterinsights_sitenote_active":false,"_monsterinsights_sitenote_note":"","_monsterinsights_sitenote_category":0,"footnotes":""},"categories":[78],"tags":[],"class_list":["post-27323","post","type-post","status-publish","format-standard","hentry","category-comunicati-stampa"],"yoast_head":"<!-- This site is optimized with the Yoast SEO plugin v27.3 - https:\/\/yoast.com\/product\/yoast-seo-wordpress\/ -->\n<title>One Express si presenta come protagonista a Transport Logistic<\/title>\n<meta name=\"robots\" content=\"index, follow, max-snippet:-1, max-image-preview:large, max-video-preview:-1\" \/>\n<link rel=\"canonical\" href=\"https:\/\/www.article-marketing.eu\/comunicatistampa\/one-express-si-presenta-come-protagonista-a-transport-logistic\/\" \/>\n<meta property=\"og:locale\" content=\"it_IT\" \/>\n<meta property=\"og:type\" content=\"article\" \/>\n<meta property=\"og:title\" content=\"One Express si presenta come protagonista a Transport Logistic\" \/>\n<meta property=\"og:description\" content=\"Nel quindicesimo anno dalla sua costituzione il primo Pallet Network italiano per Qualit\u00e0 espone a Monaco di Baviera alla fiera internazionale della logistica con uno stand di 150 mq totalmente riutilizzabile che rende omaggio all\u2019Italia e a quel saper fare bene di cui la One \u00e8 ambasciatrice Un\u2019edizione molto speciale, quella di Transport Logistic 2023, la fiera internazionale di Monaco di Baviera dal 9 al 12 maggio, dedicata ai settoriContinue reading...\" \/>\n<meta property=\"og:url\" content=\"https:\/\/www.article-marketing.eu\/comunicatistampa\/one-express-si-presenta-come-protagonista-a-transport-logistic\/\" \/>\n<meta property=\"og:site_name\" content=\"Article Marketing\" \/>\n<meta property=\"article:published_time\" content=\"2023-05-12T04:45:58+00:00\" \/>\n<meta name=\"author\" content=\"Borderline Agency\" \/>\n<meta name=\"twitter:card\" content=\"summary_large_image\" \/>\n<meta name=\"twitter:label1\" content=\"Scritto da\" \/>\n\t<meta name=\"twitter:data1\" content=\"Borderline Agency\" \/>\n\t<meta name=\"twitter:label2\" content=\"Tempo di lettura stimato\" \/>\n\t<meta name=\"twitter:data2\" content=\"6 minuti\" \/>\n<script type=\"application\/ld+json\" class=\"yoast-schema-graph\">{\"@context\":\"https:\\\/\\\/schema.org\",\"@graph\":[{\"@type\":\"Article\",\"@id\":\"https:\\\/\\\/www.article-marketing.eu\\\/comunicatistampa\\\/one-express-si-presenta-come-protagonista-a-transport-logistic\\\/#article\",\"isPartOf\":{\"@id\":\"https:\\\/\\\/www.article-marketing.eu\\\/comunicatistampa\\\/one-express-si-presenta-come-protagonista-a-transport-logistic\\\/\"},\"author\":{\"name\":\"Borderline Agency\",\"@id\":\"https:\\\/\\\/www.article-marketing.eu\\\/comunicatistampa\\\/#\\\/schema\\\/person\\\/1c4ab1c7aad84347e26e78235da6ff1b\"},\"headline\":\"One Express si presenta come protagonista a Transport Logistic\",\"datePublished\":\"2023-05-12T04:45:58+00:00\",\"mainEntityOfPage\":{\"@id\":\"https:\\\/\\\/www.article-marketing.eu\\\/comunicatistampa\\\/one-express-si-presenta-come-protagonista-a-transport-logistic\\\/\"},\"wordCount\":1147,\"commentCount\":0,\"articleSection\":[\"Comunicati stampa\"],\"inLanguage\":\"it-IT\",\"potentialAction\":[{\"@type\":\"CommentAction\",\"name\":\"Comment\",\"target\":[\"https:\\\/\\\/www.article-marketing.eu\\\/comunicatistampa\\\/one-express-si-presenta-come-protagonista-a-transport-logistic\\\/#respond\"]}]},{\"@type\":\"WebPage\",\"@id\":\"https:\\\/\\\/www.article-marketing.eu\\\/comunicatistampa\\\/one-express-si-presenta-come-protagonista-a-transport-logistic\\\/\",\"url\":\"https:\\\/\\\/www.article-marketing.eu\\\/comunicatistampa\\\/one-express-si-presenta-come-protagonista-a-transport-logistic\\\/\",\"name\":\"One Express si presenta come protagonista a Transport Logistic\",\"isPartOf\":{\"@id\":\"https:\\\/\\\/www.article-marketing.eu\\\/comunicatistampa\\\/#website\"},\"datePublished\":\"2023-05-12T04:45:58+00:00\",\"author\":{\"@id\":\"https:\\\/\\\/www.article-marketing.eu\\\/comunicatistampa\\\/#\\\/schema\\\/person\\\/1c4ab1c7aad84347e26e78235da6ff1b\"},\"breadcrumb\":{\"@id\":\"https:\\\/\\\/www.article-marketing.eu\\\/comunicatistampa\\\/one-express-si-presenta-come-protagonista-a-transport-logistic\\\/#breadcrumb\"},\"inLanguage\":\"it-IT\",\"potentialAction\":[{\"@type\":\"ReadAction\",\"target\":[\"https:\\\/\\\/www.article-marketing.eu\\\/comunicatistampa\\\/one-express-si-presenta-come-protagonista-a-transport-logistic\\\/\"]}]},{\"@type\":\"BreadcrumbList\",\"@id\":\"https:\\\/\\\/www.article-marketing.eu\\\/comunicatistampa\\\/one-express-si-presenta-come-protagonista-a-transport-logistic\\\/#breadcrumb\",\"itemListElement\":[{\"@type\":\"ListItem\",\"position\":1,\"name\":\"Home\",\"item\":\"https:\\\/\\\/www.article-marketing.eu\\\/comunicatistampa\\\/\"},{\"@type\":\"ListItem\",\"position\":2,\"name\":\"One Express si presenta come protagonista a Transport Logistic\"}]},{\"@type\":\"WebSite\",\"@id\":\"https:\\\/\\\/www.article-marketing.eu\\\/comunicatistampa\\\/#website\",\"url\":\"https:\\\/\\\/www.article-marketing.eu\\\/comunicatistampa\\\/\",\"name\":\"Article Marketing\",\"description\":\"article marketing &amp; press release\",\"potentialAction\":[{\"@type\":\"SearchAction\",\"target\":{\"@type\":\"EntryPoint\",\"urlTemplate\":\"https:\\\/\\\/www.article-marketing.eu\\\/comunicatistampa\\\/?s={search_term_string}\"},\"query-input\":{\"@type\":\"PropertyValueSpecification\",\"valueRequired\":true,\"valueName\":\"search_term_string\"}}],\"inLanguage\":\"it-IT\"},{\"@type\":\"Person\",\"@id\":\"https:\\\/\\\/www.article-marketing.eu\\\/comunicatistampa\\\/#\\\/schema\\\/person\\\/1c4ab1c7aad84347e26e78235da6ff1b\",\"name\":\"Borderline Agency\",\"image\":{\"@type\":\"ImageObject\",\"inLanguage\":\"it-IT\",\"@id\":\"https:\\\/\\\/secure.gravatar.com\\\/avatar\\\/741fa053101610cb0be7dc835c116926549ae4ae2142ff35eac04d78fda61461?s=96&d=mm&r=g\",\"url\":\"https:\\\/\\\/secure.gravatar.com\\\/avatar\\\/741fa053101610cb0be7dc835c116926549ae4ae2142ff35eac04d78fda61461?s=96&d=mm&r=g\",\"contentUrl\":\"https:\\\/\\\/secure.gravatar.com\\\/avatar\\\/741fa053101610cb0be7dc835c116926549ae4ae2142ff35eac04d78fda61461?s=96&d=mm&r=g\",\"caption\":\"Borderline Agency\"},\"url\":\"https:\\\/\\\/www.article-marketing.eu\\\/comunicatistampa\\\/author\\\/borderline-agency\\\/\"}]}<\/script>\n<!-- \/ Yoast SEO plugin. -->","yoast_head_json":{"title":"One Express si presenta come protagonista a Transport Logistic","robots":{"index":"index","follow":"follow","max-snippet":"max-snippet:-1","max-image-preview":"max-image-preview:large","max-video-preview":"max-video-preview:-1"},"canonical":"https:\/\/www.article-marketing.eu\/comunicatistampa\/one-express-si-presenta-come-protagonista-a-transport-logistic\/","og_locale":"it_IT","og_type":"article","og_title":"One Express si presenta come protagonista a Transport Logistic","og_description":"Nel quindicesimo anno dalla sua costituzione il primo Pallet Network italiano per Qualit\u00e0 espone a Monaco di Baviera alla fiera internazionale della logistica con uno stand di 150 mq totalmente riutilizzabile che rende omaggio all\u2019Italia e a quel saper fare bene di cui la One \u00e8 ambasciatrice Un\u2019edizione molto speciale, quella di Transport Logistic 2023, la fiera internazionale di Monaco di Baviera dal 9 al 12 maggio, dedicata ai settoriContinue reading...","og_url":"https:\/\/www.article-marketing.eu\/comunicatistampa\/one-express-si-presenta-come-protagonista-a-transport-logistic\/","og_site_name":"Article Marketing","article_published_time":"2023-05-12T04:45:58+00:00","author":"Borderline Agency","twitter_card":"summary_large_image","twitter_misc":{"Scritto da":"Borderline Agency","Tempo di lettura stimato":"6 minuti"},"schema":{"@context":"https:\/\/schema.org","@graph":[{"@type":"Article","@id":"https:\/\/www.article-marketing.eu\/comunicatistampa\/one-express-si-presenta-come-protagonista-a-transport-logistic\/#article","isPartOf":{"@id":"https:\/\/www.article-marketing.eu\/comunicatistampa\/one-express-si-presenta-come-protagonista-a-transport-logistic\/"},"author":{"name":"Borderline Agency","@id":"https:\/\/www.article-marketing.eu\/comunicatistampa\/#\/schema\/person\/1c4ab1c7aad84347e26e78235da6ff1b"},"headline":"One Express si presenta come protagonista a Transport Logistic","datePublished":"2023-05-12T04:45:58+00:00","mainEntityOfPage":{"@id":"https:\/\/www.article-marketing.eu\/comunicatistampa\/one-express-si-presenta-come-protagonista-a-transport-logistic\/"},"wordCount":1147,"commentCount":0,"articleSection":["Comunicati stampa"],"inLanguage":"it-IT","potentialAction":[{"@type":"CommentAction","name":"Comment","target":["https:\/\/www.article-marketing.eu\/comunicatistampa\/one-express-si-presenta-come-protagonista-a-transport-logistic\/#respond"]}]},{"@type":"WebPage","@id":"https:\/\/www.article-marketing.eu\/comunicatistampa\/one-express-si-presenta-come-protagonista-a-transport-logistic\/","url":"https:\/\/www.article-marketing.eu\/comunicatistampa\/one-express-si-presenta-come-protagonista-a-transport-logistic\/","name":"One Express si presenta come protagonista a Transport Logistic","isPartOf":{"@id":"https:\/\/www.article-marketing.eu\/comunicatistampa\/#website"},"datePublished":"2023-05-12T04:45:58+00:00","author":{"@id":"https:\/\/www.article-marketing.eu\/comunicatistampa\/#\/schema\/person\/1c4ab1c7aad84347e26e78235da6ff1b"},"breadcrumb":{"@id":"https:\/\/www.article-marketing.eu\/comunicatistampa\/one-express-si-presenta-come-protagonista-a-transport-logistic\/#breadcrumb"},"inLanguage":"it-IT","potentialAction":[{"@type":"ReadAction","target":["https:\/\/www.article-marketing.eu\/comunicatistampa\/one-express-si-presenta-come-protagonista-a-transport-logistic\/"]}]},{"@type":"BreadcrumbList","@id":"https:\/\/www.article-marketing.eu\/comunicatistampa\/one-express-si-presenta-come-protagonista-a-transport-logistic\/#breadcrumb","itemListElement":[{"@type":"ListItem","position":1,"name":"Home","item":"https:\/\/www.article-marketing.eu\/comunicatistampa\/"},{"@type":"ListItem","position":2,"name":"One Express si presenta come protagonista a Transport Logistic"}]},{"@type":"WebSite","@id":"https:\/\/www.article-marketing.eu\/comunicatistampa\/#website","url":"https:\/\/www.article-marketing.eu\/comunicatistampa\/","name":"Article Marketing","description":"article marketing &amp; press release","potentialAction":[{"@type":"SearchAction","target":{"@type":"EntryPoint","urlTemplate":"https:\/\/www.article-marketing.eu\/comunicatistampa\/?s={search_term_string}"},"query-input":{"@type":"PropertyValueSpecification","valueRequired":true,"valueName":"search_term_string"}}],"inLanguage":"it-IT"},{"@type":"Person","@id":"https:\/\/www.article-marketing.eu\/comunicatistampa\/#\/schema\/person\/1c4ab1c7aad84347e26e78235da6ff1b","name":"Borderline Agency","image":{"@type":"ImageObject","inLanguage":"it-IT","@id":"https:\/\/secure.gravatar.com\/avatar\/741fa053101610cb0be7dc835c116926549ae4ae2142ff35eac04d78fda61461?s=96&d=mm&r=g","url":"https:\/\/secure.gravatar.com\/avatar\/741fa053101610cb0be7dc835c116926549ae4ae2142ff35eac04d78fda61461?s=96&d=mm&r=g","contentUrl":"https:\/\/secure.gravatar.com\/avatar\/741fa053101610cb0be7dc835c116926549ae4ae2142ff35eac04d78fda61461?s=96&d=mm&r=g","caption":"Borderline Agency"},"url":"https:\/\/www.article-marketing.eu\/comunicatistampa\/author\/borderline-agency\/"}]}},"_links":{"self":[{"href":"https:\/\/www.article-marketing.eu\/comunicatistampa\/wp-json\/wp\/v2\/posts\/27323","targetHints":{"allow":["GET"]}}],"collection":[{"href":"https:\/\/www.article-marketing.eu\/comunicatistampa\/wp-json\/wp\/v2\/posts"}],"about":[{"href":"https:\/\/www.article-marketing.eu\/comunicatistampa\/wp-json\/wp\/v2\/types\/post"}],"author":[{"embeddable":true,"href":"https:\/\/www.article-marketing.eu\/comunicatistampa\/wp-json\/wp\/v2\/users\/397"}],"replies":[{"embeddable":true,"href":"https:\/\/www.article-marketing.eu\/comunicatistampa\/wp-json\/wp\/v2\/comments?post=27323"}],"version-history":[{"count":2,"href":"https:\/\/www.article-marketing.eu\/comunicatistampa\/wp-json\/wp\/v2\/posts\/27323\/revisions"}],"predecessor-version":[{"id":27344,"href":"https:\/\/www.article-marketing.eu\/comunicatistampa\/wp-json\/wp\/v2\/posts\/27323\/revisions\/27344"}],"wp:attachment":[{"href":"https:\/\/www.article-marketing.eu\/comunicatistampa\/wp-json\/wp\/v2\/media?parent=27323"}],"wp:term":[{"taxonomy":"category","embeddable":true,"href":"https:\/\/www.article-marketing.eu\/comunicatistampa\/wp-json\/wp\/v2\/categories?post=27323"},{"taxonomy":"post_tag","embeddable":true,"href":"https:\/\/www.article-marketing.eu\/comunicatistampa\/wp-json\/wp\/v2\/tags?post=27323"}],"curies":[{"name":"wp","href":"https:\/\/api.w.org\/{rel}","templated":true}]}}