{"id":27342,"date":"2023-05-12T06:52:01","date_gmt":"2023-05-12T04:52:01","guid":{"rendered":"https:\/\/www.article-marketing.eu\/comunicatistampa\/?p=27342"},"modified":"2023-05-12T06:52:01","modified_gmt":"2023-05-12T04:52:01","slug":"villa-da-porto-la-favorita-aperta-al-pubblico-in-occasione-della-giornata-in-villa-veneta","status":"publish","type":"post","link":"https:\/\/www.article-marketing.eu\/comunicatistampa\/villa-da-porto-la-favorita-aperta-al-pubblico-in-occasione-della-giornata-in-villa-veneta\/","title":{"rendered":"VILLA DA PORTO  LA \u201cFAVORITA\u201d APERTA AL PUBBLICO IN OCCASIONE DELLA GIORNATA IN VILLA VENETA"},"content":{"rendered":"<p align=\"justify\"><span style=\"font-family: Verdana, serif;\"><span style=\"font-size: large;\"><i>Il 7 maggio la storica dimora veneta in stile palladiano, che diventer\u00e0 sede direzionale di Cielo e Terra Spa, ha accolto numerosi visitatori per un\u2019esperienza immersiva che mescola architettura, tradizione vitivinicola e degustazione di vini <\/i><\/span><\/span><\/p>\n<p align=\"justify\"><a name=\"_GoBack\"><\/a> <span style=\"color: #000000;\"><span style=\"font-family: Verdana, serif;\">Un\u2019occasione unica per conoscere il territorio vicentino immergendosi in una location d\u2019eccezione dove arte e storia si intrecciano. <\/span><\/span><span style=\"color: #000000;\"><span style=\"font-family: Verdana, serif;\"><b>Domenica 7 maggio<\/b><\/span><\/span><span style=\"color: #000000;\"><span style=\"font-family: Verdana, serif;\"> in occasione della 6<\/span><\/span><span style=\"color: #000000;\"><sup><span style=\"font-family: Verdana, serif;\">a<\/span><\/sup><\/span><span style=\"color: #000000;\"><span style=\"font-family: Verdana, serif;\"> edizione della Giornata in Villa Veneta &#8211; organizzata da Imprenditori Per Le Ville Venete e Ville Venete For You &#8211; <\/span><\/span><span style=\"color: #000000;\"><span style=\"font-family: Verdana, serif;\"><b>\u00e8 stata aperta al pubblico<\/b><\/span><\/span><span style=\"color: #000000;\"><span style=\"font-family: Verdana, serif;\"> la settecentesca Villa Da Porto battezzata \u201c<\/span><\/span><span style=\"color: #000000;\"><span style=\"font-family: Verdana, serif;\"><b>La Favorita<\/b><\/span><\/span><span style=\"color: #000000;\"><span style=\"font-family: Verdana, serif;\">\u201d. La dimora <\/span><\/span><span style=\"color: #000000;\"><span style=\"font-family: Verdana, serif;\"><span style=\"font-size: medium;\"><span lang=\"it-IT\">che \u00e8<\/span><\/span><\/span><\/span><span style=\"color: #000000;\"><span style=\"font-family: Verdana, serif;\"> realizzata in stile palladiano diventer\u00e0 sede<\/span><\/span><span style=\"color: #000000;\"><span style=\"font-family: Verdana, serif;\"><b> direzionale e commerciale di Cielo e Terra Spa<\/b><\/span><\/span><span style=\"color: #000000;\"><span style=\"font-family: Verdana, serif;\">, azienda vicentina nata nel 1999 dall\u2019unione della famiglia Cielo e dei viticoltori delle Cantine dei Colli Berici.<\/span><\/span><\/p>\n<p align=\"justify\"><span style=\"color: #000000;\">\u201c<span style=\"font-family: Verdana, serif;\"><i>Siamo felici di questo evento, <\/i><\/span><\/span><span style=\"color: #000000;\"><span style=\"font-family: Verdana, serif;\">\u2013 <\/span><\/span><span style=\"color: #000000;\"><span style=\"font-family: Verdana, serif;\"><b>dichiara Luca Cielo, Direttore Generale di Cielo e Terra<\/b><\/span><\/span><span style=\"color: #000000;\"><span style=\"font-family: Verdana, serif;\"> \u2013 <\/span><\/span><span style=\"color: #000000;\"><span style=\"font-family: Verdana, serif;\"><i>per noi la Favorita non vuole essere solo un luogo di rappresentanza ma uno spazio di incontro per raccontare i valori e la storia di un\u2019azienda socialmente responsabile e chiamata a stringere un legame sempre pi\u00f9 indissolubile con il territorio che rappresenta, attraverso la valorizzazione del suo patrimonio artistico, storico e umano<\/i><\/span><\/span><span style=\"color: #000000;\"><span style=\"font-family: Verdana, serif;\">\u201d. Durante la visita inoltre \u00e8 stato anche possibile partecipare a una degustazione di vini che ha visto protagoniste le eccellenze della casa vicentina attraverso un percorso che unisce gusto e cultura.<\/span><\/span><\/p>\n<p align=\"justify\"><span style=\"color: #000000;\"><span style=\"font-family: Verdana, serif;\"><b>Chiamata \u201cLa Favorita\u201d<\/b><\/span><\/span><span style=\"color: #000000;\"><span style=\"font-family: Verdana, serif;\"> dal nome dell\u2019antico toponimo del luogo in cui \u00e8 sorta tra il 1714 e il 1715 per volere del nobile locale Giovanni Battista da Porto, <\/span><\/span><span style=\"color: #000000;\"><span style=\"font-family: Verdana, serif;\"><b>la villa viene attribuita all\u2019architetto Francesco Muttoni<\/b><\/span><\/span> <span style=\"color: #000000;\"><span style=\"font-family: Verdana, serif;\">mentre l\u2019intero complesso scultoreo si riconduce alla bottega di Orazio Marinali, una delle pi\u00f9 importanti del tempo.<\/span><\/span><\/p>\n<p align=\"justify\"><span style=\"color: #000000;\"><span style=\"font-family: Verdana, serif;\">Passata di propriet\u00e0 agli inizi dell\u2019Ottocento ad alcune famiglie venete fra cui Balbi, Ziggiotti, Manin, prima di ritornare fra i possedimenti del nobile da Porto venne acquistata nel 1879 dal Pasci\u00e0 Ismail ex Khediv\u00e8 d\u2019Egitto che qui vi trascorse il proprio esilio. A lui si devono le decorazioni in stile arabeggiante di alcuni ambienti.<\/span><\/span><\/p>\n<p align=\"justify\"><a name=\"_gjdgxs\"><\/a> <span style=\"color: #000000;\"><span style=\"font-family: Verdana, serif;\"><span style=\"font-size: xx-small;\"><b>Cielo e Terra <\/b><\/span><\/span><\/span><span style=\"color: #000000;\"><span style=\"font-family: Verdana, serif;\"><span style=\"font-size: xx-small;\">nasce nel 1908, nelle campagne di Vicenza, vicino ai Castelli di Romeo e Giulietta, dove il bisnonno aveva acquistato un piccolo podere con vigneto, Casa Defr\u00e0. Il nonno Pietro ha proseguito la guida dell\u2019azienda con grande passione impegno sociale. Oggi alla guida dell\u2019azienda ci sono Luca e Pierpaolo Cielo, assieme ai soci delle Cantine dei Colli Berici unitisi all\u2019azienda della famiglia Cielo nel 1999. Oggi l\u2019azienda che conta 3000 ettari di vigneto tra Vicenza e Verona, \u00e8 conosciuta in tutto il mondo con i marchi Cielo, Casa Defr\u00e0 e Bericanto. Il gruppo che nel 2022 ha superato i 62,5 milioni di euro di fatturato si caratterizza per un approccio socialmente responsabile, orientato alla trasparenza e alla sostenibilit\u00e0. Dopo aver ottenuto la certificazione B Corp, l\u2019azienda ha aderito anche VIVA Sustainable, con l\u2019obiettivo di ottimizzare l\u2019impatto ambientale della filiera vite \u2013 vino. Nel 2022 Cielo e Terra \u00e8 diventata anche Societ\u00e0 Benefit. Prima realt\u00e0 vinicola italiana a introdurre in azienda il modello della Lean Organization, Cielo e Terra integra numerosi progetti con un piano di economia circolare, affermandosi come realt\u00e0 in grado di fronteggiare le sfide dei mercati mondiali ed attestare la sua presenza in oltre 65 Paesi.<\/span><\/span><\/span><\/p>\n<p align=\"justify\"><span style=\"color: #000000;\"><span style=\"font-family: Verdana, serif;\"><span style=\"font-size: xx-small;\">https:\/\/cieloeterravini.com\/<\/span><\/span><\/span><\/p>\n","protected":false},"excerpt":{"rendered":"<p>Il 7 maggio la storica dimora veneta in stile palladiano, che diventer\u00e0 sede direzionale di Cielo e Terra Spa, ha accolto numerosi visitatori per un\u2019esperienza immersiva che mescola architettura, tradizione vitivinicola e degustazione di vini Un\u2019occasione unica per conoscere il territorio vicentino immergendosi in una location d\u2019eccezione dove arte e storia si intrecciano. Domenica 7 maggio in occasione della 6a edizione della Giornata in Villa Veneta &#8211; organizzata da Imprenditori<\/p>\n<p><a class=\"continue-reading\" href=\"https:\/\/www.article-marketing.eu\/comunicatistampa\/villa-da-porto-la-favorita-aperta-al-pubblico-in-occasione-della-giornata-in-villa-veneta\/\">Continue reading&#8230;<\/a><\/p>\n","protected":false},"author":397,"featured_media":0,"comment_status":"open","ping_status":"open","sticky":false,"template":"","format":"standard","meta":{"_monsterinsights_skip_tracking":false,"_monsterinsights_sitenote_active":false,"_monsterinsights_sitenote_note":"","_monsterinsights_sitenote_category":0,"footnotes":""},"categories":[78],"tags":[],"class_list":["post-27342","post","type-post","status-publish","format-standard","hentry","category-comunicati-stampa"],"yoast_head":"<!-- This site is optimized with the Yoast SEO plugin v27.3 - https:\/\/yoast.com\/product\/yoast-seo-wordpress\/ -->\n<title>VILLA DA PORTO LA \u201cFAVORITA\u201d APERTA AL PUBBLICO IN OCCASIONE DELLA GIORNATA IN VILLA VENETA<\/title>\n<meta name=\"robots\" content=\"index, follow, max-snippet:-1, max-image-preview:large, max-video-preview:-1\" \/>\n<link rel=\"canonical\" href=\"https:\/\/www.article-marketing.eu\/comunicatistampa\/villa-da-porto-la-favorita-aperta-al-pubblico-in-occasione-della-giornata-in-villa-veneta\/\" \/>\n<meta property=\"og:locale\" content=\"it_IT\" \/>\n<meta property=\"og:type\" content=\"article\" \/>\n<meta property=\"og:title\" content=\"VILLA DA PORTO LA \u201cFAVORITA\u201d APERTA AL PUBBLICO IN OCCASIONE DELLA GIORNATA IN VILLA VENETA\" \/>\n<meta property=\"og:description\" content=\"Il 7 maggio la storica dimora veneta in stile palladiano, che diventer\u00e0 sede direzionale di Cielo e Terra Spa, ha accolto numerosi visitatori per un\u2019esperienza immersiva che mescola architettura, tradizione vitivinicola e degustazione di vini Un\u2019occasione unica per conoscere il territorio vicentino immergendosi in una location d\u2019eccezione dove arte e storia si intrecciano. Domenica 7 maggio in occasione della 6a edizione della Giornata in Villa Veneta &#8211; organizzata da ImprenditoriContinue reading...\" \/>\n<meta property=\"og:url\" content=\"https:\/\/www.article-marketing.eu\/comunicatistampa\/villa-da-porto-la-favorita-aperta-al-pubblico-in-occasione-della-giornata-in-villa-veneta\/\" \/>\n<meta property=\"og:site_name\" content=\"Article Marketing\" \/>\n<meta property=\"article:published_time\" content=\"2023-05-12T04:52:01+00:00\" \/>\n<meta name=\"author\" content=\"Borderline Agency\" \/>\n<meta name=\"twitter:card\" content=\"summary_large_image\" \/>\n<meta name=\"twitter:label1\" content=\"Scritto da\" \/>\n\t<meta name=\"twitter:data1\" content=\"Borderline Agency\" \/>\n\t<meta name=\"twitter:label2\" content=\"Tempo di lettura stimato\" \/>\n\t<meta name=\"twitter:data2\" content=\"3 minuti\" \/>\n<script type=\"application\/ld+json\" class=\"yoast-schema-graph\">{\"@context\":\"https:\\\/\\\/schema.org\",\"@graph\":[{\"@type\":\"Article\",\"@id\":\"https:\\\/\\\/www.article-marketing.eu\\\/comunicatistampa\\\/villa-da-porto-la-favorita-aperta-al-pubblico-in-occasione-della-giornata-in-villa-veneta\\\/#article\",\"isPartOf\":{\"@id\":\"https:\\\/\\\/www.article-marketing.eu\\\/comunicatistampa\\\/villa-da-porto-la-favorita-aperta-al-pubblico-in-occasione-della-giornata-in-villa-veneta\\\/\"},\"author\":{\"name\":\"Borderline Agency\",\"@id\":\"https:\\\/\\\/www.article-marketing.eu\\\/comunicatistampa\\\/#\\\/schema\\\/person\\\/1c4ab1c7aad84347e26e78235da6ff1b\"},\"headline\":\"VILLA DA PORTO LA \u201cFAVORITA\u201d APERTA AL PUBBLICO IN OCCASIONE DELLA GIORNATA IN VILLA VENETA\",\"datePublished\":\"2023-05-12T04:52:01+00:00\",\"mainEntityOfPage\":{\"@id\":\"https:\\\/\\\/www.article-marketing.eu\\\/comunicatistampa\\\/villa-da-porto-la-favorita-aperta-al-pubblico-in-occasione-della-giornata-in-villa-veneta\\\/\"},\"wordCount\":546,\"commentCount\":0,\"articleSection\":[\"Comunicati stampa\"],\"inLanguage\":\"it-IT\",\"potentialAction\":[{\"@type\":\"CommentAction\",\"name\":\"Comment\",\"target\":[\"https:\\\/\\\/www.article-marketing.eu\\\/comunicatistampa\\\/villa-da-porto-la-favorita-aperta-al-pubblico-in-occasione-della-giornata-in-villa-veneta\\\/#respond\"]}]},{\"@type\":\"WebPage\",\"@id\":\"https:\\\/\\\/www.article-marketing.eu\\\/comunicatistampa\\\/villa-da-porto-la-favorita-aperta-al-pubblico-in-occasione-della-giornata-in-villa-veneta\\\/\",\"url\":\"https:\\\/\\\/www.article-marketing.eu\\\/comunicatistampa\\\/villa-da-porto-la-favorita-aperta-al-pubblico-in-occasione-della-giornata-in-villa-veneta\\\/\",\"name\":\"VILLA DA PORTO LA \u201cFAVORITA\u201d APERTA AL PUBBLICO IN OCCASIONE DELLA GIORNATA IN VILLA VENETA\",\"isPartOf\":{\"@id\":\"https:\\\/\\\/www.article-marketing.eu\\\/comunicatistampa\\\/#website\"},\"datePublished\":\"2023-05-12T04:52:01+00:00\",\"author\":{\"@id\":\"https:\\\/\\\/www.article-marketing.eu\\\/comunicatistampa\\\/#\\\/schema\\\/person\\\/1c4ab1c7aad84347e26e78235da6ff1b\"},\"breadcrumb\":{\"@id\":\"https:\\\/\\\/www.article-marketing.eu\\\/comunicatistampa\\\/villa-da-porto-la-favorita-aperta-al-pubblico-in-occasione-della-giornata-in-villa-veneta\\\/#breadcrumb\"},\"inLanguage\":\"it-IT\",\"potentialAction\":[{\"@type\":\"ReadAction\",\"target\":[\"https:\\\/\\\/www.article-marketing.eu\\\/comunicatistampa\\\/villa-da-porto-la-favorita-aperta-al-pubblico-in-occasione-della-giornata-in-villa-veneta\\\/\"]}]},{\"@type\":\"BreadcrumbList\",\"@id\":\"https:\\\/\\\/www.article-marketing.eu\\\/comunicatistampa\\\/villa-da-porto-la-favorita-aperta-al-pubblico-in-occasione-della-giornata-in-villa-veneta\\\/#breadcrumb\",\"itemListElement\":[{\"@type\":\"ListItem\",\"position\":1,\"name\":\"Home\",\"item\":\"https:\\\/\\\/www.article-marketing.eu\\\/comunicatistampa\\\/\"},{\"@type\":\"ListItem\",\"position\":2,\"name\":\"VILLA DA PORTO LA \u201cFAVORITA\u201d APERTA AL PUBBLICO IN OCCASIONE DELLA GIORNATA IN VILLA VENETA\"}]},{\"@type\":\"WebSite\",\"@id\":\"https:\\\/\\\/www.article-marketing.eu\\\/comunicatistampa\\\/#website\",\"url\":\"https:\\\/\\\/www.article-marketing.eu\\\/comunicatistampa\\\/\",\"name\":\"Article Marketing\",\"description\":\"article marketing &amp; press release\",\"potentialAction\":[{\"@type\":\"SearchAction\",\"target\":{\"@type\":\"EntryPoint\",\"urlTemplate\":\"https:\\\/\\\/www.article-marketing.eu\\\/comunicatistampa\\\/?s={search_term_string}\"},\"query-input\":{\"@type\":\"PropertyValueSpecification\",\"valueRequired\":true,\"valueName\":\"search_term_string\"}}],\"inLanguage\":\"it-IT\"},{\"@type\":\"Person\",\"@id\":\"https:\\\/\\\/www.article-marketing.eu\\\/comunicatistampa\\\/#\\\/schema\\\/person\\\/1c4ab1c7aad84347e26e78235da6ff1b\",\"name\":\"Borderline Agency\",\"image\":{\"@type\":\"ImageObject\",\"inLanguage\":\"it-IT\",\"@id\":\"https:\\\/\\\/secure.gravatar.com\\\/avatar\\\/741fa053101610cb0be7dc835c116926549ae4ae2142ff35eac04d78fda61461?s=96&d=mm&r=g\",\"url\":\"https:\\\/\\\/secure.gravatar.com\\\/avatar\\\/741fa053101610cb0be7dc835c116926549ae4ae2142ff35eac04d78fda61461?s=96&d=mm&r=g\",\"contentUrl\":\"https:\\\/\\\/secure.gravatar.com\\\/avatar\\\/741fa053101610cb0be7dc835c116926549ae4ae2142ff35eac04d78fda61461?s=96&d=mm&r=g\",\"caption\":\"Borderline Agency\"},\"url\":\"https:\\\/\\\/www.article-marketing.eu\\\/comunicatistampa\\\/author\\\/borderline-agency\\\/\"}]}<\/script>\n<!-- \/ Yoast SEO plugin. -->","yoast_head_json":{"title":"VILLA DA PORTO LA \u201cFAVORITA\u201d APERTA AL PUBBLICO IN OCCASIONE DELLA GIORNATA IN VILLA VENETA","robots":{"index":"index","follow":"follow","max-snippet":"max-snippet:-1","max-image-preview":"max-image-preview:large","max-video-preview":"max-video-preview:-1"},"canonical":"https:\/\/www.article-marketing.eu\/comunicatistampa\/villa-da-porto-la-favorita-aperta-al-pubblico-in-occasione-della-giornata-in-villa-veneta\/","og_locale":"it_IT","og_type":"article","og_title":"VILLA DA PORTO LA \u201cFAVORITA\u201d APERTA AL PUBBLICO IN OCCASIONE DELLA GIORNATA IN VILLA VENETA","og_description":"Il 7 maggio la storica dimora veneta in stile palladiano, che diventer\u00e0 sede direzionale di Cielo e Terra Spa, ha accolto numerosi visitatori per un\u2019esperienza immersiva che mescola architettura, tradizione vitivinicola e degustazione di vini Un\u2019occasione unica per conoscere il territorio vicentino immergendosi in una location d\u2019eccezione dove arte e storia si intrecciano. Domenica 7 maggio in occasione della 6a edizione della Giornata in Villa Veneta &#8211; organizzata da ImprenditoriContinue reading...","og_url":"https:\/\/www.article-marketing.eu\/comunicatistampa\/villa-da-porto-la-favorita-aperta-al-pubblico-in-occasione-della-giornata-in-villa-veneta\/","og_site_name":"Article Marketing","article_published_time":"2023-05-12T04:52:01+00:00","author":"Borderline Agency","twitter_card":"summary_large_image","twitter_misc":{"Scritto da":"Borderline Agency","Tempo di lettura stimato":"3 minuti"},"schema":{"@context":"https:\/\/schema.org","@graph":[{"@type":"Article","@id":"https:\/\/www.article-marketing.eu\/comunicatistampa\/villa-da-porto-la-favorita-aperta-al-pubblico-in-occasione-della-giornata-in-villa-veneta\/#article","isPartOf":{"@id":"https:\/\/www.article-marketing.eu\/comunicatistampa\/villa-da-porto-la-favorita-aperta-al-pubblico-in-occasione-della-giornata-in-villa-veneta\/"},"author":{"name":"Borderline Agency","@id":"https:\/\/www.article-marketing.eu\/comunicatistampa\/#\/schema\/person\/1c4ab1c7aad84347e26e78235da6ff1b"},"headline":"VILLA DA PORTO LA \u201cFAVORITA\u201d APERTA AL PUBBLICO IN OCCASIONE DELLA GIORNATA IN VILLA VENETA","datePublished":"2023-05-12T04:52:01+00:00","mainEntityOfPage":{"@id":"https:\/\/www.article-marketing.eu\/comunicatistampa\/villa-da-porto-la-favorita-aperta-al-pubblico-in-occasione-della-giornata-in-villa-veneta\/"},"wordCount":546,"commentCount":0,"articleSection":["Comunicati stampa"],"inLanguage":"it-IT","potentialAction":[{"@type":"CommentAction","name":"Comment","target":["https:\/\/www.article-marketing.eu\/comunicatistampa\/villa-da-porto-la-favorita-aperta-al-pubblico-in-occasione-della-giornata-in-villa-veneta\/#respond"]}]},{"@type":"WebPage","@id":"https:\/\/www.article-marketing.eu\/comunicatistampa\/villa-da-porto-la-favorita-aperta-al-pubblico-in-occasione-della-giornata-in-villa-veneta\/","url":"https:\/\/www.article-marketing.eu\/comunicatistampa\/villa-da-porto-la-favorita-aperta-al-pubblico-in-occasione-della-giornata-in-villa-veneta\/","name":"VILLA DA PORTO LA \u201cFAVORITA\u201d APERTA AL PUBBLICO IN OCCASIONE DELLA GIORNATA IN VILLA VENETA","isPartOf":{"@id":"https:\/\/www.article-marketing.eu\/comunicatistampa\/#website"},"datePublished":"2023-05-12T04:52:01+00:00","author":{"@id":"https:\/\/www.article-marketing.eu\/comunicatistampa\/#\/schema\/person\/1c4ab1c7aad84347e26e78235da6ff1b"},"breadcrumb":{"@id":"https:\/\/www.article-marketing.eu\/comunicatistampa\/villa-da-porto-la-favorita-aperta-al-pubblico-in-occasione-della-giornata-in-villa-veneta\/#breadcrumb"},"inLanguage":"it-IT","potentialAction":[{"@type":"ReadAction","target":["https:\/\/www.article-marketing.eu\/comunicatistampa\/villa-da-porto-la-favorita-aperta-al-pubblico-in-occasione-della-giornata-in-villa-veneta\/"]}]},{"@type":"BreadcrumbList","@id":"https:\/\/www.article-marketing.eu\/comunicatistampa\/villa-da-porto-la-favorita-aperta-al-pubblico-in-occasione-della-giornata-in-villa-veneta\/#breadcrumb","itemListElement":[{"@type":"ListItem","position":1,"name":"Home","item":"https:\/\/www.article-marketing.eu\/comunicatistampa\/"},{"@type":"ListItem","position":2,"name":"VILLA DA PORTO LA \u201cFAVORITA\u201d APERTA AL PUBBLICO IN OCCASIONE DELLA GIORNATA IN VILLA VENETA"}]},{"@type":"WebSite","@id":"https:\/\/www.article-marketing.eu\/comunicatistampa\/#website","url":"https:\/\/www.article-marketing.eu\/comunicatistampa\/","name":"Article Marketing","description":"article marketing &amp; press release","potentialAction":[{"@type":"SearchAction","target":{"@type":"EntryPoint","urlTemplate":"https:\/\/www.article-marketing.eu\/comunicatistampa\/?s={search_term_string}"},"query-input":{"@type":"PropertyValueSpecification","valueRequired":true,"valueName":"search_term_string"}}],"inLanguage":"it-IT"},{"@type":"Person","@id":"https:\/\/www.article-marketing.eu\/comunicatistampa\/#\/schema\/person\/1c4ab1c7aad84347e26e78235da6ff1b","name":"Borderline Agency","image":{"@type":"ImageObject","inLanguage":"it-IT","@id":"https:\/\/secure.gravatar.com\/avatar\/741fa053101610cb0be7dc835c116926549ae4ae2142ff35eac04d78fda61461?s=96&d=mm&r=g","url":"https:\/\/secure.gravatar.com\/avatar\/741fa053101610cb0be7dc835c116926549ae4ae2142ff35eac04d78fda61461?s=96&d=mm&r=g","contentUrl":"https:\/\/secure.gravatar.com\/avatar\/741fa053101610cb0be7dc835c116926549ae4ae2142ff35eac04d78fda61461?s=96&d=mm&r=g","caption":"Borderline Agency"},"url":"https:\/\/www.article-marketing.eu\/comunicatistampa\/author\/borderline-agency\/"}]}},"_links":{"self":[{"href":"https:\/\/www.article-marketing.eu\/comunicatistampa\/wp-json\/wp\/v2\/posts\/27342","targetHints":{"allow":["GET"]}}],"collection":[{"href":"https:\/\/www.article-marketing.eu\/comunicatistampa\/wp-json\/wp\/v2\/posts"}],"about":[{"href":"https:\/\/www.article-marketing.eu\/comunicatistampa\/wp-json\/wp\/v2\/types\/post"}],"author":[{"embeddable":true,"href":"https:\/\/www.article-marketing.eu\/comunicatistampa\/wp-json\/wp\/v2\/users\/397"}],"replies":[{"embeddable":true,"href":"https:\/\/www.article-marketing.eu\/comunicatistampa\/wp-json\/wp\/v2\/comments?post=27342"}],"version-history":[{"count":2,"href":"https:\/\/www.article-marketing.eu\/comunicatistampa\/wp-json\/wp\/v2\/posts\/27342\/revisions"}],"predecessor-version":[{"id":27349,"href":"https:\/\/www.article-marketing.eu\/comunicatistampa\/wp-json\/wp\/v2\/posts\/27342\/revisions\/27349"}],"wp:attachment":[{"href":"https:\/\/www.article-marketing.eu\/comunicatistampa\/wp-json\/wp\/v2\/media?parent=27342"}],"wp:term":[{"taxonomy":"category","embeddable":true,"href":"https:\/\/www.article-marketing.eu\/comunicatistampa\/wp-json\/wp\/v2\/categories?post=27342"},{"taxonomy":"post_tag","embeddable":true,"href":"https:\/\/www.article-marketing.eu\/comunicatistampa\/wp-json\/wp\/v2\/tags?post=27342"}],"curies":[{"name":"wp","href":"https:\/\/api.w.org\/{rel}","templated":true}]}}