{"id":27357,"date":"2023-05-16T14:12:08","date_gmt":"2023-05-16T12:12:08","guid":{"rendered":"https:\/\/www.article-marketing.eu\/comunicatistampa\/?p=27357"},"modified":"2023-05-16T14:12:08","modified_gmt":"2023-05-16T12:12:08","slug":"gli-ultimi-guerrieri-il-libro-verita-dalla-parte-dei-nativi-americani","status":"publish","type":"post","link":"https:\/\/www.article-marketing.eu\/comunicatistampa\/gli-ultimi-guerrieri-il-libro-verita-dalla-parte-dei-nativi-americani\/","title":{"rendered":"Gli Ultimi Guerrieri, il libro-verit\u00e0 dalla parte dei Nativi Americani \u00a0"},"content":{"rendered":"<p>&nbsp;<\/p>\n<p>&nbsp;<\/p>\n<p><img loading=\"lazy\" decoding=\"async\" class=\"aligncenter\" src=\"https:\/\/maunakeaedizioni.files.wordpress.com\/2019\/09\/guerrieri-1.jpg?w=768\" alt=\"Gli Ultimi Guerrieri di Raffaella Milandri\" width=\"384\" height=\"593\" \/><\/p>\n<p>Ha raccolto ottimo riscontro di pubblico \u201c<strong>Gli Ultimi Guerrieri. Viaggio nelle Riserve Indiane<\/strong>\u201d, libro della attivista <strong>Raffaella Milandri<\/strong>, che racconta un viaggio-inchiesta tra i popoli Nativi Americani anticamente nemici: i <strong>Sioux-Lakota<\/strong> e i <strong>Crow<\/strong>, che si affrontarono nella famosa battaglia del Little Big Horn.<\/p>\n<p>Mentre i Lakota combattevano per la libert\u00e0, i Crow si erano alleati con <strong>Custer<\/strong> e l\u2019Uomo Bianco.<\/p>\n<p>Come vivono oggi queste due trib\u00f9, dopo anni di vita nelle riserve indiane?<\/p>\n<p>La Milandri, membro adottivo della trib\u00f9 Crow, racconta di riunioni segrete e suggestivi pow wow, e nel suo libro accende i riflettori sulla lotta odierna dei Lakota: sulle loro terre sacre, le Black Hills, incombono oleodotti, miniere di uranio e d\u2019oro.<\/p>\n<p>Una battaglia senza arco e frecce, ma con tanta determinazione da parte degli Uomini Rossi per difendere l\u2019ambiente e la propria identit\u00e0. La Milandri si schiera dalla parte dei Fratelli Rossi, dipingendo un Davide Nativo Americano contro il Golia rappresentato dalla avidit\u00e0 senza fine di governi e multinazionali.<\/p>\n<p>Nei suoi libri Raffaella Milandri promuove la cultura e i diritti umani dei Popoli Indigeni, che vivono ai margini del \u201cProgresso\u201d, ma i cui microcosmi sociali e culturali rappresentano esempi preziosi di convivenza pacifica ed ecosostenibile.<\/p>\n<p>Scrittrice e giornalista, antropologa, Raffaella Milandri, attivista per i diritti umani dei popoli indigeni, \u00e8 membro onorario della Four Winds Cherokee Tribe in Louisiana\u00a0 e della trib\u00f9 Crow in Montana.<\/p>\n<p>Come viaggiatrice solitaria \u00e8 stata accolta da trib\u00f9 nei pi\u00f9 remoti angoli di mondo.<\/p>\n<p>La versione ebook de &#8220;Gli Ultimi Guerrieri. Viaggio nelle Riserve Indiane&#8221; \u00e8 arricchita da 10 pagine di immagini fotografiche a colori.<\/p>\n","protected":false},"excerpt":{"rendered":"<p>&nbsp; &nbsp; Ha raccolto ottimo riscontro di pubblico \u201cGli Ultimi Guerrieri. Viaggio nelle Riserve Indiane\u201d, libro della attivista Raffaella Milandri, che racconta un viaggio-inchiesta tra i popoli Nativi Americani anticamente nemici: i Sioux-Lakota e i Crow, che si affrontarono nella famosa battaglia del Little Big Horn. Mentre i Lakota combattevano per la libert\u00e0, i Crow si erano alleati con Custer e l\u2019Uomo Bianco. Come vivono oggi queste due trib\u00f9, dopo<\/p>\n<p><a class=\"continue-reading\" href=\"https:\/\/www.article-marketing.eu\/comunicatistampa\/gli-ultimi-guerrieri-il-libro-verita-dalla-parte-dei-nativi-americani\/\">Continue reading&#8230;<\/a><\/p>\n","protected":false},"author":347,"featured_media":0,"comment_status":"open","ping_status":"open","sticky":false,"template":"","format":"standard","meta":{"_monsterinsights_skip_tracking":false,"_monsterinsights_sitenote_active":false,"_monsterinsights_sitenote_note":"","_monsterinsights_sitenote_category":0,"footnotes":""},"categories":[410],"tags":[10664,10616,8094,6885,10615],"class_list":["post-27357","post","type-post","status-publish","format-standard","hentry","category-libri","tag-gli-ultimi-guerrieri","tag-lakota","tag-mauna-kea-edizioni","tag-raffaella-milandri","tag-sioux"],"yoast_head":"<!-- This site is optimized with the Yoast SEO plugin v27.3 - https:\/\/yoast.com\/product\/yoast-seo-wordpress\/ -->\n<title>Gli Ultimi Guerrieri, il libro-verit\u00e0 dalla parte dei Nativi Americani \u00a0<\/title>\n<meta name=\"robots\" content=\"index, follow, max-snippet:-1, max-image-preview:large, max-video-preview:-1\" \/>\n<link rel=\"canonical\" href=\"https:\/\/www.article-marketing.eu\/comunicatistampa\/gli-ultimi-guerrieri-il-libro-verita-dalla-parte-dei-nativi-americani\/\" \/>\n<meta property=\"og:locale\" content=\"it_IT\" \/>\n<meta property=\"og:type\" content=\"article\" \/>\n<meta property=\"og:title\" content=\"Gli Ultimi Guerrieri, il libro-verit\u00e0 dalla parte dei Nativi Americani \u00a0\" \/>\n<meta property=\"og:description\" content=\"&nbsp; &nbsp; Ha raccolto ottimo riscontro di pubblico \u201cGli Ultimi Guerrieri. Viaggio nelle Riserve Indiane\u201d, libro della attivista Raffaella Milandri, che racconta un viaggio-inchiesta tra i popoli Nativi Americani anticamente nemici: i Sioux-Lakota e i Crow, che si affrontarono nella famosa battaglia del Little Big Horn. Mentre i Lakota combattevano per la libert\u00e0, i Crow si erano alleati con Custer e l\u2019Uomo Bianco. Come vivono oggi queste due trib\u00f9, dopoContinue reading...\" \/>\n<meta property=\"og:url\" content=\"https:\/\/www.article-marketing.eu\/comunicatistampa\/gli-ultimi-guerrieri-il-libro-verita-dalla-parte-dei-nativi-americani\/\" \/>\n<meta property=\"og:site_name\" content=\"Article Marketing\" \/>\n<meta property=\"article:published_time\" content=\"2023-05-16T12:12:08+00:00\" \/>\n<meta property=\"og:image\" content=\"https:\/\/maunakeaedizioni.files.wordpress.com\/2019\/09\/guerrieri-1.jpg?w=768\" \/>\n<meta name=\"author\" content=\"europrinters\" \/>\n<meta name=\"twitter:card\" content=\"summary_large_image\" \/>\n<meta name=\"twitter:label1\" content=\"Scritto da\" \/>\n\t<meta name=\"twitter:data1\" content=\"europrinters\" \/>\n\t<meta name=\"twitter:label2\" content=\"Tempo di lettura stimato\" \/>\n\t<meta name=\"twitter:data2\" content=\"2 minuti\" \/>\n<script type=\"application\/ld+json\" class=\"yoast-schema-graph\">{\"@context\":\"https:\\\/\\\/schema.org\",\"@graph\":[{\"@type\":\"Article\",\"@id\":\"https:\\\/\\\/www.article-marketing.eu\\\/comunicatistampa\\\/gli-ultimi-guerrieri-il-libro-verita-dalla-parte-dei-nativi-americani\\\/#article\",\"isPartOf\":{\"@id\":\"https:\\\/\\\/www.article-marketing.eu\\\/comunicatistampa\\\/gli-ultimi-guerrieri-il-libro-verita-dalla-parte-dei-nativi-americani\\\/\"},\"author\":{\"name\":\"europrinters\",\"@id\":\"https:\\\/\\\/www.article-marketing.eu\\\/comunicatistampa\\\/#\\\/schema\\\/person\\\/1ee704ba6ccd36156c382237113c050d\"},\"headline\":\"Gli Ultimi Guerrieri, il libro-verit\u00e0 dalla parte dei Nativi Americani \u00a0\",\"datePublished\":\"2023-05-16T12:12:08+00:00\",\"mainEntityOfPage\":{\"@id\":\"https:\\\/\\\/www.article-marketing.eu\\\/comunicatistampa\\\/gli-ultimi-guerrieri-il-libro-verita-dalla-parte-dei-nativi-americani\\\/\"},\"wordCount\":275,\"commentCount\":0,\"image\":{\"@id\":\"https:\\\/\\\/www.article-marketing.eu\\\/comunicatistampa\\\/gli-ultimi-guerrieri-il-libro-verita-dalla-parte-dei-nativi-americani\\\/#primaryimage\"},\"thumbnailUrl\":\"https:\\\/\\\/maunakeaedizioni.files.wordpress.com\\\/2019\\\/09\\\/guerrieri-1.jpg?w=768\",\"keywords\":[\"gli ultimi guerrieri\",\"Lakota\",\"mauna kea edizioni\",\"raffaella milandri\",\"Sioux\"],\"articleSection\":[\"Libri\"],\"inLanguage\":\"it-IT\",\"potentialAction\":[{\"@type\":\"CommentAction\",\"name\":\"Comment\",\"target\":[\"https:\\\/\\\/www.article-marketing.eu\\\/comunicatistampa\\\/gli-ultimi-guerrieri-il-libro-verita-dalla-parte-dei-nativi-americani\\\/#respond\"]}]},{\"@type\":\"WebPage\",\"@id\":\"https:\\\/\\\/www.article-marketing.eu\\\/comunicatistampa\\\/gli-ultimi-guerrieri-il-libro-verita-dalla-parte-dei-nativi-americani\\\/\",\"url\":\"https:\\\/\\\/www.article-marketing.eu\\\/comunicatistampa\\\/gli-ultimi-guerrieri-il-libro-verita-dalla-parte-dei-nativi-americani\\\/\",\"name\":\"Gli Ultimi Guerrieri, il libro-verit\u00e0 dalla parte dei Nativi Americani \u00a0\",\"isPartOf\":{\"@id\":\"https:\\\/\\\/www.article-marketing.eu\\\/comunicatistampa\\\/#website\"},\"primaryImageOfPage\":{\"@id\":\"https:\\\/\\\/www.article-marketing.eu\\\/comunicatistampa\\\/gli-ultimi-guerrieri-il-libro-verita-dalla-parte-dei-nativi-americani\\\/#primaryimage\"},\"image\":{\"@id\":\"https:\\\/\\\/www.article-marketing.eu\\\/comunicatistampa\\\/gli-ultimi-guerrieri-il-libro-verita-dalla-parte-dei-nativi-americani\\\/#primaryimage\"},\"thumbnailUrl\":\"https:\\\/\\\/maunakeaedizioni.files.wordpress.com\\\/2019\\\/09\\\/guerrieri-1.jpg?w=768\",\"datePublished\":\"2023-05-16T12:12:08+00:00\",\"author\":{\"@id\":\"https:\\\/\\\/www.article-marketing.eu\\\/comunicatistampa\\\/#\\\/schema\\\/person\\\/1ee704ba6ccd36156c382237113c050d\"},\"breadcrumb\":{\"@id\":\"https:\\\/\\\/www.article-marketing.eu\\\/comunicatistampa\\\/gli-ultimi-guerrieri-il-libro-verita-dalla-parte-dei-nativi-americani\\\/#breadcrumb\"},\"inLanguage\":\"it-IT\",\"potentialAction\":[{\"@type\":\"ReadAction\",\"target\":[\"https:\\\/\\\/www.article-marketing.eu\\\/comunicatistampa\\\/gli-ultimi-guerrieri-il-libro-verita-dalla-parte-dei-nativi-americani\\\/\"]}]},{\"@type\":\"ImageObject\",\"inLanguage\":\"it-IT\",\"@id\":\"https:\\\/\\\/www.article-marketing.eu\\\/comunicatistampa\\\/gli-ultimi-guerrieri-il-libro-verita-dalla-parte-dei-nativi-americani\\\/#primaryimage\",\"url\":\"https:\\\/\\\/maunakeaedizioni.files.wordpress.com\\\/2019\\\/09\\\/guerrieri-1.jpg?w=768\",\"contentUrl\":\"https:\\\/\\\/maunakeaedizioni.files.wordpress.com\\\/2019\\\/09\\\/guerrieri-1.jpg?w=768\"},{\"@type\":\"BreadcrumbList\",\"@id\":\"https:\\\/\\\/www.article-marketing.eu\\\/comunicatistampa\\\/gli-ultimi-guerrieri-il-libro-verita-dalla-parte-dei-nativi-americani\\\/#breadcrumb\",\"itemListElement\":[{\"@type\":\"ListItem\",\"position\":1,\"name\":\"Home\",\"item\":\"https:\\\/\\\/www.article-marketing.eu\\\/comunicatistampa\\\/\"},{\"@type\":\"ListItem\",\"position\":2,\"name\":\"Gli Ultimi Guerrieri, il libro-verit\u00e0 dalla parte dei Nativi Americani \u00a0\"}]},{\"@type\":\"WebSite\",\"@id\":\"https:\\\/\\\/www.article-marketing.eu\\\/comunicatistampa\\\/#website\",\"url\":\"https:\\\/\\\/www.article-marketing.eu\\\/comunicatistampa\\\/\",\"name\":\"Article Marketing\",\"description\":\"article marketing &amp; press release\",\"potentialAction\":[{\"@type\":\"SearchAction\",\"target\":{\"@type\":\"EntryPoint\",\"urlTemplate\":\"https:\\\/\\\/www.article-marketing.eu\\\/comunicatistampa\\\/?s={search_term_string}\"},\"query-input\":{\"@type\":\"PropertyValueSpecification\",\"valueRequired\":true,\"valueName\":\"search_term_string\"}}],\"inLanguage\":\"it-IT\"},{\"@type\":\"Person\",\"@id\":\"https:\\\/\\\/www.article-marketing.eu\\\/comunicatistampa\\\/#\\\/schema\\\/person\\\/1ee704ba6ccd36156c382237113c050d\",\"name\":\"europrinters\",\"image\":{\"@type\":\"ImageObject\",\"inLanguage\":\"it-IT\",\"@id\":\"https:\\\/\\\/secure.gravatar.com\\\/avatar\\\/03b3a8947654550924af096db894c088aff5351ddb3f1972a9be0896e7bdd16d?s=96&d=mm&r=g\",\"url\":\"https:\\\/\\\/secure.gravatar.com\\\/avatar\\\/03b3a8947654550924af096db894c088aff5351ddb3f1972a9be0896e7bdd16d?s=96&d=mm&r=g\",\"contentUrl\":\"https:\\\/\\\/secure.gravatar.com\\\/avatar\\\/03b3a8947654550924af096db894c088aff5351ddb3f1972a9be0896e7bdd16d?s=96&d=mm&r=g\",\"caption\":\"europrinters\"},\"url\":\"https:\\\/\\\/www.article-marketing.eu\\\/comunicatistampa\\\/author\\\/europrinters\\\/\"}]}<\/script>\n<!-- \/ Yoast SEO plugin. -->","yoast_head_json":{"title":"Gli Ultimi Guerrieri, il libro-verit\u00e0 dalla parte dei Nativi Americani \u00a0","robots":{"index":"index","follow":"follow","max-snippet":"max-snippet:-1","max-image-preview":"max-image-preview:large","max-video-preview":"max-video-preview:-1"},"canonical":"https:\/\/www.article-marketing.eu\/comunicatistampa\/gli-ultimi-guerrieri-il-libro-verita-dalla-parte-dei-nativi-americani\/","og_locale":"it_IT","og_type":"article","og_title":"Gli Ultimi Guerrieri, il libro-verit\u00e0 dalla parte dei Nativi Americani \u00a0","og_description":"&nbsp; &nbsp; Ha raccolto ottimo riscontro di pubblico \u201cGli Ultimi Guerrieri. Viaggio nelle Riserve Indiane\u201d, libro della attivista Raffaella Milandri, che racconta un viaggio-inchiesta tra i popoli Nativi Americani anticamente nemici: i Sioux-Lakota e i Crow, che si affrontarono nella famosa battaglia del Little Big Horn. Mentre i Lakota combattevano per la libert\u00e0, i Crow si erano alleati con Custer e l\u2019Uomo Bianco. Come vivono oggi queste due trib\u00f9, dopoContinue reading...","og_url":"https:\/\/www.article-marketing.eu\/comunicatistampa\/gli-ultimi-guerrieri-il-libro-verita-dalla-parte-dei-nativi-americani\/","og_site_name":"Article Marketing","article_published_time":"2023-05-16T12:12:08+00:00","og_image":[{"url":"https:\/\/maunakeaedizioni.files.wordpress.com\/2019\/09\/guerrieri-1.jpg?w=768","type":"","width":"","height":""}],"author":"europrinters","twitter_card":"summary_large_image","twitter_misc":{"Scritto da":"europrinters","Tempo di lettura stimato":"2 minuti"},"schema":{"@context":"https:\/\/schema.org","@graph":[{"@type":"Article","@id":"https:\/\/www.article-marketing.eu\/comunicatistampa\/gli-ultimi-guerrieri-il-libro-verita-dalla-parte-dei-nativi-americani\/#article","isPartOf":{"@id":"https:\/\/www.article-marketing.eu\/comunicatistampa\/gli-ultimi-guerrieri-il-libro-verita-dalla-parte-dei-nativi-americani\/"},"author":{"name":"europrinters","@id":"https:\/\/www.article-marketing.eu\/comunicatistampa\/#\/schema\/person\/1ee704ba6ccd36156c382237113c050d"},"headline":"Gli Ultimi Guerrieri, il libro-verit\u00e0 dalla parte dei Nativi Americani \u00a0","datePublished":"2023-05-16T12:12:08+00:00","mainEntityOfPage":{"@id":"https:\/\/www.article-marketing.eu\/comunicatistampa\/gli-ultimi-guerrieri-il-libro-verita-dalla-parte-dei-nativi-americani\/"},"wordCount":275,"commentCount":0,"image":{"@id":"https:\/\/www.article-marketing.eu\/comunicatistampa\/gli-ultimi-guerrieri-il-libro-verita-dalla-parte-dei-nativi-americani\/#primaryimage"},"thumbnailUrl":"https:\/\/maunakeaedizioni.files.wordpress.com\/2019\/09\/guerrieri-1.jpg?w=768","keywords":["gli ultimi guerrieri","Lakota","mauna kea edizioni","raffaella milandri","Sioux"],"articleSection":["Libri"],"inLanguage":"it-IT","potentialAction":[{"@type":"CommentAction","name":"Comment","target":["https:\/\/www.article-marketing.eu\/comunicatistampa\/gli-ultimi-guerrieri-il-libro-verita-dalla-parte-dei-nativi-americani\/#respond"]}]},{"@type":"WebPage","@id":"https:\/\/www.article-marketing.eu\/comunicatistampa\/gli-ultimi-guerrieri-il-libro-verita-dalla-parte-dei-nativi-americani\/","url":"https:\/\/www.article-marketing.eu\/comunicatistampa\/gli-ultimi-guerrieri-il-libro-verita-dalla-parte-dei-nativi-americani\/","name":"Gli Ultimi Guerrieri, il libro-verit\u00e0 dalla parte dei Nativi Americani \u00a0","isPartOf":{"@id":"https:\/\/www.article-marketing.eu\/comunicatistampa\/#website"},"primaryImageOfPage":{"@id":"https:\/\/www.article-marketing.eu\/comunicatistampa\/gli-ultimi-guerrieri-il-libro-verita-dalla-parte-dei-nativi-americani\/#primaryimage"},"image":{"@id":"https:\/\/www.article-marketing.eu\/comunicatistampa\/gli-ultimi-guerrieri-il-libro-verita-dalla-parte-dei-nativi-americani\/#primaryimage"},"thumbnailUrl":"https:\/\/maunakeaedizioni.files.wordpress.com\/2019\/09\/guerrieri-1.jpg?w=768","datePublished":"2023-05-16T12:12:08+00:00","author":{"@id":"https:\/\/www.article-marketing.eu\/comunicatistampa\/#\/schema\/person\/1ee704ba6ccd36156c382237113c050d"},"breadcrumb":{"@id":"https:\/\/www.article-marketing.eu\/comunicatistampa\/gli-ultimi-guerrieri-il-libro-verita-dalla-parte-dei-nativi-americani\/#breadcrumb"},"inLanguage":"it-IT","potentialAction":[{"@type":"ReadAction","target":["https:\/\/www.article-marketing.eu\/comunicatistampa\/gli-ultimi-guerrieri-il-libro-verita-dalla-parte-dei-nativi-americani\/"]}]},{"@type":"ImageObject","inLanguage":"it-IT","@id":"https:\/\/www.article-marketing.eu\/comunicatistampa\/gli-ultimi-guerrieri-il-libro-verita-dalla-parte-dei-nativi-americani\/#primaryimage","url":"https:\/\/maunakeaedizioni.files.wordpress.com\/2019\/09\/guerrieri-1.jpg?w=768","contentUrl":"https:\/\/maunakeaedizioni.files.wordpress.com\/2019\/09\/guerrieri-1.jpg?w=768"},{"@type":"BreadcrumbList","@id":"https:\/\/www.article-marketing.eu\/comunicatistampa\/gli-ultimi-guerrieri-il-libro-verita-dalla-parte-dei-nativi-americani\/#breadcrumb","itemListElement":[{"@type":"ListItem","position":1,"name":"Home","item":"https:\/\/www.article-marketing.eu\/comunicatistampa\/"},{"@type":"ListItem","position":2,"name":"Gli Ultimi Guerrieri, il libro-verit\u00e0 dalla parte dei Nativi Americani \u00a0"}]},{"@type":"WebSite","@id":"https:\/\/www.article-marketing.eu\/comunicatistampa\/#website","url":"https:\/\/www.article-marketing.eu\/comunicatistampa\/","name":"Article Marketing","description":"article marketing &amp; press release","potentialAction":[{"@type":"SearchAction","target":{"@type":"EntryPoint","urlTemplate":"https:\/\/www.article-marketing.eu\/comunicatistampa\/?s={search_term_string}"},"query-input":{"@type":"PropertyValueSpecification","valueRequired":true,"valueName":"search_term_string"}}],"inLanguage":"it-IT"},{"@type":"Person","@id":"https:\/\/www.article-marketing.eu\/comunicatistampa\/#\/schema\/person\/1ee704ba6ccd36156c382237113c050d","name":"europrinters","image":{"@type":"ImageObject","inLanguage":"it-IT","@id":"https:\/\/secure.gravatar.com\/avatar\/03b3a8947654550924af096db894c088aff5351ddb3f1972a9be0896e7bdd16d?s=96&d=mm&r=g","url":"https:\/\/secure.gravatar.com\/avatar\/03b3a8947654550924af096db894c088aff5351ddb3f1972a9be0896e7bdd16d?s=96&d=mm&r=g","contentUrl":"https:\/\/secure.gravatar.com\/avatar\/03b3a8947654550924af096db894c088aff5351ddb3f1972a9be0896e7bdd16d?s=96&d=mm&r=g","caption":"europrinters"},"url":"https:\/\/www.article-marketing.eu\/comunicatistampa\/author\/europrinters\/"}]}},"_links":{"self":[{"href":"https:\/\/www.article-marketing.eu\/comunicatistampa\/wp-json\/wp\/v2\/posts\/27357","targetHints":{"allow":["GET"]}}],"collection":[{"href":"https:\/\/www.article-marketing.eu\/comunicatistampa\/wp-json\/wp\/v2\/posts"}],"about":[{"href":"https:\/\/www.article-marketing.eu\/comunicatistampa\/wp-json\/wp\/v2\/types\/post"}],"author":[{"embeddable":true,"href":"https:\/\/www.article-marketing.eu\/comunicatistampa\/wp-json\/wp\/v2\/users\/347"}],"replies":[{"embeddable":true,"href":"https:\/\/www.article-marketing.eu\/comunicatistampa\/wp-json\/wp\/v2\/comments?post=27357"}],"version-history":[{"count":2,"href":"https:\/\/www.article-marketing.eu\/comunicatistampa\/wp-json\/wp\/v2\/posts\/27357\/revisions"}],"predecessor-version":[{"id":27391,"href":"https:\/\/www.article-marketing.eu\/comunicatistampa\/wp-json\/wp\/v2\/posts\/27357\/revisions\/27391"}],"wp:attachment":[{"href":"https:\/\/www.article-marketing.eu\/comunicatistampa\/wp-json\/wp\/v2\/media?parent=27357"}],"wp:term":[{"taxonomy":"category","embeddable":true,"href":"https:\/\/www.article-marketing.eu\/comunicatistampa\/wp-json\/wp\/v2\/categories?post=27357"},{"taxonomy":"post_tag","embeddable":true,"href":"https:\/\/www.article-marketing.eu\/comunicatistampa\/wp-json\/wp\/v2\/tags?post=27357"}],"curies":[{"name":"wp","href":"https:\/\/api.w.org\/{rel}","templated":true}]}}