{"id":27374,"date":"2023-05-16T14:11:21","date_gmt":"2023-05-16T12:11:21","guid":{"rendered":"https:\/\/www.article-marketing.eu\/comunicatistampa\/?p=27374"},"modified":"2023-05-16T14:11:21","modified_gmt":"2023-05-16T12:11:21","slug":"luca-dal-fabbro-la-carriera-del-presidente-di-iren","status":"publish","type":"post","link":"https:\/\/www.article-marketing.eu\/comunicatistampa\/luca-dal-fabbro-la-carriera-del-presidente-di-iren\/","title":{"rendered":"Luca Dal Fabbro: la carriera del Presidente di Iren"},"content":{"rendered":"<p><em><strong>Le tappe della carriera di <a title=\"Luca Dal Fabbro \u00e8 su H2biz\" href=\"https:\/\/www.h2biz.net\/Manager\/luca-dal-fabbro-12666\">Luca Dal Fabbro<\/a>, Presidente di Iren, professore universitario e attivo in ambito ESG: la cura delle persone e dell\u2019ambiente, la valorizzazione dei territori e la circular economy sono tra i valori da sempre perseguiti dal manager.<\/strong><\/em><\/p>\n<p><a title=\"Il profilo di Luca Dal Fabbro sul portale H2biz\" href=\"https:\/\/www.h2biz.net\/Manager\/luca-dal-fabbro-12666\"><img loading=\"lazy\" decoding=\"async\" src=\"https:\/\/www.h2biz.net\/images\/Plats\/crop_min_20230503111428.jpg\" alt=\"Luca Dal Fabbro\" width=\"150\" height=\"150\" \/><\/a><\/p>\n<h2>Luca Dal Fabbro, l\u2019impegno in ambito ESG e gli incarichi attuali<\/h2>\n<p><strong>Luca Dal Fabbro<\/strong> \u00e8 un ingegnere chimico e manager italiano specializzato nel settore ESG. Presidente di Iren S.p.A., \u00e8 anche Vicepresidente Utilitalia, Presidente dell\u2019ESG European Institute e Vicepresidente del Circular Economy Network. Attivo in ambito accademico, \u00e8 Adjunct Professor presso LUISS dal 2015 e Professore Straordinario presso l\u2019Universit\u00e0 LUM dal 2021. L\u2019impegno di <strong>Luca Dal Fabbro<\/strong> in ambito ESG \u00e8 comprovato dalle numerose attivit\u00e0 portate avanti negli anni. \u00c8 stato Presidente Esecutivo per Renovit, piattaforma per la transizione energetica lanciata da Snam e CDP Equity. In Iren \u00e8 figura centrale per quanto riguarda la transizione energetica e l\u2019economia circolare. \u00c8 inoltre autore di due testi sull\u2019argomento: il primo, pubblicato nel 2017 da Tecniche Nuove, \u00e8 intitolato \u201cL\u2019economia del girotondo\u201d. Il secondo, pi\u00f9 recente, \u00e8 stato pubblicato da Rubbettino nel 2022 e si intitola \u201cESG &#8211; La Misurazione della Sostenibilit\u00e0\u201d.<\/p>\n<h2>Luca Dal Fabbro, dalla laurea alla nomina come Presidente di Iren<\/h2>\n<p>Dopo aver conseguito la Laurea in Ingegneria Chimica presso l\u2019Universit\u00e0 La Sapienza di Roma, <strong>Luca Dal Fabbro<\/strong> ha proseguito il suo percorso di formazione con un Master in Politica Internazionale a Bruxelles e l\u2019Advance Management Program del MIT Sloan School of Management a Boston. La sua carriera inizia come Business Developer e Direttore Marketing presso Procter &amp; Gamble, CTIP e altri. Nel 2001 Luca Dal Fabbro entra in Enel, ricoprendo incarichi di crescente rilevanza fino a diventare Amministratore Delegato di Enel Energia. Dopo il suo ingresso in E.ON Energia come AD, passa quindi alla guida di Gruppo E.ON Italia. \u00c8 Presidente di Domotecnica dal 2011 al 2015 e AD di Domoenergia dal 2012. Passato in Electro Power, entra in seguito in Terna nel 2014, rimanendo membro del CdA fino al 2019. <a title=\"Bio e carriera di Luca Dal Fabbro\" href=\"https:\/\/www.h2biz.net\/Manager\/luca-dal-fabbro-12666\"><strong>Luca Dal Fabbro<\/strong><\/a> ha ricoperto inoltre incarichi apicali in GRT Group e Tamini Trasformatori, entrando a far parte del CdA di Buzzi Unicem e, nel 2018, diventando Presidente di Snam e Amministratore Delegato di INSO. Successivamente, forte dell\u2019esperienza accumulata, arriva in Iren S.p.A. nel giugno del 2022 come Presidente.<\/p>\n","protected":false},"excerpt":{"rendered":"<p>Le tappe della carriera di Luca Dal Fabbro, Presidente di Iren, professore universitario e attivo in ambito ESG: la cura delle persone e dell\u2019ambiente, la valorizzazione dei territori e la circular economy sono tra i valori da sempre perseguiti dal manager. Luca Dal Fabbro, l\u2019impegno in ambito ESG e gli incarichi attuali Luca Dal Fabbro \u00e8 un ingegnere chimico e manager italiano specializzato nel settore ESG. Presidente di Iren S.p.A.,<\/p>\n<p><a class=\"continue-reading\" href=\"https:\/\/www.article-marketing.eu\/comunicatistampa\/luca-dal-fabbro-la-carriera-del-presidente-di-iren\/\">Continue reading&#8230;<\/a><\/p>\n","protected":false},"author":6477,"featured_media":0,"comment_status":"open","ping_status":"open","sticky":false,"template":"","format":"standard","meta":{"_monsterinsights_skip_tracking":false,"_monsterinsights_sitenote_active":false,"_monsterinsights_sitenote_note":"","_monsterinsights_sitenote_category":0,"footnotes":""},"categories":[386],"tags":[10361],"class_list":["post-27374","post","type-post","status-publish","format-standard","hentry","category-economia-e-lavoro","tag-luca-dal-fabbro"],"yoast_head":"<!-- This site is optimized with the Yoast SEO plugin v27.3 - https:\/\/yoast.com\/product\/yoast-seo-wordpress\/ -->\n<title>Luca Dal Fabbro: la carriera del Presidente di Iren<\/title>\n<meta name=\"robots\" content=\"index, follow, max-snippet:-1, max-image-preview:large, max-video-preview:-1\" \/>\n<link rel=\"canonical\" href=\"https:\/\/www.article-marketing.eu\/comunicatistampa\/luca-dal-fabbro-la-carriera-del-presidente-di-iren\/\" \/>\n<meta property=\"og:locale\" content=\"it_IT\" \/>\n<meta property=\"og:type\" content=\"article\" \/>\n<meta property=\"og:title\" content=\"Luca Dal Fabbro: la carriera del Presidente di Iren\" \/>\n<meta property=\"og:description\" content=\"Le tappe della carriera di Luca Dal Fabbro, Presidente di Iren, professore universitario e attivo in ambito ESG: la cura delle persone e dell\u2019ambiente, la valorizzazione dei territori e la circular economy sono tra i valori da sempre perseguiti dal manager. Luca Dal Fabbro, l\u2019impegno in ambito ESG e gli incarichi attuali Luca Dal Fabbro \u00e8 un ingegnere chimico e manager italiano specializzato nel settore ESG. Presidente di Iren S.p.A.,Continue reading...\" \/>\n<meta property=\"og:url\" content=\"https:\/\/www.article-marketing.eu\/comunicatistampa\/luca-dal-fabbro-la-carriera-del-presidente-di-iren\/\" \/>\n<meta property=\"og:site_name\" content=\"Article Marketing\" \/>\n<meta property=\"article:published_time\" content=\"2023-05-16T12:11:21+00:00\" \/>\n<meta property=\"og:image\" content=\"https:\/\/www.h2biz.net\/images\/Plats\/crop_min_20230503111428.jpg\" \/>\n<meta name=\"author\" content=\"articolinews\" \/>\n<meta name=\"twitter:card\" content=\"summary_large_image\" \/>\n<meta name=\"twitter:label1\" content=\"Scritto da\" \/>\n\t<meta name=\"twitter:data1\" content=\"articolinews\" \/>\n\t<meta name=\"twitter:label2\" content=\"Tempo di lettura stimato\" \/>\n\t<meta name=\"twitter:data2\" content=\"3 minuti\" \/>\n<script type=\"application\/ld+json\" class=\"yoast-schema-graph\">{\"@context\":\"https:\\\/\\\/schema.org\",\"@graph\":[{\"@type\":\"Article\",\"@id\":\"https:\\\/\\\/www.article-marketing.eu\\\/comunicatistampa\\\/luca-dal-fabbro-la-carriera-del-presidente-di-iren\\\/#article\",\"isPartOf\":{\"@id\":\"https:\\\/\\\/www.article-marketing.eu\\\/comunicatistampa\\\/luca-dal-fabbro-la-carriera-del-presidente-di-iren\\\/\"},\"author\":{\"name\":\"articolinews\",\"@id\":\"https:\\\/\\\/www.article-marketing.eu\\\/comunicatistampa\\\/#\\\/schema\\\/person\\\/2fcaf8f8f3a9eef9eb7f27532d3ca458\"},\"headline\":\"Luca Dal Fabbro: la carriera del Presidente di Iren\",\"datePublished\":\"2023-05-16T12:11:21+00:00\",\"mainEntityOfPage\":{\"@id\":\"https:\\\/\\\/www.article-marketing.eu\\\/comunicatistampa\\\/luca-dal-fabbro-la-carriera-del-presidente-di-iren\\\/\"},\"wordCount\":386,\"commentCount\":0,\"image\":{\"@id\":\"https:\\\/\\\/www.article-marketing.eu\\\/comunicatistampa\\\/luca-dal-fabbro-la-carriera-del-presidente-di-iren\\\/#primaryimage\"},\"thumbnailUrl\":\"https:\\\/\\\/www.h2biz.net\\\/images\\\/Plats\\\/crop_min_20230503111428.jpg\",\"keywords\":[\"Luca Dal Fabbro\"],\"articleSection\":[\"Economia e lavoro\"],\"inLanguage\":\"it-IT\",\"potentialAction\":[{\"@type\":\"CommentAction\",\"name\":\"Comment\",\"target\":[\"https:\\\/\\\/www.article-marketing.eu\\\/comunicatistampa\\\/luca-dal-fabbro-la-carriera-del-presidente-di-iren\\\/#respond\"]}]},{\"@type\":\"WebPage\",\"@id\":\"https:\\\/\\\/www.article-marketing.eu\\\/comunicatistampa\\\/luca-dal-fabbro-la-carriera-del-presidente-di-iren\\\/\",\"url\":\"https:\\\/\\\/www.article-marketing.eu\\\/comunicatistampa\\\/luca-dal-fabbro-la-carriera-del-presidente-di-iren\\\/\",\"name\":\"Luca Dal Fabbro: la carriera del Presidente di Iren\",\"isPartOf\":{\"@id\":\"https:\\\/\\\/www.article-marketing.eu\\\/comunicatistampa\\\/#website\"},\"primaryImageOfPage\":{\"@id\":\"https:\\\/\\\/www.article-marketing.eu\\\/comunicatistampa\\\/luca-dal-fabbro-la-carriera-del-presidente-di-iren\\\/#primaryimage\"},\"image\":{\"@id\":\"https:\\\/\\\/www.article-marketing.eu\\\/comunicatistampa\\\/luca-dal-fabbro-la-carriera-del-presidente-di-iren\\\/#primaryimage\"},\"thumbnailUrl\":\"https:\\\/\\\/www.h2biz.net\\\/images\\\/Plats\\\/crop_min_20230503111428.jpg\",\"datePublished\":\"2023-05-16T12:11:21+00:00\",\"author\":{\"@id\":\"https:\\\/\\\/www.article-marketing.eu\\\/comunicatistampa\\\/#\\\/schema\\\/person\\\/2fcaf8f8f3a9eef9eb7f27532d3ca458\"},\"breadcrumb\":{\"@id\":\"https:\\\/\\\/www.article-marketing.eu\\\/comunicatistampa\\\/luca-dal-fabbro-la-carriera-del-presidente-di-iren\\\/#breadcrumb\"},\"inLanguage\":\"it-IT\",\"potentialAction\":[{\"@type\":\"ReadAction\",\"target\":[\"https:\\\/\\\/www.article-marketing.eu\\\/comunicatistampa\\\/luca-dal-fabbro-la-carriera-del-presidente-di-iren\\\/\"]}]},{\"@type\":\"ImageObject\",\"inLanguage\":\"it-IT\",\"@id\":\"https:\\\/\\\/www.article-marketing.eu\\\/comunicatistampa\\\/luca-dal-fabbro-la-carriera-del-presidente-di-iren\\\/#primaryimage\",\"url\":\"https:\\\/\\\/www.h2biz.net\\\/images\\\/Plats\\\/crop_min_20230503111428.jpg\",\"contentUrl\":\"https:\\\/\\\/www.h2biz.net\\\/images\\\/Plats\\\/crop_min_20230503111428.jpg\"},{\"@type\":\"BreadcrumbList\",\"@id\":\"https:\\\/\\\/www.article-marketing.eu\\\/comunicatistampa\\\/luca-dal-fabbro-la-carriera-del-presidente-di-iren\\\/#breadcrumb\",\"itemListElement\":[{\"@type\":\"ListItem\",\"position\":1,\"name\":\"Home\",\"item\":\"https:\\\/\\\/www.article-marketing.eu\\\/comunicatistampa\\\/\"},{\"@type\":\"ListItem\",\"position\":2,\"name\":\"Luca Dal Fabbro: la carriera del Presidente di Iren\"}]},{\"@type\":\"WebSite\",\"@id\":\"https:\\\/\\\/www.article-marketing.eu\\\/comunicatistampa\\\/#website\",\"url\":\"https:\\\/\\\/www.article-marketing.eu\\\/comunicatistampa\\\/\",\"name\":\"Article Marketing\",\"description\":\"article marketing &amp; press release\",\"potentialAction\":[{\"@type\":\"SearchAction\",\"target\":{\"@type\":\"EntryPoint\",\"urlTemplate\":\"https:\\\/\\\/www.article-marketing.eu\\\/comunicatistampa\\\/?s={search_term_string}\"},\"query-input\":{\"@type\":\"PropertyValueSpecification\",\"valueRequired\":true,\"valueName\":\"search_term_string\"}}],\"inLanguage\":\"it-IT\"},{\"@type\":\"Person\",\"@id\":\"https:\\\/\\\/www.article-marketing.eu\\\/comunicatistampa\\\/#\\\/schema\\\/person\\\/2fcaf8f8f3a9eef9eb7f27532d3ca458\",\"name\":\"articolinews\",\"image\":{\"@type\":\"ImageObject\",\"inLanguage\":\"it-IT\",\"@id\":\"https:\\\/\\\/secure.gravatar.com\\\/avatar\\\/9e2a264bab04e17dea24d937c9956304649a848cb73c46747a692ff1bdeb1cb7?s=96&d=mm&r=g\",\"url\":\"https:\\\/\\\/secure.gravatar.com\\\/avatar\\\/9e2a264bab04e17dea24d937c9956304649a848cb73c46747a692ff1bdeb1cb7?s=96&d=mm&r=g\",\"contentUrl\":\"https:\\\/\\\/secure.gravatar.com\\\/avatar\\\/9e2a264bab04e17dea24d937c9956304649a848cb73c46747a692ff1bdeb1cb7?s=96&d=mm&r=g\",\"caption\":\"articolinews\"},\"url\":\"https:\\\/\\\/www.article-marketing.eu\\\/comunicatistampa\\\/author\\\/articolinews\\\/\"}]}<\/script>\n<!-- \/ Yoast SEO plugin. -->","yoast_head_json":{"title":"Luca Dal Fabbro: la carriera del Presidente di Iren","robots":{"index":"index","follow":"follow","max-snippet":"max-snippet:-1","max-image-preview":"max-image-preview:large","max-video-preview":"max-video-preview:-1"},"canonical":"https:\/\/www.article-marketing.eu\/comunicatistampa\/luca-dal-fabbro-la-carriera-del-presidente-di-iren\/","og_locale":"it_IT","og_type":"article","og_title":"Luca Dal Fabbro: la carriera del Presidente di Iren","og_description":"Le tappe della carriera di Luca Dal Fabbro, Presidente di Iren, professore universitario e attivo in ambito ESG: la cura delle persone e dell\u2019ambiente, la valorizzazione dei territori e la circular economy sono tra i valori da sempre perseguiti dal manager. Luca Dal Fabbro, l\u2019impegno in ambito ESG e gli incarichi attuali Luca Dal Fabbro \u00e8 un ingegnere chimico e manager italiano specializzato nel settore ESG. Presidente di Iren S.p.A.,Continue reading...","og_url":"https:\/\/www.article-marketing.eu\/comunicatistampa\/luca-dal-fabbro-la-carriera-del-presidente-di-iren\/","og_site_name":"Article Marketing","article_published_time":"2023-05-16T12:11:21+00:00","og_image":[{"url":"https:\/\/www.h2biz.net\/images\/Plats\/crop_min_20230503111428.jpg","type":"","width":"","height":""}],"author":"articolinews","twitter_card":"summary_large_image","twitter_misc":{"Scritto da":"articolinews","Tempo di lettura stimato":"3 minuti"},"schema":{"@context":"https:\/\/schema.org","@graph":[{"@type":"Article","@id":"https:\/\/www.article-marketing.eu\/comunicatistampa\/luca-dal-fabbro-la-carriera-del-presidente-di-iren\/#article","isPartOf":{"@id":"https:\/\/www.article-marketing.eu\/comunicatistampa\/luca-dal-fabbro-la-carriera-del-presidente-di-iren\/"},"author":{"name":"articolinews","@id":"https:\/\/www.article-marketing.eu\/comunicatistampa\/#\/schema\/person\/2fcaf8f8f3a9eef9eb7f27532d3ca458"},"headline":"Luca Dal Fabbro: la carriera del Presidente di Iren","datePublished":"2023-05-16T12:11:21+00:00","mainEntityOfPage":{"@id":"https:\/\/www.article-marketing.eu\/comunicatistampa\/luca-dal-fabbro-la-carriera-del-presidente-di-iren\/"},"wordCount":386,"commentCount":0,"image":{"@id":"https:\/\/www.article-marketing.eu\/comunicatistampa\/luca-dal-fabbro-la-carriera-del-presidente-di-iren\/#primaryimage"},"thumbnailUrl":"https:\/\/www.h2biz.net\/images\/Plats\/crop_min_20230503111428.jpg","keywords":["Luca Dal Fabbro"],"articleSection":["Economia e lavoro"],"inLanguage":"it-IT","potentialAction":[{"@type":"CommentAction","name":"Comment","target":["https:\/\/www.article-marketing.eu\/comunicatistampa\/luca-dal-fabbro-la-carriera-del-presidente-di-iren\/#respond"]}]},{"@type":"WebPage","@id":"https:\/\/www.article-marketing.eu\/comunicatistampa\/luca-dal-fabbro-la-carriera-del-presidente-di-iren\/","url":"https:\/\/www.article-marketing.eu\/comunicatistampa\/luca-dal-fabbro-la-carriera-del-presidente-di-iren\/","name":"Luca Dal Fabbro: la carriera del Presidente di Iren","isPartOf":{"@id":"https:\/\/www.article-marketing.eu\/comunicatistampa\/#website"},"primaryImageOfPage":{"@id":"https:\/\/www.article-marketing.eu\/comunicatistampa\/luca-dal-fabbro-la-carriera-del-presidente-di-iren\/#primaryimage"},"image":{"@id":"https:\/\/www.article-marketing.eu\/comunicatistampa\/luca-dal-fabbro-la-carriera-del-presidente-di-iren\/#primaryimage"},"thumbnailUrl":"https:\/\/www.h2biz.net\/images\/Plats\/crop_min_20230503111428.jpg","datePublished":"2023-05-16T12:11:21+00:00","author":{"@id":"https:\/\/www.article-marketing.eu\/comunicatistampa\/#\/schema\/person\/2fcaf8f8f3a9eef9eb7f27532d3ca458"},"breadcrumb":{"@id":"https:\/\/www.article-marketing.eu\/comunicatistampa\/luca-dal-fabbro-la-carriera-del-presidente-di-iren\/#breadcrumb"},"inLanguage":"it-IT","potentialAction":[{"@type":"ReadAction","target":["https:\/\/www.article-marketing.eu\/comunicatistampa\/luca-dal-fabbro-la-carriera-del-presidente-di-iren\/"]}]},{"@type":"ImageObject","inLanguage":"it-IT","@id":"https:\/\/www.article-marketing.eu\/comunicatistampa\/luca-dal-fabbro-la-carriera-del-presidente-di-iren\/#primaryimage","url":"https:\/\/www.h2biz.net\/images\/Plats\/crop_min_20230503111428.jpg","contentUrl":"https:\/\/www.h2biz.net\/images\/Plats\/crop_min_20230503111428.jpg"},{"@type":"BreadcrumbList","@id":"https:\/\/www.article-marketing.eu\/comunicatistampa\/luca-dal-fabbro-la-carriera-del-presidente-di-iren\/#breadcrumb","itemListElement":[{"@type":"ListItem","position":1,"name":"Home","item":"https:\/\/www.article-marketing.eu\/comunicatistampa\/"},{"@type":"ListItem","position":2,"name":"Luca Dal Fabbro: la carriera del Presidente di Iren"}]},{"@type":"WebSite","@id":"https:\/\/www.article-marketing.eu\/comunicatistampa\/#website","url":"https:\/\/www.article-marketing.eu\/comunicatistampa\/","name":"Article Marketing","description":"article marketing &amp; press release","potentialAction":[{"@type":"SearchAction","target":{"@type":"EntryPoint","urlTemplate":"https:\/\/www.article-marketing.eu\/comunicatistampa\/?s={search_term_string}"},"query-input":{"@type":"PropertyValueSpecification","valueRequired":true,"valueName":"search_term_string"}}],"inLanguage":"it-IT"},{"@type":"Person","@id":"https:\/\/www.article-marketing.eu\/comunicatistampa\/#\/schema\/person\/2fcaf8f8f3a9eef9eb7f27532d3ca458","name":"articolinews","image":{"@type":"ImageObject","inLanguage":"it-IT","@id":"https:\/\/secure.gravatar.com\/avatar\/9e2a264bab04e17dea24d937c9956304649a848cb73c46747a692ff1bdeb1cb7?s=96&d=mm&r=g","url":"https:\/\/secure.gravatar.com\/avatar\/9e2a264bab04e17dea24d937c9956304649a848cb73c46747a692ff1bdeb1cb7?s=96&d=mm&r=g","contentUrl":"https:\/\/secure.gravatar.com\/avatar\/9e2a264bab04e17dea24d937c9956304649a848cb73c46747a692ff1bdeb1cb7?s=96&d=mm&r=g","caption":"articolinews"},"url":"https:\/\/www.article-marketing.eu\/comunicatistampa\/author\/articolinews\/"}]}},"_links":{"self":[{"href":"https:\/\/www.article-marketing.eu\/comunicatistampa\/wp-json\/wp\/v2\/posts\/27374","targetHints":{"allow":["GET"]}}],"collection":[{"href":"https:\/\/www.article-marketing.eu\/comunicatistampa\/wp-json\/wp\/v2\/posts"}],"about":[{"href":"https:\/\/www.article-marketing.eu\/comunicatistampa\/wp-json\/wp\/v2\/types\/post"}],"author":[{"embeddable":true,"href":"https:\/\/www.article-marketing.eu\/comunicatistampa\/wp-json\/wp\/v2\/users\/6477"}],"replies":[{"embeddable":true,"href":"https:\/\/www.article-marketing.eu\/comunicatistampa\/wp-json\/wp\/v2\/comments?post=27374"}],"version-history":[{"count":2,"href":"https:\/\/www.article-marketing.eu\/comunicatistampa\/wp-json\/wp\/v2\/posts\/27374\/revisions"}],"predecessor-version":[{"id":27389,"href":"https:\/\/www.article-marketing.eu\/comunicatistampa\/wp-json\/wp\/v2\/posts\/27374\/revisions\/27389"}],"wp:attachment":[{"href":"https:\/\/www.article-marketing.eu\/comunicatistampa\/wp-json\/wp\/v2\/media?parent=27374"}],"wp:term":[{"taxonomy":"category","embeddable":true,"href":"https:\/\/www.article-marketing.eu\/comunicatistampa\/wp-json\/wp\/v2\/categories?post=27374"},{"taxonomy":"post_tag","embeddable":true,"href":"https:\/\/www.article-marketing.eu\/comunicatistampa\/wp-json\/wp\/v2\/tags?post=27374"}],"curies":[{"name":"wp","href":"https:\/\/api.w.org\/{rel}","templated":true}]}}