{"id":27427,"date":"2023-05-29T00:11:30","date_gmt":"2023-05-28T22:11:30","guid":{"rendered":"https:\/\/www.article-marketing.eu\/comunicatistampa\/?p=27427"},"modified":"2023-05-29T00:11:30","modified_gmt":"2023-05-28T22:11:30","slug":"yellow-kid-fu-davvero-il-primo-protagonista-dei-fumetti","status":"publish","type":"post","link":"https:\/\/www.article-marketing.eu\/comunicatistampa\/yellow-kid-fu-davvero-il-primo-protagonista-dei-fumetti\/","title":{"rendered":"Yellow Kid: fu davvero il primo protagonista dei fumetti?"},"content":{"rendered":"<p>Ancora oggi la <strong>nascita del fumetto<\/strong> \u00e8 materia dibattuta ma, storicamente, si fa risalire la sua creazione <strong>a Yellow Kid<\/strong>, il primo personaggio di una storia a fumetti! Ma \u00e8 davvero cos\u00ec?<!--more--><\/p>\n<h2>Chi \u00e8 Yellow Kid?<\/h2>\n<p>Yellow Kid era un personaggio della striscia intitolata &#8220;<i>At the Circus in Hogan&#8217;s Alley<\/i>&#8221; pubblicata per la prima volta il <strong>5 Maggio 1895<\/strong> come supplemento domenicale del <strong>New York World<\/strong>.<\/p>\n<p>Il suo autore \u00e8 l&#8217;artista <strong>Richard Felton Outcault <\/strong>che, nelle sue strisce, raccontava le avventure di una variopinta umanit\u00e0 in un ghetto newyorkese. Tra queste figure spicca la presenza di Mickey Dugan, un ragazzino goffo, calvo, abbigliato con una camiciona da letto (inizialmente blu e poi gialla).<\/p>\n<p>Mentre i dialoghi degli altri personaggi erano scritti su cartelli, i dialoghi di Yellow Kid apparivano sul suo camicione, ma successivamente l&#8217;autore introdurr\u00e0 le caratteristiche nuvolette. Questo personaggio curioso e singolare \u00e8 riconosciuto oggi come il primo protagonista di un fumetto.<\/p>\n<h2>I precursori del fumetto<\/h2>\n<p>Come abbiamo accennato, l&#8217;identit\u00e0 del primo personaggio dei fumetti, anche se formalmente designata, \u00e8 ancora materia di discussione tra gli studiosi di storia dell&#8217;arte. Molte di queste discussioni hanno addirittura origine dalla definizione stessa di fumetto.<\/p>\n<p>Questo linguaggio \u00e8 spesso definito come una <strong>narrazione per immagini <\/strong>e, se il testo scritto non \u00e8 strettamente necessario, \u00e8 possibile considerare come primi esempi anche i graffiti preistorici, i geroglifici egiziani o i bassorilievi greci e romani. Tuttavia, il celebre autore newyorkese <strong>Will Eisner<\/strong> ci offre una definizione pi\u00f9 puntuale: quella di <strong>arte sequenziale<\/strong>.<\/p>\n<p>La sequenzialit\u00e0 contraddistingue la narrazione a fumetti, ma questa pu\u00f2 essere riscontrata anche in antichit\u00e0, in esempi come la Colonna Traiana o in alcune illustrazioni dell&#8217;arte medievale. Per arrivare al fumetto vero e proprio andranno ancora definiti degli stili di linguaggio ed espressione precisi.<\/p>\n<h2>La nascita del balloon<\/h2>\n<p>Il <strong>balloon<\/strong> \u00e8 quello spazio bianco, rappresentato come una sorte di palloncino, che, nelle tavole a fumetto, serve a contenere i dialoghi dei personaggi. In Italia il nome &#8220;fumetto&#8221; nasce proprio da questo elemento che appare come una nuvoletta di fumo che esce dalla bocca del personaggio.<\/p>\n<p>Ma anche in questo caso esistono delle rappresentazioni precedenti alla pubblicazione delle storie di Yellow Kid, come opere medievali o stampe del XVII\u00b0 secolo che utilizzano soluzioni simili al balloon. Precedenti che fanno scricchiolare il suo primato. Quindi, di cosa abbiamo bisogno ancora per definire un fumetto?<\/p>\n<p>L&#8217;artista statunitense <strong>Coulton Waugh<\/strong>, nel 1947, pubblica il saggio <strong>The Comics<\/strong>, il primo libro dedicato ad analizzare l&#8217;arte del fumetto. Waugh \u00e8 il primo ad avanzare l&#8217;ipotesi di Yellow Kid come primo personaggio dei fumetti e offre la sua definizione del mezzo: la <strong>sequenza narrativa<\/strong> delle vignette,<strong> il testo<\/strong> inserito nei disegni e la <strong>presenza di personaggi<\/strong> che appaiono con regolarit\u00e0 nella storia.<\/p>\n<p>Un&#8217;altra caratteristica importante dei fumetti, e che ne segna la nascita solo da un certo momento storico in poi, \u00e8 la sua<strong> riproducibilit\u00e0<\/strong>. Propria del fumetto \u00e8 la possibilit\u00e0 di essere riproducibile per essere diffuso a un gran numero di lettori, un aspetto collegato alla diffusione dei giornali nella seconda met\u00e0 dell&#8217;800.<\/p>\n<h2>Il fumetto&#8230; prima di Yellow Kid?<\/h2>\n<p>Ma, quindi, davvero Yellow Kid \u00e8 il primo personaggio dei fumetti a tutti gli effetti? Beh&#8230; non esattamente.<\/p>\n<p>Nel XIX\u00b0 secolo i giornali iniziavano la loro grande diffusione e, assieme a questi, anche le strisce satiriche e umoristiche. In Europa, a Ginevra, <strong>Rodolphe T\u00f6ppfer<\/strong> pubblica nel 1827 diversi racconti per immagini come &#8220;<em>Histoire de M. Jabot<\/em>&#8220;, anche grazie ai consigli di Goethe e sono molti a considerare questo artista il primo vero fumettista.<\/p>\n<p>Sempre in Europa, questa volta in Germania, l&#8217;illustratore e poeta <strong>Heinrich Christian Wilhelm Busch<\/strong>, realizza nel 1865, per un giornale umoristico &#8220;<em>Fliegende Bl\u00e4tter<\/em>&#8220;, le avventure dei bambini Max e Moritz. Anche se non compare ancora il fumetto, alcuni storici del ramo, come l&#8217;italiano Palmiro Boschesi, le considerano come le prime storie a fumetti.<\/p>\n<h2>Passato e&#8230; futuro del fumetto<\/h2>\n<p>Queste opinioni contrastanti rendono la cosa ancora oggi, spinosa e soggetta alle opinioni dei vari esperti a seconda di come questi considerano il media. La <a href=\"https:\/\/www.avgraficadesign.com\/illustrazione-e-fumetto\/fumetto\" target=\"_blank\" rel=\"noopener\">creazione di fumetti<\/a>, come espressione artistica, si \u00e8 ritagliata un suo posto nel cuore di milioni di appassionati, raggiunti da una infinit\u00e0 di storie dei propri eroi, dapprima grazie alla stampa e, in tempi recenti, al web.<\/p>\n<p>La<strong> nona arte<\/strong>, grazie al suo linguaggio semplice ma evocativo, fatto della fusione tra immagine e testo, \u00e8 ideale sia per raccontare una storia che nella <a href=\"https:\/\/www.avgraficadesign.com\/graphic-designer-milano\" target=\"_blank\" rel=\"noopener\">progettazione grafica di materiale pubblicitario<\/a> messa in atto da aziende e imprese.<\/p>\n","protected":false},"excerpt":{"rendered":"<p>Ancora oggi la nascita del fumetto \u00e8 materia dibattuta ma, storicamente, si fa risalire la sua creazione a Yellow Kid, il primo personaggio di una storia a fumetti! Ma \u00e8 davvero cos\u00ec?<\/p>\n","protected":false},"author":20,"featured_media":0,"comment_status":"open","ping_status":"open","sticky":false,"template":"","format":"standard","meta":{"_monsterinsights_skip_tracking":false,"_monsterinsights_sitenote_active":false,"_monsterinsights_sitenote_note":"","_monsterinsights_sitenote_category":0,"footnotes":""},"categories":[407],"tags":[10683,2598,10684],"class_list":["post-27427","post","type-post","status-publish","format-standard","hentry","category-arte-e-cultura","tag-fumetto","tag-grafica","tag-yellow-kid"],"yoast_head":"<!-- This site is optimized with the Yoast SEO plugin v27.3 - https:\/\/yoast.com\/product\/yoast-seo-wordpress\/ -->\n<title>Yellow Kid: fu davvero il primo protagonista dei fumetti?<\/title>\n<meta name=\"description\" content=\"Quando nasce il fumetto come lo conosciamo oggi? E davvero il celebre Yellow Kid \u00e8 stato il primo protagonista di una storia a fumetti?\" \/>\n<meta name=\"robots\" content=\"index, follow, max-snippet:-1, max-image-preview:large, max-video-preview:-1\" \/>\n<link rel=\"canonical\" href=\"https:\/\/www.article-marketing.eu\/comunicatistampa\/yellow-kid-fu-davvero-il-primo-protagonista-dei-fumetti\/\" \/>\n<meta property=\"og:locale\" content=\"it_IT\" \/>\n<meta property=\"og:type\" content=\"article\" \/>\n<meta property=\"og:title\" content=\"Yellow Kid: fu davvero il primo protagonista dei fumetti?\" \/>\n<meta property=\"og:description\" content=\"Quando nasce il fumetto come lo conosciamo oggi? E davvero il celebre Yellow Kid \u00e8 stato il primo protagonista di una storia a fumetti?\" \/>\n<meta property=\"og:url\" content=\"https:\/\/www.article-marketing.eu\/comunicatistampa\/yellow-kid-fu-davvero-il-primo-protagonista-dei-fumetti\/\" \/>\n<meta property=\"og:site_name\" content=\"Article Marketing\" \/>\n<meta property=\"article:published_time\" content=\"2023-05-28T22:11:30+00:00\" \/>\n<meta name=\"author\" content=\"ictadmin\" \/>\n<meta name=\"twitter:card\" content=\"summary_large_image\" \/>\n<meta name=\"twitter:label1\" content=\"Scritto da\" \/>\n\t<meta name=\"twitter:data1\" content=\"ictadmin\" \/>\n\t<meta name=\"twitter:label2\" content=\"Tempo di lettura stimato\" \/>\n\t<meta name=\"twitter:data2\" content=\"4 minuti\" \/>\n<script type=\"application\/ld+json\" class=\"yoast-schema-graph\">{\"@context\":\"https:\\\/\\\/schema.org\",\"@graph\":[{\"@type\":\"Article\",\"@id\":\"https:\\\/\\\/www.article-marketing.eu\\\/comunicatistampa\\\/yellow-kid-fu-davvero-il-primo-protagonista-dei-fumetti\\\/#article\",\"isPartOf\":{\"@id\":\"https:\\\/\\\/www.article-marketing.eu\\\/comunicatistampa\\\/yellow-kid-fu-davvero-il-primo-protagonista-dei-fumetti\\\/\"},\"author\":{\"name\":\"ictadmin\",\"@id\":\"https:\\\/\\\/www.article-marketing.eu\\\/comunicatistampa\\\/#\\\/schema\\\/person\\\/b3bcdff9e011a199a2a599263f766107\"},\"headline\":\"Yellow Kid: fu davvero il primo protagonista dei fumetti?\",\"datePublished\":\"2023-05-28T22:11:30+00:00\",\"mainEntityOfPage\":{\"@id\":\"https:\\\/\\\/www.article-marketing.eu\\\/comunicatistampa\\\/yellow-kid-fu-davvero-il-primo-protagonista-dei-fumetti\\\/\"},\"wordCount\":733,\"commentCount\":0,\"keywords\":[\"fumetto\",\"grafica\",\"yellow kid\"],\"articleSection\":[\"Arte e cultura\"],\"inLanguage\":\"it-IT\",\"potentialAction\":[{\"@type\":\"CommentAction\",\"name\":\"Comment\",\"target\":[\"https:\\\/\\\/www.article-marketing.eu\\\/comunicatistampa\\\/yellow-kid-fu-davvero-il-primo-protagonista-dei-fumetti\\\/#respond\"]}]},{\"@type\":\"WebPage\",\"@id\":\"https:\\\/\\\/www.article-marketing.eu\\\/comunicatistampa\\\/yellow-kid-fu-davvero-il-primo-protagonista-dei-fumetti\\\/\",\"url\":\"https:\\\/\\\/www.article-marketing.eu\\\/comunicatistampa\\\/yellow-kid-fu-davvero-il-primo-protagonista-dei-fumetti\\\/\",\"name\":\"Yellow Kid: fu davvero il primo protagonista dei fumetti?\",\"isPartOf\":{\"@id\":\"https:\\\/\\\/www.article-marketing.eu\\\/comunicatistampa\\\/#website\"},\"datePublished\":\"2023-05-28T22:11:30+00:00\",\"author\":{\"@id\":\"https:\\\/\\\/www.article-marketing.eu\\\/comunicatistampa\\\/#\\\/schema\\\/person\\\/b3bcdff9e011a199a2a599263f766107\"},\"description\":\"Quando nasce il fumetto come lo conosciamo oggi? E davvero il celebre Yellow Kid \u00e8 stato il primo protagonista di una storia a fumetti?\",\"breadcrumb\":{\"@id\":\"https:\\\/\\\/www.article-marketing.eu\\\/comunicatistampa\\\/yellow-kid-fu-davvero-il-primo-protagonista-dei-fumetti\\\/#breadcrumb\"},\"inLanguage\":\"it-IT\",\"potentialAction\":[{\"@type\":\"ReadAction\",\"target\":[\"https:\\\/\\\/www.article-marketing.eu\\\/comunicatistampa\\\/yellow-kid-fu-davvero-il-primo-protagonista-dei-fumetti\\\/\"]}]},{\"@type\":\"BreadcrumbList\",\"@id\":\"https:\\\/\\\/www.article-marketing.eu\\\/comunicatistampa\\\/yellow-kid-fu-davvero-il-primo-protagonista-dei-fumetti\\\/#breadcrumb\",\"itemListElement\":[{\"@type\":\"ListItem\",\"position\":1,\"name\":\"Home\",\"item\":\"https:\\\/\\\/www.article-marketing.eu\\\/comunicatistampa\\\/\"},{\"@type\":\"ListItem\",\"position\":2,\"name\":\"Yellow Kid: fu davvero il primo protagonista dei fumetti?\"}]},{\"@type\":\"WebSite\",\"@id\":\"https:\\\/\\\/www.article-marketing.eu\\\/comunicatistampa\\\/#website\",\"url\":\"https:\\\/\\\/www.article-marketing.eu\\\/comunicatistampa\\\/\",\"name\":\"Article Marketing\",\"description\":\"article marketing &amp; press release\",\"potentialAction\":[{\"@type\":\"SearchAction\",\"target\":{\"@type\":\"EntryPoint\",\"urlTemplate\":\"https:\\\/\\\/www.article-marketing.eu\\\/comunicatistampa\\\/?s={search_term_string}\"},\"query-input\":{\"@type\":\"PropertyValueSpecification\",\"valueRequired\":true,\"valueName\":\"search_term_string\"}}],\"inLanguage\":\"it-IT\"},{\"@type\":\"Person\",\"@id\":\"https:\\\/\\\/www.article-marketing.eu\\\/comunicatistampa\\\/#\\\/schema\\\/person\\\/b3bcdff9e011a199a2a599263f766107\",\"name\":\"ictadmin\",\"image\":{\"@type\":\"ImageObject\",\"inLanguage\":\"it-IT\",\"@id\":\"https:\\\/\\\/secure.gravatar.com\\\/avatar\\\/4781f1aabadd09b0a8a9ebb8a05baf20204aa27c12ab5ca92f17e612775150e9?s=96&d=mm&r=g\",\"url\":\"https:\\\/\\\/secure.gravatar.com\\\/avatar\\\/4781f1aabadd09b0a8a9ebb8a05baf20204aa27c12ab5ca92f17e612775150e9?s=96&d=mm&r=g\",\"contentUrl\":\"https:\\\/\\\/secure.gravatar.com\\\/avatar\\\/4781f1aabadd09b0a8a9ebb8a05baf20204aa27c12ab5ca92f17e612775150e9?s=96&d=mm&r=g\",\"caption\":\"ictadmin\"},\"description\":\"IDRA TECNOLOGIE INFORMATICHE \u00e8 un Gruppo di consulenti con decennale esperienza, nei Servizi e nelle Soluzioni per il business in ambito Information &amp; Communication Technology (ICT). In particolare, il Gruppo si compone di tre segmenti operativi: Consulenza - progettazione, gestione e valorizzazione delle risorse ICT aziendali; Web - sviluppo siti web e soluzioni evolute per il posizionamento CRM - progettazione e implementazione di strategie per il customers relationship management\",\"sameAs\":[\"http:\\\/\\\/www.idratech.eu\\\/\"],\"url\":\"https:\\\/\\\/www.article-marketing.eu\\\/comunicatistampa\\\/author\\\/ictadmin\\\/\"}]}<\/script>\n<!-- \/ Yoast SEO plugin. -->","yoast_head_json":{"title":"Yellow Kid: fu davvero il primo protagonista dei fumetti?","description":"Quando nasce il fumetto come lo conosciamo oggi? E davvero il celebre Yellow Kid \u00e8 stato il primo protagonista di una storia a fumetti?","robots":{"index":"index","follow":"follow","max-snippet":"max-snippet:-1","max-image-preview":"max-image-preview:large","max-video-preview":"max-video-preview:-1"},"canonical":"https:\/\/www.article-marketing.eu\/comunicatistampa\/yellow-kid-fu-davvero-il-primo-protagonista-dei-fumetti\/","og_locale":"it_IT","og_type":"article","og_title":"Yellow Kid: fu davvero il primo protagonista dei fumetti?","og_description":"Quando nasce il fumetto come lo conosciamo oggi? E davvero il celebre Yellow Kid \u00e8 stato il primo protagonista di una storia a fumetti?","og_url":"https:\/\/www.article-marketing.eu\/comunicatistampa\/yellow-kid-fu-davvero-il-primo-protagonista-dei-fumetti\/","og_site_name":"Article Marketing","article_published_time":"2023-05-28T22:11:30+00:00","author":"ictadmin","twitter_card":"summary_large_image","twitter_misc":{"Scritto da":"ictadmin","Tempo di lettura stimato":"4 minuti"},"schema":{"@context":"https:\/\/schema.org","@graph":[{"@type":"Article","@id":"https:\/\/www.article-marketing.eu\/comunicatistampa\/yellow-kid-fu-davvero-il-primo-protagonista-dei-fumetti\/#article","isPartOf":{"@id":"https:\/\/www.article-marketing.eu\/comunicatistampa\/yellow-kid-fu-davvero-il-primo-protagonista-dei-fumetti\/"},"author":{"name":"ictadmin","@id":"https:\/\/www.article-marketing.eu\/comunicatistampa\/#\/schema\/person\/b3bcdff9e011a199a2a599263f766107"},"headline":"Yellow Kid: fu davvero il primo protagonista dei fumetti?","datePublished":"2023-05-28T22:11:30+00:00","mainEntityOfPage":{"@id":"https:\/\/www.article-marketing.eu\/comunicatistampa\/yellow-kid-fu-davvero-il-primo-protagonista-dei-fumetti\/"},"wordCount":733,"commentCount":0,"keywords":["fumetto","grafica","yellow kid"],"articleSection":["Arte e cultura"],"inLanguage":"it-IT","potentialAction":[{"@type":"CommentAction","name":"Comment","target":["https:\/\/www.article-marketing.eu\/comunicatistampa\/yellow-kid-fu-davvero-il-primo-protagonista-dei-fumetti\/#respond"]}]},{"@type":"WebPage","@id":"https:\/\/www.article-marketing.eu\/comunicatistampa\/yellow-kid-fu-davvero-il-primo-protagonista-dei-fumetti\/","url":"https:\/\/www.article-marketing.eu\/comunicatistampa\/yellow-kid-fu-davvero-il-primo-protagonista-dei-fumetti\/","name":"Yellow Kid: fu davvero il primo protagonista dei fumetti?","isPartOf":{"@id":"https:\/\/www.article-marketing.eu\/comunicatistampa\/#website"},"datePublished":"2023-05-28T22:11:30+00:00","author":{"@id":"https:\/\/www.article-marketing.eu\/comunicatistampa\/#\/schema\/person\/b3bcdff9e011a199a2a599263f766107"},"description":"Quando nasce il fumetto come lo conosciamo oggi? E davvero il celebre Yellow Kid \u00e8 stato il primo protagonista di una storia a fumetti?","breadcrumb":{"@id":"https:\/\/www.article-marketing.eu\/comunicatistampa\/yellow-kid-fu-davvero-il-primo-protagonista-dei-fumetti\/#breadcrumb"},"inLanguage":"it-IT","potentialAction":[{"@type":"ReadAction","target":["https:\/\/www.article-marketing.eu\/comunicatistampa\/yellow-kid-fu-davvero-il-primo-protagonista-dei-fumetti\/"]}]},{"@type":"BreadcrumbList","@id":"https:\/\/www.article-marketing.eu\/comunicatistampa\/yellow-kid-fu-davvero-il-primo-protagonista-dei-fumetti\/#breadcrumb","itemListElement":[{"@type":"ListItem","position":1,"name":"Home","item":"https:\/\/www.article-marketing.eu\/comunicatistampa\/"},{"@type":"ListItem","position":2,"name":"Yellow Kid: fu davvero il primo protagonista dei fumetti?"}]},{"@type":"WebSite","@id":"https:\/\/www.article-marketing.eu\/comunicatistampa\/#website","url":"https:\/\/www.article-marketing.eu\/comunicatistampa\/","name":"Article Marketing","description":"article marketing &amp; press release","potentialAction":[{"@type":"SearchAction","target":{"@type":"EntryPoint","urlTemplate":"https:\/\/www.article-marketing.eu\/comunicatistampa\/?s={search_term_string}"},"query-input":{"@type":"PropertyValueSpecification","valueRequired":true,"valueName":"search_term_string"}}],"inLanguage":"it-IT"},{"@type":"Person","@id":"https:\/\/www.article-marketing.eu\/comunicatistampa\/#\/schema\/person\/b3bcdff9e011a199a2a599263f766107","name":"ictadmin","image":{"@type":"ImageObject","inLanguage":"it-IT","@id":"https:\/\/secure.gravatar.com\/avatar\/4781f1aabadd09b0a8a9ebb8a05baf20204aa27c12ab5ca92f17e612775150e9?s=96&d=mm&r=g","url":"https:\/\/secure.gravatar.com\/avatar\/4781f1aabadd09b0a8a9ebb8a05baf20204aa27c12ab5ca92f17e612775150e9?s=96&d=mm&r=g","contentUrl":"https:\/\/secure.gravatar.com\/avatar\/4781f1aabadd09b0a8a9ebb8a05baf20204aa27c12ab5ca92f17e612775150e9?s=96&d=mm&r=g","caption":"ictadmin"},"description":"IDRA TECNOLOGIE INFORMATICHE \u00e8 un Gruppo di consulenti con decennale esperienza, nei Servizi e nelle Soluzioni per il business in ambito Information &amp; Communication Technology (ICT). In particolare, il Gruppo si compone di tre segmenti operativi: Consulenza - progettazione, gestione e valorizzazione delle risorse ICT aziendali; Web - sviluppo siti web e soluzioni evolute per il posizionamento CRM - progettazione e implementazione di strategie per il customers relationship management","sameAs":["http:\/\/www.idratech.eu\/"],"url":"https:\/\/www.article-marketing.eu\/comunicatistampa\/author\/ictadmin\/"}]}},"_links":{"self":[{"href":"https:\/\/www.article-marketing.eu\/comunicatistampa\/wp-json\/wp\/v2\/posts\/27427","targetHints":{"allow":["GET"]}}],"collection":[{"href":"https:\/\/www.article-marketing.eu\/comunicatistampa\/wp-json\/wp\/v2\/posts"}],"about":[{"href":"https:\/\/www.article-marketing.eu\/comunicatistampa\/wp-json\/wp\/v2\/types\/post"}],"author":[{"embeddable":true,"href":"https:\/\/www.article-marketing.eu\/comunicatistampa\/wp-json\/wp\/v2\/users\/20"}],"replies":[{"embeddable":true,"href":"https:\/\/www.article-marketing.eu\/comunicatistampa\/wp-json\/wp\/v2\/comments?post=27427"}],"version-history":[{"count":2,"href":"https:\/\/www.article-marketing.eu\/comunicatistampa\/wp-json\/wp\/v2\/posts\/27427\/revisions"}],"predecessor-version":[{"id":27495,"href":"https:\/\/www.article-marketing.eu\/comunicatistampa\/wp-json\/wp\/v2\/posts\/27427\/revisions\/27495"}],"wp:attachment":[{"href":"https:\/\/www.article-marketing.eu\/comunicatistampa\/wp-json\/wp\/v2\/media?parent=27427"}],"wp:term":[{"taxonomy":"category","embeddable":true,"href":"https:\/\/www.article-marketing.eu\/comunicatistampa\/wp-json\/wp\/v2\/categories?post=27427"},{"taxonomy":"post_tag","embeddable":true,"href":"https:\/\/www.article-marketing.eu\/comunicatistampa\/wp-json\/wp\/v2\/tags?post=27427"}],"curies":[{"name":"wp","href":"https:\/\/api.w.org\/{rel}","templated":true}]}}