{"id":27483,"date":"2023-05-31T12:13:40","date_gmt":"2023-05-31T10:13:40","guid":{"rendered":"https:\/\/www.article-marketing.eu\/comunicatistampa\/?p=27483"},"modified":"2023-05-31T12:22:13","modified_gmt":"2023-05-31T10:22:13","slug":"claudio-machetti-gli-incarichi-di-rilievo-ricoperti-nel-corso-degli-anni","status":"publish","type":"post","link":"https:\/\/www.article-marketing.eu\/comunicatistampa\/claudio-machetti-gli-incarichi-di-rilievo-ricoperti-nel-corso-degli-anni\/","title":{"rendered":"Claudio Machetti: gli incarichi di rilievo ricoperti nel corso degli anni"},"content":{"rendered":"<p><em><strong><a title=\"Claudio Machetti - il percorso manageriale\" href=\"https:\/\/www.economiaoggi.it\/tag\/claudio-machetti\/\">Claudio Machetti<\/a> vanta oltre 40 anni di esperienza professionale, con ruoli di crescente responsabilit\u00e0 ricoperti presso il Banco di Roma, FS ed Enel: qui attualmente \u00e8 Direttore di Global Energy and Commodity Management.<\/strong><\/em><\/p>\n<p><a title=\"Il percorso professionale di Claudio Machetti\" href=\"https:\/\/www.economiaoggi.it\/tag\/claudio-machetti\/\"><img loading=\"lazy\" decoding=\"async\" src=\"https:\/\/www.economiaoggi.it\/wp-content\/uploads\/2020\/07\/Claudio-Machetti.jpg.webp\" alt=\"Claudio Machetti - Direttore della Business Line di Enel\" width=\"200\" height=\"141\" \/><\/a><\/p>\n<h2>Claudio Machetti: il percorso manageriale in Enel<\/h2>\n<p><a title=\"Claudio Machetti - oltre 40 anni di carriera\" href=\"https:\/\/www.economiaoggi.it\/tag\/claudio-machetti\/\"><strong>Claudio Machetti <\/strong><\/a>ha costruito nel corso degli anni una carriera di successo ricoprendo diversi incarichi di rilievo. Nel 2000, ha esordito professionalmente presso il Gruppo Enel come Responsabile dell&#8217;Area Finanza, contribuendo anche alla creazione di Enelfactor, una societ\u00e0 finanziaria di cui \u00e8 diventato Amministratore Delegato. Ha quindi assunto posizioni di leadership come Presidente dei fondi pensione Fondenel e Fopen. Nel 2009 \u00e8 stato nominato Direttore Finanziario di Enel e successivamente ha assunto il ruolo di Direttore della funzione Risk Management. Nel 2014, \u00e8 stato chiamato a dirigere la Global Trading, Business Line di Enel in qualit\u00e0 di Responsabile della gestione del sourcing di carbone, gas e olio combustibile, nonch\u00e9 dell&#8217;operativit\u00e0 sui mercati all&#8217;ingrosso di gas ed energia elettrica. <strong>Claudio Machetti<\/strong> ha anche supervisionato l&#8217;ottimizzazione commerciale del parco di produzione del Gruppo. \u00c8 stato anche Consigliere nei Board di consociate quali Endesa, Terna e Wind Telecomunicazioni.<\/p>\n<h2>Claudio Machetti: l\u2019esperienza presso il Banco di Roma e FS<\/h2>\n<p>La carriera di <strong>Claudio Machetti<\/strong> ha preso avvio nel settore bancario, presso il Banco di Roma, nel 1983. Dopo un anno trascorso nella filiale di Milano, \u00e8 stato trasferito alla Direzione Centrale di Roma come analista finanziario, incaricato di valutare la situazione creditizia di grandi gruppi industriali italiani. Ha sviluppato una specializzazione in equity e ha assunto ruoli di crescente responsabilit\u00e0 come funzionario della Direzione Finanziaria e Vicedirettore Responsabile del Nucleo Analisti Finanziari. Nel 1992 ha intrapreso una nuova sfida entrando a far parte di Ferrovie dello Stato Italiane. Qui ha ricoperto il ruolo di Responsabile dell&#8217;Unit\u00e0 Mercati Finanziari e successivamente \u00e8 stato nominato Direttore della Finanza Operativa. In questo periodo, <strong>Claudio Machetti<\/strong> ha contribuito alla fondazione di Fercredit, una societ\u00e0 finanziaria specializzata nel factoring, nel leasing e nel credito al consumo, per la quale ha ricoperto anche la carica di Amministratore Delegato.<\/p>\n","protected":false},"excerpt":{"rendered":"<p>Claudio Machetti vanta oltre 40 anni di esperienza professionale, con ruoli di crescente responsabilit\u00e0 ricoperti presso il Banco di Roma, FS ed Enel: qui attualmente \u00e8 Direttore di Global Energy and Commodity Management. Claudio Machetti: il percorso manageriale in Enel Claudio Machetti ha costruito nel corso degli anni una carriera di successo ricoprendo diversi incarichi di rilievo. Nel 2000, ha esordito professionalmente presso il Gruppo Enel come Responsabile dell&#8217;Area Finanza,<\/p>\n<p><a class=\"continue-reading\" href=\"https:\/\/www.article-marketing.eu\/comunicatistampa\/claudio-machetti-gli-incarichi-di-rilievo-ricoperti-nel-corso-degli-anni\/\">Continue reading&#8230;<\/a><\/p>\n","protected":false},"author":6477,"featured_media":0,"comment_status":"open","ping_status":"open","sticky":false,"template":"","format":"standard","meta":{"_monsterinsights_skip_tracking":false,"_monsterinsights_sitenote_active":false,"_monsterinsights_sitenote_note":"","_monsterinsights_sitenote_category":0,"footnotes":""},"categories":[386],"tags":[9886],"class_list":["post-27483","post","type-post","status-publish","format-standard","hentry","category-economia-e-lavoro","tag-claudio-machetti"],"yoast_head":"<!-- This site is optimized with the Yoast SEO plugin v27.3 - https:\/\/yoast.com\/product\/yoast-seo-wordpress\/ -->\n<title>Claudio Machetti: gli incarichi di rilievo ricoperti nel corso degli anni<\/title>\n<meta name=\"robots\" content=\"index, follow, max-snippet:-1, max-image-preview:large, max-video-preview:-1\" \/>\n<link rel=\"canonical\" href=\"https:\/\/www.article-marketing.eu\/comunicatistampa\/claudio-machetti-gli-incarichi-di-rilievo-ricoperti-nel-corso-degli-anni\/\" \/>\n<meta property=\"og:locale\" content=\"it_IT\" \/>\n<meta property=\"og:type\" content=\"article\" \/>\n<meta property=\"og:title\" content=\"Claudio Machetti: gli incarichi di rilievo ricoperti nel corso degli anni\" \/>\n<meta property=\"og:description\" content=\"Claudio Machetti vanta oltre 40 anni di esperienza professionale, con ruoli di crescente responsabilit\u00e0 ricoperti presso il Banco di Roma, FS ed Enel: qui attualmente \u00e8 Direttore di Global Energy and Commodity Management. Claudio Machetti: il percorso manageriale in Enel Claudio Machetti ha costruito nel corso degli anni una carriera di successo ricoprendo diversi incarichi di rilievo. Nel 2000, ha esordito professionalmente presso il Gruppo Enel come Responsabile dell&#8217;Area Finanza,Continue reading...\" \/>\n<meta property=\"og:url\" content=\"https:\/\/www.article-marketing.eu\/comunicatistampa\/claudio-machetti-gli-incarichi-di-rilievo-ricoperti-nel-corso-degli-anni\/\" \/>\n<meta property=\"og:site_name\" content=\"Article Marketing\" \/>\n<meta property=\"article:published_time\" content=\"2023-05-31T10:13:40+00:00\" \/>\n<meta property=\"article:modified_time\" content=\"2023-05-31T10:22:13+00:00\" \/>\n<meta property=\"og:image\" content=\"https:\/\/www.economiaoggi.it\/wp-content\/uploads\/2020\/07\/Claudio-Machetti.jpg.webp\" \/>\n<meta name=\"author\" content=\"articolinews\" \/>\n<meta name=\"twitter:card\" content=\"summary_large_image\" \/>\n<meta name=\"twitter:label1\" content=\"Scritto da\" \/>\n\t<meta name=\"twitter:data1\" content=\"articolinews\" \/>\n\t<meta name=\"twitter:label2\" content=\"Tempo di lettura stimato\" \/>\n\t<meta name=\"twitter:data2\" content=\"2 minuti\" \/>\n<script type=\"application\/ld+json\" class=\"yoast-schema-graph\">{\"@context\":\"https:\\\/\\\/schema.org\",\"@graph\":[{\"@type\":\"Article\",\"@id\":\"https:\\\/\\\/www.article-marketing.eu\\\/comunicatistampa\\\/claudio-machetti-gli-incarichi-di-rilievo-ricoperti-nel-corso-degli-anni\\\/#article\",\"isPartOf\":{\"@id\":\"https:\\\/\\\/www.article-marketing.eu\\\/comunicatistampa\\\/claudio-machetti-gli-incarichi-di-rilievo-ricoperti-nel-corso-degli-anni\\\/\"},\"author\":{\"name\":\"articolinews\",\"@id\":\"https:\\\/\\\/www.article-marketing.eu\\\/comunicatistampa\\\/#\\\/schema\\\/person\\\/2fcaf8f8f3a9eef9eb7f27532d3ca458\"},\"headline\":\"Claudio Machetti: gli incarichi di rilievo ricoperti nel corso degli anni\",\"datePublished\":\"2023-05-31T10:13:40+00:00\",\"dateModified\":\"2023-05-31T10:22:13+00:00\",\"mainEntityOfPage\":{\"@id\":\"https:\\\/\\\/www.article-marketing.eu\\\/comunicatistampa\\\/claudio-machetti-gli-incarichi-di-rilievo-ricoperti-nel-corso-degli-anni\\\/\"},\"wordCount\":337,\"commentCount\":0,\"image\":{\"@id\":\"https:\\\/\\\/www.article-marketing.eu\\\/comunicatistampa\\\/claudio-machetti-gli-incarichi-di-rilievo-ricoperti-nel-corso-degli-anni\\\/#primaryimage\"},\"thumbnailUrl\":\"https:\\\/\\\/www.economiaoggi.it\\\/wp-content\\\/uploads\\\/2020\\\/07\\\/Claudio-Machetti.jpg.webp\",\"keywords\":[\"Claudio Machetti\"],\"articleSection\":[\"Economia e lavoro\"],\"inLanguage\":\"it-IT\",\"potentialAction\":[{\"@type\":\"CommentAction\",\"name\":\"Comment\",\"target\":[\"https:\\\/\\\/www.article-marketing.eu\\\/comunicatistampa\\\/claudio-machetti-gli-incarichi-di-rilievo-ricoperti-nel-corso-degli-anni\\\/#respond\"]}]},{\"@type\":\"WebPage\",\"@id\":\"https:\\\/\\\/www.article-marketing.eu\\\/comunicatistampa\\\/claudio-machetti-gli-incarichi-di-rilievo-ricoperti-nel-corso-degli-anni\\\/\",\"url\":\"https:\\\/\\\/www.article-marketing.eu\\\/comunicatistampa\\\/claudio-machetti-gli-incarichi-di-rilievo-ricoperti-nel-corso-degli-anni\\\/\",\"name\":\"Claudio Machetti: gli incarichi di rilievo ricoperti nel corso degli anni\",\"isPartOf\":{\"@id\":\"https:\\\/\\\/www.article-marketing.eu\\\/comunicatistampa\\\/#website\"},\"primaryImageOfPage\":{\"@id\":\"https:\\\/\\\/www.article-marketing.eu\\\/comunicatistampa\\\/claudio-machetti-gli-incarichi-di-rilievo-ricoperti-nel-corso-degli-anni\\\/#primaryimage\"},\"image\":{\"@id\":\"https:\\\/\\\/www.article-marketing.eu\\\/comunicatistampa\\\/claudio-machetti-gli-incarichi-di-rilievo-ricoperti-nel-corso-degli-anni\\\/#primaryimage\"},\"thumbnailUrl\":\"https:\\\/\\\/www.economiaoggi.it\\\/wp-content\\\/uploads\\\/2020\\\/07\\\/Claudio-Machetti.jpg.webp\",\"datePublished\":\"2023-05-31T10:13:40+00:00\",\"dateModified\":\"2023-05-31T10:22:13+00:00\",\"author\":{\"@id\":\"https:\\\/\\\/www.article-marketing.eu\\\/comunicatistampa\\\/#\\\/schema\\\/person\\\/2fcaf8f8f3a9eef9eb7f27532d3ca458\"},\"breadcrumb\":{\"@id\":\"https:\\\/\\\/www.article-marketing.eu\\\/comunicatistampa\\\/claudio-machetti-gli-incarichi-di-rilievo-ricoperti-nel-corso-degli-anni\\\/#breadcrumb\"},\"inLanguage\":\"it-IT\",\"potentialAction\":[{\"@type\":\"ReadAction\",\"target\":[\"https:\\\/\\\/www.article-marketing.eu\\\/comunicatistampa\\\/claudio-machetti-gli-incarichi-di-rilievo-ricoperti-nel-corso-degli-anni\\\/\"]}]},{\"@type\":\"ImageObject\",\"inLanguage\":\"it-IT\",\"@id\":\"https:\\\/\\\/www.article-marketing.eu\\\/comunicatistampa\\\/claudio-machetti-gli-incarichi-di-rilievo-ricoperti-nel-corso-degli-anni\\\/#primaryimage\",\"url\":\"https:\\\/\\\/www.economiaoggi.it\\\/wp-content\\\/uploads\\\/2020\\\/07\\\/Claudio-Machetti.jpg.webp\",\"contentUrl\":\"https:\\\/\\\/www.economiaoggi.it\\\/wp-content\\\/uploads\\\/2020\\\/07\\\/Claudio-Machetti.jpg.webp\"},{\"@type\":\"BreadcrumbList\",\"@id\":\"https:\\\/\\\/www.article-marketing.eu\\\/comunicatistampa\\\/claudio-machetti-gli-incarichi-di-rilievo-ricoperti-nel-corso-degli-anni\\\/#breadcrumb\",\"itemListElement\":[{\"@type\":\"ListItem\",\"position\":1,\"name\":\"Home\",\"item\":\"https:\\\/\\\/www.article-marketing.eu\\\/comunicatistampa\\\/\"},{\"@type\":\"ListItem\",\"position\":2,\"name\":\"Claudio Machetti: gli incarichi di rilievo ricoperti nel corso degli anni\"}]},{\"@type\":\"WebSite\",\"@id\":\"https:\\\/\\\/www.article-marketing.eu\\\/comunicatistampa\\\/#website\",\"url\":\"https:\\\/\\\/www.article-marketing.eu\\\/comunicatistampa\\\/\",\"name\":\"Article Marketing\",\"description\":\"article marketing &amp; press release\",\"potentialAction\":[{\"@type\":\"SearchAction\",\"target\":{\"@type\":\"EntryPoint\",\"urlTemplate\":\"https:\\\/\\\/www.article-marketing.eu\\\/comunicatistampa\\\/?s={search_term_string}\"},\"query-input\":{\"@type\":\"PropertyValueSpecification\",\"valueRequired\":true,\"valueName\":\"search_term_string\"}}],\"inLanguage\":\"it-IT\"},{\"@type\":\"Person\",\"@id\":\"https:\\\/\\\/www.article-marketing.eu\\\/comunicatistampa\\\/#\\\/schema\\\/person\\\/2fcaf8f8f3a9eef9eb7f27532d3ca458\",\"name\":\"articolinews\",\"image\":{\"@type\":\"ImageObject\",\"inLanguage\":\"it-IT\",\"@id\":\"https:\\\/\\\/secure.gravatar.com\\\/avatar\\\/9e2a264bab04e17dea24d937c9956304649a848cb73c46747a692ff1bdeb1cb7?s=96&d=mm&r=g\",\"url\":\"https:\\\/\\\/secure.gravatar.com\\\/avatar\\\/9e2a264bab04e17dea24d937c9956304649a848cb73c46747a692ff1bdeb1cb7?s=96&d=mm&r=g\",\"contentUrl\":\"https:\\\/\\\/secure.gravatar.com\\\/avatar\\\/9e2a264bab04e17dea24d937c9956304649a848cb73c46747a692ff1bdeb1cb7?s=96&d=mm&r=g\",\"caption\":\"articolinews\"},\"url\":\"https:\\\/\\\/www.article-marketing.eu\\\/comunicatistampa\\\/author\\\/articolinews\\\/\"}]}<\/script>\n<!-- \/ Yoast SEO plugin. -->","yoast_head_json":{"title":"Claudio Machetti: gli incarichi di rilievo ricoperti nel corso degli anni","robots":{"index":"index","follow":"follow","max-snippet":"max-snippet:-1","max-image-preview":"max-image-preview:large","max-video-preview":"max-video-preview:-1"},"canonical":"https:\/\/www.article-marketing.eu\/comunicatistampa\/claudio-machetti-gli-incarichi-di-rilievo-ricoperti-nel-corso-degli-anni\/","og_locale":"it_IT","og_type":"article","og_title":"Claudio Machetti: gli incarichi di rilievo ricoperti nel corso degli anni","og_description":"Claudio Machetti vanta oltre 40 anni di esperienza professionale, con ruoli di crescente responsabilit\u00e0 ricoperti presso il Banco di Roma, FS ed Enel: qui attualmente \u00e8 Direttore di Global Energy and Commodity Management. Claudio Machetti: il percorso manageriale in Enel Claudio Machetti ha costruito nel corso degli anni una carriera di successo ricoprendo diversi incarichi di rilievo. Nel 2000, ha esordito professionalmente presso il Gruppo Enel come Responsabile dell&#8217;Area Finanza,Continue reading...","og_url":"https:\/\/www.article-marketing.eu\/comunicatistampa\/claudio-machetti-gli-incarichi-di-rilievo-ricoperti-nel-corso-degli-anni\/","og_site_name":"Article Marketing","article_published_time":"2023-05-31T10:13:40+00:00","article_modified_time":"2023-05-31T10:22:13+00:00","og_image":[{"url":"https:\/\/www.economiaoggi.it\/wp-content\/uploads\/2020\/07\/Claudio-Machetti.jpg.webp","type":"","width":"","height":""}],"author":"articolinews","twitter_card":"summary_large_image","twitter_misc":{"Scritto da":"articolinews","Tempo di lettura stimato":"2 minuti"},"schema":{"@context":"https:\/\/schema.org","@graph":[{"@type":"Article","@id":"https:\/\/www.article-marketing.eu\/comunicatistampa\/claudio-machetti-gli-incarichi-di-rilievo-ricoperti-nel-corso-degli-anni\/#article","isPartOf":{"@id":"https:\/\/www.article-marketing.eu\/comunicatistampa\/claudio-machetti-gli-incarichi-di-rilievo-ricoperti-nel-corso-degli-anni\/"},"author":{"name":"articolinews","@id":"https:\/\/www.article-marketing.eu\/comunicatistampa\/#\/schema\/person\/2fcaf8f8f3a9eef9eb7f27532d3ca458"},"headline":"Claudio Machetti: gli incarichi di rilievo ricoperti nel corso degli anni","datePublished":"2023-05-31T10:13:40+00:00","dateModified":"2023-05-31T10:22:13+00:00","mainEntityOfPage":{"@id":"https:\/\/www.article-marketing.eu\/comunicatistampa\/claudio-machetti-gli-incarichi-di-rilievo-ricoperti-nel-corso-degli-anni\/"},"wordCount":337,"commentCount":0,"image":{"@id":"https:\/\/www.article-marketing.eu\/comunicatistampa\/claudio-machetti-gli-incarichi-di-rilievo-ricoperti-nel-corso-degli-anni\/#primaryimage"},"thumbnailUrl":"https:\/\/www.economiaoggi.it\/wp-content\/uploads\/2020\/07\/Claudio-Machetti.jpg.webp","keywords":["Claudio Machetti"],"articleSection":["Economia e lavoro"],"inLanguage":"it-IT","potentialAction":[{"@type":"CommentAction","name":"Comment","target":["https:\/\/www.article-marketing.eu\/comunicatistampa\/claudio-machetti-gli-incarichi-di-rilievo-ricoperti-nel-corso-degli-anni\/#respond"]}]},{"@type":"WebPage","@id":"https:\/\/www.article-marketing.eu\/comunicatistampa\/claudio-machetti-gli-incarichi-di-rilievo-ricoperti-nel-corso-degli-anni\/","url":"https:\/\/www.article-marketing.eu\/comunicatistampa\/claudio-machetti-gli-incarichi-di-rilievo-ricoperti-nel-corso-degli-anni\/","name":"Claudio Machetti: gli incarichi di rilievo ricoperti nel corso degli anni","isPartOf":{"@id":"https:\/\/www.article-marketing.eu\/comunicatistampa\/#website"},"primaryImageOfPage":{"@id":"https:\/\/www.article-marketing.eu\/comunicatistampa\/claudio-machetti-gli-incarichi-di-rilievo-ricoperti-nel-corso-degli-anni\/#primaryimage"},"image":{"@id":"https:\/\/www.article-marketing.eu\/comunicatistampa\/claudio-machetti-gli-incarichi-di-rilievo-ricoperti-nel-corso-degli-anni\/#primaryimage"},"thumbnailUrl":"https:\/\/www.economiaoggi.it\/wp-content\/uploads\/2020\/07\/Claudio-Machetti.jpg.webp","datePublished":"2023-05-31T10:13:40+00:00","dateModified":"2023-05-31T10:22:13+00:00","author":{"@id":"https:\/\/www.article-marketing.eu\/comunicatistampa\/#\/schema\/person\/2fcaf8f8f3a9eef9eb7f27532d3ca458"},"breadcrumb":{"@id":"https:\/\/www.article-marketing.eu\/comunicatistampa\/claudio-machetti-gli-incarichi-di-rilievo-ricoperti-nel-corso-degli-anni\/#breadcrumb"},"inLanguage":"it-IT","potentialAction":[{"@type":"ReadAction","target":["https:\/\/www.article-marketing.eu\/comunicatistampa\/claudio-machetti-gli-incarichi-di-rilievo-ricoperti-nel-corso-degli-anni\/"]}]},{"@type":"ImageObject","inLanguage":"it-IT","@id":"https:\/\/www.article-marketing.eu\/comunicatistampa\/claudio-machetti-gli-incarichi-di-rilievo-ricoperti-nel-corso-degli-anni\/#primaryimage","url":"https:\/\/www.economiaoggi.it\/wp-content\/uploads\/2020\/07\/Claudio-Machetti.jpg.webp","contentUrl":"https:\/\/www.economiaoggi.it\/wp-content\/uploads\/2020\/07\/Claudio-Machetti.jpg.webp"},{"@type":"BreadcrumbList","@id":"https:\/\/www.article-marketing.eu\/comunicatistampa\/claudio-machetti-gli-incarichi-di-rilievo-ricoperti-nel-corso-degli-anni\/#breadcrumb","itemListElement":[{"@type":"ListItem","position":1,"name":"Home","item":"https:\/\/www.article-marketing.eu\/comunicatistampa\/"},{"@type":"ListItem","position":2,"name":"Claudio Machetti: gli incarichi di rilievo ricoperti nel corso degli anni"}]},{"@type":"WebSite","@id":"https:\/\/www.article-marketing.eu\/comunicatistampa\/#website","url":"https:\/\/www.article-marketing.eu\/comunicatistampa\/","name":"Article Marketing","description":"article marketing &amp; press release","potentialAction":[{"@type":"SearchAction","target":{"@type":"EntryPoint","urlTemplate":"https:\/\/www.article-marketing.eu\/comunicatistampa\/?s={search_term_string}"},"query-input":{"@type":"PropertyValueSpecification","valueRequired":true,"valueName":"search_term_string"}}],"inLanguage":"it-IT"},{"@type":"Person","@id":"https:\/\/www.article-marketing.eu\/comunicatistampa\/#\/schema\/person\/2fcaf8f8f3a9eef9eb7f27532d3ca458","name":"articolinews","image":{"@type":"ImageObject","inLanguage":"it-IT","@id":"https:\/\/secure.gravatar.com\/avatar\/9e2a264bab04e17dea24d937c9956304649a848cb73c46747a692ff1bdeb1cb7?s=96&d=mm&r=g","url":"https:\/\/secure.gravatar.com\/avatar\/9e2a264bab04e17dea24d937c9956304649a848cb73c46747a692ff1bdeb1cb7?s=96&d=mm&r=g","contentUrl":"https:\/\/secure.gravatar.com\/avatar\/9e2a264bab04e17dea24d937c9956304649a848cb73c46747a692ff1bdeb1cb7?s=96&d=mm&r=g","caption":"articolinews"},"url":"https:\/\/www.article-marketing.eu\/comunicatistampa\/author\/articolinews\/"}]}},"_links":{"self":[{"href":"https:\/\/www.article-marketing.eu\/comunicatistampa\/wp-json\/wp\/v2\/posts\/27483","targetHints":{"allow":["GET"]}}],"collection":[{"href":"https:\/\/www.article-marketing.eu\/comunicatistampa\/wp-json\/wp\/v2\/posts"}],"about":[{"href":"https:\/\/www.article-marketing.eu\/comunicatistampa\/wp-json\/wp\/v2\/types\/post"}],"author":[{"embeddable":true,"href":"https:\/\/www.article-marketing.eu\/comunicatistampa\/wp-json\/wp\/v2\/users\/6477"}],"replies":[{"embeddable":true,"href":"https:\/\/www.article-marketing.eu\/comunicatistampa\/wp-json\/wp\/v2\/comments?post=27483"}],"version-history":[{"count":2,"href":"https:\/\/www.article-marketing.eu\/comunicatistampa\/wp-json\/wp\/v2\/posts\/27483\/revisions"}],"predecessor-version":[{"id":27525,"href":"https:\/\/www.article-marketing.eu\/comunicatistampa\/wp-json\/wp\/v2\/posts\/27483\/revisions\/27525"}],"wp:attachment":[{"href":"https:\/\/www.article-marketing.eu\/comunicatistampa\/wp-json\/wp\/v2\/media?parent=27483"}],"wp:term":[{"taxonomy":"category","embeddable":true,"href":"https:\/\/www.article-marketing.eu\/comunicatistampa\/wp-json\/wp\/v2\/categories?post=27483"},{"taxonomy":"post_tag","embeddable":true,"href":"https:\/\/www.article-marketing.eu\/comunicatistampa\/wp-json\/wp\/v2\/tags?post=27483"}],"curies":[{"name":"wp","href":"https:\/\/api.w.org\/{rel}","templated":true}]}}