{"id":27485,"date":"2023-05-29T01:09:17","date_gmt":"2023-05-28T23:09:17","guid":{"rendered":"https:\/\/www.article-marketing.eu\/comunicatistampa\/?p=27485"},"modified":"2023-05-29T01:09:17","modified_gmt":"2023-05-28T23:09:17","slug":"export-alessandra-ricci-saremo-ancora-secondi-in-europa-e-settimi-nel-mondo","status":"publish","type":"post","link":"https:\/\/www.article-marketing.eu\/comunicatistampa\/export-alessandra-ricci-saremo-ancora-secondi-in-europa-e-settimi-nel-mondo\/","title":{"rendered":"Export, Alessandra Ricci: \u201cSaremo ancora secondi in Europa e settimi nel mondo\u201d"},"content":{"rendered":"<p><em><strong>L&#8217;export \u00e8 da tempo il motore della nostra economia e continua ad esserlo nonostante l&#8217;inflazione e la guerra in Europa. Tuttavia, non essere pronti a cambiare e cogliere le opportunit\u00e0 del Made in Italy sarebbe un grave errore per le imprese italiane. A spiegarlo \u00e8 <a title=\"L'intervista ad Alessandra Ricci\" href=\"https:\/\/www.ilmessaggero.it\/economia\/moltoeconomia\/export_sace_alessandra_ricci-7377433.html\">Alessandra Ricci<\/a>, da un anno alla guida di SACE, la societ\u00e0 del Ministero dell&#8217;Economia che supporta le aziende italiane nell&#8217;espansione internazionale.<\/strong><\/em><\/p>\n<p><a title=\"Alessandra Ricci e le opportunit\u00e0 del Made in Italy\" href=\"https:\/\/www.ilmessaggero.it\/economia\/moltoeconomia\/export_sace_alessandra_ricci-7377433.html\"><img loading=\"lazy\" decoding=\"async\" src=\"https:\/\/statics.cedscdn.it\/photos\/MED_HIGH\/74\/33\/7377433_02200029_alessandra_ricci_amministratore_delegato_sace_2.jpg\" alt=\"Alessandra Ricci - Amministratore Delegato SACE\" width=\"200\" height=\"110\" \/><\/a><\/p>\n<h2>Alessandra Ricci: \u201c<em>Saremo ancora il settimo esportatore a livello mondiale<\/em>\u201d<\/h2>\n<p>Il 2022 \u00e8 stato un anno positivo per le esportazioni italiane: \u00e8 stato registrato un aumento del 20% rispetto al 2021, che corrisponde a un valore di 625 miliardi di export. Solo una piccola parte dell&#8217;incremento, ricorda <strong>Alessandra Ricci<\/strong>, \u00e8 attribuibile all&#8217;aumento dei volumi, mentre il resto \u00e8 dovuto all&#8217;inflazione. Ci\u00f2 implica che i compratori stranieri sono disposti a pagare di pi\u00f9 per i prodotti italiani. L&#8217;export italiano gode di una buona reputazione a livello mondiale, consentendo alle imprese di far fronte ai maggiori costi energetici e delle materie prime. Spesso si pensa che le imprese italiane abbiano trascurato gli investimenti in digitalizzazione, ma prima dell&#8217;avvento dell&#8217;Industria 4.0, l&#8217;innovazione era scarsamente registrata nei bilanci aziendali. Solo con l&#8217;Industria 4.0 sono stati diffusi i dati relativi ai costi di ricerca e sviluppo. Questo ha permesso alle aziende pi\u00f9 dinamiche, spesso orientate all&#8217;export, di rimanere competitive. Nel corso degli ultimi 12 anni, ricorda <a title=\"L\u2019intervista rilasciata da Alessandra Ricci a \u201cIl Messaggero\u201d\" href=\"https:\/\/www.ilmessaggero.it\/economia\/moltoeconomia\/export_sace_alessandra_ricci-7377433.html\"><strong>Alessandra Ricci<\/strong><\/a>, il PIL italiano \u00e8 cresciuto solo del 2% in valore reale, mentre le esportazioni hanno registrato un aumento del 9,9%. \u201c<em>Per il 2023 prevediamo esportazioni per 650 miliardi, con un\u2019ulteriore crescita di quasi il 5 per cento<\/em>\u201d, sottolinea l\u2019AD. \u201c<em>Saremo ancora il settimo esportatore a livello mondiale e il secondo in Europa, dopo la Germania ma davanti alla Francia<\/em>\u201d. Questa \u00e8 indubbiamente una posizione eccellente per un Paese che, va ricordato, non dispone di materie prime. Alla domanda su cosa significhi investire in qualit\u00e0, <strong>Alessandra Ricci<\/strong> ha spiegato che in passato \u201c<em>per garantire l\u2019assistenza post vendita serviva che si spostassero le persone, mentre oggi nel 90% dei casi si pu\u00f2 fare da remoto e questo \u00e8 stato possibile proprio perch\u00e9 si \u00e8 investito in digitalizzazione. E questi investimenti si trasformano tutti in valore aggiunto perch\u00e9 non c\u2019\u00e8 pi\u00f9 il costo delle\u00a0materie prime<\/em>\u201d.<\/p>\n<h2>Alessandra Ricci: l\u2019azione di SACE per ampliare la presenza italiana all\u2019estero<\/h2>\n<p>La sostenibilit\u00e0 \u00e8 un altro tema estremamente attuale e di fondamentale importanza. L&#8217;indipendenza energetica diventa un fattore cruciale per mantenere la competitivit\u00e0, soprattutto per le imprese che esportano. Se i prezzi continuano ad aumentare, specifica <strong>Alessandra Ricci<\/strong>, diventer\u00e0 essenziale implementare significativi risparmi energetici per rimanere in pista. SACE sta infatti investendo molto anche in questa direzione. Il risparmio energetico sar\u00e0 un elemento discriminante tra chi sar\u00e0 presente sul mercato e chi ne sar\u00e0 escluso. Il Gruppo ha fornito 54 miliardi di garanzie nel 2022. Di questi, 22 miliardi sono stati destinati a supportare l&#8217;export, 29 miliardi a sostenere la liquidit\u00e0 nel mercato interno e 3 miliardi sono stati investiti nelle piccole e medie imprese per progetti sostenibili. \u00c8 fondamentale creare una cultura che valorizzi la sostenibilit\u00e0, poich\u00e9 presto i fornitori saranno selezionati in base ai criteri ESG. Chi esporta dovr\u00e0 garantire la sostenibilit\u00e0 dell&#8217;intera catena di fornitura, e chi non ha investito in questa direzione rester\u00e0 tagliato fuori. L&#8217;azione di SACE per espandere la presenza italiana all&#8217;estero implica la creazione di relazioni e l&#8217;accompagnamento delle imprese con coperture e garanzie. Il Gruppo cerca di favorire l&#8217;export in Paesi in cui c&#8217;\u00e8 ancora un potenziale di crescita non sfruttato. La realt\u00e0 guidata da <strong>Alessandra Ricci<\/strong> identifica i grandi acquirenti e li mette in contatto con le aziende italiane rilevanti nel settore, organizzando eventi di business matching. Le imprese italiane hanno cos\u00ec l&#8217;opportunit\u00e0 di presentarsi: spetta poi a loro sfruttarla al meglio. Inoltre, il Gruppo punta all&#8217;apertura di nuovi mercati per gli stessi prodotti. Ad esempio, alcune aziende che esportavano solo in Russia si sono trovate a dover affrontare la chiusura di quel mercato. Con le coperture \u201ca ombrello\u201d, vengono accompagnate verso la diversificazione. In questo modo, una crisi pu\u00f2 diventare un&#8217;opportunit\u00e0 che altrimenti non sarebbe stata colta. Ma quali sono le aree del mondo attualmente pi\u00f9 promettenti? Il Medio Oriente, sottolinea <strong>Alessandra Ricci<\/strong>, \u201c<em>sta facendo grandi investimenti infrastrutturali grazie ai margini sui prodotti energetici<\/em>\u201d. Paradossalmente, i Paesi produttori di petrolio possono accelerare verso la sostenibilit\u00e0 in modo molto pi\u00f9 rapido rispetto a noi. Mentre l&#8217;America Latina offre buone opportunit\u00e0 in diversi settori, come il Messico per la manifattura e il Brasile per le energie rinnovabili. In Africa, invece, la situazione \u00e8 variegata, con alcune economie che offrono interessanti opportunit\u00e0.<\/p>\n","protected":false},"excerpt":{"rendered":"<p>L&#8217;export \u00e8 da tempo il motore della nostra economia e continua ad esserlo nonostante l&#8217;inflazione e la guerra in Europa. Tuttavia, non essere pronti a cambiare e cogliere le opportunit\u00e0 del Made in Italy sarebbe un grave errore per le imprese italiane. A spiegarlo \u00e8 Alessandra Ricci, da un anno alla guida di SACE, la societ\u00e0 del Ministero dell&#8217;Economia che supporta le aziende italiane nell&#8217;espansione internazionale. Alessandra Ricci: \u201cSaremo ancora<\/p>\n<p><a class=\"continue-reading\" href=\"https:\/\/www.article-marketing.eu\/comunicatistampa\/export-alessandra-ricci-saremo-ancora-secondi-in-europa-e-settimi-nel-mondo\/\">Continue reading&#8230;<\/a><\/p>\n","protected":false},"author":6477,"featured_media":0,"comment_status":"open","ping_status":"open","sticky":false,"template":"","format":"standard","meta":{"_monsterinsights_skip_tracking":false,"_monsterinsights_sitenote_active":false,"_monsterinsights_sitenote_note":"","_monsterinsights_sitenote_category":0,"footnotes":""},"categories":[386],"tags":[10148],"class_list":["post-27485","post","type-post","status-publish","format-standard","hentry","category-economia-e-lavoro","tag-alessandra-ricci"],"yoast_head":"<!-- This site is optimized with the Yoast SEO plugin v27.3 - https:\/\/yoast.com\/product\/yoast-seo-wordpress\/ -->\n<title>Export, Alessandra Ricci: \u201cSaremo ancora secondi in Europa e settimi nel mondo\u201d<\/title>\n<meta name=\"robots\" content=\"index, follow, max-snippet:-1, max-image-preview:large, max-video-preview:-1\" \/>\n<link rel=\"canonical\" href=\"https:\/\/www.article-marketing.eu\/comunicatistampa\/export-alessandra-ricci-saremo-ancora-secondi-in-europa-e-settimi-nel-mondo\/\" \/>\n<meta property=\"og:locale\" content=\"it_IT\" \/>\n<meta property=\"og:type\" content=\"article\" \/>\n<meta property=\"og:title\" content=\"Export, Alessandra Ricci: \u201cSaremo ancora secondi in Europa e settimi nel mondo\u201d\" \/>\n<meta property=\"og:description\" content=\"L&#8217;export \u00e8 da tempo il motore della nostra economia e continua ad esserlo nonostante l&#8217;inflazione e la guerra in Europa. Tuttavia, non essere pronti a cambiare e cogliere le opportunit\u00e0 del Made in Italy sarebbe un grave errore per le imprese italiane. A spiegarlo \u00e8 Alessandra Ricci, da un anno alla guida di SACE, la societ\u00e0 del Ministero dell&#8217;Economia che supporta le aziende italiane nell&#8217;espansione internazionale. Alessandra Ricci: \u201cSaremo ancoraContinue reading...\" \/>\n<meta property=\"og:url\" content=\"https:\/\/www.article-marketing.eu\/comunicatistampa\/export-alessandra-ricci-saremo-ancora-secondi-in-europa-e-settimi-nel-mondo\/\" \/>\n<meta property=\"og:site_name\" content=\"Article Marketing\" \/>\n<meta property=\"article:published_time\" content=\"2023-05-28T23:09:17+00:00\" \/>\n<meta property=\"og:image\" content=\"https:\/\/statics.cedscdn.it\/photos\/MED_HIGH\/74\/33\/7377433_02200029_alessandra_ricci_amministratore_delegato_sace_2.jpg\" \/>\n<meta name=\"author\" content=\"articolinews\" \/>\n<meta name=\"twitter:card\" content=\"summary_large_image\" \/>\n<meta name=\"twitter:label1\" content=\"Scritto da\" \/>\n\t<meta name=\"twitter:data1\" content=\"articolinews\" \/>\n\t<meta name=\"twitter:label2\" content=\"Tempo di lettura stimato\" \/>\n\t<meta name=\"twitter:data2\" content=\"5 minuti\" \/>\n<script type=\"application\/ld+json\" class=\"yoast-schema-graph\">{\"@context\":\"https:\\\/\\\/schema.org\",\"@graph\":[{\"@type\":\"Article\",\"@id\":\"https:\\\/\\\/www.article-marketing.eu\\\/comunicatistampa\\\/export-alessandra-ricci-saremo-ancora-secondi-in-europa-e-settimi-nel-mondo\\\/#article\",\"isPartOf\":{\"@id\":\"https:\\\/\\\/www.article-marketing.eu\\\/comunicatistampa\\\/export-alessandra-ricci-saremo-ancora-secondi-in-europa-e-settimi-nel-mondo\\\/\"},\"author\":{\"name\":\"articolinews\",\"@id\":\"https:\\\/\\\/www.article-marketing.eu\\\/comunicatistampa\\\/#\\\/schema\\\/person\\\/2fcaf8f8f3a9eef9eb7f27532d3ca458\"},\"headline\":\"Export, Alessandra Ricci: \u201cSaremo ancora secondi in Europa e settimi nel mondo\u201d\",\"datePublished\":\"2023-05-28T23:09:17+00:00\",\"mainEntityOfPage\":{\"@id\":\"https:\\\/\\\/www.article-marketing.eu\\\/comunicatistampa\\\/export-alessandra-ricci-saremo-ancora-secondi-in-europa-e-settimi-nel-mondo\\\/\"},\"wordCount\":747,\"commentCount\":0,\"image\":{\"@id\":\"https:\\\/\\\/www.article-marketing.eu\\\/comunicatistampa\\\/export-alessandra-ricci-saremo-ancora-secondi-in-europa-e-settimi-nel-mondo\\\/#primaryimage\"},\"thumbnailUrl\":\"https:\\\/\\\/statics.cedscdn.it\\\/photos\\\/MED_HIGH\\\/74\\\/33\\\/7377433_02200029_alessandra_ricci_amministratore_delegato_sace_2.jpg\",\"keywords\":[\"Alessandra Ricci\"],\"articleSection\":[\"Economia e lavoro\"],\"inLanguage\":\"it-IT\",\"potentialAction\":[{\"@type\":\"CommentAction\",\"name\":\"Comment\",\"target\":[\"https:\\\/\\\/www.article-marketing.eu\\\/comunicatistampa\\\/export-alessandra-ricci-saremo-ancora-secondi-in-europa-e-settimi-nel-mondo\\\/#respond\"]}]},{\"@type\":\"WebPage\",\"@id\":\"https:\\\/\\\/www.article-marketing.eu\\\/comunicatistampa\\\/export-alessandra-ricci-saremo-ancora-secondi-in-europa-e-settimi-nel-mondo\\\/\",\"url\":\"https:\\\/\\\/www.article-marketing.eu\\\/comunicatistampa\\\/export-alessandra-ricci-saremo-ancora-secondi-in-europa-e-settimi-nel-mondo\\\/\",\"name\":\"Export, Alessandra Ricci: \u201cSaremo ancora secondi in Europa e settimi nel mondo\u201d\",\"isPartOf\":{\"@id\":\"https:\\\/\\\/www.article-marketing.eu\\\/comunicatistampa\\\/#website\"},\"primaryImageOfPage\":{\"@id\":\"https:\\\/\\\/www.article-marketing.eu\\\/comunicatistampa\\\/export-alessandra-ricci-saremo-ancora-secondi-in-europa-e-settimi-nel-mondo\\\/#primaryimage\"},\"image\":{\"@id\":\"https:\\\/\\\/www.article-marketing.eu\\\/comunicatistampa\\\/export-alessandra-ricci-saremo-ancora-secondi-in-europa-e-settimi-nel-mondo\\\/#primaryimage\"},\"thumbnailUrl\":\"https:\\\/\\\/statics.cedscdn.it\\\/photos\\\/MED_HIGH\\\/74\\\/33\\\/7377433_02200029_alessandra_ricci_amministratore_delegato_sace_2.jpg\",\"datePublished\":\"2023-05-28T23:09:17+00:00\",\"author\":{\"@id\":\"https:\\\/\\\/www.article-marketing.eu\\\/comunicatistampa\\\/#\\\/schema\\\/person\\\/2fcaf8f8f3a9eef9eb7f27532d3ca458\"},\"breadcrumb\":{\"@id\":\"https:\\\/\\\/www.article-marketing.eu\\\/comunicatistampa\\\/export-alessandra-ricci-saremo-ancora-secondi-in-europa-e-settimi-nel-mondo\\\/#breadcrumb\"},\"inLanguage\":\"it-IT\",\"potentialAction\":[{\"@type\":\"ReadAction\",\"target\":[\"https:\\\/\\\/www.article-marketing.eu\\\/comunicatistampa\\\/export-alessandra-ricci-saremo-ancora-secondi-in-europa-e-settimi-nel-mondo\\\/\"]}]},{\"@type\":\"ImageObject\",\"inLanguage\":\"it-IT\",\"@id\":\"https:\\\/\\\/www.article-marketing.eu\\\/comunicatistampa\\\/export-alessandra-ricci-saremo-ancora-secondi-in-europa-e-settimi-nel-mondo\\\/#primaryimage\",\"url\":\"https:\\\/\\\/statics.cedscdn.it\\\/photos\\\/MED_HIGH\\\/74\\\/33\\\/7377433_02200029_alessandra_ricci_amministratore_delegato_sace_2.jpg\",\"contentUrl\":\"https:\\\/\\\/statics.cedscdn.it\\\/photos\\\/MED_HIGH\\\/74\\\/33\\\/7377433_02200029_alessandra_ricci_amministratore_delegato_sace_2.jpg\"},{\"@type\":\"BreadcrumbList\",\"@id\":\"https:\\\/\\\/www.article-marketing.eu\\\/comunicatistampa\\\/export-alessandra-ricci-saremo-ancora-secondi-in-europa-e-settimi-nel-mondo\\\/#breadcrumb\",\"itemListElement\":[{\"@type\":\"ListItem\",\"position\":1,\"name\":\"Home\",\"item\":\"https:\\\/\\\/www.article-marketing.eu\\\/comunicatistampa\\\/\"},{\"@type\":\"ListItem\",\"position\":2,\"name\":\"Export, Alessandra Ricci: \u201cSaremo ancora secondi in Europa e settimi nel mondo\u201d\"}]},{\"@type\":\"WebSite\",\"@id\":\"https:\\\/\\\/www.article-marketing.eu\\\/comunicatistampa\\\/#website\",\"url\":\"https:\\\/\\\/www.article-marketing.eu\\\/comunicatistampa\\\/\",\"name\":\"Article Marketing\",\"description\":\"article marketing &amp; press release\",\"potentialAction\":[{\"@type\":\"SearchAction\",\"target\":{\"@type\":\"EntryPoint\",\"urlTemplate\":\"https:\\\/\\\/www.article-marketing.eu\\\/comunicatistampa\\\/?s={search_term_string}\"},\"query-input\":{\"@type\":\"PropertyValueSpecification\",\"valueRequired\":true,\"valueName\":\"search_term_string\"}}],\"inLanguage\":\"it-IT\"},{\"@type\":\"Person\",\"@id\":\"https:\\\/\\\/www.article-marketing.eu\\\/comunicatistampa\\\/#\\\/schema\\\/person\\\/2fcaf8f8f3a9eef9eb7f27532d3ca458\",\"name\":\"articolinews\",\"image\":{\"@type\":\"ImageObject\",\"inLanguage\":\"it-IT\",\"@id\":\"https:\\\/\\\/secure.gravatar.com\\\/avatar\\\/9e2a264bab04e17dea24d937c9956304649a848cb73c46747a692ff1bdeb1cb7?s=96&d=mm&r=g\",\"url\":\"https:\\\/\\\/secure.gravatar.com\\\/avatar\\\/9e2a264bab04e17dea24d937c9956304649a848cb73c46747a692ff1bdeb1cb7?s=96&d=mm&r=g\",\"contentUrl\":\"https:\\\/\\\/secure.gravatar.com\\\/avatar\\\/9e2a264bab04e17dea24d937c9956304649a848cb73c46747a692ff1bdeb1cb7?s=96&d=mm&r=g\",\"caption\":\"articolinews\"},\"url\":\"https:\\\/\\\/www.article-marketing.eu\\\/comunicatistampa\\\/author\\\/articolinews\\\/\"}]}<\/script>\n<!-- \/ Yoast SEO plugin. -->","yoast_head_json":{"title":"Export, Alessandra Ricci: \u201cSaremo ancora secondi in Europa e settimi nel mondo\u201d","robots":{"index":"index","follow":"follow","max-snippet":"max-snippet:-1","max-image-preview":"max-image-preview:large","max-video-preview":"max-video-preview:-1"},"canonical":"https:\/\/www.article-marketing.eu\/comunicatistampa\/export-alessandra-ricci-saremo-ancora-secondi-in-europa-e-settimi-nel-mondo\/","og_locale":"it_IT","og_type":"article","og_title":"Export, Alessandra Ricci: \u201cSaremo ancora secondi in Europa e settimi nel mondo\u201d","og_description":"L&#8217;export \u00e8 da tempo il motore della nostra economia e continua ad esserlo nonostante l&#8217;inflazione e la guerra in Europa. Tuttavia, non essere pronti a cambiare e cogliere le opportunit\u00e0 del Made in Italy sarebbe un grave errore per le imprese italiane. A spiegarlo \u00e8 Alessandra Ricci, da un anno alla guida di SACE, la societ\u00e0 del Ministero dell&#8217;Economia che supporta le aziende italiane nell&#8217;espansione internazionale. Alessandra Ricci: \u201cSaremo ancoraContinue reading...","og_url":"https:\/\/www.article-marketing.eu\/comunicatistampa\/export-alessandra-ricci-saremo-ancora-secondi-in-europa-e-settimi-nel-mondo\/","og_site_name":"Article Marketing","article_published_time":"2023-05-28T23:09:17+00:00","og_image":[{"url":"https:\/\/statics.cedscdn.it\/photos\/MED_HIGH\/74\/33\/7377433_02200029_alessandra_ricci_amministratore_delegato_sace_2.jpg","type":"","width":"","height":""}],"author":"articolinews","twitter_card":"summary_large_image","twitter_misc":{"Scritto da":"articolinews","Tempo di lettura stimato":"5 minuti"},"schema":{"@context":"https:\/\/schema.org","@graph":[{"@type":"Article","@id":"https:\/\/www.article-marketing.eu\/comunicatistampa\/export-alessandra-ricci-saremo-ancora-secondi-in-europa-e-settimi-nel-mondo\/#article","isPartOf":{"@id":"https:\/\/www.article-marketing.eu\/comunicatistampa\/export-alessandra-ricci-saremo-ancora-secondi-in-europa-e-settimi-nel-mondo\/"},"author":{"name":"articolinews","@id":"https:\/\/www.article-marketing.eu\/comunicatistampa\/#\/schema\/person\/2fcaf8f8f3a9eef9eb7f27532d3ca458"},"headline":"Export, Alessandra Ricci: \u201cSaremo ancora secondi in Europa e settimi nel mondo\u201d","datePublished":"2023-05-28T23:09:17+00:00","mainEntityOfPage":{"@id":"https:\/\/www.article-marketing.eu\/comunicatistampa\/export-alessandra-ricci-saremo-ancora-secondi-in-europa-e-settimi-nel-mondo\/"},"wordCount":747,"commentCount":0,"image":{"@id":"https:\/\/www.article-marketing.eu\/comunicatistampa\/export-alessandra-ricci-saremo-ancora-secondi-in-europa-e-settimi-nel-mondo\/#primaryimage"},"thumbnailUrl":"https:\/\/statics.cedscdn.it\/photos\/MED_HIGH\/74\/33\/7377433_02200029_alessandra_ricci_amministratore_delegato_sace_2.jpg","keywords":["Alessandra Ricci"],"articleSection":["Economia e lavoro"],"inLanguage":"it-IT","potentialAction":[{"@type":"CommentAction","name":"Comment","target":["https:\/\/www.article-marketing.eu\/comunicatistampa\/export-alessandra-ricci-saremo-ancora-secondi-in-europa-e-settimi-nel-mondo\/#respond"]}]},{"@type":"WebPage","@id":"https:\/\/www.article-marketing.eu\/comunicatistampa\/export-alessandra-ricci-saremo-ancora-secondi-in-europa-e-settimi-nel-mondo\/","url":"https:\/\/www.article-marketing.eu\/comunicatistampa\/export-alessandra-ricci-saremo-ancora-secondi-in-europa-e-settimi-nel-mondo\/","name":"Export, Alessandra Ricci: \u201cSaremo ancora secondi in Europa e settimi nel mondo\u201d","isPartOf":{"@id":"https:\/\/www.article-marketing.eu\/comunicatistampa\/#website"},"primaryImageOfPage":{"@id":"https:\/\/www.article-marketing.eu\/comunicatistampa\/export-alessandra-ricci-saremo-ancora-secondi-in-europa-e-settimi-nel-mondo\/#primaryimage"},"image":{"@id":"https:\/\/www.article-marketing.eu\/comunicatistampa\/export-alessandra-ricci-saremo-ancora-secondi-in-europa-e-settimi-nel-mondo\/#primaryimage"},"thumbnailUrl":"https:\/\/statics.cedscdn.it\/photos\/MED_HIGH\/74\/33\/7377433_02200029_alessandra_ricci_amministratore_delegato_sace_2.jpg","datePublished":"2023-05-28T23:09:17+00:00","author":{"@id":"https:\/\/www.article-marketing.eu\/comunicatistampa\/#\/schema\/person\/2fcaf8f8f3a9eef9eb7f27532d3ca458"},"breadcrumb":{"@id":"https:\/\/www.article-marketing.eu\/comunicatistampa\/export-alessandra-ricci-saremo-ancora-secondi-in-europa-e-settimi-nel-mondo\/#breadcrumb"},"inLanguage":"it-IT","potentialAction":[{"@type":"ReadAction","target":["https:\/\/www.article-marketing.eu\/comunicatistampa\/export-alessandra-ricci-saremo-ancora-secondi-in-europa-e-settimi-nel-mondo\/"]}]},{"@type":"ImageObject","inLanguage":"it-IT","@id":"https:\/\/www.article-marketing.eu\/comunicatistampa\/export-alessandra-ricci-saremo-ancora-secondi-in-europa-e-settimi-nel-mondo\/#primaryimage","url":"https:\/\/statics.cedscdn.it\/photos\/MED_HIGH\/74\/33\/7377433_02200029_alessandra_ricci_amministratore_delegato_sace_2.jpg","contentUrl":"https:\/\/statics.cedscdn.it\/photos\/MED_HIGH\/74\/33\/7377433_02200029_alessandra_ricci_amministratore_delegato_sace_2.jpg"},{"@type":"BreadcrumbList","@id":"https:\/\/www.article-marketing.eu\/comunicatistampa\/export-alessandra-ricci-saremo-ancora-secondi-in-europa-e-settimi-nel-mondo\/#breadcrumb","itemListElement":[{"@type":"ListItem","position":1,"name":"Home","item":"https:\/\/www.article-marketing.eu\/comunicatistampa\/"},{"@type":"ListItem","position":2,"name":"Export, Alessandra Ricci: \u201cSaremo ancora secondi in Europa e settimi nel mondo\u201d"}]},{"@type":"WebSite","@id":"https:\/\/www.article-marketing.eu\/comunicatistampa\/#website","url":"https:\/\/www.article-marketing.eu\/comunicatistampa\/","name":"Article Marketing","description":"article marketing &amp; press release","potentialAction":[{"@type":"SearchAction","target":{"@type":"EntryPoint","urlTemplate":"https:\/\/www.article-marketing.eu\/comunicatistampa\/?s={search_term_string}"},"query-input":{"@type":"PropertyValueSpecification","valueRequired":true,"valueName":"search_term_string"}}],"inLanguage":"it-IT"},{"@type":"Person","@id":"https:\/\/www.article-marketing.eu\/comunicatistampa\/#\/schema\/person\/2fcaf8f8f3a9eef9eb7f27532d3ca458","name":"articolinews","image":{"@type":"ImageObject","inLanguage":"it-IT","@id":"https:\/\/secure.gravatar.com\/avatar\/9e2a264bab04e17dea24d937c9956304649a848cb73c46747a692ff1bdeb1cb7?s=96&d=mm&r=g","url":"https:\/\/secure.gravatar.com\/avatar\/9e2a264bab04e17dea24d937c9956304649a848cb73c46747a692ff1bdeb1cb7?s=96&d=mm&r=g","contentUrl":"https:\/\/secure.gravatar.com\/avatar\/9e2a264bab04e17dea24d937c9956304649a848cb73c46747a692ff1bdeb1cb7?s=96&d=mm&r=g","caption":"articolinews"},"url":"https:\/\/www.article-marketing.eu\/comunicatistampa\/author\/articolinews\/"}]}},"_links":{"self":[{"href":"https:\/\/www.article-marketing.eu\/comunicatistampa\/wp-json\/wp\/v2\/posts\/27485","targetHints":{"allow":["GET"]}}],"collection":[{"href":"https:\/\/www.article-marketing.eu\/comunicatistampa\/wp-json\/wp\/v2\/posts"}],"about":[{"href":"https:\/\/www.article-marketing.eu\/comunicatistampa\/wp-json\/wp\/v2\/types\/post"}],"author":[{"embeddable":true,"href":"https:\/\/www.article-marketing.eu\/comunicatistampa\/wp-json\/wp\/v2\/users\/6477"}],"replies":[{"embeddable":true,"href":"https:\/\/www.article-marketing.eu\/comunicatistampa\/wp-json\/wp\/v2\/comments?post=27485"}],"version-history":[{"count":2,"href":"https:\/\/www.article-marketing.eu\/comunicatistampa\/wp-json\/wp\/v2\/posts\/27485\/revisions"}],"predecessor-version":[{"id":27499,"href":"https:\/\/www.article-marketing.eu\/comunicatistampa\/wp-json\/wp\/v2\/posts\/27485\/revisions\/27499"}],"wp:attachment":[{"href":"https:\/\/www.article-marketing.eu\/comunicatistampa\/wp-json\/wp\/v2\/media?parent=27485"}],"wp:term":[{"taxonomy":"category","embeddable":true,"href":"https:\/\/www.article-marketing.eu\/comunicatistampa\/wp-json\/wp\/v2\/categories?post=27485"},{"taxonomy":"post_tag","embeddable":true,"href":"https:\/\/www.article-marketing.eu\/comunicatistampa\/wp-json\/wp\/v2\/tags?post=27485"}],"curies":[{"name":"wp","href":"https:\/\/api.w.org\/{rel}","templated":true}]}}