{"id":27511,"date":"2023-05-31T12:13:44","date_gmt":"2023-05-31T10:13:44","guid":{"rendered":"https:\/\/www.article-marketing.eu\/comunicatistampa\/?p=27511"},"modified":"2023-05-31T12:21:16","modified_gmt":"2023-05-31T10:21:16","slug":"a2a-entra-in-italy-for-climate-lintervista-a-carlotta-ventura","status":"publish","type":"post","link":"https:\/\/www.article-marketing.eu\/comunicatistampa\/a2a-entra-in-italy-for-climate-lintervista-a-carlotta-ventura\/","title":{"rendered":"A2A entra in Italy for Climate: l\u2019intervista a Carlotta Ventura"},"content":{"rendered":"<p><em><strong>Azione collettiva per muoversi in tema ambientale e diffondere cultura della sostenibilit\u00e0: <a title=\"Carlotta Ventura: A2A aderisce a Italy for Climate\" href=\"https:\/\/www.economiafinanza.eu\/carlotta-ventura-A2A-aderisce-a-italy-for-climate\/\">Carlotta Ventura<\/a> ne ha parlato presentando l\u2019adesione di A2A alla rete di promotori di Italy for Climate.<\/strong><\/em><\/p>\n<p><a title=\"Carlotta Ventura descrive la mission di A2A\" href=\"https:\/\/www.economiafinanza.eu\/carlotta-ventura-A2A-aderisce-a-italy-for-climate\/\"><em><strong><img loading=\"lazy\" decoding=\"async\" src=\"https:\/\/www.executivemanager.it\/images\/comprofiler\/0_60ec241c1c3c0.png\" alt=\"\" width=\"150\" height=\"150\" \/><\/strong><\/em><\/a><\/p>\n<h2><strong>Carlotta Ventura<\/strong><strong>: A2A entra a far parte di Italy for Climate<\/strong><\/h2>\n<p>In linea con i valori della qualit\u00e0 di vita sostenibile <em>\u201cper il territorio, l\u2019ambiente e le persone\u201d<\/em>, A2A si unisce alla rete di promotori di Italy for Climate, progetto della Fondazione per lo Sviluppo Sostenibile che punta a promuovere una strategia climatica per l\u2019Italia. Nelle parole di Carlotta Ventura, Direttore Communication, Sustainability and Regional Affairs della Life Company, emerge come l\u2019iniziativa si rispecchi nei progetti portati avanti da <strong>A2A<\/strong> in tema di sostenibilit\u00e0 ambientale: <em>\u201cLa collaborazione con una realt\u00e0 come Italy for Climate \u00e8 in linea con la mission di A2A: siamo una Life Company impegnata quotidianamente a favorire una qualit\u00e0 di vita sostenibile per il territorio, l\u2019ambiente e le persone, preservando le risorse e contrastando il cambiamento climatico\u201d<\/em>, ha evidenziato Carlotta Ventura esprimendo soddisfazione per l\u2019adesione alla rete di promotori. Come specificato, Italy for Climate nasce per opera della Fondazione per lo Sviluppo Sostenibile ed \u00e8 promossa da un gruppo di imprese e di associazioni di imprese: l\u2019obiettivo \u00e8 favorire l\u2019attuazione di una roadmap climatica in Italia.<\/p>\n<h2><strong>Carlotta Ventura<\/strong><strong>: A2A e sviluppo sostenibile, emissioni zero al 2040 <\/strong><\/h2>\n<p>Italy for Climate pone le proprie fondamenta nei principi di azione comune e cultura della sostenibilit\u00e0, muovendosi in linea con il Green Deal europeo e gli obiettivi dell\u2019Accordo di Parigi. Come sottolineato da <a title=\"Le parole di Carlotta Ventura sull'adesione di A2A a Italy for Climate\" href=\"https:\/\/www.economiafinanza.eu\/carlotta-ventura-A2A-aderisce-a-italy-for-climate\/\">Carlotta Ventura<\/a>, <strong>A2A<\/strong> ne diviene promotrice integrando la propria sensibilit\u00e0 sul tema dello sviluppo sostenibile. Un impegno che per la Life Company comprende, ad esempio, il target della decarbonizzazione al 2040, raggiungendo cos\u00ec l\u2019obiettivo delle emissioni zero. <em>\u201cAllo stesso tempo, partendo dall\u2019attenzione ai singoli territori in cui operiamo e cercando di creare una cultura della sostenibilit\u00e0 diffusa, cerchiamo di fare la nostra parte per contribuire al processo di transizione ecologica di cui necessita il Paese\u201d<\/em>, ha aggiunto in merito Carlotta Ventura, specificando come questo sia <em>\u201cormai un obiettivo imprescindibile anche a livello sovranazionale\u201d<\/em>.<\/p>\n","protected":false},"excerpt":{"rendered":"<p>Azione collettiva per muoversi in tema ambientale e diffondere cultura della sostenibilit\u00e0: Carlotta Ventura ne ha parlato presentando l\u2019adesione di A2A alla rete di promotori di Italy for Climate. Carlotta Ventura: A2A entra a far parte di Italy for Climate In linea con i valori della qualit\u00e0 di vita sostenibile \u201cper il territorio, l\u2019ambiente e le persone\u201d, A2A si unisce alla rete di promotori di Italy for Climate, progetto della<\/p>\n<p><a class=\"continue-reading\" href=\"https:\/\/www.article-marketing.eu\/comunicatistampa\/a2a-entra-in-italy-for-climate-lintervista-a-carlotta-ventura\/\">Continue reading&#8230;<\/a><\/p>\n","protected":false},"author":7202,"featured_media":0,"comment_status":"open","ping_status":"open","sticky":false,"template":"","format":"standard","meta":{"_monsterinsights_skip_tracking":false,"_monsterinsights_sitenote_active":false,"_monsterinsights_sitenote_note":"","_monsterinsights_sitenote_category":0,"footnotes":""},"categories":[416],"tags":[9539,9538],"class_list":["post-27511","post","type-post","status-publish","format-standard","hentry","category-ambiente","tag-a2a","tag-carlotta-ventura"],"yoast_head":"<!-- This site is optimized with the Yoast SEO plugin v27.3 - https:\/\/yoast.com\/product\/yoast-seo-wordpress\/ -->\n<title>A2A entra in Italy for Climate: l\u2019intervista a Carlotta Ventura<\/title>\n<meta name=\"robots\" content=\"index, follow, max-snippet:-1, max-image-preview:large, max-video-preview:-1\" \/>\n<link rel=\"canonical\" href=\"https:\/\/www.article-marketing.eu\/comunicatistampa\/a2a-entra-in-italy-for-climate-lintervista-a-carlotta-ventura\/\" \/>\n<meta property=\"og:locale\" content=\"it_IT\" \/>\n<meta property=\"og:type\" content=\"article\" \/>\n<meta property=\"og:title\" content=\"A2A entra in Italy for Climate: l\u2019intervista a Carlotta Ventura\" \/>\n<meta property=\"og:description\" content=\"Azione collettiva per muoversi in tema ambientale e diffondere cultura della sostenibilit\u00e0: Carlotta Ventura ne ha parlato presentando l\u2019adesione di A2A alla rete di promotori di Italy for Climate. Carlotta Ventura: A2A entra a far parte di Italy for Climate In linea con i valori della qualit\u00e0 di vita sostenibile \u201cper il territorio, l\u2019ambiente e le persone\u201d, A2A si unisce alla rete di promotori di Italy for Climate, progetto dellaContinue reading...\" \/>\n<meta property=\"og:url\" content=\"https:\/\/www.article-marketing.eu\/comunicatistampa\/a2a-entra-in-italy-for-climate-lintervista-a-carlotta-ventura\/\" \/>\n<meta property=\"og:site_name\" content=\"Article Marketing\" \/>\n<meta property=\"article:published_time\" content=\"2023-05-31T10:13:44+00:00\" \/>\n<meta property=\"article:modified_time\" content=\"2023-05-31T10:21:16+00:00\" \/>\n<meta property=\"og:image\" content=\"https:\/\/www.executivemanager.it\/images\/comprofiler\/0_60ec241c1c3c0.png\" \/>\n<meta name=\"author\" content=\"cvagencypress\" \/>\n<meta name=\"twitter:card\" content=\"summary_large_image\" \/>\n<meta name=\"twitter:label1\" content=\"Scritto da\" \/>\n\t<meta name=\"twitter:data1\" content=\"cvagencypress\" \/>\n\t<meta name=\"twitter:label2\" content=\"Tempo di lettura stimato\" \/>\n\t<meta name=\"twitter:data2\" content=\"3 minuti\" \/>\n<script type=\"application\/ld+json\" class=\"yoast-schema-graph\">{\"@context\":\"https:\\\/\\\/schema.org\",\"@graph\":[{\"@type\":\"Article\",\"@id\":\"https:\\\/\\\/www.article-marketing.eu\\\/comunicatistampa\\\/a2a-entra-in-italy-for-climate-lintervista-a-carlotta-ventura\\\/#article\",\"isPartOf\":{\"@id\":\"https:\\\/\\\/www.article-marketing.eu\\\/comunicatistampa\\\/a2a-entra-in-italy-for-climate-lintervista-a-carlotta-ventura\\\/\"},\"author\":{\"name\":\"cvagencypress\",\"@id\":\"https:\\\/\\\/www.article-marketing.eu\\\/comunicatistampa\\\/#\\\/schema\\\/person\\\/4f5694c5eccf09a26cf2e8b754efa657\"},\"headline\":\"A2A entra in Italy for Climate: l\u2019intervista a Carlotta Ventura\",\"datePublished\":\"2023-05-31T10:13:44+00:00\",\"dateModified\":\"2023-05-31T10:21:16+00:00\",\"mainEntityOfPage\":{\"@id\":\"https:\\\/\\\/www.article-marketing.eu\\\/comunicatistampa\\\/a2a-entra-in-italy-for-climate-lintervista-a-carlotta-ventura\\\/\"},\"wordCount\":369,\"commentCount\":0,\"image\":{\"@id\":\"https:\\\/\\\/www.article-marketing.eu\\\/comunicatistampa\\\/a2a-entra-in-italy-for-climate-lintervista-a-carlotta-ventura\\\/#primaryimage\"},\"thumbnailUrl\":\"https:\\\/\\\/www.executivemanager.it\\\/images\\\/comprofiler\\\/0_60ec241c1c3c0.png\",\"keywords\":[\"A2A\",\"Carlotta Ventura\"],\"articleSection\":[\"Ambiente\"],\"inLanguage\":\"it-IT\",\"potentialAction\":[{\"@type\":\"CommentAction\",\"name\":\"Comment\",\"target\":[\"https:\\\/\\\/www.article-marketing.eu\\\/comunicatistampa\\\/a2a-entra-in-italy-for-climate-lintervista-a-carlotta-ventura\\\/#respond\"]}]},{\"@type\":\"WebPage\",\"@id\":\"https:\\\/\\\/www.article-marketing.eu\\\/comunicatistampa\\\/a2a-entra-in-italy-for-climate-lintervista-a-carlotta-ventura\\\/\",\"url\":\"https:\\\/\\\/www.article-marketing.eu\\\/comunicatistampa\\\/a2a-entra-in-italy-for-climate-lintervista-a-carlotta-ventura\\\/\",\"name\":\"A2A entra in Italy for Climate: l\u2019intervista a Carlotta Ventura\",\"isPartOf\":{\"@id\":\"https:\\\/\\\/www.article-marketing.eu\\\/comunicatistampa\\\/#website\"},\"primaryImageOfPage\":{\"@id\":\"https:\\\/\\\/www.article-marketing.eu\\\/comunicatistampa\\\/a2a-entra-in-italy-for-climate-lintervista-a-carlotta-ventura\\\/#primaryimage\"},\"image\":{\"@id\":\"https:\\\/\\\/www.article-marketing.eu\\\/comunicatistampa\\\/a2a-entra-in-italy-for-climate-lintervista-a-carlotta-ventura\\\/#primaryimage\"},\"thumbnailUrl\":\"https:\\\/\\\/www.executivemanager.it\\\/images\\\/comprofiler\\\/0_60ec241c1c3c0.png\",\"datePublished\":\"2023-05-31T10:13:44+00:00\",\"dateModified\":\"2023-05-31T10:21:16+00:00\",\"author\":{\"@id\":\"https:\\\/\\\/www.article-marketing.eu\\\/comunicatistampa\\\/#\\\/schema\\\/person\\\/4f5694c5eccf09a26cf2e8b754efa657\"},\"breadcrumb\":{\"@id\":\"https:\\\/\\\/www.article-marketing.eu\\\/comunicatistampa\\\/a2a-entra-in-italy-for-climate-lintervista-a-carlotta-ventura\\\/#breadcrumb\"},\"inLanguage\":\"it-IT\",\"potentialAction\":[{\"@type\":\"ReadAction\",\"target\":[\"https:\\\/\\\/www.article-marketing.eu\\\/comunicatistampa\\\/a2a-entra-in-italy-for-climate-lintervista-a-carlotta-ventura\\\/\"]}]},{\"@type\":\"ImageObject\",\"inLanguage\":\"it-IT\",\"@id\":\"https:\\\/\\\/www.article-marketing.eu\\\/comunicatistampa\\\/a2a-entra-in-italy-for-climate-lintervista-a-carlotta-ventura\\\/#primaryimage\",\"url\":\"https:\\\/\\\/www.executivemanager.it\\\/images\\\/comprofiler\\\/0_60ec241c1c3c0.png\",\"contentUrl\":\"https:\\\/\\\/www.executivemanager.it\\\/images\\\/comprofiler\\\/0_60ec241c1c3c0.png\"},{\"@type\":\"BreadcrumbList\",\"@id\":\"https:\\\/\\\/www.article-marketing.eu\\\/comunicatistampa\\\/a2a-entra-in-italy-for-climate-lintervista-a-carlotta-ventura\\\/#breadcrumb\",\"itemListElement\":[{\"@type\":\"ListItem\",\"position\":1,\"name\":\"Home\",\"item\":\"https:\\\/\\\/www.article-marketing.eu\\\/comunicatistampa\\\/\"},{\"@type\":\"ListItem\",\"position\":2,\"name\":\"A2A entra in Italy for Climate: l\u2019intervista a Carlotta Ventura\"}]},{\"@type\":\"WebSite\",\"@id\":\"https:\\\/\\\/www.article-marketing.eu\\\/comunicatistampa\\\/#website\",\"url\":\"https:\\\/\\\/www.article-marketing.eu\\\/comunicatistampa\\\/\",\"name\":\"Article Marketing\",\"description\":\"article marketing &amp; press release\",\"potentialAction\":[{\"@type\":\"SearchAction\",\"target\":{\"@type\":\"EntryPoint\",\"urlTemplate\":\"https:\\\/\\\/www.article-marketing.eu\\\/comunicatistampa\\\/?s={search_term_string}\"},\"query-input\":{\"@type\":\"PropertyValueSpecification\",\"valueRequired\":true,\"valueName\":\"search_term_string\"}}],\"inLanguage\":\"it-IT\"},{\"@type\":\"Person\",\"@id\":\"https:\\\/\\\/www.article-marketing.eu\\\/comunicatistampa\\\/#\\\/schema\\\/person\\\/4f5694c5eccf09a26cf2e8b754efa657\",\"name\":\"cvagencypress\",\"image\":{\"@type\":\"ImageObject\",\"inLanguage\":\"it-IT\",\"@id\":\"https:\\\/\\\/secure.gravatar.com\\\/avatar\\\/6fec6184ca7e18aca9f65204fa14355cdfeb04232036457c32a5f44123830d39?s=96&d=mm&r=g\",\"url\":\"https:\\\/\\\/secure.gravatar.com\\\/avatar\\\/6fec6184ca7e18aca9f65204fa14355cdfeb04232036457c32a5f44123830d39?s=96&d=mm&r=g\",\"contentUrl\":\"https:\\\/\\\/secure.gravatar.com\\\/avatar\\\/6fec6184ca7e18aca9f65204fa14355cdfeb04232036457c32a5f44123830d39?s=96&d=mm&r=g\",\"caption\":\"cvagencypress\"},\"url\":\"https:\\\/\\\/www.article-marketing.eu\\\/comunicatistampa\\\/author\\\/cvagencypress\\\/\"}]}<\/script>\n<!-- \/ Yoast SEO plugin. -->","yoast_head_json":{"title":"A2A entra in Italy for Climate: l\u2019intervista a Carlotta Ventura","robots":{"index":"index","follow":"follow","max-snippet":"max-snippet:-1","max-image-preview":"max-image-preview:large","max-video-preview":"max-video-preview:-1"},"canonical":"https:\/\/www.article-marketing.eu\/comunicatistampa\/a2a-entra-in-italy-for-climate-lintervista-a-carlotta-ventura\/","og_locale":"it_IT","og_type":"article","og_title":"A2A entra in Italy for Climate: l\u2019intervista a Carlotta Ventura","og_description":"Azione collettiva per muoversi in tema ambientale e diffondere cultura della sostenibilit\u00e0: Carlotta Ventura ne ha parlato presentando l\u2019adesione di A2A alla rete di promotori di Italy for Climate. Carlotta Ventura: A2A entra a far parte di Italy for Climate In linea con i valori della qualit\u00e0 di vita sostenibile \u201cper il territorio, l\u2019ambiente e le persone\u201d, A2A si unisce alla rete di promotori di Italy for Climate, progetto dellaContinue reading...","og_url":"https:\/\/www.article-marketing.eu\/comunicatistampa\/a2a-entra-in-italy-for-climate-lintervista-a-carlotta-ventura\/","og_site_name":"Article Marketing","article_published_time":"2023-05-31T10:13:44+00:00","article_modified_time":"2023-05-31T10:21:16+00:00","og_image":[{"url":"https:\/\/www.executivemanager.it\/images\/comprofiler\/0_60ec241c1c3c0.png","type":"","width":"","height":""}],"author":"cvagencypress","twitter_card":"summary_large_image","twitter_misc":{"Scritto da":"cvagencypress","Tempo di lettura stimato":"3 minuti"},"schema":{"@context":"https:\/\/schema.org","@graph":[{"@type":"Article","@id":"https:\/\/www.article-marketing.eu\/comunicatistampa\/a2a-entra-in-italy-for-climate-lintervista-a-carlotta-ventura\/#article","isPartOf":{"@id":"https:\/\/www.article-marketing.eu\/comunicatistampa\/a2a-entra-in-italy-for-climate-lintervista-a-carlotta-ventura\/"},"author":{"name":"cvagencypress","@id":"https:\/\/www.article-marketing.eu\/comunicatistampa\/#\/schema\/person\/4f5694c5eccf09a26cf2e8b754efa657"},"headline":"A2A entra in Italy for Climate: l\u2019intervista a Carlotta Ventura","datePublished":"2023-05-31T10:13:44+00:00","dateModified":"2023-05-31T10:21:16+00:00","mainEntityOfPage":{"@id":"https:\/\/www.article-marketing.eu\/comunicatistampa\/a2a-entra-in-italy-for-climate-lintervista-a-carlotta-ventura\/"},"wordCount":369,"commentCount":0,"image":{"@id":"https:\/\/www.article-marketing.eu\/comunicatistampa\/a2a-entra-in-italy-for-climate-lintervista-a-carlotta-ventura\/#primaryimage"},"thumbnailUrl":"https:\/\/www.executivemanager.it\/images\/comprofiler\/0_60ec241c1c3c0.png","keywords":["A2A","Carlotta Ventura"],"articleSection":["Ambiente"],"inLanguage":"it-IT","potentialAction":[{"@type":"CommentAction","name":"Comment","target":["https:\/\/www.article-marketing.eu\/comunicatistampa\/a2a-entra-in-italy-for-climate-lintervista-a-carlotta-ventura\/#respond"]}]},{"@type":"WebPage","@id":"https:\/\/www.article-marketing.eu\/comunicatistampa\/a2a-entra-in-italy-for-climate-lintervista-a-carlotta-ventura\/","url":"https:\/\/www.article-marketing.eu\/comunicatistampa\/a2a-entra-in-italy-for-climate-lintervista-a-carlotta-ventura\/","name":"A2A entra in Italy for Climate: l\u2019intervista a Carlotta Ventura","isPartOf":{"@id":"https:\/\/www.article-marketing.eu\/comunicatistampa\/#website"},"primaryImageOfPage":{"@id":"https:\/\/www.article-marketing.eu\/comunicatistampa\/a2a-entra-in-italy-for-climate-lintervista-a-carlotta-ventura\/#primaryimage"},"image":{"@id":"https:\/\/www.article-marketing.eu\/comunicatistampa\/a2a-entra-in-italy-for-climate-lintervista-a-carlotta-ventura\/#primaryimage"},"thumbnailUrl":"https:\/\/www.executivemanager.it\/images\/comprofiler\/0_60ec241c1c3c0.png","datePublished":"2023-05-31T10:13:44+00:00","dateModified":"2023-05-31T10:21:16+00:00","author":{"@id":"https:\/\/www.article-marketing.eu\/comunicatistampa\/#\/schema\/person\/4f5694c5eccf09a26cf2e8b754efa657"},"breadcrumb":{"@id":"https:\/\/www.article-marketing.eu\/comunicatistampa\/a2a-entra-in-italy-for-climate-lintervista-a-carlotta-ventura\/#breadcrumb"},"inLanguage":"it-IT","potentialAction":[{"@type":"ReadAction","target":["https:\/\/www.article-marketing.eu\/comunicatistampa\/a2a-entra-in-italy-for-climate-lintervista-a-carlotta-ventura\/"]}]},{"@type":"ImageObject","inLanguage":"it-IT","@id":"https:\/\/www.article-marketing.eu\/comunicatistampa\/a2a-entra-in-italy-for-climate-lintervista-a-carlotta-ventura\/#primaryimage","url":"https:\/\/www.executivemanager.it\/images\/comprofiler\/0_60ec241c1c3c0.png","contentUrl":"https:\/\/www.executivemanager.it\/images\/comprofiler\/0_60ec241c1c3c0.png"},{"@type":"BreadcrumbList","@id":"https:\/\/www.article-marketing.eu\/comunicatistampa\/a2a-entra-in-italy-for-climate-lintervista-a-carlotta-ventura\/#breadcrumb","itemListElement":[{"@type":"ListItem","position":1,"name":"Home","item":"https:\/\/www.article-marketing.eu\/comunicatistampa\/"},{"@type":"ListItem","position":2,"name":"A2A entra in Italy for Climate: l\u2019intervista a Carlotta Ventura"}]},{"@type":"WebSite","@id":"https:\/\/www.article-marketing.eu\/comunicatistampa\/#website","url":"https:\/\/www.article-marketing.eu\/comunicatistampa\/","name":"Article Marketing","description":"article marketing &amp; press release","potentialAction":[{"@type":"SearchAction","target":{"@type":"EntryPoint","urlTemplate":"https:\/\/www.article-marketing.eu\/comunicatistampa\/?s={search_term_string}"},"query-input":{"@type":"PropertyValueSpecification","valueRequired":true,"valueName":"search_term_string"}}],"inLanguage":"it-IT"},{"@type":"Person","@id":"https:\/\/www.article-marketing.eu\/comunicatistampa\/#\/schema\/person\/4f5694c5eccf09a26cf2e8b754efa657","name":"cvagencypress","image":{"@type":"ImageObject","inLanguage":"it-IT","@id":"https:\/\/secure.gravatar.com\/avatar\/6fec6184ca7e18aca9f65204fa14355cdfeb04232036457c32a5f44123830d39?s=96&d=mm&r=g","url":"https:\/\/secure.gravatar.com\/avatar\/6fec6184ca7e18aca9f65204fa14355cdfeb04232036457c32a5f44123830d39?s=96&d=mm&r=g","contentUrl":"https:\/\/secure.gravatar.com\/avatar\/6fec6184ca7e18aca9f65204fa14355cdfeb04232036457c32a5f44123830d39?s=96&d=mm&r=g","caption":"cvagencypress"},"url":"https:\/\/www.article-marketing.eu\/comunicatistampa\/author\/cvagencypress\/"}]}},"_links":{"self":[{"href":"https:\/\/www.article-marketing.eu\/comunicatistampa\/wp-json\/wp\/v2\/posts\/27511","targetHints":{"allow":["GET"]}}],"collection":[{"href":"https:\/\/www.article-marketing.eu\/comunicatistampa\/wp-json\/wp\/v2\/posts"}],"about":[{"href":"https:\/\/www.article-marketing.eu\/comunicatistampa\/wp-json\/wp\/v2\/types\/post"}],"author":[{"embeddable":true,"href":"https:\/\/www.article-marketing.eu\/comunicatistampa\/wp-json\/wp\/v2\/users\/7202"}],"replies":[{"embeddable":true,"href":"https:\/\/www.article-marketing.eu\/comunicatistampa\/wp-json\/wp\/v2\/comments?post=27511"}],"version-history":[{"count":2,"href":"https:\/\/www.article-marketing.eu\/comunicatistampa\/wp-json\/wp\/v2\/posts\/27511\/revisions"}],"predecessor-version":[{"id":27521,"href":"https:\/\/www.article-marketing.eu\/comunicatistampa\/wp-json\/wp\/v2\/posts\/27511\/revisions\/27521"}],"wp:attachment":[{"href":"https:\/\/www.article-marketing.eu\/comunicatistampa\/wp-json\/wp\/v2\/media?parent=27511"}],"wp:term":[{"taxonomy":"category","embeddable":true,"href":"https:\/\/www.article-marketing.eu\/comunicatistampa\/wp-json\/wp\/v2\/categories?post=27511"},{"taxonomy":"post_tag","embeddable":true,"href":"https:\/\/www.article-marketing.eu\/comunicatistampa\/wp-json\/wp\/v2\/tags?post=27511"}],"curies":[{"name":"wp","href":"https:\/\/api.w.org\/{rel}","templated":true}]}}