{"id":27576,"date":"2023-06-28T08:26:09","date_gmt":"2023-06-28T06:26:09","guid":{"rendered":"https:\/\/www.article-marketing.eu\/comunicatistampa\/?p=27576"},"modified":"2023-06-27T20:31:57","modified_gmt":"2023-06-27T18:31:57","slug":"gruppo-fs-crescere-per-superare-le-sfide-future-parla-lad-luigi-ferraris","status":"publish","type":"post","link":"https:\/\/www.article-marketing.eu\/comunicatistampa\/gruppo-fs-crescere-per-superare-le-sfide-future-parla-lad-luigi-ferraris\/","title":{"rendered":"Gruppo FS, crescere per superare le sfide future: parla l\u2019AD Luigi Ferraris"},"content":{"rendered":"<p><em><strong>Con un Piano da oltre 190 miliardi, <a title=\"Il ruolo del Gruppo FS nella mobilit\u00e0 del futuro\" href=\"https:\/\/italia-informa.com\/gruppo-fs-ferraris-mobilita-game-changer.aspx\">Gruppo FS<\/a> \u00e8 deciso a ricoprire un ruolo di primo piano nella mobilit\u00e0 del futuro. I dettagli in un editoriale a firma dell\u2019AD Luigi Ferraris.<\/strong><\/em><\/p>\n<p><a title=\"L'impegno di Gruppo FS per la mobilit\u00e0 italiana\" href=\"https:\/\/italia-informa.com\/gruppo-fs-ferraris-mobilita-game-changer.aspx\"><img loading=\"lazy\" decoding=\"async\" src=\"https:\/\/italia-informa.com\/public\/italiainforma\/Immagini\/Economia_e_Finanza\/16_03_2023_Luigi_Ferraris_AD_Gruppo_FS_marzo_2023.jpg\" alt=\"Gruppo FS, l'AD Luigi Ferraris\" width=\"200\" height=\"150\" \/><\/a><\/p>\n<h2>Il contributo del Gruppo FS per la mobilit\u00e0 italiana<\/h2>\n<p><strong><a title=\"Gruppo FS: risultati e obiettivi \" href=\"https:\/\/italia-informa.com\/gruppo-fs-ferraris-mobilita-game-changer.aspx\">Gruppo FS<\/a> <\/strong>vuole essere protagonista delle sfide della mobilit\u00e0 e continuare ad avere un ruolo decisivo nel rilancio economico e sostenibile del Paese. Lo scrive l\u2019AD Luigi Ferraris in un editoriale pubblicato su \u201cLongitude\u201d, magazine italiano di economia e politica internazionale. Il manager afferma che il Paese deve cogliere le opportunit\u00e0 e guidare le trasformazioni in atto nella mobilit\u00e0, che sono state accelerate dalla pandemia e oggi dal conflitto russo-ucraino. Per farlo, serve migliorare le infrastrutture, soprattutto quelle ferroviarie, che hanno una media di oltre 60 anni. Il momento sembra essere quello giusto: da un lato infatti il Governo si \u00e8 impegnato a stanziare le risorse finanziarie in arrivo dall\u2019Europa, dall\u2019altro si assiste ad un sentiment diverso rispetto al passato e pi\u00f9 aperto alle nuove opere. Un\u2019opportunit\u00e0 che <strong>Gruppo FS<\/strong> intende sfruttare con il proposito di generare valore e contribuire alla ripresa italiana e allo sviluppo di una mobilit\u00e0 sempre pi\u00f9 multimodale. Tra gli obiettivi contenuti nel Piano Industriale decennale da oltre 190 miliardi di euro l\u2019aumento del 20% della capacit\u00e0 ferroviaria, del 30% dei passeggeri su mezzi di trasporto collettivi e infine il raddoppio (22%) della quota merci.<\/p>\n<h2>Gruppo FS: le opere legate al PNRR<\/h2>\n<p>Nei prossimi dieci anni <strong>Gruppo FS<\/strong> sar\u00e0 quindi impegnato nella realizzazione di un sistema infrastrutturale integrato. Il risultato sar\u00e0 una rete attrattiva, sostenibile e digitale che consentir\u00e0 di viaggiare utilizzando pi\u00f9 tipologie di mezzo con un unico biglietto. Nel 2022 il Polo Infrastrutture non \u00e8 rimasto a guardare, con la capogruppo RFI che ha bandito gare per 21 miliardi di euro, di cui la met\u00e0 per lavori legati al PNRR. A questi si aggiungono i 9 miliardi di bandi gestiti da ANAS, che in un solo anno ha investito complessivamente 33,5 miliardi. Nel suo editoriale, Luigi Ferraris ricorda anche il contributo del Gruppo FS alla transizione energetica e digitale del Paese. Gi\u00e0 il prossimo anno la societ\u00e0 sar\u00e0 in grado di raggiungere oltre 300 megawatt di autoproduzione di energia da fonti rinnovabili, con l\u2019obiettivo di coprire il 40% del fabbisogno energetico entro il 2027. Lato connettivit\u00e0, va avanti l\u2019ambizioso progetto \u201cGigabit Rail and Road\u201d, grazie al quale <strong>Gruppo FS<\/strong> intende portare la connessione wi-fi lungo tutta la linea ferroviaria e in oltre 220 stazioni. Quest\u2019ultime, conclude Luigi Ferraris nel suo editoriale, saranno ancora pi\u00f9 sicure grazie a FS Security, la nuova societ\u00e0 che ha inglobato tutti i servizi di sicurezza assicurando maggiore presidio degli scali ferroviari.<\/p>\n","protected":false},"excerpt":{"rendered":"<p>Con un Piano da oltre 190 miliardi, Gruppo FS \u00e8 deciso a ricoprire un ruolo di primo piano nella mobilit\u00e0 del futuro. I dettagli in un editoriale a firma dell\u2019AD Luigi Ferraris. Il contributo del Gruppo FS per la mobilit\u00e0 italiana Gruppo FS vuole essere protagonista delle sfide della mobilit\u00e0 e continuare ad avere un ruolo decisivo nel rilancio economico e sostenibile del Paese. Lo scrive l\u2019AD Luigi Ferraris in<\/p>\n<p><a class=\"continue-reading\" href=\"https:\/\/www.article-marketing.eu\/comunicatistampa\/gruppo-fs-crescere-per-superare-le-sfide-future-parla-lad-luigi-ferraris\/\">Continue reading&#8230;<\/a><\/p>\n","protected":false},"author":7203,"featured_media":0,"comment_status":"open","ping_status":"open","sticky":false,"template":"","format":"standard","meta":{"_monsterinsights_skip_tracking":false,"_monsterinsights_sitenote_active":false,"_monsterinsights_sitenote_note":"","_monsterinsights_sitenote_category":0,"footnotes":""},"categories":[386],"tags":[10013,9540],"class_list":["post-27576","post","type-post","status-publish","format-standard","hentry","category-economia-e-lavoro","tag-gruppo-fs","tag-luigi-ferraris"],"yoast_head":"<!-- This site is optimized with the Yoast SEO plugin v27.3 - https:\/\/yoast.com\/product\/yoast-seo-wordpress\/ -->\n<title>Gruppo FS, crescere per superare le sfide future: parla l\u2019AD Luigi Ferraris<\/title>\n<meta name=\"robots\" content=\"index, follow, max-snippet:-1, max-image-preview:large, max-video-preview:-1\" \/>\n<link rel=\"canonical\" href=\"https:\/\/www.article-marketing.eu\/comunicatistampa\/gruppo-fs-crescere-per-superare-le-sfide-future-parla-lad-luigi-ferraris\/\" \/>\n<meta property=\"og:locale\" content=\"it_IT\" \/>\n<meta property=\"og:type\" content=\"article\" \/>\n<meta property=\"og:title\" content=\"Gruppo FS, crescere per superare le sfide future: parla l\u2019AD Luigi Ferraris\" \/>\n<meta property=\"og:description\" content=\"Con un Piano da oltre 190 miliardi, Gruppo FS \u00e8 deciso a ricoprire un ruolo di primo piano nella mobilit\u00e0 del futuro. I dettagli in un editoriale a firma dell\u2019AD Luigi Ferraris. Il contributo del Gruppo FS per la mobilit\u00e0 italiana Gruppo FS vuole essere protagonista delle sfide della mobilit\u00e0 e continuare ad avere un ruolo decisivo nel rilancio economico e sostenibile del Paese. Lo scrive l\u2019AD Luigi Ferraris inContinue reading...\" \/>\n<meta property=\"og:url\" content=\"https:\/\/www.article-marketing.eu\/comunicatistampa\/gruppo-fs-crescere-per-superare-le-sfide-future-parla-lad-luigi-ferraris\/\" \/>\n<meta property=\"og:site_name\" content=\"Article Marketing\" \/>\n<meta property=\"article:published_time\" content=\"2023-06-28T06:26:09+00:00\" \/>\n<meta property=\"og:image\" content=\"https:\/\/italia-informa.com\/public\/italiainforma\/Immagini\/Economia_e_Finanza\/16_03_2023_Luigi_Ferraris_AD_Gruppo_FS_marzo_2023.jpg\" \/>\n<meta name=\"author\" content=\"gbofficeprnews\" \/>\n<meta name=\"twitter:card\" content=\"summary_large_image\" \/>\n<meta name=\"twitter:label1\" content=\"Scritto da\" \/>\n\t<meta name=\"twitter:data1\" content=\"gbofficeprnews\" \/>\n\t<meta name=\"twitter:label2\" content=\"Tempo di lettura stimato\" \/>\n\t<meta name=\"twitter:data2\" content=\"3 minuti\" \/>\n<script type=\"application\/ld+json\" class=\"yoast-schema-graph\">{\"@context\":\"https:\\\/\\\/schema.org\",\"@graph\":[{\"@type\":\"Article\",\"@id\":\"https:\\\/\\\/www.article-marketing.eu\\\/comunicatistampa\\\/gruppo-fs-crescere-per-superare-le-sfide-future-parla-lad-luigi-ferraris\\\/#article\",\"isPartOf\":{\"@id\":\"https:\\\/\\\/www.article-marketing.eu\\\/comunicatistampa\\\/gruppo-fs-crescere-per-superare-le-sfide-future-parla-lad-luigi-ferraris\\\/\"},\"author\":{\"name\":\"gbofficeprnews\",\"@id\":\"https:\\\/\\\/www.article-marketing.eu\\\/comunicatistampa\\\/#\\\/schema\\\/person\\\/00c541681af1a376511ed63d59ca096f\"},\"headline\":\"Gruppo FS, crescere per superare le sfide future: parla l\u2019AD Luigi Ferraris\",\"datePublished\":\"2023-06-28T06:26:09+00:00\",\"mainEntityOfPage\":{\"@id\":\"https:\\\/\\\/www.article-marketing.eu\\\/comunicatistampa\\\/gruppo-fs-crescere-per-superare-le-sfide-future-parla-lad-luigi-ferraris\\\/\"},\"wordCount\":448,\"commentCount\":0,\"image\":{\"@id\":\"https:\\\/\\\/www.article-marketing.eu\\\/comunicatistampa\\\/gruppo-fs-crescere-per-superare-le-sfide-future-parla-lad-luigi-ferraris\\\/#primaryimage\"},\"thumbnailUrl\":\"https:\\\/\\\/italia-informa.com\\\/public\\\/italiainforma\\\/Immagini\\\/Economia_e_Finanza\\\/16_03_2023_Luigi_Ferraris_AD_Gruppo_FS_marzo_2023.jpg\",\"keywords\":[\"Gruppo FS\",\"Luigi Ferraris\"],\"articleSection\":[\"Economia e lavoro\"],\"inLanguage\":\"it-IT\",\"potentialAction\":[{\"@type\":\"CommentAction\",\"name\":\"Comment\",\"target\":[\"https:\\\/\\\/www.article-marketing.eu\\\/comunicatistampa\\\/gruppo-fs-crescere-per-superare-le-sfide-future-parla-lad-luigi-ferraris\\\/#respond\"]}]},{\"@type\":\"WebPage\",\"@id\":\"https:\\\/\\\/www.article-marketing.eu\\\/comunicatistampa\\\/gruppo-fs-crescere-per-superare-le-sfide-future-parla-lad-luigi-ferraris\\\/\",\"url\":\"https:\\\/\\\/www.article-marketing.eu\\\/comunicatistampa\\\/gruppo-fs-crescere-per-superare-le-sfide-future-parla-lad-luigi-ferraris\\\/\",\"name\":\"Gruppo FS, crescere per superare le sfide future: parla l\u2019AD Luigi Ferraris\",\"isPartOf\":{\"@id\":\"https:\\\/\\\/www.article-marketing.eu\\\/comunicatistampa\\\/#website\"},\"primaryImageOfPage\":{\"@id\":\"https:\\\/\\\/www.article-marketing.eu\\\/comunicatistampa\\\/gruppo-fs-crescere-per-superare-le-sfide-future-parla-lad-luigi-ferraris\\\/#primaryimage\"},\"image\":{\"@id\":\"https:\\\/\\\/www.article-marketing.eu\\\/comunicatistampa\\\/gruppo-fs-crescere-per-superare-le-sfide-future-parla-lad-luigi-ferraris\\\/#primaryimage\"},\"thumbnailUrl\":\"https:\\\/\\\/italia-informa.com\\\/public\\\/italiainforma\\\/Immagini\\\/Economia_e_Finanza\\\/16_03_2023_Luigi_Ferraris_AD_Gruppo_FS_marzo_2023.jpg\",\"datePublished\":\"2023-06-28T06:26:09+00:00\",\"author\":{\"@id\":\"https:\\\/\\\/www.article-marketing.eu\\\/comunicatistampa\\\/#\\\/schema\\\/person\\\/00c541681af1a376511ed63d59ca096f\"},\"breadcrumb\":{\"@id\":\"https:\\\/\\\/www.article-marketing.eu\\\/comunicatistampa\\\/gruppo-fs-crescere-per-superare-le-sfide-future-parla-lad-luigi-ferraris\\\/#breadcrumb\"},\"inLanguage\":\"it-IT\",\"potentialAction\":[{\"@type\":\"ReadAction\",\"target\":[\"https:\\\/\\\/www.article-marketing.eu\\\/comunicatistampa\\\/gruppo-fs-crescere-per-superare-le-sfide-future-parla-lad-luigi-ferraris\\\/\"]}]},{\"@type\":\"ImageObject\",\"inLanguage\":\"it-IT\",\"@id\":\"https:\\\/\\\/www.article-marketing.eu\\\/comunicatistampa\\\/gruppo-fs-crescere-per-superare-le-sfide-future-parla-lad-luigi-ferraris\\\/#primaryimage\",\"url\":\"https:\\\/\\\/italia-informa.com\\\/public\\\/italiainforma\\\/Immagini\\\/Economia_e_Finanza\\\/16_03_2023_Luigi_Ferraris_AD_Gruppo_FS_marzo_2023.jpg\",\"contentUrl\":\"https:\\\/\\\/italia-informa.com\\\/public\\\/italiainforma\\\/Immagini\\\/Economia_e_Finanza\\\/16_03_2023_Luigi_Ferraris_AD_Gruppo_FS_marzo_2023.jpg\"},{\"@type\":\"BreadcrumbList\",\"@id\":\"https:\\\/\\\/www.article-marketing.eu\\\/comunicatistampa\\\/gruppo-fs-crescere-per-superare-le-sfide-future-parla-lad-luigi-ferraris\\\/#breadcrumb\",\"itemListElement\":[{\"@type\":\"ListItem\",\"position\":1,\"name\":\"Home\",\"item\":\"https:\\\/\\\/www.article-marketing.eu\\\/comunicatistampa\\\/\"},{\"@type\":\"ListItem\",\"position\":2,\"name\":\"Gruppo FS, crescere per superare le sfide future: parla l\u2019AD Luigi Ferraris\"}]},{\"@type\":\"WebSite\",\"@id\":\"https:\\\/\\\/www.article-marketing.eu\\\/comunicatistampa\\\/#website\",\"url\":\"https:\\\/\\\/www.article-marketing.eu\\\/comunicatistampa\\\/\",\"name\":\"Article Marketing\",\"description\":\"article marketing &amp; press release\",\"potentialAction\":[{\"@type\":\"SearchAction\",\"target\":{\"@type\":\"EntryPoint\",\"urlTemplate\":\"https:\\\/\\\/www.article-marketing.eu\\\/comunicatistampa\\\/?s={search_term_string}\"},\"query-input\":{\"@type\":\"PropertyValueSpecification\",\"valueRequired\":true,\"valueName\":\"search_term_string\"}}],\"inLanguage\":\"it-IT\"},{\"@type\":\"Person\",\"@id\":\"https:\\\/\\\/www.article-marketing.eu\\\/comunicatistampa\\\/#\\\/schema\\\/person\\\/00c541681af1a376511ed63d59ca096f\",\"name\":\"gbofficeprnews\",\"image\":{\"@type\":\"ImageObject\",\"inLanguage\":\"it-IT\",\"@id\":\"https:\\\/\\\/secure.gravatar.com\\\/avatar\\\/6c895f4b9cd59fffe899c25f76b85bf0d427605c1f0d3b07c81e155c001265cf?s=96&d=mm&r=g\",\"url\":\"https:\\\/\\\/secure.gravatar.com\\\/avatar\\\/6c895f4b9cd59fffe899c25f76b85bf0d427605c1f0d3b07c81e155c001265cf?s=96&d=mm&r=g\",\"contentUrl\":\"https:\\\/\\\/secure.gravatar.com\\\/avatar\\\/6c895f4b9cd59fffe899c25f76b85bf0d427605c1f0d3b07c81e155c001265cf?s=96&d=mm&r=g\",\"caption\":\"gbofficeprnews\"},\"url\":\"https:\\\/\\\/www.article-marketing.eu\\\/comunicatistampa\\\/author\\\/gbofficeprnews\\\/\"}]}<\/script>\n<!-- \/ Yoast SEO plugin. -->","yoast_head_json":{"title":"Gruppo FS, crescere per superare le sfide future: parla l\u2019AD Luigi Ferraris","robots":{"index":"index","follow":"follow","max-snippet":"max-snippet:-1","max-image-preview":"max-image-preview:large","max-video-preview":"max-video-preview:-1"},"canonical":"https:\/\/www.article-marketing.eu\/comunicatistampa\/gruppo-fs-crescere-per-superare-le-sfide-future-parla-lad-luigi-ferraris\/","og_locale":"it_IT","og_type":"article","og_title":"Gruppo FS, crescere per superare le sfide future: parla l\u2019AD Luigi Ferraris","og_description":"Con un Piano da oltre 190 miliardi, Gruppo FS \u00e8 deciso a ricoprire un ruolo di primo piano nella mobilit\u00e0 del futuro. I dettagli in un editoriale a firma dell\u2019AD Luigi Ferraris. Il contributo del Gruppo FS per la mobilit\u00e0 italiana Gruppo FS vuole essere protagonista delle sfide della mobilit\u00e0 e continuare ad avere un ruolo decisivo nel rilancio economico e sostenibile del Paese. Lo scrive l\u2019AD Luigi Ferraris inContinue reading...","og_url":"https:\/\/www.article-marketing.eu\/comunicatistampa\/gruppo-fs-crescere-per-superare-le-sfide-future-parla-lad-luigi-ferraris\/","og_site_name":"Article Marketing","article_published_time":"2023-06-28T06:26:09+00:00","og_image":[{"url":"https:\/\/italia-informa.com\/public\/italiainforma\/Immagini\/Economia_e_Finanza\/16_03_2023_Luigi_Ferraris_AD_Gruppo_FS_marzo_2023.jpg","type":"","width":"","height":""}],"author":"gbofficeprnews","twitter_card":"summary_large_image","twitter_misc":{"Scritto da":"gbofficeprnews","Tempo di lettura stimato":"3 minuti"},"schema":{"@context":"https:\/\/schema.org","@graph":[{"@type":"Article","@id":"https:\/\/www.article-marketing.eu\/comunicatistampa\/gruppo-fs-crescere-per-superare-le-sfide-future-parla-lad-luigi-ferraris\/#article","isPartOf":{"@id":"https:\/\/www.article-marketing.eu\/comunicatistampa\/gruppo-fs-crescere-per-superare-le-sfide-future-parla-lad-luigi-ferraris\/"},"author":{"name":"gbofficeprnews","@id":"https:\/\/www.article-marketing.eu\/comunicatistampa\/#\/schema\/person\/00c541681af1a376511ed63d59ca096f"},"headline":"Gruppo FS, crescere per superare le sfide future: parla l\u2019AD Luigi Ferraris","datePublished":"2023-06-28T06:26:09+00:00","mainEntityOfPage":{"@id":"https:\/\/www.article-marketing.eu\/comunicatistampa\/gruppo-fs-crescere-per-superare-le-sfide-future-parla-lad-luigi-ferraris\/"},"wordCount":448,"commentCount":0,"image":{"@id":"https:\/\/www.article-marketing.eu\/comunicatistampa\/gruppo-fs-crescere-per-superare-le-sfide-future-parla-lad-luigi-ferraris\/#primaryimage"},"thumbnailUrl":"https:\/\/italia-informa.com\/public\/italiainforma\/Immagini\/Economia_e_Finanza\/16_03_2023_Luigi_Ferraris_AD_Gruppo_FS_marzo_2023.jpg","keywords":["Gruppo FS","Luigi Ferraris"],"articleSection":["Economia e lavoro"],"inLanguage":"it-IT","potentialAction":[{"@type":"CommentAction","name":"Comment","target":["https:\/\/www.article-marketing.eu\/comunicatistampa\/gruppo-fs-crescere-per-superare-le-sfide-future-parla-lad-luigi-ferraris\/#respond"]}]},{"@type":"WebPage","@id":"https:\/\/www.article-marketing.eu\/comunicatistampa\/gruppo-fs-crescere-per-superare-le-sfide-future-parla-lad-luigi-ferraris\/","url":"https:\/\/www.article-marketing.eu\/comunicatistampa\/gruppo-fs-crescere-per-superare-le-sfide-future-parla-lad-luigi-ferraris\/","name":"Gruppo FS, crescere per superare le sfide future: parla l\u2019AD Luigi Ferraris","isPartOf":{"@id":"https:\/\/www.article-marketing.eu\/comunicatistampa\/#website"},"primaryImageOfPage":{"@id":"https:\/\/www.article-marketing.eu\/comunicatistampa\/gruppo-fs-crescere-per-superare-le-sfide-future-parla-lad-luigi-ferraris\/#primaryimage"},"image":{"@id":"https:\/\/www.article-marketing.eu\/comunicatistampa\/gruppo-fs-crescere-per-superare-le-sfide-future-parla-lad-luigi-ferraris\/#primaryimage"},"thumbnailUrl":"https:\/\/italia-informa.com\/public\/italiainforma\/Immagini\/Economia_e_Finanza\/16_03_2023_Luigi_Ferraris_AD_Gruppo_FS_marzo_2023.jpg","datePublished":"2023-06-28T06:26:09+00:00","author":{"@id":"https:\/\/www.article-marketing.eu\/comunicatistampa\/#\/schema\/person\/00c541681af1a376511ed63d59ca096f"},"breadcrumb":{"@id":"https:\/\/www.article-marketing.eu\/comunicatistampa\/gruppo-fs-crescere-per-superare-le-sfide-future-parla-lad-luigi-ferraris\/#breadcrumb"},"inLanguage":"it-IT","potentialAction":[{"@type":"ReadAction","target":["https:\/\/www.article-marketing.eu\/comunicatistampa\/gruppo-fs-crescere-per-superare-le-sfide-future-parla-lad-luigi-ferraris\/"]}]},{"@type":"ImageObject","inLanguage":"it-IT","@id":"https:\/\/www.article-marketing.eu\/comunicatistampa\/gruppo-fs-crescere-per-superare-le-sfide-future-parla-lad-luigi-ferraris\/#primaryimage","url":"https:\/\/italia-informa.com\/public\/italiainforma\/Immagini\/Economia_e_Finanza\/16_03_2023_Luigi_Ferraris_AD_Gruppo_FS_marzo_2023.jpg","contentUrl":"https:\/\/italia-informa.com\/public\/italiainforma\/Immagini\/Economia_e_Finanza\/16_03_2023_Luigi_Ferraris_AD_Gruppo_FS_marzo_2023.jpg"},{"@type":"BreadcrumbList","@id":"https:\/\/www.article-marketing.eu\/comunicatistampa\/gruppo-fs-crescere-per-superare-le-sfide-future-parla-lad-luigi-ferraris\/#breadcrumb","itemListElement":[{"@type":"ListItem","position":1,"name":"Home","item":"https:\/\/www.article-marketing.eu\/comunicatistampa\/"},{"@type":"ListItem","position":2,"name":"Gruppo FS, crescere per superare le sfide future: parla l\u2019AD Luigi Ferraris"}]},{"@type":"WebSite","@id":"https:\/\/www.article-marketing.eu\/comunicatistampa\/#website","url":"https:\/\/www.article-marketing.eu\/comunicatistampa\/","name":"Article Marketing","description":"article marketing &amp; press release","potentialAction":[{"@type":"SearchAction","target":{"@type":"EntryPoint","urlTemplate":"https:\/\/www.article-marketing.eu\/comunicatistampa\/?s={search_term_string}"},"query-input":{"@type":"PropertyValueSpecification","valueRequired":true,"valueName":"search_term_string"}}],"inLanguage":"it-IT"},{"@type":"Person","@id":"https:\/\/www.article-marketing.eu\/comunicatistampa\/#\/schema\/person\/00c541681af1a376511ed63d59ca096f","name":"gbofficeprnews","image":{"@type":"ImageObject","inLanguage":"it-IT","@id":"https:\/\/secure.gravatar.com\/avatar\/6c895f4b9cd59fffe899c25f76b85bf0d427605c1f0d3b07c81e155c001265cf?s=96&d=mm&r=g","url":"https:\/\/secure.gravatar.com\/avatar\/6c895f4b9cd59fffe899c25f76b85bf0d427605c1f0d3b07c81e155c001265cf?s=96&d=mm&r=g","contentUrl":"https:\/\/secure.gravatar.com\/avatar\/6c895f4b9cd59fffe899c25f76b85bf0d427605c1f0d3b07c81e155c001265cf?s=96&d=mm&r=g","caption":"gbofficeprnews"},"url":"https:\/\/www.article-marketing.eu\/comunicatistampa\/author\/gbofficeprnews\/"}]}},"_links":{"self":[{"href":"https:\/\/www.article-marketing.eu\/comunicatistampa\/wp-json\/wp\/v2\/posts\/27576","targetHints":{"allow":["GET"]}}],"collection":[{"href":"https:\/\/www.article-marketing.eu\/comunicatistampa\/wp-json\/wp\/v2\/posts"}],"about":[{"href":"https:\/\/www.article-marketing.eu\/comunicatistampa\/wp-json\/wp\/v2\/types\/post"}],"author":[{"embeddable":true,"href":"https:\/\/www.article-marketing.eu\/comunicatistampa\/wp-json\/wp\/v2\/users\/7203"}],"replies":[{"embeddable":true,"href":"https:\/\/www.article-marketing.eu\/comunicatistampa\/wp-json\/wp\/v2\/comments?post=27576"}],"version-history":[{"count":2,"href":"https:\/\/www.article-marketing.eu\/comunicatistampa\/wp-json\/wp\/v2\/posts\/27576\/revisions"}],"predecessor-version":[{"id":27690,"href":"https:\/\/www.article-marketing.eu\/comunicatistampa\/wp-json\/wp\/v2\/posts\/27576\/revisions\/27690"}],"wp:attachment":[{"href":"https:\/\/www.article-marketing.eu\/comunicatistampa\/wp-json\/wp\/v2\/media?parent=27576"}],"wp:term":[{"taxonomy":"category","embeddable":true,"href":"https:\/\/www.article-marketing.eu\/comunicatistampa\/wp-json\/wp\/v2\/categories?post=27576"},{"taxonomy":"post_tag","embeddable":true,"href":"https:\/\/www.article-marketing.eu\/comunicatistampa\/wp-json\/wp\/v2\/tags?post=27576"}],"curies":[{"name":"wp","href":"https:\/\/api.w.org\/{rel}","templated":true}]}}