{"id":27578,"date":"2023-06-28T09:12:14","date_gmt":"2023-06-28T07:12:14","guid":{"rendered":"https:\/\/www.article-marketing.eu\/comunicatistampa\/?p=27578"},"modified":"2023-06-27T20:32:21","modified_gmt":"2023-06-27T18:32:21","slug":"luca-dal-fabbro-lintervista-di-repubblica-al-presidente-di-iren","status":"publish","type":"post","link":"https:\/\/www.article-marketing.eu\/comunicatistampa\/luca-dal-fabbro-lintervista-di-repubblica-al-presidente-di-iren\/","title":{"rendered":"Luca Dal Fabbro: l\u2019intervista di \u201cRepubblica\u201d al Presidente di Iren"},"content":{"rendered":"<p><em><strong><a title=\"Luca Dal Fabbro racconta il progetto Gioia Tauro\" href=\"https:\/\/www.repubblica.it\/economia\/affari-e-finanza\/2023\/02\/27\/news\/luca_dal_fabbro_nuove_alleanze_per_diventare_lhub_deuropa-389354696\/\">Luca Dal Fabbro<\/a>: \u201cLa politica energetica non \u00e8 una gara che si corre sui cento metri, ma una maratona\u201d, cos\u00ec il Presidente di Iren intervistato da \u201cRepubblica\u201d.<\/strong><\/em><\/p>\n<p><a title=\"Luca Dal Fabbro: l\u2019intervista rilasciata a \u201cRepubblica\u201d\" href=\"https:\/\/www.repubblica.it\/economia\/affari-e-finanza\/2023\/02\/27\/news\/luca_dal_fabbro_nuove_alleanze_per_diventare_lhub_deuropa-389354696\/\"><em><strong><img loading=\"lazy\" decoding=\"async\" src=\"https:\/\/www.topmanagers.it\/SharingFolder\/TopManager\/it\/ManagerProfilePhoto\/Photo\/luca_dal_fabbro.jpg\" alt=\"\" width=\"200\" height=\"158\" \/><\/strong><\/em><\/a><\/p>\n<h2><strong>Luca Dal Fabbro<\/strong><strong>: sicurezza, competitivit\u00e0 e sostenibilit\u00e0, tre direttrici per l\u2019energia in Italia<\/strong><\/h2>\n<p>Lavorando in cooperazione e ragionando per obiettivi comuni \u00e8 possibile garantire all\u2019Italia un ruolo centrale nel contesto energetico europeo. Cosa serve per farlo? <em>\u201cBisogna che l\u2019industria, la ricerca, la difesa, la diplomazia, lavorino insieme in maniera sinergica, in modo integrato\u201d<\/em>. Il messaggio chiaro proviene da un\u2019intervista rilasciata dal Presidente di Iren Luca Dal Fabbro a \u201cRepubblica\u201d, occasione per approfondire alcuni aspetti chiave in materia di energia e fare il punto sui progetti in corso in Italia. A partire dal Piano Mattei del Governo: <em>\u201cL\u2019Italia deve pensare in una logica di medio-lungo periodo. E il Governo Meloni con il lancio del Piano Mattei ha dimostrato di avere le idee chiare\u201d<\/em>, ha sottolineato il Presidente di Iren. Tali piani, tuttavia, <em>\u201cora si devono trasformare in realt\u00e0\u201d<\/em>. In che modo? Sono tre le direttrici per Luca Dal Fabbro: <em>\u201cSicurezza energetica, competitivit\u00e0 delle fonti e sostenibilit\u00e0. La sostenibilit\u00e0 \u00e8 determinante perch\u00e9 permetter\u00e0 di ridurre i costi, non di aumentarli\u201d<\/em>. Il Presidente ha inoltre posto in risalto come la sovranit\u00e0 energetica non sia l\u2019unica sfida da considerare: <em>\u201cL\u2019Italia va messa al centro di una rete di alleanze tra Stati Uniti e i Paesi europei. Non solo. Per la definizione delle politiche energetiche saranno determinanti i rapporti con l\u2019Africa. Mi sembra che questo sia chiaro per la premier Meloni\u201d<\/em>.<\/p>\n<h2><strong>Luca Dal Fabbro<\/strong><strong>: Italia hub energetico, puntare su \u201calleanze in Europa e negli Stati Uniti\u201d<\/strong><\/h2>\n<p>Auspicando collaborazione tra le parti in campo, <a title=\"Luca Dal Fabbro indica le tre direttrici per l\u2019energia in Italia\" href=\"https:\/\/www.repubblica.it\/economia\/affari-e-finanza\/2023\/02\/27\/news\/luca_dal_fabbro_nuove_alleanze_per_diventare_lhub_deuropa-389354696\/\">Luca Dal Fabbro<\/a> ha rimarcato come <em>\u201c<\/em><em>societ\u00e0 quali Eni, Terna, Snam, Leonardo, Saipem e le multiutility come la nostra devono lavorare insieme al sistema bancario per dare gambe al Piano Mattei\u201d<\/em>. Nello specifico, nei rigassificatori \u00e8 possibile trovare una <em>\u201cinfrastruttura strategica\u201d<\/em> su cui puntare, facendo leva anche sulla differenziazione delle fonti. Secondo il Presidente di Iren <em>\u201cnon c\u2019\u00e8 una soluzione migliore. Il tubo \u00e8 un canale, importeremo gas dall\u2019Algeria, a prezzi vantaggiosi, e anche dalla Libia, ma investire tutto sulle pipeline \u00e8 pericoloso, visti gli incidenti sul Nord Stream\u201d<\/em>. Utile quindi differenziare le fonti per una <em>\u201cstrategia di approvvigionamento sana, garantendo cos\u00ec sicurezza e sovranit\u00e0 energetica\u201d<\/em>: <em>\u201cL\u2019unico modo per farlo \u00e8 rifornirsi anche con il gas liquefatto. Il rigassificatore \u00e8 una mossa strategica per l\u2019Italia. Come Iren stiamo sviluppando il pi\u00f9 grande rigassificatore che c\u2019\u00e8 in Italia come potenza, fino a 16 miliardi di metri cubi, dove \u00e8 prevista la possibilit\u00e0 di stoccare un miliardo di metri cubi\u201d<\/em>. Per il Paese si prospetta la possibilit\u00e0 di un ruolo strategico nell\u2019approvvigionamento energetico europeo: <em>\u201cIl Nord Europa non avr\u00e0 pi\u00f9 gas e dalla Russia per i prossimi decenni non ne arriver\u00e0 pi\u00f9. L\u2019Italia si pu\u00f2 candidare per rigassificare il gas che deve andare in Germania o in Inghilterra. Le multiutility come Iren a livello territoriale sono strategiche in queste operazioni\u201d<\/em>. Lo dimostra, ad esempio, il progetto di Iren per l\u2019impianto di rigassificazione a Gioia Tauro: guardare nel medio-lungo periodo \u00e8 dunque cruciale, ha aggiunto infine Luca Dal Fabbro, e per questo <em>\u201c<\/em><em>dobbiamo pensare di chiudere alleanze in Europa e negli Stati Uniti, e con i Paesi da cui importare il gas\u201d<\/em>.<\/p>\n","protected":false},"excerpt":{"rendered":"<p>Luca Dal Fabbro: \u201cLa politica energetica non \u00e8 una gara che si corre sui cento metri, ma una maratona\u201d, cos\u00ec il Presidente di Iren intervistato da \u201cRepubblica\u201d. Luca Dal Fabbro: sicurezza, competitivit\u00e0 e sostenibilit\u00e0, tre direttrici per l\u2019energia in Italia Lavorando in cooperazione e ragionando per obiettivi comuni \u00e8 possibile garantire all\u2019Italia un ruolo centrale nel contesto energetico europeo. Cosa serve per farlo? \u201cBisogna che l\u2019industria, la ricerca, la difesa,<\/p>\n<p><a class=\"continue-reading\" href=\"https:\/\/www.article-marketing.eu\/comunicatistampa\/luca-dal-fabbro-lintervista-di-repubblica-al-presidente-di-iren\/\">Continue reading&#8230;<\/a><\/p>\n","protected":false},"author":6477,"featured_media":0,"comment_status":"open","ping_status":"open","sticky":false,"template":"","format":"standard","meta":{"_monsterinsights_skip_tracking":false,"_monsterinsights_sitenote_active":false,"_monsterinsights_sitenote_note":"","_monsterinsights_sitenote_category":0,"footnotes":""},"categories":[386],"tags":[10361],"class_list":["post-27578","post","type-post","status-publish","format-standard","hentry","category-economia-e-lavoro","tag-luca-dal-fabbro"],"yoast_head":"<!-- This site is optimized with the Yoast SEO plugin v27.3 - https:\/\/yoast.com\/product\/yoast-seo-wordpress\/ -->\n<title>Luca Dal Fabbro: l\u2019intervista di \u201cRepubblica\u201d al Presidente di Iren - Article Marketing<\/title>\n<meta name=\"robots\" content=\"index, follow, max-snippet:-1, max-image-preview:large, max-video-preview:-1\" \/>\n<link rel=\"canonical\" href=\"https:\/\/www.article-marketing.eu\/comunicatistampa\/luca-dal-fabbro-lintervista-di-repubblica-al-presidente-di-iren\/\" \/>\n<meta property=\"og:locale\" content=\"it_IT\" \/>\n<meta property=\"og:type\" content=\"article\" \/>\n<meta property=\"og:title\" content=\"Luca Dal Fabbro: l\u2019intervista di \u201cRepubblica\u201d al Presidente di Iren - Article Marketing\" \/>\n<meta property=\"og:description\" content=\"Luca Dal Fabbro: \u201cLa politica energetica non \u00e8 una gara che si corre sui cento metri, ma una maratona\u201d, cos\u00ec il Presidente di Iren intervistato da \u201cRepubblica\u201d. Luca Dal Fabbro: sicurezza, competitivit\u00e0 e sostenibilit\u00e0, tre direttrici per l\u2019energia in Italia Lavorando in cooperazione e ragionando per obiettivi comuni \u00e8 possibile garantire all\u2019Italia un ruolo centrale nel contesto energetico europeo. Cosa serve per farlo? \u201cBisogna che l\u2019industria, la ricerca, la difesa,Continue reading...\" \/>\n<meta property=\"og:url\" content=\"https:\/\/www.article-marketing.eu\/comunicatistampa\/luca-dal-fabbro-lintervista-di-repubblica-al-presidente-di-iren\/\" \/>\n<meta property=\"og:site_name\" content=\"Article Marketing\" \/>\n<meta property=\"article:published_time\" content=\"2023-06-28T07:12:14+00:00\" \/>\n<meta property=\"og:image\" content=\"https:\/\/www.topmanagers.it\/SharingFolder\/TopManager\/it\/ManagerProfilePhoto\/Photo\/luca_dal_fabbro.jpg\" \/>\n<meta name=\"author\" content=\"articolinews\" \/>\n<meta name=\"twitter:card\" content=\"summary_large_image\" \/>\n<meta name=\"twitter:label1\" content=\"Scritto da\" \/>\n\t<meta name=\"twitter:data1\" content=\"articolinews\" \/>\n\t<meta name=\"twitter:label2\" content=\"Tempo di lettura stimato\" \/>\n\t<meta name=\"twitter:data2\" content=\"4 minuti\" \/>\n<script type=\"application\/ld+json\" class=\"yoast-schema-graph\">{\"@context\":\"https:\\\/\\\/schema.org\",\"@graph\":[{\"@type\":\"Article\",\"@id\":\"https:\\\/\\\/www.article-marketing.eu\\\/comunicatistampa\\\/luca-dal-fabbro-lintervista-di-repubblica-al-presidente-di-iren\\\/#article\",\"isPartOf\":{\"@id\":\"https:\\\/\\\/www.article-marketing.eu\\\/comunicatistampa\\\/luca-dal-fabbro-lintervista-di-repubblica-al-presidente-di-iren\\\/\"},\"author\":{\"name\":\"articolinews\",\"@id\":\"https:\\\/\\\/www.article-marketing.eu\\\/comunicatistampa\\\/#\\\/schema\\\/person\\\/2fcaf8f8f3a9eef9eb7f27532d3ca458\"},\"headline\":\"Luca Dal Fabbro: l\u2019intervista di \u201cRepubblica\u201d al Presidente di Iren\",\"datePublished\":\"2023-06-28T07:12:14+00:00\",\"mainEntityOfPage\":{\"@id\":\"https:\\\/\\\/www.article-marketing.eu\\\/comunicatistampa\\\/luca-dal-fabbro-lintervista-di-repubblica-al-presidente-di-iren\\\/\"},\"wordCount\":558,\"commentCount\":0,\"image\":{\"@id\":\"https:\\\/\\\/www.article-marketing.eu\\\/comunicatistampa\\\/luca-dal-fabbro-lintervista-di-repubblica-al-presidente-di-iren\\\/#primaryimage\"},\"thumbnailUrl\":\"https:\\\/\\\/www.topmanagers.it\\\/SharingFolder\\\/TopManager\\\/it\\\/ManagerProfilePhoto\\\/Photo\\\/luca_dal_fabbro.jpg\",\"keywords\":[\"Luca Dal Fabbro\"],\"articleSection\":[\"Economia e lavoro\"],\"inLanguage\":\"it-IT\",\"potentialAction\":[{\"@type\":\"CommentAction\",\"name\":\"Comment\",\"target\":[\"https:\\\/\\\/www.article-marketing.eu\\\/comunicatistampa\\\/luca-dal-fabbro-lintervista-di-repubblica-al-presidente-di-iren\\\/#respond\"]}]},{\"@type\":\"WebPage\",\"@id\":\"https:\\\/\\\/www.article-marketing.eu\\\/comunicatistampa\\\/luca-dal-fabbro-lintervista-di-repubblica-al-presidente-di-iren\\\/\",\"url\":\"https:\\\/\\\/www.article-marketing.eu\\\/comunicatistampa\\\/luca-dal-fabbro-lintervista-di-repubblica-al-presidente-di-iren\\\/\",\"name\":\"Luca Dal Fabbro: l\u2019intervista di \u201cRepubblica\u201d al Presidente di Iren - Article Marketing\",\"isPartOf\":{\"@id\":\"https:\\\/\\\/www.article-marketing.eu\\\/comunicatistampa\\\/#website\"},\"primaryImageOfPage\":{\"@id\":\"https:\\\/\\\/www.article-marketing.eu\\\/comunicatistampa\\\/luca-dal-fabbro-lintervista-di-repubblica-al-presidente-di-iren\\\/#primaryimage\"},\"image\":{\"@id\":\"https:\\\/\\\/www.article-marketing.eu\\\/comunicatistampa\\\/luca-dal-fabbro-lintervista-di-repubblica-al-presidente-di-iren\\\/#primaryimage\"},\"thumbnailUrl\":\"https:\\\/\\\/www.topmanagers.it\\\/SharingFolder\\\/TopManager\\\/it\\\/ManagerProfilePhoto\\\/Photo\\\/luca_dal_fabbro.jpg\",\"datePublished\":\"2023-06-28T07:12:14+00:00\",\"author\":{\"@id\":\"https:\\\/\\\/www.article-marketing.eu\\\/comunicatistampa\\\/#\\\/schema\\\/person\\\/2fcaf8f8f3a9eef9eb7f27532d3ca458\"},\"breadcrumb\":{\"@id\":\"https:\\\/\\\/www.article-marketing.eu\\\/comunicatistampa\\\/luca-dal-fabbro-lintervista-di-repubblica-al-presidente-di-iren\\\/#breadcrumb\"},\"inLanguage\":\"it-IT\",\"potentialAction\":[{\"@type\":\"ReadAction\",\"target\":[\"https:\\\/\\\/www.article-marketing.eu\\\/comunicatistampa\\\/luca-dal-fabbro-lintervista-di-repubblica-al-presidente-di-iren\\\/\"]}]},{\"@type\":\"ImageObject\",\"inLanguage\":\"it-IT\",\"@id\":\"https:\\\/\\\/www.article-marketing.eu\\\/comunicatistampa\\\/luca-dal-fabbro-lintervista-di-repubblica-al-presidente-di-iren\\\/#primaryimage\",\"url\":\"https:\\\/\\\/www.topmanagers.it\\\/SharingFolder\\\/TopManager\\\/it\\\/ManagerProfilePhoto\\\/Photo\\\/luca_dal_fabbro.jpg\",\"contentUrl\":\"https:\\\/\\\/www.topmanagers.it\\\/SharingFolder\\\/TopManager\\\/it\\\/ManagerProfilePhoto\\\/Photo\\\/luca_dal_fabbro.jpg\"},{\"@type\":\"BreadcrumbList\",\"@id\":\"https:\\\/\\\/www.article-marketing.eu\\\/comunicatistampa\\\/luca-dal-fabbro-lintervista-di-repubblica-al-presidente-di-iren\\\/#breadcrumb\",\"itemListElement\":[{\"@type\":\"ListItem\",\"position\":1,\"name\":\"Home\",\"item\":\"https:\\\/\\\/www.article-marketing.eu\\\/comunicatistampa\\\/\"},{\"@type\":\"ListItem\",\"position\":2,\"name\":\"Luca Dal Fabbro: l\u2019intervista di \u201cRepubblica\u201d al Presidente di Iren\"}]},{\"@type\":\"WebSite\",\"@id\":\"https:\\\/\\\/www.article-marketing.eu\\\/comunicatistampa\\\/#website\",\"url\":\"https:\\\/\\\/www.article-marketing.eu\\\/comunicatistampa\\\/\",\"name\":\"Article Marketing\",\"description\":\"article marketing &amp; press release\",\"potentialAction\":[{\"@type\":\"SearchAction\",\"target\":{\"@type\":\"EntryPoint\",\"urlTemplate\":\"https:\\\/\\\/www.article-marketing.eu\\\/comunicatistampa\\\/?s={search_term_string}\"},\"query-input\":{\"@type\":\"PropertyValueSpecification\",\"valueRequired\":true,\"valueName\":\"search_term_string\"}}],\"inLanguage\":\"it-IT\"},{\"@type\":\"Person\",\"@id\":\"https:\\\/\\\/www.article-marketing.eu\\\/comunicatistampa\\\/#\\\/schema\\\/person\\\/2fcaf8f8f3a9eef9eb7f27532d3ca458\",\"name\":\"articolinews\",\"image\":{\"@type\":\"ImageObject\",\"inLanguage\":\"it-IT\",\"@id\":\"https:\\\/\\\/secure.gravatar.com\\\/avatar\\\/9e2a264bab04e17dea24d937c9956304649a848cb73c46747a692ff1bdeb1cb7?s=96&d=mm&r=g\",\"url\":\"https:\\\/\\\/secure.gravatar.com\\\/avatar\\\/9e2a264bab04e17dea24d937c9956304649a848cb73c46747a692ff1bdeb1cb7?s=96&d=mm&r=g\",\"contentUrl\":\"https:\\\/\\\/secure.gravatar.com\\\/avatar\\\/9e2a264bab04e17dea24d937c9956304649a848cb73c46747a692ff1bdeb1cb7?s=96&d=mm&r=g\",\"caption\":\"articolinews\"},\"url\":\"https:\\\/\\\/www.article-marketing.eu\\\/comunicatistampa\\\/author\\\/articolinews\\\/\"}]}<\/script>\n<!-- \/ Yoast SEO plugin. -->","yoast_head_json":{"title":"Luca Dal Fabbro: l\u2019intervista di \u201cRepubblica\u201d al Presidente di Iren - Article Marketing","robots":{"index":"index","follow":"follow","max-snippet":"max-snippet:-1","max-image-preview":"max-image-preview:large","max-video-preview":"max-video-preview:-1"},"canonical":"https:\/\/www.article-marketing.eu\/comunicatistampa\/luca-dal-fabbro-lintervista-di-repubblica-al-presidente-di-iren\/","og_locale":"it_IT","og_type":"article","og_title":"Luca Dal Fabbro: l\u2019intervista di \u201cRepubblica\u201d al Presidente di Iren - Article Marketing","og_description":"Luca Dal Fabbro: \u201cLa politica energetica non \u00e8 una gara che si corre sui cento metri, ma una maratona\u201d, cos\u00ec il Presidente di Iren intervistato da \u201cRepubblica\u201d. Luca Dal Fabbro: sicurezza, competitivit\u00e0 e sostenibilit\u00e0, tre direttrici per l\u2019energia in Italia Lavorando in cooperazione e ragionando per obiettivi comuni \u00e8 possibile garantire all\u2019Italia un ruolo centrale nel contesto energetico europeo. Cosa serve per farlo? \u201cBisogna che l\u2019industria, la ricerca, la difesa,Continue reading...","og_url":"https:\/\/www.article-marketing.eu\/comunicatistampa\/luca-dal-fabbro-lintervista-di-repubblica-al-presidente-di-iren\/","og_site_name":"Article Marketing","article_published_time":"2023-06-28T07:12:14+00:00","og_image":[{"url":"https:\/\/www.topmanagers.it\/SharingFolder\/TopManager\/it\/ManagerProfilePhoto\/Photo\/luca_dal_fabbro.jpg","type":"","width":"","height":""}],"author":"articolinews","twitter_card":"summary_large_image","twitter_misc":{"Scritto da":"articolinews","Tempo di lettura stimato":"4 minuti"},"schema":{"@context":"https:\/\/schema.org","@graph":[{"@type":"Article","@id":"https:\/\/www.article-marketing.eu\/comunicatistampa\/luca-dal-fabbro-lintervista-di-repubblica-al-presidente-di-iren\/#article","isPartOf":{"@id":"https:\/\/www.article-marketing.eu\/comunicatistampa\/luca-dal-fabbro-lintervista-di-repubblica-al-presidente-di-iren\/"},"author":{"name":"articolinews","@id":"https:\/\/www.article-marketing.eu\/comunicatistampa\/#\/schema\/person\/2fcaf8f8f3a9eef9eb7f27532d3ca458"},"headline":"Luca Dal Fabbro: l\u2019intervista di \u201cRepubblica\u201d al Presidente di Iren","datePublished":"2023-06-28T07:12:14+00:00","mainEntityOfPage":{"@id":"https:\/\/www.article-marketing.eu\/comunicatistampa\/luca-dal-fabbro-lintervista-di-repubblica-al-presidente-di-iren\/"},"wordCount":558,"commentCount":0,"image":{"@id":"https:\/\/www.article-marketing.eu\/comunicatistampa\/luca-dal-fabbro-lintervista-di-repubblica-al-presidente-di-iren\/#primaryimage"},"thumbnailUrl":"https:\/\/www.topmanagers.it\/SharingFolder\/TopManager\/it\/ManagerProfilePhoto\/Photo\/luca_dal_fabbro.jpg","keywords":["Luca Dal Fabbro"],"articleSection":["Economia e lavoro"],"inLanguage":"it-IT","potentialAction":[{"@type":"CommentAction","name":"Comment","target":["https:\/\/www.article-marketing.eu\/comunicatistampa\/luca-dal-fabbro-lintervista-di-repubblica-al-presidente-di-iren\/#respond"]}]},{"@type":"WebPage","@id":"https:\/\/www.article-marketing.eu\/comunicatistampa\/luca-dal-fabbro-lintervista-di-repubblica-al-presidente-di-iren\/","url":"https:\/\/www.article-marketing.eu\/comunicatistampa\/luca-dal-fabbro-lintervista-di-repubblica-al-presidente-di-iren\/","name":"Luca Dal Fabbro: l\u2019intervista di \u201cRepubblica\u201d al Presidente di Iren - Article Marketing","isPartOf":{"@id":"https:\/\/www.article-marketing.eu\/comunicatistampa\/#website"},"primaryImageOfPage":{"@id":"https:\/\/www.article-marketing.eu\/comunicatistampa\/luca-dal-fabbro-lintervista-di-repubblica-al-presidente-di-iren\/#primaryimage"},"image":{"@id":"https:\/\/www.article-marketing.eu\/comunicatistampa\/luca-dal-fabbro-lintervista-di-repubblica-al-presidente-di-iren\/#primaryimage"},"thumbnailUrl":"https:\/\/www.topmanagers.it\/SharingFolder\/TopManager\/it\/ManagerProfilePhoto\/Photo\/luca_dal_fabbro.jpg","datePublished":"2023-06-28T07:12:14+00:00","author":{"@id":"https:\/\/www.article-marketing.eu\/comunicatistampa\/#\/schema\/person\/2fcaf8f8f3a9eef9eb7f27532d3ca458"},"breadcrumb":{"@id":"https:\/\/www.article-marketing.eu\/comunicatistampa\/luca-dal-fabbro-lintervista-di-repubblica-al-presidente-di-iren\/#breadcrumb"},"inLanguage":"it-IT","potentialAction":[{"@type":"ReadAction","target":["https:\/\/www.article-marketing.eu\/comunicatistampa\/luca-dal-fabbro-lintervista-di-repubblica-al-presidente-di-iren\/"]}]},{"@type":"ImageObject","inLanguage":"it-IT","@id":"https:\/\/www.article-marketing.eu\/comunicatistampa\/luca-dal-fabbro-lintervista-di-repubblica-al-presidente-di-iren\/#primaryimage","url":"https:\/\/www.topmanagers.it\/SharingFolder\/TopManager\/it\/ManagerProfilePhoto\/Photo\/luca_dal_fabbro.jpg","contentUrl":"https:\/\/www.topmanagers.it\/SharingFolder\/TopManager\/it\/ManagerProfilePhoto\/Photo\/luca_dal_fabbro.jpg"},{"@type":"BreadcrumbList","@id":"https:\/\/www.article-marketing.eu\/comunicatistampa\/luca-dal-fabbro-lintervista-di-repubblica-al-presidente-di-iren\/#breadcrumb","itemListElement":[{"@type":"ListItem","position":1,"name":"Home","item":"https:\/\/www.article-marketing.eu\/comunicatistampa\/"},{"@type":"ListItem","position":2,"name":"Luca Dal Fabbro: l\u2019intervista di \u201cRepubblica\u201d al Presidente di Iren"}]},{"@type":"WebSite","@id":"https:\/\/www.article-marketing.eu\/comunicatistampa\/#website","url":"https:\/\/www.article-marketing.eu\/comunicatistampa\/","name":"Article Marketing","description":"article marketing &amp; press release","potentialAction":[{"@type":"SearchAction","target":{"@type":"EntryPoint","urlTemplate":"https:\/\/www.article-marketing.eu\/comunicatistampa\/?s={search_term_string}"},"query-input":{"@type":"PropertyValueSpecification","valueRequired":true,"valueName":"search_term_string"}}],"inLanguage":"it-IT"},{"@type":"Person","@id":"https:\/\/www.article-marketing.eu\/comunicatistampa\/#\/schema\/person\/2fcaf8f8f3a9eef9eb7f27532d3ca458","name":"articolinews","image":{"@type":"ImageObject","inLanguage":"it-IT","@id":"https:\/\/secure.gravatar.com\/avatar\/9e2a264bab04e17dea24d937c9956304649a848cb73c46747a692ff1bdeb1cb7?s=96&d=mm&r=g","url":"https:\/\/secure.gravatar.com\/avatar\/9e2a264bab04e17dea24d937c9956304649a848cb73c46747a692ff1bdeb1cb7?s=96&d=mm&r=g","contentUrl":"https:\/\/secure.gravatar.com\/avatar\/9e2a264bab04e17dea24d937c9956304649a848cb73c46747a692ff1bdeb1cb7?s=96&d=mm&r=g","caption":"articolinews"},"url":"https:\/\/www.article-marketing.eu\/comunicatistampa\/author\/articolinews\/"}]}},"_links":{"self":[{"href":"https:\/\/www.article-marketing.eu\/comunicatistampa\/wp-json\/wp\/v2\/posts\/27578","targetHints":{"allow":["GET"]}}],"collection":[{"href":"https:\/\/www.article-marketing.eu\/comunicatistampa\/wp-json\/wp\/v2\/posts"}],"about":[{"href":"https:\/\/www.article-marketing.eu\/comunicatistampa\/wp-json\/wp\/v2\/types\/post"}],"author":[{"embeddable":true,"href":"https:\/\/www.article-marketing.eu\/comunicatistampa\/wp-json\/wp\/v2\/users\/6477"}],"replies":[{"embeddable":true,"href":"https:\/\/www.article-marketing.eu\/comunicatistampa\/wp-json\/wp\/v2\/comments?post=27578"}],"version-history":[{"count":2,"href":"https:\/\/www.article-marketing.eu\/comunicatistampa\/wp-json\/wp\/v2\/posts\/27578\/revisions"}],"predecessor-version":[{"id":27691,"href":"https:\/\/www.article-marketing.eu\/comunicatistampa\/wp-json\/wp\/v2\/posts\/27578\/revisions\/27691"}],"wp:attachment":[{"href":"https:\/\/www.article-marketing.eu\/comunicatistampa\/wp-json\/wp\/v2\/media?parent=27578"}],"wp:term":[{"taxonomy":"category","embeddable":true,"href":"https:\/\/www.article-marketing.eu\/comunicatistampa\/wp-json\/wp\/v2\/categories?post=27578"},{"taxonomy":"post_tag","embeddable":true,"href":"https:\/\/www.article-marketing.eu\/comunicatistampa\/wp-json\/wp\/v2\/tags?post=27578"}],"curies":[{"name":"wp","href":"https:\/\/api.w.org\/{rel}","templated":true}]}}