{"id":27586,"date":"2023-06-29T08:55:43","date_gmt":"2023-06-29T06:55:43","guid":{"rendered":"https:\/\/www.article-marketing.eu\/comunicatistampa\/?p=27586"},"modified":"2023-06-28T14:31:17","modified_gmt":"2023-06-28T12:31:17","slug":"riscoprire-il-senso-e-la-dignita-del-lavoro-riva-acciaio-celebra-il-1-maggio-a-lesegno","status":"publish","type":"post","link":"https:\/\/www.article-marketing.eu\/comunicatistampa\/riscoprire-il-senso-e-la-dignita-del-lavoro-riva-acciaio-celebra-il-1-maggio-a-lesegno\/","title":{"rendered":"Riscoprire il senso e la dignit\u00e0 del lavoro: Riva Acciaio celebra il 1\u00b0 maggio a Lesegno"},"content":{"rendered":"<p><em><strong>Luned\u00ec 1\u00b0 maggio si \u00e8 tenuta, presso lo stabilimento di <a title=\"La produzione di Riva Acciaio\" href=\"https:\/\/it.linkedin.com\/company\/gruppo-riva\">Riva Acciaio<\/a> a Lesegno, la celebrazione della Festa dei Lavoratori. La Messa \u00e8 stata presieduta dal vescovo di Mondov\u00ec, Mons. Egidio Miragoli.<\/strong><\/em><\/p>\n<p><a title=\"La storia di Riva Acciaio\" href=\"https:\/\/it.linkedin.com\/company\/gruppo-riva\"><img loading=\"lazy\" decoding=\"async\" src=\"https:\/\/media.licdn.com\/dms\/image\/C4D0BAQHh-iJyXBHqbQ\/company-logo_200_200\/0\/1646826658004?e=2147483647&amp;v=beta&amp;t=E9KHxAGmgC0w_-rQuCV3HHNlULtUck42wWaQXSo7PYU\" alt=\"Riva Acciaio - una leadership consolidata\" width=\"200\" height=\"200\" \/><\/a><\/p>\n<h2>Riva Acciaio, celebrata a Lesegno la Festa dei Lavoratori<\/h2>\n<p>La Messa celebrata presso lo stabilimento di <a title=\"Il profilo aziendale di Riva Acciaio\" href=\"https:\/\/it.linkedin.com\/company\/gruppo-riva\"><strong>Riva Acciaio<\/strong><\/a> \u00e8 stata l\u2019occasione per riflettere su una giornata che unisce due ricorrenze, una civile e una religiosa: \u00e8 stata la celebrazione della festa del lavoro e dei lavoratori, ma \u00e8 stata anche la ricorrenza della festa liturgica di San Giuseppe lavoratore. \u201c<em>Dopo il nostro incontro del 18 dicembre in occasione della visita pastorale alla parrocchia di Lesegno, incontro che ricordo sempre con grande piacere, ritorno volentieri in questo luogo di lavoro e in questo giorno particolare<\/em>\u201d, ha precisato il Vescovo durante l\u2019omelia. La Messa \u00e8 stata l\u2019occasione per ribadire la portata umanizzante del lavoro, l\u2019importanza della sua dignit\u00e0, nonch\u00e9 l\u2019apporto di competenze e professionalit\u00e0 che ne derivano. Citando le parole dell\u2019apostolo Paolo, \u201c<em>Qualunque cosa facciate, fatela di buon animo, come per il Signore e non per gli uomini<\/em>\u201d, il Vescovo ha precisato: \u201c<em>Questo \u00e8 il segreto: quale che sia il nostro lavoro, anche se magari \u00e8 al di sotto delle nostre aspettative, anche se magari ci credevamo destinati a qualcosa di pi\u00f9, affrontarlo e svolgerlo di buon animo, farne un luogo di riscatto e capace di dare senso al nostro tempo<\/em>\u201d.<\/p>\n<h2>Lo stabilimento di Riva Acciaio ha fatto da cornice alla celebrazione del 1\u00b0 maggio<\/h2>\n<p>Lo stabilimento di Lesegno, in provincia di Cuneo, che rappresenta un importante polo produttivo e, al contempo, il cuore tecnologico di <strong>Riva Acciaio<\/strong>, ha quindi fatto da cornice alla celebrazione del 1\u00b0 maggio. Oltre a dedicare parte dell\u2019omelia alla celebrazione del lavoro e dei lavoratori, il Vescovo si \u00e8 soffermato sulla ricorrenza liturgica. Istituita ufficialmente nel 1955, la festa di Giuseppe lavoratore \u00e8 stata introdotta con lo scopo di aiutare i lavoratori a non perdere il senso cristiano del lavoro. \u201c<em>Si ricorda oggi San Giuseppe, il padre terreno di Ges\u00f9, nella sua veste di falegname, o carpentiere, a testimonianza del fatto che anche il lavoro umile pu\u00f2 rendere l\u2019uomo partecipe del progetto divino della salvezza. Verrebbe da chiedersi quale sia il \u201csenso cristiano del lavoro\u201d, se esista, cio\u00e8, una spiritualit\u00e0 del lavoro\u201d, <\/em>ha spiegato il Vescovo. \u201c<em>Se Dio incarnato ha condiviso con noi la realt\u00e0 del lavoro, esso non pu\u00f2 non avere un senso spirituale. Poi, Ges\u00f9 andr\u00e0 a predicare, compiere miracoli, vivere la Passione. Ma, prima, ha ben pi\u00f9 a lungo lavorato<\/em>\u201d. Mons. Miragoli ha ringraziato <strong>Riva Acciaio<\/strong>, i dirigenti e tutti coloro che \u201c<em>che hanno voluto questa celebrazione e hanno collaborato a prepararla<\/em>\u201d.<\/p>\n","protected":false},"excerpt":{"rendered":"<p>Luned\u00ec 1\u00b0 maggio si \u00e8 tenuta, presso lo stabilimento di Riva Acciaio a Lesegno, la celebrazione della Festa dei Lavoratori. La Messa \u00e8 stata presieduta dal vescovo di Mondov\u00ec, Mons. Egidio Miragoli. Riva Acciaio, celebrata a Lesegno la Festa dei Lavoratori La Messa celebrata presso lo stabilimento di Riva Acciaio \u00e8 stata l\u2019occasione per riflettere su una giornata che unisce due ricorrenze, una civile e una religiosa: \u00e8 stata la<\/p>\n<p><a class=\"continue-reading\" href=\"https:\/\/www.article-marketing.eu\/comunicatistampa\/riscoprire-il-senso-e-la-dignita-del-lavoro-riva-acciaio-celebra-il-1-maggio-a-lesegno\/\">Continue reading&#8230;<\/a><\/p>\n","protected":false},"author":6477,"featured_media":0,"comment_status":"open","ping_status":"open","sticky":false,"template":"","format":"standard","meta":{"_monsterinsights_skip_tracking":false,"_monsterinsights_sitenote_active":false,"_monsterinsights_sitenote_note":"","_monsterinsights_sitenote_category":0,"footnotes":""},"categories":[386],"tags":[9153],"class_list":["post-27586","post","type-post","status-publish","format-standard","hentry","category-economia-e-lavoro","tag-riva-acciaio"],"yoast_head":"<!-- This site is optimized with the Yoast SEO plugin v27.3 - https:\/\/yoast.com\/product\/yoast-seo-wordpress\/ -->\n<title>Riscoprire il senso e la dignit\u00e0 del lavoro: Riva Acciaio celebra il 1\u00b0 maggio a Lesegno<\/title>\n<meta name=\"robots\" content=\"index, follow, max-snippet:-1, max-image-preview:large, max-video-preview:-1\" \/>\n<link rel=\"canonical\" href=\"https:\/\/www.article-marketing.eu\/comunicatistampa\/riscoprire-il-senso-e-la-dignita-del-lavoro-riva-acciaio-celebra-il-1-maggio-a-lesegno\/\" \/>\n<meta property=\"og:locale\" content=\"it_IT\" \/>\n<meta property=\"og:type\" content=\"article\" \/>\n<meta property=\"og:title\" content=\"Riscoprire il senso e la dignit\u00e0 del lavoro: Riva Acciaio celebra il 1\u00b0 maggio a Lesegno\" \/>\n<meta property=\"og:description\" content=\"Luned\u00ec 1\u00b0 maggio si \u00e8 tenuta, presso lo stabilimento di Riva Acciaio a Lesegno, la celebrazione della Festa dei Lavoratori. La Messa \u00e8 stata presieduta dal vescovo di Mondov\u00ec, Mons. Egidio Miragoli. Riva Acciaio, celebrata a Lesegno la Festa dei Lavoratori La Messa celebrata presso lo stabilimento di Riva Acciaio \u00e8 stata l\u2019occasione per riflettere su una giornata che unisce due ricorrenze, una civile e una religiosa: \u00e8 stata laContinue reading...\" \/>\n<meta property=\"og:url\" content=\"https:\/\/www.article-marketing.eu\/comunicatistampa\/riscoprire-il-senso-e-la-dignita-del-lavoro-riva-acciaio-celebra-il-1-maggio-a-lesegno\/\" \/>\n<meta property=\"og:site_name\" content=\"Article Marketing\" \/>\n<meta property=\"article:published_time\" content=\"2023-06-29T06:55:43+00:00\" \/>\n<meta property=\"og:image\" content=\"https:\/\/media.licdn.com\/dms\/image\/C4D0BAQHh-iJyXBHqbQ\/company-logo_200_200\/0\/1646826658004?e=2147483647&amp;v=beta&amp;t=E9KHxAGmgC0w_-rQuCV3HHNlULtUck42wWaQXSo7PYU\" \/>\n<meta name=\"author\" content=\"articolinews\" \/>\n<meta name=\"twitter:card\" content=\"summary_large_image\" \/>\n<meta name=\"twitter:label1\" content=\"Scritto da\" \/>\n\t<meta name=\"twitter:data1\" content=\"articolinews\" \/>\n\t<meta name=\"twitter:label2\" content=\"Tempo di lettura stimato\" \/>\n\t<meta name=\"twitter:data2\" content=\"3 minuti\" \/>\n<script type=\"application\/ld+json\" class=\"yoast-schema-graph\">{\"@context\":\"https:\\\/\\\/schema.org\",\"@graph\":[{\"@type\":\"Article\",\"@id\":\"https:\\\/\\\/www.article-marketing.eu\\\/comunicatistampa\\\/riscoprire-il-senso-e-la-dignita-del-lavoro-riva-acciaio-celebra-il-1-maggio-a-lesegno\\\/#article\",\"isPartOf\":{\"@id\":\"https:\\\/\\\/www.article-marketing.eu\\\/comunicatistampa\\\/riscoprire-il-senso-e-la-dignita-del-lavoro-riva-acciaio-celebra-il-1-maggio-a-lesegno\\\/\"},\"author\":{\"name\":\"articolinews\",\"@id\":\"https:\\\/\\\/www.article-marketing.eu\\\/comunicatistampa\\\/#\\\/schema\\\/person\\\/2fcaf8f8f3a9eef9eb7f27532d3ca458\"},\"headline\":\"Riscoprire il senso e la dignit\u00e0 del lavoro: Riva Acciaio celebra il 1\u00b0 maggio a Lesegno\",\"datePublished\":\"2023-06-29T06:55:43+00:00\",\"mainEntityOfPage\":{\"@id\":\"https:\\\/\\\/www.article-marketing.eu\\\/comunicatistampa\\\/riscoprire-il-senso-e-la-dignita-del-lavoro-riva-acciaio-celebra-il-1-maggio-a-lesegno\\\/\"},\"wordCount\":448,\"commentCount\":0,\"image\":{\"@id\":\"https:\\\/\\\/www.article-marketing.eu\\\/comunicatistampa\\\/riscoprire-il-senso-e-la-dignita-del-lavoro-riva-acciaio-celebra-il-1-maggio-a-lesegno\\\/#primaryimage\"},\"thumbnailUrl\":\"https:\\\/\\\/media.licdn.com\\\/dms\\\/image\\\/C4D0BAQHh-iJyXBHqbQ\\\/company-logo_200_200\\\/0\\\/1646826658004?e=2147483647&amp;v=beta&amp;t=E9KHxAGmgC0w_-rQuCV3HHNlULtUck42wWaQXSo7PYU\",\"keywords\":[\"Riva Acciaio\"],\"articleSection\":[\"Economia e lavoro\"],\"inLanguage\":\"it-IT\",\"potentialAction\":[{\"@type\":\"CommentAction\",\"name\":\"Comment\",\"target\":[\"https:\\\/\\\/www.article-marketing.eu\\\/comunicatistampa\\\/riscoprire-il-senso-e-la-dignita-del-lavoro-riva-acciaio-celebra-il-1-maggio-a-lesegno\\\/#respond\"]}]},{\"@type\":\"WebPage\",\"@id\":\"https:\\\/\\\/www.article-marketing.eu\\\/comunicatistampa\\\/riscoprire-il-senso-e-la-dignita-del-lavoro-riva-acciaio-celebra-il-1-maggio-a-lesegno\\\/\",\"url\":\"https:\\\/\\\/www.article-marketing.eu\\\/comunicatistampa\\\/riscoprire-il-senso-e-la-dignita-del-lavoro-riva-acciaio-celebra-il-1-maggio-a-lesegno\\\/\",\"name\":\"Riscoprire il senso e la dignit\u00e0 del lavoro: Riva Acciaio celebra il 1\u00b0 maggio a Lesegno\",\"isPartOf\":{\"@id\":\"https:\\\/\\\/www.article-marketing.eu\\\/comunicatistampa\\\/#website\"},\"primaryImageOfPage\":{\"@id\":\"https:\\\/\\\/www.article-marketing.eu\\\/comunicatistampa\\\/riscoprire-il-senso-e-la-dignita-del-lavoro-riva-acciaio-celebra-il-1-maggio-a-lesegno\\\/#primaryimage\"},\"image\":{\"@id\":\"https:\\\/\\\/www.article-marketing.eu\\\/comunicatistampa\\\/riscoprire-il-senso-e-la-dignita-del-lavoro-riva-acciaio-celebra-il-1-maggio-a-lesegno\\\/#primaryimage\"},\"thumbnailUrl\":\"https:\\\/\\\/media.licdn.com\\\/dms\\\/image\\\/C4D0BAQHh-iJyXBHqbQ\\\/company-logo_200_200\\\/0\\\/1646826658004?e=2147483647&amp;v=beta&amp;t=E9KHxAGmgC0w_-rQuCV3HHNlULtUck42wWaQXSo7PYU\",\"datePublished\":\"2023-06-29T06:55:43+00:00\",\"author\":{\"@id\":\"https:\\\/\\\/www.article-marketing.eu\\\/comunicatistampa\\\/#\\\/schema\\\/person\\\/2fcaf8f8f3a9eef9eb7f27532d3ca458\"},\"breadcrumb\":{\"@id\":\"https:\\\/\\\/www.article-marketing.eu\\\/comunicatistampa\\\/riscoprire-il-senso-e-la-dignita-del-lavoro-riva-acciaio-celebra-il-1-maggio-a-lesegno\\\/#breadcrumb\"},\"inLanguage\":\"it-IT\",\"potentialAction\":[{\"@type\":\"ReadAction\",\"target\":[\"https:\\\/\\\/www.article-marketing.eu\\\/comunicatistampa\\\/riscoprire-il-senso-e-la-dignita-del-lavoro-riva-acciaio-celebra-il-1-maggio-a-lesegno\\\/\"]}]},{\"@type\":\"ImageObject\",\"inLanguage\":\"it-IT\",\"@id\":\"https:\\\/\\\/www.article-marketing.eu\\\/comunicatistampa\\\/riscoprire-il-senso-e-la-dignita-del-lavoro-riva-acciaio-celebra-il-1-maggio-a-lesegno\\\/#primaryimage\",\"url\":\"https:\\\/\\\/media.licdn.com\\\/dms\\\/image\\\/C4D0BAQHh-iJyXBHqbQ\\\/company-logo_200_200\\\/0\\\/1646826658004?e=2147483647&amp;v=beta&amp;t=E9KHxAGmgC0w_-rQuCV3HHNlULtUck42wWaQXSo7PYU\",\"contentUrl\":\"https:\\\/\\\/media.licdn.com\\\/dms\\\/image\\\/C4D0BAQHh-iJyXBHqbQ\\\/company-logo_200_200\\\/0\\\/1646826658004?e=2147483647&amp;v=beta&amp;t=E9KHxAGmgC0w_-rQuCV3HHNlULtUck42wWaQXSo7PYU\"},{\"@type\":\"BreadcrumbList\",\"@id\":\"https:\\\/\\\/www.article-marketing.eu\\\/comunicatistampa\\\/riscoprire-il-senso-e-la-dignita-del-lavoro-riva-acciaio-celebra-il-1-maggio-a-lesegno\\\/#breadcrumb\",\"itemListElement\":[{\"@type\":\"ListItem\",\"position\":1,\"name\":\"Home\",\"item\":\"https:\\\/\\\/www.article-marketing.eu\\\/comunicatistampa\\\/\"},{\"@type\":\"ListItem\",\"position\":2,\"name\":\"Riscoprire il senso e la dignit\u00e0 del lavoro: Riva Acciaio celebra il 1\u00b0 maggio a Lesegno\"}]},{\"@type\":\"WebSite\",\"@id\":\"https:\\\/\\\/www.article-marketing.eu\\\/comunicatistampa\\\/#website\",\"url\":\"https:\\\/\\\/www.article-marketing.eu\\\/comunicatistampa\\\/\",\"name\":\"Article Marketing\",\"description\":\"article marketing &amp; press release\",\"potentialAction\":[{\"@type\":\"SearchAction\",\"target\":{\"@type\":\"EntryPoint\",\"urlTemplate\":\"https:\\\/\\\/www.article-marketing.eu\\\/comunicatistampa\\\/?s={search_term_string}\"},\"query-input\":{\"@type\":\"PropertyValueSpecification\",\"valueRequired\":true,\"valueName\":\"search_term_string\"}}],\"inLanguage\":\"it-IT\"},{\"@type\":\"Person\",\"@id\":\"https:\\\/\\\/www.article-marketing.eu\\\/comunicatistampa\\\/#\\\/schema\\\/person\\\/2fcaf8f8f3a9eef9eb7f27532d3ca458\",\"name\":\"articolinews\",\"image\":{\"@type\":\"ImageObject\",\"inLanguage\":\"it-IT\",\"@id\":\"https:\\\/\\\/secure.gravatar.com\\\/avatar\\\/9e2a264bab04e17dea24d937c9956304649a848cb73c46747a692ff1bdeb1cb7?s=96&d=mm&r=g\",\"url\":\"https:\\\/\\\/secure.gravatar.com\\\/avatar\\\/9e2a264bab04e17dea24d937c9956304649a848cb73c46747a692ff1bdeb1cb7?s=96&d=mm&r=g\",\"contentUrl\":\"https:\\\/\\\/secure.gravatar.com\\\/avatar\\\/9e2a264bab04e17dea24d937c9956304649a848cb73c46747a692ff1bdeb1cb7?s=96&d=mm&r=g\",\"caption\":\"articolinews\"},\"url\":\"https:\\\/\\\/www.article-marketing.eu\\\/comunicatistampa\\\/author\\\/articolinews\\\/\"}]}<\/script>\n<!-- \/ Yoast SEO plugin. -->","yoast_head_json":{"title":"Riscoprire il senso e la dignit\u00e0 del lavoro: Riva Acciaio celebra il 1\u00b0 maggio a Lesegno","robots":{"index":"index","follow":"follow","max-snippet":"max-snippet:-1","max-image-preview":"max-image-preview:large","max-video-preview":"max-video-preview:-1"},"canonical":"https:\/\/www.article-marketing.eu\/comunicatistampa\/riscoprire-il-senso-e-la-dignita-del-lavoro-riva-acciaio-celebra-il-1-maggio-a-lesegno\/","og_locale":"it_IT","og_type":"article","og_title":"Riscoprire il senso e la dignit\u00e0 del lavoro: Riva Acciaio celebra il 1\u00b0 maggio a Lesegno","og_description":"Luned\u00ec 1\u00b0 maggio si \u00e8 tenuta, presso lo stabilimento di Riva Acciaio a Lesegno, la celebrazione della Festa dei Lavoratori. La Messa \u00e8 stata presieduta dal vescovo di Mondov\u00ec, Mons. Egidio Miragoli. Riva Acciaio, celebrata a Lesegno la Festa dei Lavoratori La Messa celebrata presso lo stabilimento di Riva Acciaio \u00e8 stata l\u2019occasione per riflettere su una giornata che unisce due ricorrenze, una civile e una religiosa: \u00e8 stata laContinue reading...","og_url":"https:\/\/www.article-marketing.eu\/comunicatistampa\/riscoprire-il-senso-e-la-dignita-del-lavoro-riva-acciaio-celebra-il-1-maggio-a-lesegno\/","og_site_name":"Article Marketing","article_published_time":"2023-06-29T06:55:43+00:00","og_image":[{"url":"https:\/\/media.licdn.com\/dms\/image\/C4D0BAQHh-iJyXBHqbQ\/company-logo_200_200\/0\/1646826658004?e=2147483647&amp;v=beta&amp;t=E9KHxAGmgC0w_-rQuCV3HHNlULtUck42wWaQXSo7PYU","type":"","width":"","height":""}],"author":"articolinews","twitter_card":"summary_large_image","twitter_misc":{"Scritto da":"articolinews","Tempo di lettura stimato":"3 minuti"},"schema":{"@context":"https:\/\/schema.org","@graph":[{"@type":"Article","@id":"https:\/\/www.article-marketing.eu\/comunicatistampa\/riscoprire-il-senso-e-la-dignita-del-lavoro-riva-acciaio-celebra-il-1-maggio-a-lesegno\/#article","isPartOf":{"@id":"https:\/\/www.article-marketing.eu\/comunicatistampa\/riscoprire-il-senso-e-la-dignita-del-lavoro-riva-acciaio-celebra-il-1-maggio-a-lesegno\/"},"author":{"name":"articolinews","@id":"https:\/\/www.article-marketing.eu\/comunicatistampa\/#\/schema\/person\/2fcaf8f8f3a9eef9eb7f27532d3ca458"},"headline":"Riscoprire il senso e la dignit\u00e0 del lavoro: Riva Acciaio celebra il 1\u00b0 maggio a Lesegno","datePublished":"2023-06-29T06:55:43+00:00","mainEntityOfPage":{"@id":"https:\/\/www.article-marketing.eu\/comunicatistampa\/riscoprire-il-senso-e-la-dignita-del-lavoro-riva-acciaio-celebra-il-1-maggio-a-lesegno\/"},"wordCount":448,"commentCount":0,"image":{"@id":"https:\/\/www.article-marketing.eu\/comunicatistampa\/riscoprire-il-senso-e-la-dignita-del-lavoro-riva-acciaio-celebra-il-1-maggio-a-lesegno\/#primaryimage"},"thumbnailUrl":"https:\/\/media.licdn.com\/dms\/image\/C4D0BAQHh-iJyXBHqbQ\/company-logo_200_200\/0\/1646826658004?e=2147483647&amp;v=beta&amp;t=E9KHxAGmgC0w_-rQuCV3HHNlULtUck42wWaQXSo7PYU","keywords":["Riva Acciaio"],"articleSection":["Economia e lavoro"],"inLanguage":"it-IT","potentialAction":[{"@type":"CommentAction","name":"Comment","target":["https:\/\/www.article-marketing.eu\/comunicatistampa\/riscoprire-il-senso-e-la-dignita-del-lavoro-riva-acciaio-celebra-il-1-maggio-a-lesegno\/#respond"]}]},{"@type":"WebPage","@id":"https:\/\/www.article-marketing.eu\/comunicatistampa\/riscoprire-il-senso-e-la-dignita-del-lavoro-riva-acciaio-celebra-il-1-maggio-a-lesegno\/","url":"https:\/\/www.article-marketing.eu\/comunicatistampa\/riscoprire-il-senso-e-la-dignita-del-lavoro-riva-acciaio-celebra-il-1-maggio-a-lesegno\/","name":"Riscoprire il senso e la dignit\u00e0 del lavoro: Riva Acciaio celebra il 1\u00b0 maggio a Lesegno","isPartOf":{"@id":"https:\/\/www.article-marketing.eu\/comunicatistampa\/#website"},"primaryImageOfPage":{"@id":"https:\/\/www.article-marketing.eu\/comunicatistampa\/riscoprire-il-senso-e-la-dignita-del-lavoro-riva-acciaio-celebra-il-1-maggio-a-lesegno\/#primaryimage"},"image":{"@id":"https:\/\/www.article-marketing.eu\/comunicatistampa\/riscoprire-il-senso-e-la-dignita-del-lavoro-riva-acciaio-celebra-il-1-maggio-a-lesegno\/#primaryimage"},"thumbnailUrl":"https:\/\/media.licdn.com\/dms\/image\/C4D0BAQHh-iJyXBHqbQ\/company-logo_200_200\/0\/1646826658004?e=2147483647&amp;v=beta&amp;t=E9KHxAGmgC0w_-rQuCV3HHNlULtUck42wWaQXSo7PYU","datePublished":"2023-06-29T06:55:43+00:00","author":{"@id":"https:\/\/www.article-marketing.eu\/comunicatistampa\/#\/schema\/person\/2fcaf8f8f3a9eef9eb7f27532d3ca458"},"breadcrumb":{"@id":"https:\/\/www.article-marketing.eu\/comunicatistampa\/riscoprire-il-senso-e-la-dignita-del-lavoro-riva-acciaio-celebra-il-1-maggio-a-lesegno\/#breadcrumb"},"inLanguage":"it-IT","potentialAction":[{"@type":"ReadAction","target":["https:\/\/www.article-marketing.eu\/comunicatistampa\/riscoprire-il-senso-e-la-dignita-del-lavoro-riva-acciaio-celebra-il-1-maggio-a-lesegno\/"]}]},{"@type":"ImageObject","inLanguage":"it-IT","@id":"https:\/\/www.article-marketing.eu\/comunicatistampa\/riscoprire-il-senso-e-la-dignita-del-lavoro-riva-acciaio-celebra-il-1-maggio-a-lesegno\/#primaryimage","url":"https:\/\/media.licdn.com\/dms\/image\/C4D0BAQHh-iJyXBHqbQ\/company-logo_200_200\/0\/1646826658004?e=2147483647&amp;v=beta&amp;t=E9KHxAGmgC0w_-rQuCV3HHNlULtUck42wWaQXSo7PYU","contentUrl":"https:\/\/media.licdn.com\/dms\/image\/C4D0BAQHh-iJyXBHqbQ\/company-logo_200_200\/0\/1646826658004?e=2147483647&amp;v=beta&amp;t=E9KHxAGmgC0w_-rQuCV3HHNlULtUck42wWaQXSo7PYU"},{"@type":"BreadcrumbList","@id":"https:\/\/www.article-marketing.eu\/comunicatistampa\/riscoprire-il-senso-e-la-dignita-del-lavoro-riva-acciaio-celebra-il-1-maggio-a-lesegno\/#breadcrumb","itemListElement":[{"@type":"ListItem","position":1,"name":"Home","item":"https:\/\/www.article-marketing.eu\/comunicatistampa\/"},{"@type":"ListItem","position":2,"name":"Riscoprire il senso e la dignit\u00e0 del lavoro: Riva Acciaio celebra il 1\u00b0 maggio a Lesegno"}]},{"@type":"WebSite","@id":"https:\/\/www.article-marketing.eu\/comunicatistampa\/#website","url":"https:\/\/www.article-marketing.eu\/comunicatistampa\/","name":"Article Marketing","description":"article marketing &amp; press release","potentialAction":[{"@type":"SearchAction","target":{"@type":"EntryPoint","urlTemplate":"https:\/\/www.article-marketing.eu\/comunicatistampa\/?s={search_term_string}"},"query-input":{"@type":"PropertyValueSpecification","valueRequired":true,"valueName":"search_term_string"}}],"inLanguage":"it-IT"},{"@type":"Person","@id":"https:\/\/www.article-marketing.eu\/comunicatistampa\/#\/schema\/person\/2fcaf8f8f3a9eef9eb7f27532d3ca458","name":"articolinews","image":{"@type":"ImageObject","inLanguage":"it-IT","@id":"https:\/\/secure.gravatar.com\/avatar\/9e2a264bab04e17dea24d937c9956304649a848cb73c46747a692ff1bdeb1cb7?s=96&d=mm&r=g","url":"https:\/\/secure.gravatar.com\/avatar\/9e2a264bab04e17dea24d937c9956304649a848cb73c46747a692ff1bdeb1cb7?s=96&d=mm&r=g","contentUrl":"https:\/\/secure.gravatar.com\/avatar\/9e2a264bab04e17dea24d937c9956304649a848cb73c46747a692ff1bdeb1cb7?s=96&d=mm&r=g","caption":"articolinews"},"url":"https:\/\/www.article-marketing.eu\/comunicatistampa\/author\/articolinews\/"}]}},"_links":{"self":[{"href":"https:\/\/www.article-marketing.eu\/comunicatistampa\/wp-json\/wp\/v2\/posts\/27586","targetHints":{"allow":["GET"]}}],"collection":[{"href":"https:\/\/www.article-marketing.eu\/comunicatistampa\/wp-json\/wp\/v2\/posts"}],"about":[{"href":"https:\/\/www.article-marketing.eu\/comunicatistampa\/wp-json\/wp\/v2\/types\/post"}],"author":[{"embeddable":true,"href":"https:\/\/www.article-marketing.eu\/comunicatistampa\/wp-json\/wp\/v2\/users\/6477"}],"replies":[{"embeddable":true,"href":"https:\/\/www.article-marketing.eu\/comunicatistampa\/wp-json\/wp\/v2\/comments?post=27586"}],"version-history":[{"count":2,"href":"https:\/\/www.article-marketing.eu\/comunicatistampa\/wp-json\/wp\/v2\/posts\/27586\/revisions"}],"predecessor-version":[{"id":27712,"href":"https:\/\/www.article-marketing.eu\/comunicatistampa\/wp-json\/wp\/v2\/posts\/27586\/revisions\/27712"}],"wp:attachment":[{"href":"https:\/\/www.article-marketing.eu\/comunicatistampa\/wp-json\/wp\/v2\/media?parent=27586"}],"wp:term":[{"taxonomy":"category","embeddable":true,"href":"https:\/\/www.article-marketing.eu\/comunicatistampa\/wp-json\/wp\/v2\/categories?post=27586"},{"taxonomy":"post_tag","embeddable":true,"href":"https:\/\/www.article-marketing.eu\/comunicatistampa\/wp-json\/wp\/v2\/tags?post=27586"}],"curies":[{"name":"wp","href":"https:\/\/api.w.org\/{rel}","templated":true}]}}