{"id":27598,"date":"2023-06-29T10:02:59","date_gmt":"2023-06-29T08:02:59","guid":{"rendered":"https:\/\/www.article-marketing.eu\/comunicatistampa\/?p=27598"},"modified":"2023-06-28T14:34:49","modified_gmt":"2023-06-28T12:34:49","slug":"alla-scoperta-della-quinoa-italiana-e-sostenibile","status":"publish","type":"post","link":"https:\/\/www.article-marketing.eu\/comunicatistampa\/alla-scoperta-della-quinoa-italiana-e-sostenibile\/","title":{"rendered":"Alla scoperta della quinoa italiana e sostenibile"},"content":{"rendered":"<p><strong>Sabato 10 e domenica 11 giugno, con il \u201c2 giorni Quinoa\u201d l\u2019Az. Agr. Tundo Sebastiano di Argenta (FE) apre le porte per far conoscere e assaporare un\u2019alimentazione sana immersi nell\u2019oasi naturale di Campotto, tra esperti, degustazioni e attivit\u00e0 all\u2019aperto<\/strong><\/p>\n<p>&nbsp;<\/p>\n<p>Se il 2013 \u00e8 stato l\u2019Anno della Quinoa, indetto dalla FAO, l&#8217;Organizzazione delle Nazioni Unite per l\u2019Alimentazione e l\u2019Agricoltura, il 2023 si appresta a ospitare un grande evento. L&#8217;<strong>Azienda Agricola Tundo Sebastiano<\/strong>, situata ad <strong>Argenta (FE)<\/strong> e circondata dal Parco del Delta del Po, <strong>organizza<\/strong> infatti <strong>il suo primo evento dedicato alla quinoa \u201c2 giorni quinoa\u201d, sabato 10 e domenica 11 giugno<\/strong>. L\u2019innovativa azienda agricola che porta il nome del suo fondatore accoglie, nelle due giornate, presso la propria struttura agrituristica \u201cAgrilocanda Val Campotto\u201d, <strong>esperti, curiosi, appassionati e golosi,<\/strong> <strong>per<\/strong> <strong>far conoscere la quinoa<\/strong>, una pianta erbacea che oggi viene annoverata tra i <strong>superfood<\/strong> grazie alle sue importanti propriet\u00e0 nutritive e salutari. La quinoa \u00e8 un pseudocereale che ha trovato il terreno ideale nella pianura ferrarese per crescere e diventare <strong>il fulcro della filiera italiana biologica.<\/strong><\/p>\n<p>Durante la due giorni, il pubblico avr\u00e0 l&#8217;opportunit\u00e0 di <strong>scoprire la quinoa e l&#8217;attivit\u00e0 <\/strong><strong>QUIN<sup>\u00ae<\/sup><\/strong>, marchio della linea di prodotti italiani dedicati alla coltivazione e trasformazione della quinoa e dei suoi derivati. Nel weekend ricco di esperienze culinarie e benessere si terr\u00e0 <strong>un importante convegno con la partecipazione di esperti, ricercatori e nutrizionist<\/strong>i, oltre a momenti di benessere, attivit\u00e0 ludiche che permetteranno di rilassarsi e divertirsi immersi nella natura. Dalle sessioni di yoga all\u2019aperto o il bagno sensoriale, alla visita al campo di quinoa, alla presentazione del libro <em>\u201cLa verit\u00e0, vi prego, sul cibo\u201d<\/em> di Monia Caramma, a passeggiate sul pony per i bimbi, fino a suggestivi spettacoli acrobatici all&#8217;aperto per grandi e piccoli. Il fine settimana del 10 e 11 giugno soddisfer\u00e0 ogni desiderio di benessere e relax.<\/p>\n<p>Non mancheranno <strong>degustazioni e cooking show<\/strong>, durante i quali sar\u00e0 possibile imparare <strong>le tecniche per preparare piatti deliziosi<\/strong>, sempre nel segno del piacere gastronomico, ma con attenzione alla linea e alla salubrit\u00e0 delle diverse portate.<\/p>\n<p>Questo evento rappresenta <strong>un&#8217;occasione molto speciale per scoprire nelle fertili Valli del Mezzano il <em>&#8220;grano de oro&#8221;<\/em><\/strong>, come veniva definita la quinoa dagli Inca e dai Maya. Grazie all&#8217;<strong>Azienda Agricola Tundo Sebastiano<\/strong>, questo prezioso pseudocereale viene coltivato nel rispetto rigoroso dei protocolli della <strong>coltivazione biologica<\/strong>, nonch\u00e9 dei principi di conservazione e rotazione dei terreni. Durante l&#8217;evento, sar\u00e0 possibile assaggiare un prodotto che, oltre ad avere eccellenti caratteristiche nutrizionali e sensoriali, \u00e8 anche <strong>eticamente sostenibile<\/strong>. La variet\u00e0 coltivata dall&#8217;Az. Agr. Tundo Sebastiano si distingue per il basso contenuto di saponine, la sostanza amara che naturalmente ricopre la maggior parte dei chicchi di quinoa coltivati all&#8217;estero. Ci\u00f2 significa che la quinoa non viene decorticata, mantenendo tutte le propriet\u00e0 integrali del chicco, come la concentrazione di minerali e fibre, nonch\u00e9 un sapore pi\u00f9 intenso e ricco. Il risultato \u00e8 <strong>un prodotto orgogliosamente italiano, affidabile e di altissima qualit\u00e0, <\/strong>merito di un processo controllato e tracciato in tutte le sue fasi dalla coltivazione alla trasformazione in pasta, birra e altri derivati.<\/p>\n<p>Commercializzata con il <strong>marchio QUIN<sup>\u00ae<\/sup><\/strong>, la gamma prodotti \u00e8 caratterizzata da <strong>un ampio ventaglio di prodotti a partire dalla farina e dai chicchi, alla quinoa soffiata al cioccolato per la colazione, dalla pasta in vari formati a cracker e snack, <\/strong><strong>fino alla quinoa birrificata<\/strong>, un prodotto unico e naturalmente senza glutine, come Quinoa IPA e Quinoa Ale, dal delicato profumo di luppolo e dal sapore bilanciato.<\/p>\n<p>&nbsp;<\/p>\n<p><a href=\"http:\/\/www.quinitalia.com\">www.quinitalia.com<\/a><\/p>\n<p>&nbsp;<\/p>\n<p><strong>QUIN<sup>\u00ae<\/sup><\/strong> \u00e8 un brand di propriet\u00e0 dell\u2019Az. Agr. Tundo Sebastiano, azienda agricola con sede ad Argenta<strong>.<\/strong> Guardando con massima attenzione alla sostenibilit\u00e0 alimentare, QUIN<sup>\u00ae<\/sup> ha creato la prima filiera italiana della quinoa. Dalla coltivazione al raccolto, fino alla trasformazione della materia prima, l&#8217;azienda <span style=\"text-decoration: line-through;\">s<\/span>i impegna a consegnare al mercato un prodotto orgogliosamente italiano, affidabile e di altissima qualit\u00e0. W<a href=\"http:\/\/www.quinitalia.com\/\">ww.quinitalia.com<\/a> \u00e8 l&#8217;e-commerce dedicato alla vendita dei prodotti a marchio QUIN<sup>\u00ae<\/sup>.<\/p>\n","protected":false},"excerpt":{"rendered":"<p>Sabato 10 e domenica 11 giugno, con il \u201c2 giorni Quinoa\u201d l\u2019Az. Agr. Tundo Sebastiano di Argenta (FE) apre le porte per far conoscere e assaporare un\u2019alimentazione sana immersi nell\u2019oasi naturale di Campotto, tra esperti, degustazioni e attivit\u00e0 all\u2019aperto &nbsp; Se il 2013 \u00e8 stato l\u2019Anno della Quinoa, indetto dalla FAO, l&#8217;Organizzazione delle Nazioni Unite per l\u2019Alimentazione e l\u2019Agricoltura, il 2023 si appresta a ospitare un grande evento. L&#8217;Azienda Agricola<\/p>\n<p><a class=\"continue-reading\" href=\"https:\/\/www.article-marketing.eu\/comunicatistampa\/alla-scoperta-della-quinoa-italiana-e-sostenibile\/\">Continue reading&#8230;<\/a><\/p>\n","protected":false},"author":397,"featured_media":0,"comment_status":"open","ping_status":"open","sticky":false,"template":"","format":"standard","meta":{"_monsterinsights_skip_tracking":false,"_monsterinsights_sitenote_active":false,"_monsterinsights_sitenote_note":"","_monsterinsights_sitenote_category":0,"footnotes":""},"categories":[78],"tags":[],"class_list":["post-27598","post","type-post","status-publish","format-standard","hentry","category-comunicati-stampa"],"yoast_head":"<!-- This site is optimized with the Yoast SEO plugin v27.3 - https:\/\/yoast.com\/product\/yoast-seo-wordpress\/ -->\n<title>Alla scoperta della quinoa italiana e sostenibile - Article Marketing<\/title>\n<meta name=\"robots\" content=\"index, follow, max-snippet:-1, max-image-preview:large, max-video-preview:-1\" \/>\n<link rel=\"canonical\" href=\"https:\/\/www.article-marketing.eu\/comunicatistampa\/alla-scoperta-della-quinoa-italiana-e-sostenibile\/\" \/>\n<meta property=\"og:locale\" content=\"it_IT\" \/>\n<meta property=\"og:type\" content=\"article\" \/>\n<meta property=\"og:title\" content=\"Alla scoperta della quinoa italiana e sostenibile - Article Marketing\" \/>\n<meta property=\"og:description\" content=\"Sabato 10 e domenica 11 giugno, con il \u201c2 giorni Quinoa\u201d l\u2019Az. Agr. Tundo Sebastiano di Argenta (FE) apre le porte per far conoscere e assaporare un\u2019alimentazione sana immersi nell\u2019oasi naturale di Campotto, tra esperti, degustazioni e attivit\u00e0 all\u2019aperto &nbsp; Se il 2013 \u00e8 stato l\u2019Anno della Quinoa, indetto dalla FAO, l&#8217;Organizzazione delle Nazioni Unite per l\u2019Alimentazione e l\u2019Agricoltura, il 2023 si appresta a ospitare un grande evento. L&#8217;Azienda AgricolaContinue reading...\" \/>\n<meta property=\"og:url\" content=\"https:\/\/www.article-marketing.eu\/comunicatistampa\/alla-scoperta-della-quinoa-italiana-e-sostenibile\/\" \/>\n<meta property=\"og:site_name\" content=\"Article Marketing\" \/>\n<meta property=\"article:published_time\" content=\"2023-06-29T08:02:59+00:00\" \/>\n<meta name=\"author\" content=\"Borderline Agency\" \/>\n<meta name=\"twitter:card\" content=\"summary_large_image\" \/>\n<meta name=\"twitter:label1\" content=\"Scritto da\" \/>\n\t<meta name=\"twitter:data1\" content=\"Borderline Agency\" \/>\n\t<meta name=\"twitter:label2\" content=\"Tempo di lettura stimato\" \/>\n\t<meta name=\"twitter:data2\" content=\"4 minuti\" \/>\n<script type=\"application\/ld+json\" class=\"yoast-schema-graph\">{\"@context\":\"https:\\\/\\\/schema.org\",\"@graph\":[{\"@type\":\"Article\",\"@id\":\"https:\\\/\\\/www.article-marketing.eu\\\/comunicatistampa\\\/alla-scoperta-della-quinoa-italiana-e-sostenibile\\\/#article\",\"isPartOf\":{\"@id\":\"https:\\\/\\\/www.article-marketing.eu\\\/comunicatistampa\\\/alla-scoperta-della-quinoa-italiana-e-sostenibile\\\/\"},\"author\":{\"name\":\"Borderline Agency\",\"@id\":\"https:\\\/\\\/www.article-marketing.eu\\\/comunicatistampa\\\/#\\\/schema\\\/person\\\/1c4ab1c7aad84347e26e78235da6ff1b\"},\"headline\":\"Alla scoperta della quinoa italiana e sostenibile\",\"datePublished\":\"2023-06-29T08:02:59+00:00\",\"mainEntityOfPage\":{\"@id\":\"https:\\\/\\\/www.article-marketing.eu\\\/comunicatistampa\\\/alla-scoperta-della-quinoa-italiana-e-sostenibile\\\/\"},\"wordCount\":649,\"commentCount\":0,\"articleSection\":[\"Comunicati stampa\"],\"inLanguage\":\"it-IT\",\"potentialAction\":[{\"@type\":\"CommentAction\",\"name\":\"Comment\",\"target\":[\"https:\\\/\\\/www.article-marketing.eu\\\/comunicatistampa\\\/alla-scoperta-della-quinoa-italiana-e-sostenibile\\\/#respond\"]}]},{\"@type\":\"WebPage\",\"@id\":\"https:\\\/\\\/www.article-marketing.eu\\\/comunicatistampa\\\/alla-scoperta-della-quinoa-italiana-e-sostenibile\\\/\",\"url\":\"https:\\\/\\\/www.article-marketing.eu\\\/comunicatistampa\\\/alla-scoperta-della-quinoa-italiana-e-sostenibile\\\/\",\"name\":\"Alla scoperta della quinoa italiana e sostenibile - Article Marketing\",\"isPartOf\":{\"@id\":\"https:\\\/\\\/www.article-marketing.eu\\\/comunicatistampa\\\/#website\"},\"datePublished\":\"2023-06-29T08:02:59+00:00\",\"author\":{\"@id\":\"https:\\\/\\\/www.article-marketing.eu\\\/comunicatistampa\\\/#\\\/schema\\\/person\\\/1c4ab1c7aad84347e26e78235da6ff1b\"},\"breadcrumb\":{\"@id\":\"https:\\\/\\\/www.article-marketing.eu\\\/comunicatistampa\\\/alla-scoperta-della-quinoa-italiana-e-sostenibile\\\/#breadcrumb\"},\"inLanguage\":\"it-IT\",\"potentialAction\":[{\"@type\":\"ReadAction\",\"target\":[\"https:\\\/\\\/www.article-marketing.eu\\\/comunicatistampa\\\/alla-scoperta-della-quinoa-italiana-e-sostenibile\\\/\"]}]},{\"@type\":\"BreadcrumbList\",\"@id\":\"https:\\\/\\\/www.article-marketing.eu\\\/comunicatistampa\\\/alla-scoperta-della-quinoa-italiana-e-sostenibile\\\/#breadcrumb\",\"itemListElement\":[{\"@type\":\"ListItem\",\"position\":1,\"name\":\"Home\",\"item\":\"https:\\\/\\\/www.article-marketing.eu\\\/comunicatistampa\\\/\"},{\"@type\":\"ListItem\",\"position\":2,\"name\":\"Alla scoperta della quinoa italiana e sostenibile\"}]},{\"@type\":\"WebSite\",\"@id\":\"https:\\\/\\\/www.article-marketing.eu\\\/comunicatistampa\\\/#website\",\"url\":\"https:\\\/\\\/www.article-marketing.eu\\\/comunicatistampa\\\/\",\"name\":\"Article Marketing\",\"description\":\"article marketing &amp; press release\",\"potentialAction\":[{\"@type\":\"SearchAction\",\"target\":{\"@type\":\"EntryPoint\",\"urlTemplate\":\"https:\\\/\\\/www.article-marketing.eu\\\/comunicatistampa\\\/?s={search_term_string}\"},\"query-input\":{\"@type\":\"PropertyValueSpecification\",\"valueRequired\":true,\"valueName\":\"search_term_string\"}}],\"inLanguage\":\"it-IT\"},{\"@type\":\"Person\",\"@id\":\"https:\\\/\\\/www.article-marketing.eu\\\/comunicatistampa\\\/#\\\/schema\\\/person\\\/1c4ab1c7aad84347e26e78235da6ff1b\",\"name\":\"Borderline Agency\",\"image\":{\"@type\":\"ImageObject\",\"inLanguage\":\"it-IT\",\"@id\":\"https:\\\/\\\/secure.gravatar.com\\\/avatar\\\/741fa053101610cb0be7dc835c116926549ae4ae2142ff35eac04d78fda61461?s=96&d=mm&r=g\",\"url\":\"https:\\\/\\\/secure.gravatar.com\\\/avatar\\\/741fa053101610cb0be7dc835c116926549ae4ae2142ff35eac04d78fda61461?s=96&d=mm&r=g\",\"contentUrl\":\"https:\\\/\\\/secure.gravatar.com\\\/avatar\\\/741fa053101610cb0be7dc835c116926549ae4ae2142ff35eac04d78fda61461?s=96&d=mm&r=g\",\"caption\":\"Borderline Agency\"},\"url\":\"https:\\\/\\\/www.article-marketing.eu\\\/comunicatistampa\\\/author\\\/borderline-agency\\\/\"}]}<\/script>\n<!-- \/ Yoast SEO plugin. -->","yoast_head_json":{"title":"Alla scoperta della quinoa italiana e sostenibile - Article Marketing","robots":{"index":"index","follow":"follow","max-snippet":"max-snippet:-1","max-image-preview":"max-image-preview:large","max-video-preview":"max-video-preview:-1"},"canonical":"https:\/\/www.article-marketing.eu\/comunicatistampa\/alla-scoperta-della-quinoa-italiana-e-sostenibile\/","og_locale":"it_IT","og_type":"article","og_title":"Alla scoperta della quinoa italiana e sostenibile - Article Marketing","og_description":"Sabato 10 e domenica 11 giugno, con il \u201c2 giorni Quinoa\u201d l\u2019Az. Agr. Tundo Sebastiano di Argenta (FE) apre le porte per far conoscere e assaporare un\u2019alimentazione sana immersi nell\u2019oasi naturale di Campotto, tra esperti, degustazioni e attivit\u00e0 all\u2019aperto &nbsp; Se il 2013 \u00e8 stato l\u2019Anno della Quinoa, indetto dalla FAO, l&#8217;Organizzazione delle Nazioni Unite per l\u2019Alimentazione e l\u2019Agricoltura, il 2023 si appresta a ospitare un grande evento. L&#8217;Azienda AgricolaContinue reading...","og_url":"https:\/\/www.article-marketing.eu\/comunicatistampa\/alla-scoperta-della-quinoa-italiana-e-sostenibile\/","og_site_name":"Article Marketing","article_published_time":"2023-06-29T08:02:59+00:00","author":"Borderline Agency","twitter_card":"summary_large_image","twitter_misc":{"Scritto da":"Borderline Agency","Tempo di lettura stimato":"4 minuti"},"schema":{"@context":"https:\/\/schema.org","@graph":[{"@type":"Article","@id":"https:\/\/www.article-marketing.eu\/comunicatistampa\/alla-scoperta-della-quinoa-italiana-e-sostenibile\/#article","isPartOf":{"@id":"https:\/\/www.article-marketing.eu\/comunicatistampa\/alla-scoperta-della-quinoa-italiana-e-sostenibile\/"},"author":{"name":"Borderline Agency","@id":"https:\/\/www.article-marketing.eu\/comunicatistampa\/#\/schema\/person\/1c4ab1c7aad84347e26e78235da6ff1b"},"headline":"Alla scoperta della quinoa italiana e sostenibile","datePublished":"2023-06-29T08:02:59+00:00","mainEntityOfPage":{"@id":"https:\/\/www.article-marketing.eu\/comunicatistampa\/alla-scoperta-della-quinoa-italiana-e-sostenibile\/"},"wordCount":649,"commentCount":0,"articleSection":["Comunicati stampa"],"inLanguage":"it-IT","potentialAction":[{"@type":"CommentAction","name":"Comment","target":["https:\/\/www.article-marketing.eu\/comunicatistampa\/alla-scoperta-della-quinoa-italiana-e-sostenibile\/#respond"]}]},{"@type":"WebPage","@id":"https:\/\/www.article-marketing.eu\/comunicatistampa\/alla-scoperta-della-quinoa-italiana-e-sostenibile\/","url":"https:\/\/www.article-marketing.eu\/comunicatistampa\/alla-scoperta-della-quinoa-italiana-e-sostenibile\/","name":"Alla scoperta della quinoa italiana e sostenibile - Article Marketing","isPartOf":{"@id":"https:\/\/www.article-marketing.eu\/comunicatistampa\/#website"},"datePublished":"2023-06-29T08:02:59+00:00","author":{"@id":"https:\/\/www.article-marketing.eu\/comunicatistampa\/#\/schema\/person\/1c4ab1c7aad84347e26e78235da6ff1b"},"breadcrumb":{"@id":"https:\/\/www.article-marketing.eu\/comunicatistampa\/alla-scoperta-della-quinoa-italiana-e-sostenibile\/#breadcrumb"},"inLanguage":"it-IT","potentialAction":[{"@type":"ReadAction","target":["https:\/\/www.article-marketing.eu\/comunicatistampa\/alla-scoperta-della-quinoa-italiana-e-sostenibile\/"]}]},{"@type":"BreadcrumbList","@id":"https:\/\/www.article-marketing.eu\/comunicatistampa\/alla-scoperta-della-quinoa-italiana-e-sostenibile\/#breadcrumb","itemListElement":[{"@type":"ListItem","position":1,"name":"Home","item":"https:\/\/www.article-marketing.eu\/comunicatistampa\/"},{"@type":"ListItem","position":2,"name":"Alla scoperta della quinoa italiana e sostenibile"}]},{"@type":"WebSite","@id":"https:\/\/www.article-marketing.eu\/comunicatistampa\/#website","url":"https:\/\/www.article-marketing.eu\/comunicatistampa\/","name":"Article Marketing","description":"article marketing &amp; press release","potentialAction":[{"@type":"SearchAction","target":{"@type":"EntryPoint","urlTemplate":"https:\/\/www.article-marketing.eu\/comunicatistampa\/?s={search_term_string}"},"query-input":{"@type":"PropertyValueSpecification","valueRequired":true,"valueName":"search_term_string"}}],"inLanguage":"it-IT"},{"@type":"Person","@id":"https:\/\/www.article-marketing.eu\/comunicatistampa\/#\/schema\/person\/1c4ab1c7aad84347e26e78235da6ff1b","name":"Borderline Agency","image":{"@type":"ImageObject","inLanguage":"it-IT","@id":"https:\/\/secure.gravatar.com\/avatar\/741fa053101610cb0be7dc835c116926549ae4ae2142ff35eac04d78fda61461?s=96&d=mm&r=g","url":"https:\/\/secure.gravatar.com\/avatar\/741fa053101610cb0be7dc835c116926549ae4ae2142ff35eac04d78fda61461?s=96&d=mm&r=g","contentUrl":"https:\/\/secure.gravatar.com\/avatar\/741fa053101610cb0be7dc835c116926549ae4ae2142ff35eac04d78fda61461?s=96&d=mm&r=g","caption":"Borderline Agency"},"url":"https:\/\/www.article-marketing.eu\/comunicatistampa\/author\/borderline-agency\/"}]}},"_links":{"self":[{"href":"https:\/\/www.article-marketing.eu\/comunicatistampa\/wp-json\/wp\/v2\/posts\/27598","targetHints":{"allow":["GET"]}}],"collection":[{"href":"https:\/\/www.article-marketing.eu\/comunicatistampa\/wp-json\/wp\/v2\/posts"}],"about":[{"href":"https:\/\/www.article-marketing.eu\/comunicatistampa\/wp-json\/wp\/v2\/types\/post"}],"author":[{"embeddable":true,"href":"https:\/\/www.article-marketing.eu\/comunicatistampa\/wp-json\/wp\/v2\/users\/397"}],"replies":[{"embeddable":true,"href":"https:\/\/www.article-marketing.eu\/comunicatistampa\/wp-json\/wp\/v2\/comments?post=27598"}],"version-history":[{"count":2,"href":"https:\/\/www.article-marketing.eu\/comunicatistampa\/wp-json\/wp\/v2\/posts\/27598\/revisions"}],"predecessor-version":[{"id":27717,"href":"https:\/\/www.article-marketing.eu\/comunicatistampa\/wp-json\/wp\/v2\/posts\/27598\/revisions\/27717"}],"wp:attachment":[{"href":"https:\/\/www.article-marketing.eu\/comunicatistampa\/wp-json\/wp\/v2\/media?parent=27598"}],"wp:term":[{"taxonomy":"category","embeddable":true,"href":"https:\/\/www.article-marketing.eu\/comunicatistampa\/wp-json\/wp\/v2\/categories?post=27598"},{"taxonomy":"post_tag","embeddable":true,"href":"https:\/\/www.article-marketing.eu\/comunicatistampa\/wp-json\/wp\/v2\/tags?post=27598"}],"curies":[{"name":"wp","href":"https:\/\/api.w.org\/{rel}","templated":true}]}}