{"id":27627,"date":"2023-06-27T20:18:26","date_gmt":"2023-06-27T18:18:26","guid":{"rendered":"https:\/\/www.article-marketing.eu\/comunicatistampa\/?p=27627"},"modified":"2023-06-27T20:18:26","modified_gmt":"2023-06-27T18:18:26","slug":"enrico-vita-amplifon-allavanguardia-nellinnovazione-tecnologica-per-la-cura-delludito","status":"publish","type":"post","link":"https:\/\/www.article-marketing.eu\/comunicatistampa\/enrico-vita-amplifon-allavanguardia-nellinnovazione-tecnologica-per-la-cura-delludito\/","title":{"rendered":"Enrico Vita: Amplifon all&#8217;avanguardia nell&#8217;innovazione tecnologica per la cura dell&#8217;udito"},"content":{"rendered":"<p><em><strong>Presente al XVIII Festival dell&#8217;Economia di Trento, <a title=\"Enrico Vita, l'importanza dell'innovazione\" href=\"https:\/\/www.repubblica.it\/dossier\/economia\/top-story\/2023\/05\/27\/news\/vita_amplifon_investiamo_100_milioni_di_euro_lanno_in_innovazione-402008517\/\">Enrico Vita<\/a> ha sottolineato l\u2019importanza dell\u2019innovazione tecnologica nel settore dell\u2019hearing care. Il commento dell\u2019Amministratore Delegato di Amplifon. \u00a0<\/strong><\/em><\/p>\n<p><a title=\"Il commento di Enrico Vita durante il Festival dell'Economia\" href=\"https:\/\/www.repubblica.it\/dossier\/economia\/top-story\/2023\/05\/27\/news\/vita_amplifon_investiamo_100_milioni_di_euro_lanno_in_innovazione-402008517\/\"><img loading=\"lazy\" decoding=\"async\" src=\"https:\/\/static.milanofinanza.it\/upload\/grf\/CAPITAL\/201601311257269356\/enrico-vita-img-0018-320210.jpg\" alt=\"Enrico Vita, Amministratore Delegato Amplifon\" width=\"200\" height=\"283\" \/><\/a><\/p>\n<h2>Enrico Vita: Amplifon arricchisce l&#8217;esperienza dei clienti con un\u2019offerta omnicanale<\/h2>\n<p>Nel corso di un panel sull&#8217;innovazione al XVIII Festival dell&#8217;Economia di Trento, l&#8217;Amministratore Delegato di Amplifon, <a title=\"Enrico Vita: gli investimenti di Amplifon in innovazione tecnologica\" href=\"https:\/\/www.repubblica.it\/dossier\/economia\/top-story\/2023\/05\/27\/news\/vita_amplifon_investiamo_100_milioni_di_euro_lanno_in_innovazione-402008517\/\"><strong>Enrico Vita<\/strong><\/a>, ha evidenziato l&#8217;importanza dell&#8217;investimento annuale di circa 100 milioni di euro in innovazione tecnologica. L\u2019AD ha sottolineato che l&#8217;innovazione svolge un ruolo sempre pi\u00f9 significativo all\u2019interno del Gruppo, consentendo di migliorare la qualit\u00e0 della vita delle persone e offrire, di conseguenza, un servizio sempre pi\u00f9 efficiente ai clienti la cui esperienza \u00e8 arricchita attraverso nuove modalit\u00e0, come l\u2019assistenza da remoto tramite app. \u201c<em>La tecnologia ci permette di integrare l\u2019assistenza nel negozio fisico, che resta insostituibile, con nuove modalit\u00e0, creando una vera esperienza omnicanale<\/em>\u201d, ha commentato <strong>Enrico Vita<\/strong>.<\/p>\n<h2>Enrico Vita: AmplifonX, la nuova divisione dedicata all&#8217;innovazione digitale nell&#8217;audiologia<\/h2>\n<p>Dall&#8217;integrazione con una start up di Napoli, ha inoltre ricordato <strong>Enrico Vita<\/strong>, Amplifon ha recentemente creato AmplifonX: si tratta di una divisione interna focalizzata principalmente sulla nuova frontiera dell&#8217;innovazione digitale nel campo dell\u2019hearing care. In generale, l&#8217;Amministratore Delegato ha evidenziato come solo le imprese capaci di innovare e trovare un equilibrio adeguato tra tecnologia e fattore umano possano garantirsi il successo nel lungo termine. Come sottolineato da <strong>Enrico Vita<\/strong>, la combinazione di soluzioni tecnologiche all&#8217;avanguardia e l&#8217;attenzione alla dimensione umana ha infatti permesso ad Amplifon di mantenere un posizionamento competitivo nel settore e offrire servizi che soddisfano appieno le esigenze dei clienti.<\/p>\n","protected":false},"excerpt":{"rendered":"<p>Presente al XVIII Festival dell&#8217;Economia di Trento, Enrico Vita ha sottolineato l\u2019importanza dell\u2019innovazione tecnologica nel settore dell\u2019hearing care. Il commento dell\u2019Amministratore Delegato di Amplifon. \u00a0 Enrico Vita: Amplifon arricchisce l&#8217;esperienza dei clienti con un\u2019offerta omnicanale Nel corso di un panel sull&#8217;innovazione al XVIII Festival dell&#8217;Economia di Trento, l&#8217;Amministratore Delegato di Amplifon, Enrico Vita, ha evidenziato l&#8217;importanza dell&#8217;investimento annuale di circa 100 milioni di euro in innovazione tecnologica. L\u2019AD ha sottolineato<\/p>\n<p><a class=\"continue-reading\" href=\"https:\/\/www.article-marketing.eu\/comunicatistampa\/enrico-vita-amplifon-allavanguardia-nellinnovazione-tecnologica-per-la-cura-delludito\/\">Continue reading&#8230;<\/a><\/p>\n","protected":false},"author":6477,"featured_media":0,"comment_status":"open","ping_status":"open","sticky":false,"template":"","format":"standard","meta":{"_monsterinsights_skip_tracking":false,"_monsterinsights_sitenote_active":false,"_monsterinsights_sitenote_note":"","_monsterinsights_sitenote_category":0,"footnotes":""},"categories":[386],"tags":[10643],"class_list":["post-27627","post","type-post","status-publish","format-standard","hentry","category-economia-e-lavoro","tag-enrico-vita"],"yoast_head":"<!-- This site is optimized with the Yoast SEO plugin v27.3 - https:\/\/yoast.com\/product\/yoast-seo-wordpress\/ -->\n<title>Enrico Vita: Amplifon all&#039;avanguardia nell&#039;innovazione tecnologica per la cura dell&#039;udito<\/title>\n<meta name=\"robots\" content=\"index, follow, max-snippet:-1, max-image-preview:large, max-video-preview:-1\" \/>\n<link rel=\"canonical\" href=\"https:\/\/www.article-marketing.eu\/comunicatistampa\/enrico-vita-amplifon-allavanguardia-nellinnovazione-tecnologica-per-la-cura-delludito\/\" \/>\n<meta property=\"og:locale\" content=\"it_IT\" \/>\n<meta property=\"og:type\" content=\"article\" \/>\n<meta property=\"og:title\" content=\"Enrico Vita: Amplifon all&#039;avanguardia nell&#039;innovazione tecnologica per la cura dell&#039;udito\" \/>\n<meta property=\"og:description\" content=\"Presente al XVIII Festival dell&#8217;Economia di Trento, Enrico Vita ha sottolineato l\u2019importanza dell\u2019innovazione tecnologica nel settore dell\u2019hearing care. Il commento dell\u2019Amministratore Delegato di Amplifon. \u00a0 Enrico Vita: Amplifon arricchisce l&#8217;esperienza dei clienti con un\u2019offerta omnicanale Nel corso di un panel sull&#8217;innovazione al XVIII Festival dell&#8217;Economia di Trento, l&#8217;Amministratore Delegato di Amplifon, Enrico Vita, ha evidenziato l&#8217;importanza dell&#8217;investimento annuale di circa 100 milioni di euro in innovazione tecnologica. L\u2019AD ha sottolineatoContinue reading...\" \/>\n<meta property=\"og:url\" content=\"https:\/\/www.article-marketing.eu\/comunicatistampa\/enrico-vita-amplifon-allavanguardia-nellinnovazione-tecnologica-per-la-cura-delludito\/\" \/>\n<meta property=\"og:site_name\" content=\"Article Marketing\" \/>\n<meta property=\"article:published_time\" content=\"2023-06-27T18:18:26+00:00\" \/>\n<meta property=\"og:image\" content=\"https:\/\/static.milanofinanza.it\/upload\/grf\/CAPITAL\/201601311257269356\/enrico-vita-img-0018-320210.jpg\" \/>\n<meta name=\"author\" content=\"articolinews\" \/>\n<meta name=\"twitter:card\" content=\"summary_large_image\" \/>\n<meta name=\"twitter:label1\" content=\"Scritto da\" \/>\n\t<meta name=\"twitter:data1\" content=\"articolinews\" \/>\n\t<meta name=\"twitter:label2\" content=\"Tempo di lettura stimato\" \/>\n\t<meta name=\"twitter:data2\" content=\"2 minuti\" \/>\n<script type=\"application\/ld+json\" class=\"yoast-schema-graph\">{\"@context\":\"https:\\\/\\\/schema.org\",\"@graph\":[{\"@type\":\"Article\",\"@id\":\"https:\\\/\\\/www.article-marketing.eu\\\/comunicatistampa\\\/enrico-vita-amplifon-allavanguardia-nellinnovazione-tecnologica-per-la-cura-delludito\\\/#article\",\"isPartOf\":{\"@id\":\"https:\\\/\\\/www.article-marketing.eu\\\/comunicatistampa\\\/enrico-vita-amplifon-allavanguardia-nellinnovazione-tecnologica-per-la-cura-delludito\\\/\"},\"author\":{\"name\":\"articolinews\",\"@id\":\"https:\\\/\\\/www.article-marketing.eu\\\/comunicatistampa\\\/#\\\/schema\\\/person\\\/2fcaf8f8f3a9eef9eb7f27532d3ca458\"},\"headline\":\"Enrico Vita: Amplifon all&#8217;avanguardia nell&#8217;innovazione tecnologica per la cura dell&#8217;udito\",\"datePublished\":\"2023-06-27T18:18:26+00:00\",\"mainEntityOfPage\":{\"@id\":\"https:\\\/\\\/www.article-marketing.eu\\\/comunicatistampa\\\/enrico-vita-amplifon-allavanguardia-nellinnovazione-tecnologica-per-la-cura-delludito\\\/\"},\"wordCount\":269,\"commentCount\":0,\"image\":{\"@id\":\"https:\\\/\\\/www.article-marketing.eu\\\/comunicatistampa\\\/enrico-vita-amplifon-allavanguardia-nellinnovazione-tecnologica-per-la-cura-delludito\\\/#primaryimage\"},\"thumbnailUrl\":\"https:\\\/\\\/static.milanofinanza.it\\\/upload\\\/grf\\\/CAPITAL\\\/201601311257269356\\\/enrico-vita-img-0018-320210.jpg\",\"keywords\":[\"Enrico Vita\"],\"articleSection\":[\"Economia e lavoro\"],\"inLanguage\":\"it-IT\",\"potentialAction\":[{\"@type\":\"CommentAction\",\"name\":\"Comment\",\"target\":[\"https:\\\/\\\/www.article-marketing.eu\\\/comunicatistampa\\\/enrico-vita-amplifon-allavanguardia-nellinnovazione-tecnologica-per-la-cura-delludito\\\/#respond\"]}]},{\"@type\":\"WebPage\",\"@id\":\"https:\\\/\\\/www.article-marketing.eu\\\/comunicatistampa\\\/enrico-vita-amplifon-allavanguardia-nellinnovazione-tecnologica-per-la-cura-delludito\\\/\",\"url\":\"https:\\\/\\\/www.article-marketing.eu\\\/comunicatistampa\\\/enrico-vita-amplifon-allavanguardia-nellinnovazione-tecnologica-per-la-cura-delludito\\\/\",\"name\":\"Enrico Vita: Amplifon all'avanguardia nell'innovazione tecnologica per la cura dell'udito\",\"isPartOf\":{\"@id\":\"https:\\\/\\\/www.article-marketing.eu\\\/comunicatistampa\\\/#website\"},\"primaryImageOfPage\":{\"@id\":\"https:\\\/\\\/www.article-marketing.eu\\\/comunicatistampa\\\/enrico-vita-amplifon-allavanguardia-nellinnovazione-tecnologica-per-la-cura-delludito\\\/#primaryimage\"},\"image\":{\"@id\":\"https:\\\/\\\/www.article-marketing.eu\\\/comunicatistampa\\\/enrico-vita-amplifon-allavanguardia-nellinnovazione-tecnologica-per-la-cura-delludito\\\/#primaryimage\"},\"thumbnailUrl\":\"https:\\\/\\\/static.milanofinanza.it\\\/upload\\\/grf\\\/CAPITAL\\\/201601311257269356\\\/enrico-vita-img-0018-320210.jpg\",\"datePublished\":\"2023-06-27T18:18:26+00:00\",\"author\":{\"@id\":\"https:\\\/\\\/www.article-marketing.eu\\\/comunicatistampa\\\/#\\\/schema\\\/person\\\/2fcaf8f8f3a9eef9eb7f27532d3ca458\"},\"breadcrumb\":{\"@id\":\"https:\\\/\\\/www.article-marketing.eu\\\/comunicatistampa\\\/enrico-vita-amplifon-allavanguardia-nellinnovazione-tecnologica-per-la-cura-delludito\\\/#breadcrumb\"},\"inLanguage\":\"it-IT\",\"potentialAction\":[{\"@type\":\"ReadAction\",\"target\":[\"https:\\\/\\\/www.article-marketing.eu\\\/comunicatistampa\\\/enrico-vita-amplifon-allavanguardia-nellinnovazione-tecnologica-per-la-cura-delludito\\\/\"]}]},{\"@type\":\"ImageObject\",\"inLanguage\":\"it-IT\",\"@id\":\"https:\\\/\\\/www.article-marketing.eu\\\/comunicatistampa\\\/enrico-vita-amplifon-allavanguardia-nellinnovazione-tecnologica-per-la-cura-delludito\\\/#primaryimage\",\"url\":\"https:\\\/\\\/static.milanofinanza.it\\\/upload\\\/grf\\\/CAPITAL\\\/201601311257269356\\\/enrico-vita-img-0018-320210.jpg\",\"contentUrl\":\"https:\\\/\\\/static.milanofinanza.it\\\/upload\\\/grf\\\/CAPITAL\\\/201601311257269356\\\/enrico-vita-img-0018-320210.jpg\"},{\"@type\":\"BreadcrumbList\",\"@id\":\"https:\\\/\\\/www.article-marketing.eu\\\/comunicatistampa\\\/enrico-vita-amplifon-allavanguardia-nellinnovazione-tecnologica-per-la-cura-delludito\\\/#breadcrumb\",\"itemListElement\":[{\"@type\":\"ListItem\",\"position\":1,\"name\":\"Home\",\"item\":\"https:\\\/\\\/www.article-marketing.eu\\\/comunicatistampa\\\/\"},{\"@type\":\"ListItem\",\"position\":2,\"name\":\"Enrico Vita: Amplifon all&#8217;avanguardia nell&#8217;innovazione tecnologica per la cura dell&#8217;udito\"}]},{\"@type\":\"WebSite\",\"@id\":\"https:\\\/\\\/www.article-marketing.eu\\\/comunicatistampa\\\/#website\",\"url\":\"https:\\\/\\\/www.article-marketing.eu\\\/comunicatistampa\\\/\",\"name\":\"Article Marketing\",\"description\":\"article marketing &amp; press release\",\"potentialAction\":[{\"@type\":\"SearchAction\",\"target\":{\"@type\":\"EntryPoint\",\"urlTemplate\":\"https:\\\/\\\/www.article-marketing.eu\\\/comunicatistampa\\\/?s={search_term_string}\"},\"query-input\":{\"@type\":\"PropertyValueSpecification\",\"valueRequired\":true,\"valueName\":\"search_term_string\"}}],\"inLanguage\":\"it-IT\"},{\"@type\":\"Person\",\"@id\":\"https:\\\/\\\/www.article-marketing.eu\\\/comunicatistampa\\\/#\\\/schema\\\/person\\\/2fcaf8f8f3a9eef9eb7f27532d3ca458\",\"name\":\"articolinews\",\"image\":{\"@type\":\"ImageObject\",\"inLanguage\":\"it-IT\",\"@id\":\"https:\\\/\\\/secure.gravatar.com\\\/avatar\\\/9e2a264bab04e17dea24d937c9956304649a848cb73c46747a692ff1bdeb1cb7?s=96&d=mm&r=g\",\"url\":\"https:\\\/\\\/secure.gravatar.com\\\/avatar\\\/9e2a264bab04e17dea24d937c9956304649a848cb73c46747a692ff1bdeb1cb7?s=96&d=mm&r=g\",\"contentUrl\":\"https:\\\/\\\/secure.gravatar.com\\\/avatar\\\/9e2a264bab04e17dea24d937c9956304649a848cb73c46747a692ff1bdeb1cb7?s=96&d=mm&r=g\",\"caption\":\"articolinews\"},\"url\":\"https:\\\/\\\/www.article-marketing.eu\\\/comunicatistampa\\\/author\\\/articolinews\\\/\"}]}<\/script>\n<!-- \/ Yoast SEO plugin. -->","yoast_head_json":{"title":"Enrico Vita: Amplifon all'avanguardia nell'innovazione tecnologica per la cura dell'udito","robots":{"index":"index","follow":"follow","max-snippet":"max-snippet:-1","max-image-preview":"max-image-preview:large","max-video-preview":"max-video-preview:-1"},"canonical":"https:\/\/www.article-marketing.eu\/comunicatistampa\/enrico-vita-amplifon-allavanguardia-nellinnovazione-tecnologica-per-la-cura-delludito\/","og_locale":"it_IT","og_type":"article","og_title":"Enrico Vita: Amplifon all'avanguardia nell'innovazione tecnologica per la cura dell'udito","og_description":"Presente al XVIII Festival dell&#8217;Economia di Trento, Enrico Vita ha sottolineato l\u2019importanza dell\u2019innovazione tecnologica nel settore dell\u2019hearing care. Il commento dell\u2019Amministratore Delegato di Amplifon. \u00a0 Enrico Vita: Amplifon arricchisce l&#8217;esperienza dei clienti con un\u2019offerta omnicanale Nel corso di un panel sull&#8217;innovazione al XVIII Festival dell&#8217;Economia di Trento, l&#8217;Amministratore Delegato di Amplifon, Enrico Vita, ha evidenziato l&#8217;importanza dell&#8217;investimento annuale di circa 100 milioni di euro in innovazione tecnologica. L\u2019AD ha sottolineatoContinue reading...","og_url":"https:\/\/www.article-marketing.eu\/comunicatistampa\/enrico-vita-amplifon-allavanguardia-nellinnovazione-tecnologica-per-la-cura-delludito\/","og_site_name":"Article Marketing","article_published_time":"2023-06-27T18:18:26+00:00","og_image":[{"url":"https:\/\/static.milanofinanza.it\/upload\/grf\/CAPITAL\/201601311257269356\/enrico-vita-img-0018-320210.jpg","type":"","width":"","height":""}],"author":"articolinews","twitter_card":"summary_large_image","twitter_misc":{"Scritto da":"articolinews","Tempo di lettura stimato":"2 minuti"},"schema":{"@context":"https:\/\/schema.org","@graph":[{"@type":"Article","@id":"https:\/\/www.article-marketing.eu\/comunicatistampa\/enrico-vita-amplifon-allavanguardia-nellinnovazione-tecnologica-per-la-cura-delludito\/#article","isPartOf":{"@id":"https:\/\/www.article-marketing.eu\/comunicatistampa\/enrico-vita-amplifon-allavanguardia-nellinnovazione-tecnologica-per-la-cura-delludito\/"},"author":{"name":"articolinews","@id":"https:\/\/www.article-marketing.eu\/comunicatistampa\/#\/schema\/person\/2fcaf8f8f3a9eef9eb7f27532d3ca458"},"headline":"Enrico Vita: Amplifon all&#8217;avanguardia nell&#8217;innovazione tecnologica per la cura dell&#8217;udito","datePublished":"2023-06-27T18:18:26+00:00","mainEntityOfPage":{"@id":"https:\/\/www.article-marketing.eu\/comunicatistampa\/enrico-vita-amplifon-allavanguardia-nellinnovazione-tecnologica-per-la-cura-delludito\/"},"wordCount":269,"commentCount":0,"image":{"@id":"https:\/\/www.article-marketing.eu\/comunicatistampa\/enrico-vita-amplifon-allavanguardia-nellinnovazione-tecnologica-per-la-cura-delludito\/#primaryimage"},"thumbnailUrl":"https:\/\/static.milanofinanza.it\/upload\/grf\/CAPITAL\/201601311257269356\/enrico-vita-img-0018-320210.jpg","keywords":["Enrico Vita"],"articleSection":["Economia e lavoro"],"inLanguage":"it-IT","potentialAction":[{"@type":"CommentAction","name":"Comment","target":["https:\/\/www.article-marketing.eu\/comunicatistampa\/enrico-vita-amplifon-allavanguardia-nellinnovazione-tecnologica-per-la-cura-delludito\/#respond"]}]},{"@type":"WebPage","@id":"https:\/\/www.article-marketing.eu\/comunicatistampa\/enrico-vita-amplifon-allavanguardia-nellinnovazione-tecnologica-per-la-cura-delludito\/","url":"https:\/\/www.article-marketing.eu\/comunicatistampa\/enrico-vita-amplifon-allavanguardia-nellinnovazione-tecnologica-per-la-cura-delludito\/","name":"Enrico Vita: Amplifon all'avanguardia nell'innovazione tecnologica per la cura dell'udito","isPartOf":{"@id":"https:\/\/www.article-marketing.eu\/comunicatistampa\/#website"},"primaryImageOfPage":{"@id":"https:\/\/www.article-marketing.eu\/comunicatistampa\/enrico-vita-amplifon-allavanguardia-nellinnovazione-tecnologica-per-la-cura-delludito\/#primaryimage"},"image":{"@id":"https:\/\/www.article-marketing.eu\/comunicatistampa\/enrico-vita-amplifon-allavanguardia-nellinnovazione-tecnologica-per-la-cura-delludito\/#primaryimage"},"thumbnailUrl":"https:\/\/static.milanofinanza.it\/upload\/grf\/CAPITAL\/201601311257269356\/enrico-vita-img-0018-320210.jpg","datePublished":"2023-06-27T18:18:26+00:00","author":{"@id":"https:\/\/www.article-marketing.eu\/comunicatistampa\/#\/schema\/person\/2fcaf8f8f3a9eef9eb7f27532d3ca458"},"breadcrumb":{"@id":"https:\/\/www.article-marketing.eu\/comunicatistampa\/enrico-vita-amplifon-allavanguardia-nellinnovazione-tecnologica-per-la-cura-delludito\/#breadcrumb"},"inLanguage":"it-IT","potentialAction":[{"@type":"ReadAction","target":["https:\/\/www.article-marketing.eu\/comunicatistampa\/enrico-vita-amplifon-allavanguardia-nellinnovazione-tecnologica-per-la-cura-delludito\/"]}]},{"@type":"ImageObject","inLanguage":"it-IT","@id":"https:\/\/www.article-marketing.eu\/comunicatistampa\/enrico-vita-amplifon-allavanguardia-nellinnovazione-tecnologica-per-la-cura-delludito\/#primaryimage","url":"https:\/\/static.milanofinanza.it\/upload\/grf\/CAPITAL\/201601311257269356\/enrico-vita-img-0018-320210.jpg","contentUrl":"https:\/\/static.milanofinanza.it\/upload\/grf\/CAPITAL\/201601311257269356\/enrico-vita-img-0018-320210.jpg"},{"@type":"BreadcrumbList","@id":"https:\/\/www.article-marketing.eu\/comunicatistampa\/enrico-vita-amplifon-allavanguardia-nellinnovazione-tecnologica-per-la-cura-delludito\/#breadcrumb","itemListElement":[{"@type":"ListItem","position":1,"name":"Home","item":"https:\/\/www.article-marketing.eu\/comunicatistampa\/"},{"@type":"ListItem","position":2,"name":"Enrico Vita: Amplifon all&#8217;avanguardia nell&#8217;innovazione tecnologica per la cura dell&#8217;udito"}]},{"@type":"WebSite","@id":"https:\/\/www.article-marketing.eu\/comunicatistampa\/#website","url":"https:\/\/www.article-marketing.eu\/comunicatistampa\/","name":"Article Marketing","description":"article marketing &amp; press release","potentialAction":[{"@type":"SearchAction","target":{"@type":"EntryPoint","urlTemplate":"https:\/\/www.article-marketing.eu\/comunicatistampa\/?s={search_term_string}"},"query-input":{"@type":"PropertyValueSpecification","valueRequired":true,"valueName":"search_term_string"}}],"inLanguage":"it-IT"},{"@type":"Person","@id":"https:\/\/www.article-marketing.eu\/comunicatistampa\/#\/schema\/person\/2fcaf8f8f3a9eef9eb7f27532d3ca458","name":"articolinews","image":{"@type":"ImageObject","inLanguage":"it-IT","@id":"https:\/\/secure.gravatar.com\/avatar\/9e2a264bab04e17dea24d937c9956304649a848cb73c46747a692ff1bdeb1cb7?s=96&d=mm&r=g","url":"https:\/\/secure.gravatar.com\/avatar\/9e2a264bab04e17dea24d937c9956304649a848cb73c46747a692ff1bdeb1cb7?s=96&d=mm&r=g","contentUrl":"https:\/\/secure.gravatar.com\/avatar\/9e2a264bab04e17dea24d937c9956304649a848cb73c46747a692ff1bdeb1cb7?s=96&d=mm&r=g","caption":"articolinews"},"url":"https:\/\/www.article-marketing.eu\/comunicatistampa\/author\/articolinews\/"}]}},"_links":{"self":[{"href":"https:\/\/www.article-marketing.eu\/comunicatistampa\/wp-json\/wp\/v2\/posts\/27627","targetHints":{"allow":["GET"]}}],"collection":[{"href":"https:\/\/www.article-marketing.eu\/comunicatistampa\/wp-json\/wp\/v2\/posts"}],"about":[{"href":"https:\/\/www.article-marketing.eu\/comunicatistampa\/wp-json\/wp\/v2\/types\/post"}],"author":[{"embeddable":true,"href":"https:\/\/www.article-marketing.eu\/comunicatistampa\/wp-json\/wp\/v2\/users\/6477"}],"replies":[{"embeddable":true,"href":"https:\/\/www.article-marketing.eu\/comunicatistampa\/wp-json\/wp\/v2\/comments?post=27627"}],"version-history":[{"count":2,"href":"https:\/\/www.article-marketing.eu\/comunicatistampa\/wp-json\/wp\/v2\/posts\/27627\/revisions"}],"predecessor-version":[{"id":27685,"href":"https:\/\/www.article-marketing.eu\/comunicatistampa\/wp-json\/wp\/v2\/posts\/27627\/revisions\/27685"}],"wp:attachment":[{"href":"https:\/\/www.article-marketing.eu\/comunicatistampa\/wp-json\/wp\/v2\/media?parent=27627"}],"wp:term":[{"taxonomy":"category","embeddable":true,"href":"https:\/\/www.article-marketing.eu\/comunicatistampa\/wp-json\/wp\/v2\/categories?post=27627"},{"taxonomy":"post_tag","embeddable":true,"href":"https:\/\/www.article-marketing.eu\/comunicatistampa\/wp-json\/wp\/v2\/tags?post=27627"}],"curies":[{"name":"wp","href":"https:\/\/api.w.org\/{rel}","templated":true}]}}