{"id":27647,"date":"2023-06-29T08:25:26","date_gmt":"2023-06-29T06:25:26","guid":{"rendered":"https:\/\/www.article-marketing.eu\/comunicatistampa\/?p=27647"},"modified":"2023-06-28T14:29:23","modified_gmt":"2023-06-28T12:29:23","slug":"paolo-campiglio-buone-prospettive-per-il-2023-di-dacle","status":"publish","type":"post","link":"https:\/\/www.article-marketing.eu\/comunicatistampa\/paolo-campiglio-buone-prospettive-per-il-2023-di-dacle\/","title":{"rendered":"Paolo Campiglio: buone prospettive per il 2023 di Dacl\u00e9"},"content":{"rendered":"<p><em><strong><a title=\"La biografia professionale di Paolo Campiglio\" href=\"https:\/\/www.professionistiitaliani.it\/Profilo-utente\/494-Paolo-Campiglio.html\">Paolo Campiglio<\/a>, presidente di Dacl\u00e9, ha parlato del nuovo piano industriale davanti a un nutrito gruppo di oltre 100 professionisti finanziari giunti da tutto il mondo a Milano. Fiducia per il 2023 espressa sia dai presenti, sia dal presidente.<\/strong><\/em><\/p>\n<p><a title=\"La biografia del manager Paolo Campiglio\" href=\"https:\/\/www.professionistiitaliani.it\/Profilo-utente\/494-Paolo-Campiglio.html\"><em><strong><img loading=\"lazy\" decoding=\"async\" src=\"https:\/\/www.professionistiitaliani.it\/images\/comprofiler\/0_55c372acce49a.jpg\" alt=\"\" width=\"200\" height=\"150\" \/><\/strong><\/em><\/a><\/p>\n<h2><strong>Paolo Campiglio<\/strong> <strong>ottimista sulle performance di Dacl\u00e9 nel 2023<\/strong><\/h2>\n<p>Rivolgendosi a una folta platea composta da oltre un centinaio di figure professionali appartenenti al settore finanziario mondiale riunitasi al Centro Svizzero di Via Palestro a Milano, il presidente di Dacl\u00e9 SA Paolo Campiglio ha presentato il nuovo piano industriale della societ\u00e0 capofila del gruppo. Sfruttando l\u2019occasione offerta dal primo incontro pubblico del 2023, il presidente ha elencato i dati positivi, soprattutto quelli migliorativi rispetto al bilancio chiuso lo scorso anno: tra questi, l\u2019utile netto avanzato del +14% rispetto al 2021. Questo in un contesto in cui anche le altre realt\u00e0 consociate hanno presentato significativi utili, da cui poi \u00e8 derivato un reddito operativo pi\u00f9 elevato. Paolo Campiglio \u00e8 convinto che nel corso di quest\u2019anno le performance saranno addirittura migliori, a patto di \u201c<em>perseguire la giusta strategia a lungo termine<\/em>\u201d. Questo perch\u00e9 \u201c<em>i nostri dirigenti e tutte le persone che lavorano con noi condividono una forte cultura imprenditoriale e valori di responsabilit\u00e0 e impegno. Infatti nelle nostre aziende non abbiamo mai fatto un\u2019ora di cassa integrazione n\u00e9 abbiamo mai licenziato nessuno<\/em>\u201d. In conclusione, alla presentazione del piano industriale triennale 2023-2025, lasso temporale in cui ricorrono anche i 90 anni dalla fondazione di Dacl\u00e9, gli esperti finanziari si sono dichiarati soddisfatti rispetto ai numeri esposti, che collocano la societ\u00e0 nel novero delle realt\u00e0 europee capofila ognuna all\u2019interno del proprio comparto specifico e pi\u00f9 competitive tout court.<\/p>\n<h2><strong>La carriera professionale e gli interessi di Paolo Campiglio<\/strong><\/h2>\n<p><a title=\"Paolo Campiglio: la carriera e gli interessi\" href=\"https:\/\/www.professionistiitaliani.it\/Profilo-utente\/494-Paolo-Campiglio.html\">Paolo Campiglio<\/a> nasce in una famiglia di farmacisti e dopo gli studi superiori si iscrive alla facolt\u00e0 di Farmacia dell\u2019Universit\u00e0 degli Studi di Pavia, dando seguito cos\u00ec alla tradizione familiare. Manager industriale, focalizzato sui mercati esteri e sull\u2019internazionalizzazione delle imprese, \u00e8 da anni attivo soprattutto nell\u2019Europa centrale e orientale. Dal 2008 al 2014 \u00e8 stato Vicepresidente esecutivo della Camera di Commercio Italo-Polacca, a cui afferiscono professionisti e aziende desiderosi di sviluppare gli interessi commerciali italiani in Polonia. In questo periodo ha preso parte a numerose conferenze, riunioni e incontri dell\u2019Associazione delle Camere di Commercio Italiane all\u2019Estero. Inoltre, \u00e8 stato membro del consiglio comunale di Legnano per 15 anni, prima come presidente della commissione Lavori Pubblici, poi come capogruppo della formazione politica di maggioranza e in ultimo come presidente del consiglio. Paolo Campiglio \u00e8 anche esperto di radio e televisione. Da oltre dieci anni interviene come opinionista in diversi appuntamenti di spettacolo per un network radiofonico e dal 2020 \u00e8 vicedirettore di Radio 1 New York, l\u2019emittente con gli ascolti maggiori nel segmento degli italo-americani residenti in Canada e Stati Uniti. Per conto di questo secondo canale \u00e8 inoltre inviato e corrispondente al Festival di Sanremo per la stampa estera, oltre che giurato della sala stampa RAI al Teatro Ariston.<\/p>\n","protected":false},"excerpt":{"rendered":"<p>Paolo Campiglio, presidente di Dacl\u00e9, ha parlato del nuovo piano industriale davanti a un nutrito gruppo di oltre 100 professionisti finanziari giunti da tutto il mondo a Milano. Fiducia per il 2023 espressa sia dai presenti, sia dal presidente. Paolo Campiglio ottimista sulle performance di Dacl\u00e9 nel 2023 Rivolgendosi a una folta platea composta da oltre un centinaio di figure professionali appartenenti al settore finanziario mondiale riunitasi al Centro Svizzero<\/p>\n<p><a class=\"continue-reading\" href=\"https:\/\/www.article-marketing.eu\/comunicatistampa\/paolo-campiglio-buone-prospettive-per-il-2023-di-dacle\/\">Continue reading&#8230;<\/a><\/p>\n","protected":false},"author":6477,"featured_media":0,"comment_status":"open","ping_status":"open","sticky":false,"template":"","format":"standard","meta":{"_monsterinsights_skip_tracking":false,"_monsterinsights_sitenote_active":false,"_monsterinsights_sitenote_note":"","_monsterinsights_sitenote_category":0,"footnotes":""},"categories":[386],"tags":[9122],"class_list":["post-27647","post","type-post","status-publish","format-standard","hentry","category-economia-e-lavoro","tag-paolo-campiglio"],"yoast_head":"<!-- This site is optimized with the Yoast SEO plugin v27.3 - https:\/\/yoast.com\/product\/yoast-seo-wordpress\/ -->\n<title>Paolo Campiglio: buone prospettive per il 2023 di Dacl\u00e9 - Article Marketing<\/title>\n<meta name=\"robots\" content=\"index, follow, max-snippet:-1, max-image-preview:large, max-video-preview:-1\" \/>\n<link rel=\"canonical\" href=\"https:\/\/www.article-marketing.eu\/comunicatistampa\/paolo-campiglio-buone-prospettive-per-il-2023-di-dacle\/\" \/>\n<meta property=\"og:locale\" content=\"it_IT\" \/>\n<meta property=\"og:type\" content=\"article\" \/>\n<meta property=\"og:title\" content=\"Paolo Campiglio: buone prospettive per il 2023 di Dacl\u00e9 - Article Marketing\" \/>\n<meta property=\"og:description\" content=\"Paolo Campiglio, presidente di Dacl\u00e9, ha parlato del nuovo piano industriale davanti a un nutrito gruppo di oltre 100 professionisti finanziari giunti da tutto il mondo a Milano. Fiducia per il 2023 espressa sia dai presenti, sia dal presidente. Paolo Campiglio ottimista sulle performance di Dacl\u00e9 nel 2023 Rivolgendosi a una folta platea composta da oltre un centinaio di figure professionali appartenenti al settore finanziario mondiale riunitasi al Centro SvizzeroContinue reading...\" \/>\n<meta property=\"og:url\" content=\"https:\/\/www.article-marketing.eu\/comunicatistampa\/paolo-campiglio-buone-prospettive-per-il-2023-di-dacle\/\" \/>\n<meta property=\"og:site_name\" content=\"Article Marketing\" \/>\n<meta property=\"article:published_time\" content=\"2023-06-29T06:25:26+00:00\" \/>\n<meta property=\"og:image\" content=\"https:\/\/www.professionistiitaliani.it\/images\/comprofiler\/0_55c372acce49a.jpg\" \/>\n<meta name=\"author\" content=\"articolinews\" \/>\n<meta name=\"twitter:card\" content=\"summary_large_image\" \/>\n<meta name=\"twitter:label1\" content=\"Scritto da\" \/>\n\t<meta name=\"twitter:data1\" content=\"articolinews\" \/>\n\t<meta name=\"twitter:label2\" content=\"Tempo di lettura stimato\" \/>\n\t<meta name=\"twitter:data2\" content=\"3 minuti\" \/>\n<script type=\"application\/ld+json\" class=\"yoast-schema-graph\">{\"@context\":\"https:\\\/\\\/schema.org\",\"@graph\":[{\"@type\":\"Article\",\"@id\":\"https:\\\/\\\/www.article-marketing.eu\\\/comunicatistampa\\\/paolo-campiglio-buone-prospettive-per-il-2023-di-dacle\\\/#article\",\"isPartOf\":{\"@id\":\"https:\\\/\\\/www.article-marketing.eu\\\/comunicatistampa\\\/paolo-campiglio-buone-prospettive-per-il-2023-di-dacle\\\/\"},\"author\":{\"name\":\"articolinews\",\"@id\":\"https:\\\/\\\/www.article-marketing.eu\\\/comunicatistampa\\\/#\\\/schema\\\/person\\\/2fcaf8f8f3a9eef9eb7f27532d3ca458\"},\"headline\":\"Paolo Campiglio: buone prospettive per il 2023 di Dacl\u00e9\",\"datePublished\":\"2023-06-29T06:25:26+00:00\",\"mainEntityOfPage\":{\"@id\":\"https:\\\/\\\/www.article-marketing.eu\\\/comunicatistampa\\\/paolo-campiglio-buone-prospettive-per-il-2023-di-dacle\\\/\"},\"wordCount\":490,\"commentCount\":0,\"image\":{\"@id\":\"https:\\\/\\\/www.article-marketing.eu\\\/comunicatistampa\\\/paolo-campiglio-buone-prospettive-per-il-2023-di-dacle\\\/#primaryimage\"},\"thumbnailUrl\":\"https:\\\/\\\/www.professionistiitaliani.it\\\/images\\\/comprofiler\\\/0_55c372acce49a.jpg\",\"keywords\":[\"Paolo Campiglio\"],\"articleSection\":[\"Economia e lavoro\"],\"inLanguage\":\"it-IT\",\"potentialAction\":[{\"@type\":\"CommentAction\",\"name\":\"Comment\",\"target\":[\"https:\\\/\\\/www.article-marketing.eu\\\/comunicatistampa\\\/paolo-campiglio-buone-prospettive-per-il-2023-di-dacle\\\/#respond\"]}]},{\"@type\":\"WebPage\",\"@id\":\"https:\\\/\\\/www.article-marketing.eu\\\/comunicatistampa\\\/paolo-campiglio-buone-prospettive-per-il-2023-di-dacle\\\/\",\"url\":\"https:\\\/\\\/www.article-marketing.eu\\\/comunicatistampa\\\/paolo-campiglio-buone-prospettive-per-il-2023-di-dacle\\\/\",\"name\":\"Paolo Campiglio: buone prospettive per il 2023 di Dacl\u00e9 - Article Marketing\",\"isPartOf\":{\"@id\":\"https:\\\/\\\/www.article-marketing.eu\\\/comunicatistampa\\\/#website\"},\"primaryImageOfPage\":{\"@id\":\"https:\\\/\\\/www.article-marketing.eu\\\/comunicatistampa\\\/paolo-campiglio-buone-prospettive-per-il-2023-di-dacle\\\/#primaryimage\"},\"image\":{\"@id\":\"https:\\\/\\\/www.article-marketing.eu\\\/comunicatistampa\\\/paolo-campiglio-buone-prospettive-per-il-2023-di-dacle\\\/#primaryimage\"},\"thumbnailUrl\":\"https:\\\/\\\/www.professionistiitaliani.it\\\/images\\\/comprofiler\\\/0_55c372acce49a.jpg\",\"datePublished\":\"2023-06-29T06:25:26+00:00\",\"author\":{\"@id\":\"https:\\\/\\\/www.article-marketing.eu\\\/comunicatistampa\\\/#\\\/schema\\\/person\\\/2fcaf8f8f3a9eef9eb7f27532d3ca458\"},\"breadcrumb\":{\"@id\":\"https:\\\/\\\/www.article-marketing.eu\\\/comunicatistampa\\\/paolo-campiglio-buone-prospettive-per-il-2023-di-dacle\\\/#breadcrumb\"},\"inLanguage\":\"it-IT\",\"potentialAction\":[{\"@type\":\"ReadAction\",\"target\":[\"https:\\\/\\\/www.article-marketing.eu\\\/comunicatistampa\\\/paolo-campiglio-buone-prospettive-per-il-2023-di-dacle\\\/\"]}]},{\"@type\":\"ImageObject\",\"inLanguage\":\"it-IT\",\"@id\":\"https:\\\/\\\/www.article-marketing.eu\\\/comunicatistampa\\\/paolo-campiglio-buone-prospettive-per-il-2023-di-dacle\\\/#primaryimage\",\"url\":\"https:\\\/\\\/www.professionistiitaliani.it\\\/images\\\/comprofiler\\\/0_55c372acce49a.jpg\",\"contentUrl\":\"https:\\\/\\\/www.professionistiitaliani.it\\\/images\\\/comprofiler\\\/0_55c372acce49a.jpg\"},{\"@type\":\"BreadcrumbList\",\"@id\":\"https:\\\/\\\/www.article-marketing.eu\\\/comunicatistampa\\\/paolo-campiglio-buone-prospettive-per-il-2023-di-dacle\\\/#breadcrumb\",\"itemListElement\":[{\"@type\":\"ListItem\",\"position\":1,\"name\":\"Home\",\"item\":\"https:\\\/\\\/www.article-marketing.eu\\\/comunicatistampa\\\/\"},{\"@type\":\"ListItem\",\"position\":2,\"name\":\"Paolo Campiglio: buone prospettive per il 2023 di Dacl\u00e9\"}]},{\"@type\":\"WebSite\",\"@id\":\"https:\\\/\\\/www.article-marketing.eu\\\/comunicatistampa\\\/#website\",\"url\":\"https:\\\/\\\/www.article-marketing.eu\\\/comunicatistampa\\\/\",\"name\":\"Article Marketing\",\"description\":\"article marketing &amp; press release\",\"potentialAction\":[{\"@type\":\"SearchAction\",\"target\":{\"@type\":\"EntryPoint\",\"urlTemplate\":\"https:\\\/\\\/www.article-marketing.eu\\\/comunicatistampa\\\/?s={search_term_string}\"},\"query-input\":{\"@type\":\"PropertyValueSpecification\",\"valueRequired\":true,\"valueName\":\"search_term_string\"}}],\"inLanguage\":\"it-IT\"},{\"@type\":\"Person\",\"@id\":\"https:\\\/\\\/www.article-marketing.eu\\\/comunicatistampa\\\/#\\\/schema\\\/person\\\/2fcaf8f8f3a9eef9eb7f27532d3ca458\",\"name\":\"articolinews\",\"image\":{\"@type\":\"ImageObject\",\"inLanguage\":\"it-IT\",\"@id\":\"https:\\\/\\\/secure.gravatar.com\\\/avatar\\\/9e2a264bab04e17dea24d937c9956304649a848cb73c46747a692ff1bdeb1cb7?s=96&d=mm&r=g\",\"url\":\"https:\\\/\\\/secure.gravatar.com\\\/avatar\\\/9e2a264bab04e17dea24d937c9956304649a848cb73c46747a692ff1bdeb1cb7?s=96&d=mm&r=g\",\"contentUrl\":\"https:\\\/\\\/secure.gravatar.com\\\/avatar\\\/9e2a264bab04e17dea24d937c9956304649a848cb73c46747a692ff1bdeb1cb7?s=96&d=mm&r=g\",\"caption\":\"articolinews\"},\"url\":\"https:\\\/\\\/www.article-marketing.eu\\\/comunicatistampa\\\/author\\\/articolinews\\\/\"}]}<\/script>\n<!-- \/ Yoast SEO plugin. -->","yoast_head_json":{"title":"Paolo Campiglio: buone prospettive per il 2023 di Dacl\u00e9 - Article Marketing","robots":{"index":"index","follow":"follow","max-snippet":"max-snippet:-1","max-image-preview":"max-image-preview:large","max-video-preview":"max-video-preview:-1"},"canonical":"https:\/\/www.article-marketing.eu\/comunicatistampa\/paolo-campiglio-buone-prospettive-per-il-2023-di-dacle\/","og_locale":"it_IT","og_type":"article","og_title":"Paolo Campiglio: buone prospettive per il 2023 di Dacl\u00e9 - Article Marketing","og_description":"Paolo Campiglio, presidente di Dacl\u00e9, ha parlato del nuovo piano industriale davanti a un nutrito gruppo di oltre 100 professionisti finanziari giunti da tutto il mondo a Milano. Fiducia per il 2023 espressa sia dai presenti, sia dal presidente. Paolo Campiglio ottimista sulle performance di Dacl\u00e9 nel 2023 Rivolgendosi a una folta platea composta da oltre un centinaio di figure professionali appartenenti al settore finanziario mondiale riunitasi al Centro SvizzeroContinue reading...","og_url":"https:\/\/www.article-marketing.eu\/comunicatistampa\/paolo-campiglio-buone-prospettive-per-il-2023-di-dacle\/","og_site_name":"Article Marketing","article_published_time":"2023-06-29T06:25:26+00:00","og_image":[{"url":"https:\/\/www.professionistiitaliani.it\/images\/comprofiler\/0_55c372acce49a.jpg","type":"","width":"","height":""}],"author":"articolinews","twitter_card":"summary_large_image","twitter_misc":{"Scritto da":"articolinews","Tempo di lettura stimato":"3 minuti"},"schema":{"@context":"https:\/\/schema.org","@graph":[{"@type":"Article","@id":"https:\/\/www.article-marketing.eu\/comunicatistampa\/paolo-campiglio-buone-prospettive-per-il-2023-di-dacle\/#article","isPartOf":{"@id":"https:\/\/www.article-marketing.eu\/comunicatistampa\/paolo-campiglio-buone-prospettive-per-il-2023-di-dacle\/"},"author":{"name":"articolinews","@id":"https:\/\/www.article-marketing.eu\/comunicatistampa\/#\/schema\/person\/2fcaf8f8f3a9eef9eb7f27532d3ca458"},"headline":"Paolo Campiglio: buone prospettive per il 2023 di Dacl\u00e9","datePublished":"2023-06-29T06:25:26+00:00","mainEntityOfPage":{"@id":"https:\/\/www.article-marketing.eu\/comunicatistampa\/paolo-campiglio-buone-prospettive-per-il-2023-di-dacle\/"},"wordCount":490,"commentCount":0,"image":{"@id":"https:\/\/www.article-marketing.eu\/comunicatistampa\/paolo-campiglio-buone-prospettive-per-il-2023-di-dacle\/#primaryimage"},"thumbnailUrl":"https:\/\/www.professionistiitaliani.it\/images\/comprofiler\/0_55c372acce49a.jpg","keywords":["Paolo Campiglio"],"articleSection":["Economia e lavoro"],"inLanguage":"it-IT","potentialAction":[{"@type":"CommentAction","name":"Comment","target":["https:\/\/www.article-marketing.eu\/comunicatistampa\/paolo-campiglio-buone-prospettive-per-il-2023-di-dacle\/#respond"]}]},{"@type":"WebPage","@id":"https:\/\/www.article-marketing.eu\/comunicatistampa\/paolo-campiglio-buone-prospettive-per-il-2023-di-dacle\/","url":"https:\/\/www.article-marketing.eu\/comunicatistampa\/paolo-campiglio-buone-prospettive-per-il-2023-di-dacle\/","name":"Paolo Campiglio: buone prospettive per il 2023 di Dacl\u00e9 - Article Marketing","isPartOf":{"@id":"https:\/\/www.article-marketing.eu\/comunicatistampa\/#website"},"primaryImageOfPage":{"@id":"https:\/\/www.article-marketing.eu\/comunicatistampa\/paolo-campiglio-buone-prospettive-per-il-2023-di-dacle\/#primaryimage"},"image":{"@id":"https:\/\/www.article-marketing.eu\/comunicatistampa\/paolo-campiglio-buone-prospettive-per-il-2023-di-dacle\/#primaryimage"},"thumbnailUrl":"https:\/\/www.professionistiitaliani.it\/images\/comprofiler\/0_55c372acce49a.jpg","datePublished":"2023-06-29T06:25:26+00:00","author":{"@id":"https:\/\/www.article-marketing.eu\/comunicatistampa\/#\/schema\/person\/2fcaf8f8f3a9eef9eb7f27532d3ca458"},"breadcrumb":{"@id":"https:\/\/www.article-marketing.eu\/comunicatistampa\/paolo-campiglio-buone-prospettive-per-il-2023-di-dacle\/#breadcrumb"},"inLanguage":"it-IT","potentialAction":[{"@type":"ReadAction","target":["https:\/\/www.article-marketing.eu\/comunicatistampa\/paolo-campiglio-buone-prospettive-per-il-2023-di-dacle\/"]}]},{"@type":"ImageObject","inLanguage":"it-IT","@id":"https:\/\/www.article-marketing.eu\/comunicatistampa\/paolo-campiglio-buone-prospettive-per-il-2023-di-dacle\/#primaryimage","url":"https:\/\/www.professionistiitaliani.it\/images\/comprofiler\/0_55c372acce49a.jpg","contentUrl":"https:\/\/www.professionistiitaliani.it\/images\/comprofiler\/0_55c372acce49a.jpg"},{"@type":"BreadcrumbList","@id":"https:\/\/www.article-marketing.eu\/comunicatistampa\/paolo-campiglio-buone-prospettive-per-il-2023-di-dacle\/#breadcrumb","itemListElement":[{"@type":"ListItem","position":1,"name":"Home","item":"https:\/\/www.article-marketing.eu\/comunicatistampa\/"},{"@type":"ListItem","position":2,"name":"Paolo Campiglio: buone prospettive per il 2023 di Dacl\u00e9"}]},{"@type":"WebSite","@id":"https:\/\/www.article-marketing.eu\/comunicatistampa\/#website","url":"https:\/\/www.article-marketing.eu\/comunicatistampa\/","name":"Article Marketing","description":"article marketing &amp; press release","potentialAction":[{"@type":"SearchAction","target":{"@type":"EntryPoint","urlTemplate":"https:\/\/www.article-marketing.eu\/comunicatistampa\/?s={search_term_string}"},"query-input":{"@type":"PropertyValueSpecification","valueRequired":true,"valueName":"search_term_string"}}],"inLanguage":"it-IT"},{"@type":"Person","@id":"https:\/\/www.article-marketing.eu\/comunicatistampa\/#\/schema\/person\/2fcaf8f8f3a9eef9eb7f27532d3ca458","name":"articolinews","image":{"@type":"ImageObject","inLanguage":"it-IT","@id":"https:\/\/secure.gravatar.com\/avatar\/9e2a264bab04e17dea24d937c9956304649a848cb73c46747a692ff1bdeb1cb7?s=96&d=mm&r=g","url":"https:\/\/secure.gravatar.com\/avatar\/9e2a264bab04e17dea24d937c9956304649a848cb73c46747a692ff1bdeb1cb7?s=96&d=mm&r=g","contentUrl":"https:\/\/secure.gravatar.com\/avatar\/9e2a264bab04e17dea24d937c9956304649a848cb73c46747a692ff1bdeb1cb7?s=96&d=mm&r=g","caption":"articolinews"},"url":"https:\/\/www.article-marketing.eu\/comunicatistampa\/author\/articolinews\/"}]}},"_links":{"self":[{"href":"https:\/\/www.article-marketing.eu\/comunicatistampa\/wp-json\/wp\/v2\/posts\/27647","targetHints":{"allow":["GET"]}}],"collection":[{"href":"https:\/\/www.article-marketing.eu\/comunicatistampa\/wp-json\/wp\/v2\/posts"}],"about":[{"href":"https:\/\/www.article-marketing.eu\/comunicatistampa\/wp-json\/wp\/v2\/types\/post"}],"author":[{"embeddable":true,"href":"https:\/\/www.article-marketing.eu\/comunicatistampa\/wp-json\/wp\/v2\/users\/6477"}],"replies":[{"embeddable":true,"href":"https:\/\/www.article-marketing.eu\/comunicatistampa\/wp-json\/wp\/v2\/comments?post=27647"}],"version-history":[{"count":3,"href":"https:\/\/www.article-marketing.eu\/comunicatistampa\/wp-json\/wp\/v2\/posts\/27647\/revisions"}],"predecessor-version":[{"id":27709,"href":"https:\/\/www.article-marketing.eu\/comunicatistampa\/wp-json\/wp\/v2\/posts\/27647\/revisions\/27709"}],"wp:attachment":[{"href":"https:\/\/www.article-marketing.eu\/comunicatistampa\/wp-json\/wp\/v2\/media?parent=27647"}],"wp:term":[{"taxonomy":"category","embeddable":true,"href":"https:\/\/www.article-marketing.eu\/comunicatistampa\/wp-json\/wp\/v2\/categories?post=27647"},{"taxonomy":"post_tag","embeddable":true,"href":"https:\/\/www.article-marketing.eu\/comunicatistampa\/wp-json\/wp\/v2\/tags?post=27647"}],"curies":[{"name":"wp","href":"https:\/\/api.w.org\/{rel}","templated":true}]}}