{"id":2766,"date":"2017-05-24T20:30:56","date_gmt":"2017-05-24T18:30:56","guid":{"rendered":"http:\/\/www.article-marketing.eu\/comunicatistampa\/?p=2766"},"modified":"2017-05-24T20:30:56","modified_gmt":"2017-05-24T18:30:56","slug":"il-punto-vendita-zuiki-di-roma-cambia-look","status":"publish","type":"post","link":"https:\/\/www.article-marketing.eu\/comunicatistampa\/il-punto-vendita-zuiki-di-roma-cambia-look\/","title":{"rendered":"IL PUNTO VENDITA ZUIKI DI ROMA CAMBIA LOOK !"},"content":{"rendered":"<p>IL PUNTO VENDITA ZUIKI DI ROMA CAMBIA LOOK !<\/p>\n<p><em>Uno \u00a0store \u00a0pi\u00f9 \u00a0ampio \u00a0e \u00a0glamour \u00a0accoglier\u00e0 \u00a0le \u00a0clienti \u00a0della\u00a0 capitale<\/em><\/p>\n<p><em>\u00a0<\/em><\/p>\n<p>Sar\u00e0 pi\u00f9 spazioso e dal concept rinnovato, <strong>il<\/strong><strong> punto vendita Zuiki di Roma<\/strong>, che <strong>riaprir\u00e0 al pubblico<\/strong> <strong>gioved\u00ec 25 maggio<\/strong> all\u2019interno del Centro Commerciale Primavera.<\/p>\n<p>Con una superficie di oltre <strong>250 mq<\/strong>, il nuovo concept architettonico \u00e8 basato sulla centralit\u00e0 della luce, facendosi anch\u2019esso portavoce dello stile giovane e assolutamente pop del marchio, con spazi glamour e sofisticati, ma allo stesso tempo confortevoli ed accoglienti.<\/p>\n<p>Al suo interno domina un\u2019ambientazione in stile moderno, con arredi essenziali e minimal che esaltano la luminosit\u00e0 degli spazi..<\/p>\n<p>&nbsp;<\/p>\n<p>Lo store segue il nuovo layout ZUIKI che con il rebranding del logo e la riprogettazione del concept, rispecchia la nuova strategia aziendale, che punta anche allo sviluppo di spazi vendita sempre di maggiori dimensioni, in un\u2019ottica di comfort-shopping basata su una maggiore libert\u00e0 di movimento e una migliore e pi\u00f9 funzionale selezione dei capi.<\/p>\n<p>La re-opening si inserisce in un ambizioso piano di sviluppo per il brand, proiettato al 2018, che conta un totale di <strong>35 new opening e 60 riqualificazioni<\/strong> <strong>di punti vendita esistenti.<\/strong><\/p>\n<p>Presente in negozio la <strong>Collezione donna ZUIKI<\/strong>, che con uno stile moderno e di tendenza, si caratterizza per la grande versatilit\u00e0 e variet\u00e0 delle sue proposte, in grado di soddisfare singoli gusti ed esigenze, dal basic, al denim, fino a look pi\u00f9 trendy e ricercati.<\/p>\n<p>&nbsp;<\/p>\n<p>&nbsp;<\/p>\n<p>&nbsp;<\/p>\n<p><em>Fondata nel 2003, ZUIKI \u00e8 presente sul territorio nazionale con oltre 130 punti vendita, tra diretti, franchising e outlet. Un\u2019affermazione straordinaria per una realt\u00e0 tutta italiana che ha costruito il suo successo con una formula innovativa: un prodotto sempre nuovo a un prezzo competitivo; rapporto diretto con la produzione e continui flash di collezione con un sistema creativo e produttivo veloce, snello e capace di rispondere tempestivamente alle richieste del mercato.<\/em><\/p>\n","protected":false},"excerpt":{"rendered":"<p>IL PUNTO VENDITA ZUIKI DI ROMA CAMBIA LOOK ! Uno \u00a0store \u00a0pi\u00f9 \u00a0ampio \u00a0e \u00a0glamour \u00a0accoglier\u00e0 \u00a0le \u00a0clienti \u00a0della\u00a0 capitale \u00a0 Sar\u00e0 pi\u00f9 spazioso e dal concept rinnovato, il punto vendita Zuiki di Roma, che riaprir\u00e0 al pubblico gioved\u00ec 25 maggio all\u2019interno del Centro Commerciale Primavera. Con una superficie di oltre 250 mq, il nuovo concept architettonico \u00e8 basato sulla centralit\u00e0 della luce, facendosi anch\u2019esso portavoce dello stile giovane e<\/p>\n<p><a class=\"continue-reading\" href=\"https:\/\/www.article-marketing.eu\/comunicatistampa\/il-punto-vendita-zuiki-di-roma-cambia-look\/\">Continue reading&#8230;<\/a><\/p>\n","protected":false},"author":230,"featured_media":0,"comment_status":"open","ping_status":"open","sticky":false,"template":"","format":"standard","meta":{"_monsterinsights_skip_tracking":false,"_monsterinsights_sitenote_active":false,"_monsterinsights_sitenote_note":"","_monsterinsights_sitenote_category":0,"footnotes":""},"categories":[388],"tags":[1291,732,1292],"class_list":["post-2766","post","type-post","status-publish","format-standard","hentry","category-aziende","tag-re-opening","tag-roma","tag-zuiki"],"yoast_head":"<!-- This site is optimized with the Yoast SEO plugin v27.3 - https:\/\/yoast.com\/product\/yoast-seo-wordpress\/ -->\n<title>IL PUNTO VENDITA ZUIKI DI ROMA CAMBIA LOOK ! - Article Marketing<\/title>\n<meta name=\"robots\" content=\"index, follow, max-snippet:-1, max-image-preview:large, max-video-preview:-1\" \/>\n<link rel=\"canonical\" href=\"https:\/\/www.article-marketing.eu\/comunicatistampa\/il-punto-vendita-zuiki-di-roma-cambia-look\/\" \/>\n<meta property=\"og:locale\" content=\"it_IT\" \/>\n<meta property=\"og:type\" content=\"article\" \/>\n<meta property=\"og:title\" content=\"IL PUNTO VENDITA ZUIKI DI ROMA CAMBIA LOOK ! - Article Marketing\" \/>\n<meta property=\"og:description\" content=\"IL PUNTO VENDITA ZUIKI DI ROMA CAMBIA LOOK ! Uno \u00a0store \u00a0pi\u00f9 \u00a0ampio \u00a0e \u00a0glamour \u00a0accoglier\u00e0 \u00a0le \u00a0clienti \u00a0della\u00a0 capitale \u00a0 Sar\u00e0 pi\u00f9 spazioso e dal concept rinnovato, il punto vendita Zuiki di Roma, che riaprir\u00e0 al pubblico gioved\u00ec 25 maggio all\u2019interno del Centro Commerciale Primavera. Con una superficie di oltre 250 mq, il nuovo concept architettonico \u00e8 basato sulla centralit\u00e0 della luce, facendosi anch\u2019esso portavoce dello stile giovane eContinue reading...\" \/>\n<meta property=\"og:url\" content=\"https:\/\/www.article-marketing.eu\/comunicatistampa\/il-punto-vendita-zuiki-di-roma-cambia-look\/\" \/>\n<meta property=\"og:site_name\" content=\"Article Marketing\" \/>\n<meta property=\"article:published_time\" content=\"2017-05-24T18:30:56+00:00\" \/>\n<meta name=\"author\" content=\"Npr\" \/>\n<meta name=\"twitter:card\" content=\"summary_large_image\" \/>\n<meta name=\"twitter:label1\" content=\"Scritto da\" \/>\n\t<meta name=\"twitter:data1\" content=\"Npr\" \/>\n\t<meta name=\"twitter:label2\" content=\"Tempo di lettura stimato\" \/>\n\t<meta name=\"twitter:data2\" content=\"2 minuti\" \/>\n<script type=\"application\/ld+json\" class=\"yoast-schema-graph\">{\"@context\":\"https:\\\/\\\/schema.org\",\"@graph\":[{\"@type\":\"Article\",\"@id\":\"https:\\\/\\\/www.article-marketing.eu\\\/comunicatistampa\\\/il-punto-vendita-zuiki-di-roma-cambia-look\\\/#article\",\"isPartOf\":{\"@id\":\"https:\\\/\\\/www.article-marketing.eu\\\/comunicatistampa\\\/il-punto-vendita-zuiki-di-roma-cambia-look\\\/\"},\"author\":{\"name\":\"Npr\",\"@id\":\"https:\\\/\\\/www.article-marketing.eu\\\/comunicatistampa\\\/#\\\/schema\\\/person\\\/3869a476f8929dbb8d02cfccbaa2ddb7\"},\"headline\":\"IL PUNTO VENDITA ZUIKI DI ROMA CAMBIA LOOK !\",\"datePublished\":\"2017-05-24T18:30:56+00:00\",\"mainEntityOfPage\":{\"@id\":\"https:\\\/\\\/www.article-marketing.eu\\\/comunicatistampa\\\/il-punto-vendita-zuiki-di-roma-cambia-look\\\/\"},\"wordCount\":313,\"commentCount\":0,\"keywords\":[\"re-opening\",\"Roma\",\"Zuiki\"],\"articleSection\":[\"Aziende\"],\"inLanguage\":\"it-IT\",\"potentialAction\":[{\"@type\":\"CommentAction\",\"name\":\"Comment\",\"target\":[\"https:\\\/\\\/www.article-marketing.eu\\\/comunicatistampa\\\/il-punto-vendita-zuiki-di-roma-cambia-look\\\/#respond\"]}]},{\"@type\":\"WebPage\",\"@id\":\"https:\\\/\\\/www.article-marketing.eu\\\/comunicatistampa\\\/il-punto-vendita-zuiki-di-roma-cambia-look\\\/\",\"url\":\"https:\\\/\\\/www.article-marketing.eu\\\/comunicatistampa\\\/il-punto-vendita-zuiki-di-roma-cambia-look\\\/\",\"name\":\"IL PUNTO VENDITA ZUIKI DI ROMA CAMBIA LOOK ! - Article Marketing\",\"isPartOf\":{\"@id\":\"https:\\\/\\\/www.article-marketing.eu\\\/comunicatistampa\\\/#website\"},\"datePublished\":\"2017-05-24T18:30:56+00:00\",\"author\":{\"@id\":\"https:\\\/\\\/www.article-marketing.eu\\\/comunicatistampa\\\/#\\\/schema\\\/person\\\/3869a476f8929dbb8d02cfccbaa2ddb7\"},\"breadcrumb\":{\"@id\":\"https:\\\/\\\/www.article-marketing.eu\\\/comunicatistampa\\\/il-punto-vendita-zuiki-di-roma-cambia-look\\\/#breadcrumb\"},\"inLanguage\":\"it-IT\",\"potentialAction\":[{\"@type\":\"ReadAction\",\"target\":[\"https:\\\/\\\/www.article-marketing.eu\\\/comunicatistampa\\\/il-punto-vendita-zuiki-di-roma-cambia-look\\\/\"]}]},{\"@type\":\"BreadcrumbList\",\"@id\":\"https:\\\/\\\/www.article-marketing.eu\\\/comunicatistampa\\\/il-punto-vendita-zuiki-di-roma-cambia-look\\\/#breadcrumb\",\"itemListElement\":[{\"@type\":\"ListItem\",\"position\":1,\"name\":\"Home\",\"item\":\"https:\\\/\\\/www.article-marketing.eu\\\/comunicatistampa\\\/\"},{\"@type\":\"ListItem\",\"position\":2,\"name\":\"IL PUNTO VENDITA ZUIKI DI ROMA CAMBIA LOOK !\"}]},{\"@type\":\"WebSite\",\"@id\":\"https:\\\/\\\/www.article-marketing.eu\\\/comunicatistampa\\\/#website\",\"url\":\"https:\\\/\\\/www.article-marketing.eu\\\/comunicatistampa\\\/\",\"name\":\"Article Marketing\",\"description\":\"article marketing &amp; press release\",\"potentialAction\":[{\"@type\":\"SearchAction\",\"target\":{\"@type\":\"EntryPoint\",\"urlTemplate\":\"https:\\\/\\\/www.article-marketing.eu\\\/comunicatistampa\\\/?s={search_term_string}\"},\"query-input\":{\"@type\":\"PropertyValueSpecification\",\"valueRequired\":true,\"valueName\":\"search_term_string\"}}],\"inLanguage\":\"it-IT\"},{\"@type\":\"Person\",\"@id\":\"https:\\\/\\\/www.article-marketing.eu\\\/comunicatistampa\\\/#\\\/schema\\\/person\\\/3869a476f8929dbb8d02cfccbaa2ddb7\",\"name\":\"Npr\",\"image\":{\"@type\":\"ImageObject\",\"inLanguage\":\"it-IT\",\"@id\":\"https:\\\/\\\/secure.gravatar.com\\\/avatar\\\/4030f6fa74e8f1dc51a9f196af0423e6abb60f677fd018b53c24b6847ca06ada?s=96&d=mm&r=g\",\"url\":\"https:\\\/\\\/secure.gravatar.com\\\/avatar\\\/4030f6fa74e8f1dc51a9f196af0423e6abb60f677fd018b53c24b6847ca06ada?s=96&d=mm&r=g\",\"contentUrl\":\"https:\\\/\\\/secure.gravatar.com\\\/avatar\\\/4030f6fa74e8f1dc51a9f196af0423e6abb60f677fd018b53c24b6847ca06ada?s=96&d=mm&r=g\",\"caption\":\"Npr\"},\"url\":\"https:\\\/\\\/www.article-marketing.eu\\\/comunicatistampa\\\/author\\\/npr\\\/\"}]}<\/script>\n<!-- \/ Yoast SEO plugin. -->","yoast_head_json":{"title":"IL PUNTO VENDITA ZUIKI DI ROMA CAMBIA LOOK ! - Article Marketing","robots":{"index":"index","follow":"follow","max-snippet":"max-snippet:-1","max-image-preview":"max-image-preview:large","max-video-preview":"max-video-preview:-1"},"canonical":"https:\/\/www.article-marketing.eu\/comunicatistampa\/il-punto-vendita-zuiki-di-roma-cambia-look\/","og_locale":"it_IT","og_type":"article","og_title":"IL PUNTO VENDITA ZUIKI DI ROMA CAMBIA LOOK ! - Article Marketing","og_description":"IL PUNTO VENDITA ZUIKI DI ROMA CAMBIA LOOK ! Uno \u00a0store \u00a0pi\u00f9 \u00a0ampio \u00a0e \u00a0glamour \u00a0accoglier\u00e0 \u00a0le \u00a0clienti \u00a0della\u00a0 capitale \u00a0 Sar\u00e0 pi\u00f9 spazioso e dal concept rinnovato, il punto vendita Zuiki di Roma, che riaprir\u00e0 al pubblico gioved\u00ec 25 maggio all\u2019interno del Centro Commerciale Primavera. Con una superficie di oltre 250 mq, il nuovo concept architettonico \u00e8 basato sulla centralit\u00e0 della luce, facendosi anch\u2019esso portavoce dello stile giovane eContinue reading...","og_url":"https:\/\/www.article-marketing.eu\/comunicatistampa\/il-punto-vendita-zuiki-di-roma-cambia-look\/","og_site_name":"Article Marketing","article_published_time":"2017-05-24T18:30:56+00:00","author":"Npr","twitter_card":"summary_large_image","twitter_misc":{"Scritto da":"Npr","Tempo di lettura stimato":"2 minuti"},"schema":{"@context":"https:\/\/schema.org","@graph":[{"@type":"Article","@id":"https:\/\/www.article-marketing.eu\/comunicatistampa\/il-punto-vendita-zuiki-di-roma-cambia-look\/#article","isPartOf":{"@id":"https:\/\/www.article-marketing.eu\/comunicatistampa\/il-punto-vendita-zuiki-di-roma-cambia-look\/"},"author":{"name":"Npr","@id":"https:\/\/www.article-marketing.eu\/comunicatistampa\/#\/schema\/person\/3869a476f8929dbb8d02cfccbaa2ddb7"},"headline":"IL PUNTO VENDITA ZUIKI DI ROMA CAMBIA LOOK !","datePublished":"2017-05-24T18:30:56+00:00","mainEntityOfPage":{"@id":"https:\/\/www.article-marketing.eu\/comunicatistampa\/il-punto-vendita-zuiki-di-roma-cambia-look\/"},"wordCount":313,"commentCount":0,"keywords":["re-opening","Roma","Zuiki"],"articleSection":["Aziende"],"inLanguage":"it-IT","potentialAction":[{"@type":"CommentAction","name":"Comment","target":["https:\/\/www.article-marketing.eu\/comunicatistampa\/il-punto-vendita-zuiki-di-roma-cambia-look\/#respond"]}]},{"@type":"WebPage","@id":"https:\/\/www.article-marketing.eu\/comunicatistampa\/il-punto-vendita-zuiki-di-roma-cambia-look\/","url":"https:\/\/www.article-marketing.eu\/comunicatistampa\/il-punto-vendita-zuiki-di-roma-cambia-look\/","name":"IL PUNTO VENDITA ZUIKI DI ROMA CAMBIA LOOK ! - Article Marketing","isPartOf":{"@id":"https:\/\/www.article-marketing.eu\/comunicatistampa\/#website"},"datePublished":"2017-05-24T18:30:56+00:00","author":{"@id":"https:\/\/www.article-marketing.eu\/comunicatistampa\/#\/schema\/person\/3869a476f8929dbb8d02cfccbaa2ddb7"},"breadcrumb":{"@id":"https:\/\/www.article-marketing.eu\/comunicatistampa\/il-punto-vendita-zuiki-di-roma-cambia-look\/#breadcrumb"},"inLanguage":"it-IT","potentialAction":[{"@type":"ReadAction","target":["https:\/\/www.article-marketing.eu\/comunicatistampa\/il-punto-vendita-zuiki-di-roma-cambia-look\/"]}]},{"@type":"BreadcrumbList","@id":"https:\/\/www.article-marketing.eu\/comunicatistampa\/il-punto-vendita-zuiki-di-roma-cambia-look\/#breadcrumb","itemListElement":[{"@type":"ListItem","position":1,"name":"Home","item":"https:\/\/www.article-marketing.eu\/comunicatistampa\/"},{"@type":"ListItem","position":2,"name":"IL PUNTO VENDITA ZUIKI DI ROMA CAMBIA LOOK !"}]},{"@type":"WebSite","@id":"https:\/\/www.article-marketing.eu\/comunicatistampa\/#website","url":"https:\/\/www.article-marketing.eu\/comunicatistampa\/","name":"Article Marketing","description":"article marketing &amp; press release","potentialAction":[{"@type":"SearchAction","target":{"@type":"EntryPoint","urlTemplate":"https:\/\/www.article-marketing.eu\/comunicatistampa\/?s={search_term_string}"},"query-input":{"@type":"PropertyValueSpecification","valueRequired":true,"valueName":"search_term_string"}}],"inLanguage":"it-IT"},{"@type":"Person","@id":"https:\/\/www.article-marketing.eu\/comunicatistampa\/#\/schema\/person\/3869a476f8929dbb8d02cfccbaa2ddb7","name":"Npr","image":{"@type":"ImageObject","inLanguage":"it-IT","@id":"https:\/\/secure.gravatar.com\/avatar\/4030f6fa74e8f1dc51a9f196af0423e6abb60f677fd018b53c24b6847ca06ada?s=96&d=mm&r=g","url":"https:\/\/secure.gravatar.com\/avatar\/4030f6fa74e8f1dc51a9f196af0423e6abb60f677fd018b53c24b6847ca06ada?s=96&d=mm&r=g","contentUrl":"https:\/\/secure.gravatar.com\/avatar\/4030f6fa74e8f1dc51a9f196af0423e6abb60f677fd018b53c24b6847ca06ada?s=96&d=mm&r=g","caption":"Npr"},"url":"https:\/\/www.article-marketing.eu\/comunicatistampa\/author\/npr\/"}]}},"_links":{"self":[{"href":"https:\/\/www.article-marketing.eu\/comunicatistampa\/wp-json\/wp\/v2\/posts\/2766","targetHints":{"allow":["GET"]}}],"collection":[{"href":"https:\/\/www.article-marketing.eu\/comunicatistampa\/wp-json\/wp\/v2\/posts"}],"about":[{"href":"https:\/\/www.article-marketing.eu\/comunicatistampa\/wp-json\/wp\/v2\/types\/post"}],"author":[{"embeddable":true,"href":"https:\/\/www.article-marketing.eu\/comunicatistampa\/wp-json\/wp\/v2\/users\/230"}],"replies":[{"embeddable":true,"href":"https:\/\/www.article-marketing.eu\/comunicatistampa\/wp-json\/wp\/v2\/comments?post=2766"}],"version-history":[{"count":2,"href":"https:\/\/www.article-marketing.eu\/comunicatistampa\/wp-json\/wp\/v2\/posts\/2766\/revisions"}],"predecessor-version":[{"id":2769,"href":"https:\/\/www.article-marketing.eu\/comunicatistampa\/wp-json\/wp\/v2\/posts\/2766\/revisions\/2769"}],"wp:attachment":[{"href":"https:\/\/www.article-marketing.eu\/comunicatistampa\/wp-json\/wp\/v2\/media?parent=2766"}],"wp:term":[{"taxonomy":"category","embeddable":true,"href":"https:\/\/www.article-marketing.eu\/comunicatistampa\/wp-json\/wp\/v2\/categories?post=2766"},{"taxonomy":"post_tag","embeddable":true,"href":"https:\/\/www.article-marketing.eu\/comunicatistampa\/wp-json\/wp\/v2\/tags?post=2766"}],"curies":[{"name":"wp","href":"https:\/\/api.w.org\/{rel}","templated":true}]}}