{"id":27667,"date":"2023-06-28T08:41:33","date_gmt":"2023-06-28T06:41:33","guid":{"rendered":"https:\/\/www.article-marketing.eu\/comunicatistampa\/?p=27667"},"modified":"2023-06-27T20:47:11","modified_gmt":"2023-06-27T18:47:11","slug":"prestiti-personali-in-veneto-importo-medio-in-calo-del-3","status":"publish","type":"post","link":"https:\/\/www.article-marketing.eu\/comunicatistampa\/prestiti-personali-in-veneto-importo-medio-in-calo-del-3\/","title":{"rendered":"Prestiti personali: in Veneto importo medio in calo del 3%"},"content":{"rendered":"<p>Nonostante l\u2019aumento dei tassi di interesse i <strong>veneti continuano a chiedere prestiti personali<\/strong>, ma per far fronte all\u2019aumento delle rate si <strong>orientano su importi pi\u00f9 contenuti<\/strong>; \u00e8 questo uno dei dati emersi dall\u2019osservatorio congiunto di <strong>Facile.it<\/strong> e <a href=\"https:\/\/www.prestiti.it\/\"><strong>Prestiti.it<\/strong><\/a>, che ha messo in evidenza come nei primi cinque mesi del 2023 <strong>l\u2019importo medio chiesto in<\/strong> <strong>Veneto<\/strong> alle societ\u00e0 di credito per un prestito personale sia stato pari a <strong>10.983 euro, valore in calo del 3%<\/strong> rispetto allo stesso periodo del 2022. L\u2019importo medio richiesto dai veneti risulta <strong>pi\u00f9 alto del 2,3%<\/strong> rispetto al valore rilevato a livello nazionale.<\/p>\n<p>I tassi, invece, sono aumentati notevolmente arrivando a <strong>+31%<\/strong> se confrontati con quelli di dodici mesi prima quando, per un prestito personale da 10.000 euro in 5 anni erano pari a 6,28%, a maggio 2023 il tasso medio online (TAN) \u00e8 arrivato a 8,24%.<\/p>\n<p><em>\u00abIn un periodo come quello attuale, caratterizzato da un aumento generalizzato dei tassi di interesse, il consiglio per chi vuole chiedere un prestito personale \u00e8 di confrontare le proposte di diverse societ\u00e0 di credito\u00bb, <\/em>spiega <strong>Aligi Scotti, BU Director prestiti di Facile.it. <\/strong><em>\u00abSolo in questo modo \u00e8 possibile identificare l\u2019offerta pi\u00f9 adatta alle proprie esigenze, evitando di pagare pi\u00f9 del necessario.\u00bb<\/em><\/p>\n<p><strong>Le ragioni per cui si chiede un prestito<\/strong><\/p>\n<p>Quali sono le ragioni per cui i veneti ricorrono ai <a href=\"https:\/\/www.facile.it\/prestiti.html\">prestiti<\/a>? L\u2019analisi &#8211; realizzata su un campione di oltre 11mila richieste di prestito personale raccolte online da Facile.it e Prestiti.it* in Veneto &#8211; ha evidenziato come la prima motivazione per cui si chiede un prestito personale \u00e8 l\u2019esigenza di <strong>liquidit\u00e0<\/strong>, finalit\u00e0 indicata tra gennaio e maggio 2023 da quasi 1 richiedente veneto su 3 (32%).<\/p>\n<p>Seguono, in termini percentuali, le richieste di prestito personale per <strong>l\u2019acquisto di auto usate<\/strong> (20%) e quelle per il <strong>consolidamento debiti<\/strong> (15%).<\/p>\n<p>In aumento il peso percentuale delle richieste dei <strong>prestiti per spese mediche<\/strong>, cresciuti del 4% rispetto allo scorso anno, mentre &#8211; dopo il boom del 2022 &#8211; calano le domande di finanziamento per <strong>matrimoni<\/strong> (-9%).<\/p>\n<p><strong>Identikit del richiedente<\/strong><\/p>\n<p>Guardando al profilo dei <strong>richiedenti veneti<\/strong> emerge che chi ha presentato domanda di finanziamento nei primi cinque mesi del 2023 aveva, all\u2019atto della firma, in media <strong>40 anni<\/strong>, dato in lieve calo rispetto allo scorso anno; gli <strong>under 35<\/strong>, invece, rappresentano <strong>pi\u00f9 di un terzo dei richiedenti<\/strong> (36,4%).<\/p>\n<p>Sono ancora importanti le differenze tra uomini e donne; in Veneto a presentare domanda di finanziamento \u00e8 nella maggior parte dei casi un <strong>uomo<\/strong> (74%). Va detto, per\u00f2, che il campione femminile risulta in lieve aumento e, in un anno, \u00e8 passato dal 25% a poco pi\u00f9 del 26% del totale.<\/p>\n<p><strong>Andamento provinciale<\/strong><\/p>\n<p>Guardando alle richieste di finanziamento a livello provinciale emerge che <strong>Treviso<\/strong> \u00e8 l\u2019area veneta dove, tra gennaio e maggio 2023, sono stati richiesti gli <strong>importi medi pi\u00f9 alti<\/strong>, pari <strong>11.506 euro<\/strong>; seguono le province di <strong>Venezia<\/strong> (11.024 euro) e <strong>Rovigo<\/strong> (11.010 euro). Valori inferiori alla media regionale, invece, per <strong>Verona<\/strong> (10.910 euro) e <strong>Padova<\/strong> (10.733 euro). Chiude la graduatoria <strong>Vicenza<\/strong>, area dove nei primi cinque mesi dell\u2019anno sono stati chiesti in media 10.582 euro, l\u2019importo pi\u00f9 basso della regione.<\/p>\n<p><em>*L\u2019analisi \u00e8 stata realizzata da Facile.it e Prestiti.it su un campione di oltre 11.000 richieste di prestiti personali raccolte online in Veneto nei periodi gennaio-maggio 2023 e gennaio-maggio 2022.<\/em><\/p>\n","protected":false},"excerpt":{"rendered":"<p>Nonostante l\u2019aumento dei tassi di interesse i veneti continuano a chiedere prestiti personali, ma per far fronte all\u2019aumento delle rate si orientano su importi pi\u00f9 contenuti; \u00e8 questo uno dei dati emersi dall\u2019osservatorio congiunto di Facile.it e Prestiti.it, che ha messo in evidenza come nei primi cinque mesi del 2023 l\u2019importo medio chiesto in Veneto alle societ\u00e0 di credito per un prestito personale sia stato pari a 10.983 euro, valore<\/p>\n<p><a class=\"continue-reading\" href=\"https:\/\/www.article-marketing.eu\/comunicatistampa\/prestiti-personali-in-veneto-importo-medio-in-calo-del-3\/\">Continue reading&#8230;<\/a><\/p>\n","protected":false},"author":62,"featured_media":0,"comment_status":"open","ping_status":"open","sticky":false,"template":"","format":"standard","meta":{"_monsterinsights_skip_tracking":false,"_monsterinsights_sitenote_active":false,"_monsterinsights_sitenote_note":"","_monsterinsights_sitenote_category":0,"footnotes":""},"categories":[386],"tags":[555,6876,3406,1564,799],"class_list":["post-27667","post","type-post","status-publish","format-standard","hentry","category-economia-e-lavoro","tag-facile-it","tag-liquidita","tag-prestiti","tag-prestiti-personali","tag-veneto"],"yoast_head":"<!-- This site is optimized with the Yoast SEO plugin v27.3 - https:\/\/yoast.com\/product\/yoast-seo-wordpress\/ -->\n<title>Prestiti personali: in Veneto importo medio in calo del 3% - Article Marketing<\/title>\n<meta name=\"robots\" content=\"index, follow, max-snippet:-1, max-image-preview:large, max-video-preview:-1\" \/>\n<link rel=\"canonical\" href=\"https:\/\/www.article-marketing.eu\/comunicatistampa\/prestiti-personali-in-veneto-importo-medio-in-calo-del-3\/\" \/>\n<meta property=\"og:locale\" content=\"it_IT\" \/>\n<meta property=\"og:type\" content=\"article\" \/>\n<meta property=\"og:title\" content=\"Prestiti personali: in Veneto importo medio in calo del 3% - Article Marketing\" \/>\n<meta property=\"og:description\" content=\"Nonostante l\u2019aumento dei tassi di interesse i veneti continuano a chiedere prestiti personali, ma per far fronte all\u2019aumento delle rate si orientano su importi pi\u00f9 contenuti; \u00e8 questo uno dei dati emersi dall\u2019osservatorio congiunto di Facile.it e Prestiti.it, che ha messo in evidenza come nei primi cinque mesi del 2023 l\u2019importo medio chiesto in Veneto alle societ\u00e0 di credito per un prestito personale sia stato pari a 10.983 euro, valoreContinue reading...\" \/>\n<meta property=\"og:url\" content=\"https:\/\/www.article-marketing.eu\/comunicatistampa\/prestiti-personali-in-veneto-importo-medio-in-calo-del-3\/\" \/>\n<meta property=\"og:site_name\" content=\"Article Marketing\" \/>\n<meta property=\"article:published_time\" content=\"2023-06-28T06:41:33+00:00\" \/>\n<meta name=\"author\" content=\"Facile.it\" \/>\n<meta name=\"twitter:card\" content=\"summary_large_image\" \/>\n<meta name=\"twitter:label1\" content=\"Scritto da\" \/>\n\t<meta name=\"twitter:data1\" content=\"Facile.it\" \/>\n\t<meta name=\"twitter:label2\" content=\"Tempo di lettura stimato\" \/>\n\t<meta name=\"twitter:data2\" content=\"3 minuti\" \/>\n<script type=\"application\/ld+json\" class=\"yoast-schema-graph\">{\"@context\":\"https:\\\/\\\/schema.org\",\"@graph\":[{\"@type\":\"Article\",\"@id\":\"https:\\\/\\\/www.article-marketing.eu\\\/comunicatistampa\\\/prestiti-personali-in-veneto-importo-medio-in-calo-del-3\\\/#article\",\"isPartOf\":{\"@id\":\"https:\\\/\\\/www.article-marketing.eu\\\/comunicatistampa\\\/prestiti-personali-in-veneto-importo-medio-in-calo-del-3\\\/\"},\"author\":{\"name\":\"Facile.it\",\"@id\":\"https:\\\/\\\/www.article-marketing.eu\\\/comunicatistampa\\\/#\\\/schema\\\/person\\\/1deca6d9e0cf173abfe76a90ef261a2a\"},\"headline\":\"Prestiti personali: in Veneto importo medio in calo del 3%\",\"datePublished\":\"2023-06-28T06:41:33+00:00\",\"mainEntityOfPage\":{\"@id\":\"https:\\\/\\\/www.article-marketing.eu\\\/comunicatistampa\\\/prestiti-personali-in-veneto-importo-medio-in-calo-del-3\\\/\"},\"wordCount\":529,\"commentCount\":0,\"keywords\":[\"facile.it\",\"liquidit\u00e0\",\"prestiti\",\"prestiti personali\",\"veneto\"],\"articleSection\":[\"Economia e lavoro\"],\"inLanguage\":\"it-IT\",\"potentialAction\":[{\"@type\":\"CommentAction\",\"name\":\"Comment\",\"target\":[\"https:\\\/\\\/www.article-marketing.eu\\\/comunicatistampa\\\/prestiti-personali-in-veneto-importo-medio-in-calo-del-3\\\/#respond\"]}]},{\"@type\":\"WebPage\",\"@id\":\"https:\\\/\\\/www.article-marketing.eu\\\/comunicatistampa\\\/prestiti-personali-in-veneto-importo-medio-in-calo-del-3\\\/\",\"url\":\"https:\\\/\\\/www.article-marketing.eu\\\/comunicatistampa\\\/prestiti-personali-in-veneto-importo-medio-in-calo-del-3\\\/\",\"name\":\"Prestiti personali: in Veneto importo medio in calo del 3% - Article Marketing\",\"isPartOf\":{\"@id\":\"https:\\\/\\\/www.article-marketing.eu\\\/comunicatistampa\\\/#website\"},\"datePublished\":\"2023-06-28T06:41:33+00:00\",\"author\":{\"@id\":\"https:\\\/\\\/www.article-marketing.eu\\\/comunicatistampa\\\/#\\\/schema\\\/person\\\/1deca6d9e0cf173abfe76a90ef261a2a\"},\"breadcrumb\":{\"@id\":\"https:\\\/\\\/www.article-marketing.eu\\\/comunicatistampa\\\/prestiti-personali-in-veneto-importo-medio-in-calo-del-3\\\/#breadcrumb\"},\"inLanguage\":\"it-IT\",\"potentialAction\":[{\"@type\":\"ReadAction\",\"target\":[\"https:\\\/\\\/www.article-marketing.eu\\\/comunicatistampa\\\/prestiti-personali-in-veneto-importo-medio-in-calo-del-3\\\/\"]}]},{\"@type\":\"BreadcrumbList\",\"@id\":\"https:\\\/\\\/www.article-marketing.eu\\\/comunicatistampa\\\/prestiti-personali-in-veneto-importo-medio-in-calo-del-3\\\/#breadcrumb\",\"itemListElement\":[{\"@type\":\"ListItem\",\"position\":1,\"name\":\"Home\",\"item\":\"https:\\\/\\\/www.article-marketing.eu\\\/comunicatistampa\\\/\"},{\"@type\":\"ListItem\",\"position\":2,\"name\":\"Prestiti personali: in Veneto importo medio in calo del 3%\"}]},{\"@type\":\"WebSite\",\"@id\":\"https:\\\/\\\/www.article-marketing.eu\\\/comunicatistampa\\\/#website\",\"url\":\"https:\\\/\\\/www.article-marketing.eu\\\/comunicatistampa\\\/\",\"name\":\"Article Marketing\",\"description\":\"article marketing &amp; press release\",\"potentialAction\":[{\"@type\":\"SearchAction\",\"target\":{\"@type\":\"EntryPoint\",\"urlTemplate\":\"https:\\\/\\\/www.article-marketing.eu\\\/comunicatistampa\\\/?s={search_term_string}\"},\"query-input\":{\"@type\":\"PropertyValueSpecification\",\"valueRequired\":true,\"valueName\":\"search_term_string\"}}],\"inLanguage\":\"it-IT\"},{\"@type\":\"Person\",\"@id\":\"https:\\\/\\\/www.article-marketing.eu\\\/comunicatistampa\\\/#\\\/schema\\\/person\\\/1deca6d9e0cf173abfe76a90ef261a2a\",\"name\":\"Facile.it\",\"image\":{\"@type\":\"ImageObject\",\"inLanguage\":\"it-IT\",\"@id\":\"https:\\\/\\\/secure.gravatar.com\\\/avatar\\\/2623775dfcd174bde1a788a4bc028e9035747fa40886953f4954f56c45cf4b34?s=96&d=mm&r=g\",\"url\":\"https:\\\/\\\/secure.gravatar.com\\\/avatar\\\/2623775dfcd174bde1a788a4bc028e9035747fa40886953f4954f56c45cf4b34?s=96&d=mm&r=g\",\"contentUrl\":\"https:\\\/\\\/secure.gravatar.com\\\/avatar\\\/2623775dfcd174bde1a788a4bc028e9035747fa40886953f4954f56c45cf4b34?s=96&d=mm&r=g\",\"caption\":\"Facile.it\"},\"url\":\"https:\\\/\\\/www.article-marketing.eu\\\/comunicatistampa\\\/author\\\/facile-it\\\/\"}]}<\/script>\n<!-- \/ Yoast SEO plugin. -->","yoast_head_json":{"title":"Prestiti personali: in Veneto importo medio in calo del 3% - Article Marketing","robots":{"index":"index","follow":"follow","max-snippet":"max-snippet:-1","max-image-preview":"max-image-preview:large","max-video-preview":"max-video-preview:-1"},"canonical":"https:\/\/www.article-marketing.eu\/comunicatistampa\/prestiti-personali-in-veneto-importo-medio-in-calo-del-3\/","og_locale":"it_IT","og_type":"article","og_title":"Prestiti personali: in Veneto importo medio in calo del 3% - Article Marketing","og_description":"Nonostante l\u2019aumento dei tassi di interesse i veneti continuano a chiedere prestiti personali, ma per far fronte all\u2019aumento delle rate si orientano su importi pi\u00f9 contenuti; \u00e8 questo uno dei dati emersi dall\u2019osservatorio congiunto di Facile.it e Prestiti.it, che ha messo in evidenza come nei primi cinque mesi del 2023 l\u2019importo medio chiesto in Veneto alle societ\u00e0 di credito per un prestito personale sia stato pari a 10.983 euro, valoreContinue reading...","og_url":"https:\/\/www.article-marketing.eu\/comunicatistampa\/prestiti-personali-in-veneto-importo-medio-in-calo-del-3\/","og_site_name":"Article Marketing","article_published_time":"2023-06-28T06:41:33+00:00","author":"Facile.it","twitter_card":"summary_large_image","twitter_misc":{"Scritto da":"Facile.it","Tempo di lettura stimato":"3 minuti"},"schema":{"@context":"https:\/\/schema.org","@graph":[{"@type":"Article","@id":"https:\/\/www.article-marketing.eu\/comunicatistampa\/prestiti-personali-in-veneto-importo-medio-in-calo-del-3\/#article","isPartOf":{"@id":"https:\/\/www.article-marketing.eu\/comunicatistampa\/prestiti-personali-in-veneto-importo-medio-in-calo-del-3\/"},"author":{"name":"Facile.it","@id":"https:\/\/www.article-marketing.eu\/comunicatistampa\/#\/schema\/person\/1deca6d9e0cf173abfe76a90ef261a2a"},"headline":"Prestiti personali: in Veneto importo medio in calo del 3%","datePublished":"2023-06-28T06:41:33+00:00","mainEntityOfPage":{"@id":"https:\/\/www.article-marketing.eu\/comunicatistampa\/prestiti-personali-in-veneto-importo-medio-in-calo-del-3\/"},"wordCount":529,"commentCount":0,"keywords":["facile.it","liquidit\u00e0","prestiti","prestiti personali","veneto"],"articleSection":["Economia e lavoro"],"inLanguage":"it-IT","potentialAction":[{"@type":"CommentAction","name":"Comment","target":["https:\/\/www.article-marketing.eu\/comunicatistampa\/prestiti-personali-in-veneto-importo-medio-in-calo-del-3\/#respond"]}]},{"@type":"WebPage","@id":"https:\/\/www.article-marketing.eu\/comunicatistampa\/prestiti-personali-in-veneto-importo-medio-in-calo-del-3\/","url":"https:\/\/www.article-marketing.eu\/comunicatistampa\/prestiti-personali-in-veneto-importo-medio-in-calo-del-3\/","name":"Prestiti personali: in Veneto importo medio in calo del 3% - Article Marketing","isPartOf":{"@id":"https:\/\/www.article-marketing.eu\/comunicatistampa\/#website"},"datePublished":"2023-06-28T06:41:33+00:00","author":{"@id":"https:\/\/www.article-marketing.eu\/comunicatistampa\/#\/schema\/person\/1deca6d9e0cf173abfe76a90ef261a2a"},"breadcrumb":{"@id":"https:\/\/www.article-marketing.eu\/comunicatistampa\/prestiti-personali-in-veneto-importo-medio-in-calo-del-3\/#breadcrumb"},"inLanguage":"it-IT","potentialAction":[{"@type":"ReadAction","target":["https:\/\/www.article-marketing.eu\/comunicatistampa\/prestiti-personali-in-veneto-importo-medio-in-calo-del-3\/"]}]},{"@type":"BreadcrumbList","@id":"https:\/\/www.article-marketing.eu\/comunicatistampa\/prestiti-personali-in-veneto-importo-medio-in-calo-del-3\/#breadcrumb","itemListElement":[{"@type":"ListItem","position":1,"name":"Home","item":"https:\/\/www.article-marketing.eu\/comunicatistampa\/"},{"@type":"ListItem","position":2,"name":"Prestiti personali: in Veneto importo medio in calo del 3%"}]},{"@type":"WebSite","@id":"https:\/\/www.article-marketing.eu\/comunicatistampa\/#website","url":"https:\/\/www.article-marketing.eu\/comunicatistampa\/","name":"Article Marketing","description":"article marketing &amp; press release","potentialAction":[{"@type":"SearchAction","target":{"@type":"EntryPoint","urlTemplate":"https:\/\/www.article-marketing.eu\/comunicatistampa\/?s={search_term_string}"},"query-input":{"@type":"PropertyValueSpecification","valueRequired":true,"valueName":"search_term_string"}}],"inLanguage":"it-IT"},{"@type":"Person","@id":"https:\/\/www.article-marketing.eu\/comunicatistampa\/#\/schema\/person\/1deca6d9e0cf173abfe76a90ef261a2a","name":"Facile.it","image":{"@type":"ImageObject","inLanguage":"it-IT","@id":"https:\/\/secure.gravatar.com\/avatar\/2623775dfcd174bde1a788a4bc028e9035747fa40886953f4954f56c45cf4b34?s=96&d=mm&r=g","url":"https:\/\/secure.gravatar.com\/avatar\/2623775dfcd174bde1a788a4bc028e9035747fa40886953f4954f56c45cf4b34?s=96&d=mm&r=g","contentUrl":"https:\/\/secure.gravatar.com\/avatar\/2623775dfcd174bde1a788a4bc028e9035747fa40886953f4954f56c45cf4b34?s=96&d=mm&r=g","caption":"Facile.it"},"url":"https:\/\/www.article-marketing.eu\/comunicatistampa\/author\/facile-it\/"}]}},"_links":{"self":[{"href":"https:\/\/www.article-marketing.eu\/comunicatistampa\/wp-json\/wp\/v2\/posts\/27667","targetHints":{"allow":["GET"]}}],"collection":[{"href":"https:\/\/www.article-marketing.eu\/comunicatistampa\/wp-json\/wp\/v2\/posts"}],"about":[{"href":"https:\/\/www.article-marketing.eu\/comunicatistampa\/wp-json\/wp\/v2\/types\/post"}],"author":[{"embeddable":true,"href":"https:\/\/www.article-marketing.eu\/comunicatistampa\/wp-json\/wp\/v2\/users\/62"}],"replies":[{"embeddable":true,"href":"https:\/\/www.article-marketing.eu\/comunicatistampa\/wp-json\/wp\/v2\/comments?post=27667"}],"version-history":[{"count":2,"href":"https:\/\/www.article-marketing.eu\/comunicatistampa\/wp-json\/wp\/v2\/posts\/27667\/revisions"}],"predecessor-version":[{"id":27695,"href":"https:\/\/www.article-marketing.eu\/comunicatistampa\/wp-json\/wp\/v2\/posts\/27667\/revisions\/27695"}],"wp:attachment":[{"href":"https:\/\/www.article-marketing.eu\/comunicatistampa\/wp-json\/wp\/v2\/media?parent=27667"}],"wp:term":[{"taxonomy":"category","embeddable":true,"href":"https:\/\/www.article-marketing.eu\/comunicatistampa\/wp-json\/wp\/v2\/categories?post=27667"},{"taxonomy":"post_tag","embeddable":true,"href":"https:\/\/www.article-marketing.eu\/comunicatistampa\/wp-json\/wp\/v2\/tags?post=27667"}],"curies":[{"name":"wp","href":"https:\/\/api.w.org\/{rel}","templated":true}]}}