{"id":27672,"date":"2023-06-28T10:26:25","date_gmt":"2023-06-28T08:26:25","guid":{"rendered":"https:\/\/www.article-marketing.eu\/comunicatistampa\/?p=27672"},"modified":"2023-06-27T20:44:57","modified_gmt":"2023-06-27T18:44:57","slug":"alessandro-benetton-il-restauro-di-palazzo-ancilotto-nuova-sede-di-21-invest","status":"publish","type":"post","link":"https:\/\/www.article-marketing.eu\/comunicatistampa\/alessandro-benetton-il-restauro-di-palazzo-ancilotto-nuova-sede-di-21-invest\/","title":{"rendered":"Alessandro Benetton: il restauro di Palazzo Ancilotto, nuova sede di 21 Invest"},"content":{"rendered":"<p><em><strong>La nuova sede di 21 Invest a Treviso \u00e8 a Palazzo Ancilotto, un \u201cedificio che, oggi, rappresenta pi\u00f9 che mai il punto di contatto tra il passato e il futuro, tra la tradizione e la modernit\u00e0\u201d: la soddisfazione di <a title=\"Alessandro Benetton: il restauro di Palazzo Ancilotto\" href=\"https:\/\/www.ilmessaggero.it\/tecnologia\/moltofuturo\/alessandro_benetton_21_invest_palazzo_ancilotto_restauro_treviso-7473785.html\">Alessandro Benetton<\/a>.<\/strong><\/em><\/p>\n<p><a title=\"Alessandro Benetton: la vision dietro il restauro di Palazzo Ancilotto\" href=\"https:\/\/www.ilmessaggero.it\/tecnologia\/moltofuturo\/alessandro_benetton_21_invest_palazzo_ancilotto_restauro_treviso-7473785.html\"><em><strong><img loading=\"lazy\" decoding=\"async\" src=\"https:\/\/www.topmanagers.it\/SharingFolder\/TopManager\/it\/ManagerProfilePhoto\/Photo\/benetton-topmanager.jpg\" alt=\"Alessandro Benetton\" width=\"190\" height=\"150\" \/><\/strong><\/em><\/a><\/p>\n<h2>Alessandro Benetton: Palazzo Ancilotto, la responsabilit\u00e0 di far riemergere un\u2019intera eredit\u00e0 artistica e storica<\/h2>\n<p>Per Alessandro Benetton quello dietro il restauro di Palazzo Ancilotto, nuova sede di 21 Invest, \u201c<em>\u00e8 stato ed \u00e8 un progetto, di quelli che prendono anni<\/em>\u201d. Lo ha detto nella web-serie \u201cShared Beauty\u201d, lanciata nelle scorse settimane proprio per raccontare il valore dell\u2019iniziativa, nata con un duplice obiettivo. Non solo \u201c<em>ridare nuovo lustro a un palazzo togliendogli un po\u2019 di polvere di dosso<\/em>\u201d, come ha simpaticamente spiegato il Presidente di 21 Invest. Ma anche e soprattutto \u201c<em>puntare in alto, prendendosi la responsabilit\u00e0 di far riemergere un\u2019intera eredit\u00e0 artistica e storica<\/em>\u201d. Non a caso \u00e8 quello che Alessandro Benetton ha fatto anche con 21 Invest dandole vita nel 1992, quando in Italia erano in pochi a conoscere cosa fosse il private equity, diversamente da oggi. E puntare in alto ha portato la societ\u00e0 a crescere, ad espandersi fino a Parigi, Ginevra e Varsavia. Non poteva quindi esserci location migliore di Palazzo Ancilotto per la nuova sede del Gruppo a Treviso: \u201c<em>Confidiamo di essere riusciti nella duplice missione di trovare una nuova casa per 21 Invest e di riportare alla luce il potenziale di questo edificio. Un edificio che, oggi, rappresenta pi\u00f9 che mai il punto di contatto tra il passato e il futuro, tra la tradizione e la modernit\u00e0<\/em>\u201d.<\/p>\n<h2>Alessandro Benetton: 21 Invest e Palazzo Ancilotto, una convergenza di obiettivi e valori<\/h2>\n<p>Nelle parole di <strong><a title=\"Alessandro Benetton: 21 Invest e Palazzo Ancilotto\" href=\"https:\/\/www.ilmessaggero.it\/tecnologia\/moltofuturo\/alessandro_benetton_21_invest_palazzo_ancilotto_restauro_treviso-7473785.html\">Alessandro Benetton<\/a><\/strong> si rispecchia il valore del progetto: \u201c<em>Palazzo Ancilotto<\/em> <em>garantir\u00e0 una nuova sede per il nostro team con un patrimonio artistico unico, ma sar\u00e0 moderna ed efficiente\u201d. <\/em>\u00a0Molte infatti le corrispondenze: innanzitutto \u201c<em>per noi di 21 Invest \u00e8<\/em> <em>fondamentale valorizzare la storia e la cultura dei luoghi in cui operiamo<\/em>\u201d e quelle mura costituiscono un patrimonio artistico-culturale di grande valore da proteggere e valorizzare. \u201c<em>Il progetto doveva avere quell\u2019aspetto di sostenibilit\u00e0 che per noi \u00e8 tanto importante, che \u00e8 quello di rispettare e valorizzare la storia, pur interpretandola in chiave moderna contemporanea<\/em>\u201d, ha detto il Presidente ricordando anche la vision di 21 Invest e l\u2019impegno a favore di uno sviluppo in ottica sostenibile. E se i lavori sono stati affidati al \u201c<em>miglior architetto del mondo<\/em>\u201d, Sir David Chipperfield, insignito del prestigioso Pritzker Architecture Prize, \u00e8 anche perch\u00e9 \u00e8 stato lui stesso ad affermare che \u201c<em>\u00e8 tempo di assumerci le nostre responsabilit\u00e0\u201d. <\/em>\u00c8 un onore quindi per 21 Invest poter<em> \u201ccontribuire a proteggere e valorizzare il nostro patrimonio culturale<\/em>\u201d: l\u2019auspicio \u00e8 che Palazzo Ancilotto diventi presto \u201c<em>un luogo di dialogo tra passato e futuro, il punto di inizio di nuove traiettorie per tanti giovani del territorio e non solo<\/em>\u201d che, come ribadito da Alessandro Benetton, deve essere condiviso \u201c<em>con la citt\u00e0 di Treviso e con tutti voi<\/em>\u201d.<\/p>\n","protected":false},"excerpt":{"rendered":"<p>La nuova sede di 21 Invest a Treviso \u00e8 a Palazzo Ancilotto, un \u201cedificio che, oggi, rappresenta pi\u00f9 che mai il punto di contatto tra il passato e il futuro, tra la tradizione e la modernit\u00e0\u201d: la soddisfazione di Alessandro Benetton. Alessandro Benetton: Palazzo Ancilotto, la responsabilit\u00e0 di far riemergere un\u2019intera eredit\u00e0 artistica e storica Per Alessandro Benetton quello dietro il restauro di Palazzo Ancilotto, nuova sede di 21 Invest,<\/p>\n<p><a class=\"continue-reading\" href=\"https:\/\/www.article-marketing.eu\/comunicatistampa\/alessandro-benetton-il-restauro-di-palazzo-ancilotto-nuova-sede-di-21-invest\/\">Continue reading&#8230;<\/a><\/p>\n","protected":false},"author":7191,"featured_media":0,"comment_status":"open","ping_status":"open","sticky":false,"template":"","format":"standard","meta":{"_monsterinsights_skip_tracking":false,"_monsterinsights_sitenote_active":false,"_monsterinsights_sitenote_note":"","_monsterinsights_sitenote_category":0,"footnotes":""},"categories":[407],"tags":[9630],"class_list":["post-27672","post","type-post","status-publish","format-standard","hentry","category-arte-e-cultura","tag-alessandro-benetton"],"yoast_head":"<!-- This site is optimized with the Yoast SEO plugin v27.3 - https:\/\/yoast.com\/product\/yoast-seo-wordpress\/ -->\n<title>Alessandro Benetton: il restauro di Palazzo Ancilotto, nuova sede di 21 Invest<\/title>\n<meta name=\"robots\" content=\"index, follow, max-snippet:-1, max-image-preview:large, max-video-preview:-1\" \/>\n<link rel=\"canonical\" href=\"https:\/\/www.article-marketing.eu\/comunicatistampa\/alessandro-benetton-il-restauro-di-palazzo-ancilotto-nuova-sede-di-21-invest\/\" \/>\n<meta property=\"og:locale\" content=\"it_IT\" \/>\n<meta property=\"og:type\" content=\"article\" \/>\n<meta property=\"og:title\" content=\"Alessandro Benetton: il restauro di Palazzo Ancilotto, nuova sede di 21 Invest\" \/>\n<meta property=\"og:description\" content=\"La nuova sede di 21 Invest a Treviso \u00e8 a Palazzo Ancilotto, un \u201cedificio che, oggi, rappresenta pi\u00f9 che mai il punto di contatto tra il passato e il futuro, tra la tradizione e la modernit\u00e0\u201d: la soddisfazione di Alessandro Benetton. Alessandro Benetton: Palazzo Ancilotto, la responsabilit\u00e0 di far riemergere un\u2019intera eredit\u00e0 artistica e storica Per Alessandro Benetton quello dietro il restauro di Palazzo Ancilotto, nuova sede di 21 Invest,Continue reading...\" \/>\n<meta property=\"og:url\" content=\"https:\/\/www.article-marketing.eu\/comunicatistampa\/alessandro-benetton-il-restauro-di-palazzo-ancilotto-nuova-sede-di-21-invest\/\" \/>\n<meta property=\"og:site_name\" content=\"Article Marketing\" \/>\n<meta property=\"article:published_time\" content=\"2023-06-28T08:26:25+00:00\" \/>\n<meta property=\"og:image\" content=\"https:\/\/www.topmanagers.it\/SharingFolder\/TopManager\/it\/ManagerProfilePhoto\/Photo\/benetton-topmanager.jpg\" \/>\n<meta name=\"author\" content=\"agencyabweb\" \/>\n<meta name=\"twitter:card\" content=\"summary_large_image\" \/>\n<meta name=\"twitter:label1\" content=\"Scritto da\" \/>\n\t<meta name=\"twitter:data1\" content=\"agencyabweb\" \/>\n\t<meta name=\"twitter:label2\" content=\"Tempo di lettura stimato\" \/>\n\t<meta name=\"twitter:data2\" content=\"3 minuti\" \/>\n<script type=\"application\/ld+json\" class=\"yoast-schema-graph\">{\"@context\":\"https:\\\/\\\/schema.org\",\"@graph\":[{\"@type\":\"Article\",\"@id\":\"https:\\\/\\\/www.article-marketing.eu\\\/comunicatistampa\\\/alessandro-benetton-il-restauro-di-palazzo-ancilotto-nuova-sede-di-21-invest\\\/#article\",\"isPartOf\":{\"@id\":\"https:\\\/\\\/www.article-marketing.eu\\\/comunicatistampa\\\/alessandro-benetton-il-restauro-di-palazzo-ancilotto-nuova-sede-di-21-invest\\\/\"},\"author\":{\"name\":\"agencyabweb\",\"@id\":\"https:\\\/\\\/www.article-marketing.eu\\\/comunicatistampa\\\/#\\\/schema\\\/person\\\/387302ea07720c8cca9cb7cbc223fca4\"},\"headline\":\"Alessandro Benetton: il restauro di Palazzo Ancilotto, nuova sede di 21 Invest\",\"datePublished\":\"2023-06-28T08:26:25+00:00\",\"mainEntityOfPage\":{\"@id\":\"https:\\\/\\\/www.article-marketing.eu\\\/comunicatistampa\\\/alessandro-benetton-il-restauro-di-palazzo-ancilotto-nuova-sede-di-21-invest\\\/\"},\"wordCount\":491,\"commentCount\":0,\"image\":{\"@id\":\"https:\\\/\\\/www.article-marketing.eu\\\/comunicatistampa\\\/alessandro-benetton-il-restauro-di-palazzo-ancilotto-nuova-sede-di-21-invest\\\/#primaryimage\"},\"thumbnailUrl\":\"https:\\\/\\\/www.topmanagers.it\\\/SharingFolder\\\/TopManager\\\/it\\\/ManagerProfilePhoto\\\/Photo\\\/benetton-topmanager.jpg\",\"keywords\":[\"Alessandro Benetton\"],\"articleSection\":[\"Arte e cultura\"],\"inLanguage\":\"it-IT\",\"potentialAction\":[{\"@type\":\"CommentAction\",\"name\":\"Comment\",\"target\":[\"https:\\\/\\\/www.article-marketing.eu\\\/comunicatistampa\\\/alessandro-benetton-il-restauro-di-palazzo-ancilotto-nuova-sede-di-21-invest\\\/#respond\"]}]},{\"@type\":\"WebPage\",\"@id\":\"https:\\\/\\\/www.article-marketing.eu\\\/comunicatistampa\\\/alessandro-benetton-il-restauro-di-palazzo-ancilotto-nuova-sede-di-21-invest\\\/\",\"url\":\"https:\\\/\\\/www.article-marketing.eu\\\/comunicatistampa\\\/alessandro-benetton-il-restauro-di-palazzo-ancilotto-nuova-sede-di-21-invest\\\/\",\"name\":\"Alessandro Benetton: il restauro di Palazzo Ancilotto, nuova sede di 21 Invest\",\"isPartOf\":{\"@id\":\"https:\\\/\\\/www.article-marketing.eu\\\/comunicatistampa\\\/#website\"},\"primaryImageOfPage\":{\"@id\":\"https:\\\/\\\/www.article-marketing.eu\\\/comunicatistampa\\\/alessandro-benetton-il-restauro-di-palazzo-ancilotto-nuova-sede-di-21-invest\\\/#primaryimage\"},\"image\":{\"@id\":\"https:\\\/\\\/www.article-marketing.eu\\\/comunicatistampa\\\/alessandro-benetton-il-restauro-di-palazzo-ancilotto-nuova-sede-di-21-invest\\\/#primaryimage\"},\"thumbnailUrl\":\"https:\\\/\\\/www.topmanagers.it\\\/SharingFolder\\\/TopManager\\\/it\\\/ManagerProfilePhoto\\\/Photo\\\/benetton-topmanager.jpg\",\"datePublished\":\"2023-06-28T08:26:25+00:00\",\"author\":{\"@id\":\"https:\\\/\\\/www.article-marketing.eu\\\/comunicatistampa\\\/#\\\/schema\\\/person\\\/387302ea07720c8cca9cb7cbc223fca4\"},\"breadcrumb\":{\"@id\":\"https:\\\/\\\/www.article-marketing.eu\\\/comunicatistampa\\\/alessandro-benetton-il-restauro-di-palazzo-ancilotto-nuova-sede-di-21-invest\\\/#breadcrumb\"},\"inLanguage\":\"it-IT\",\"potentialAction\":[{\"@type\":\"ReadAction\",\"target\":[\"https:\\\/\\\/www.article-marketing.eu\\\/comunicatistampa\\\/alessandro-benetton-il-restauro-di-palazzo-ancilotto-nuova-sede-di-21-invest\\\/\"]}]},{\"@type\":\"ImageObject\",\"inLanguage\":\"it-IT\",\"@id\":\"https:\\\/\\\/www.article-marketing.eu\\\/comunicatistampa\\\/alessandro-benetton-il-restauro-di-palazzo-ancilotto-nuova-sede-di-21-invest\\\/#primaryimage\",\"url\":\"https:\\\/\\\/www.topmanagers.it\\\/SharingFolder\\\/TopManager\\\/it\\\/ManagerProfilePhoto\\\/Photo\\\/benetton-topmanager.jpg\",\"contentUrl\":\"https:\\\/\\\/www.topmanagers.it\\\/SharingFolder\\\/TopManager\\\/it\\\/ManagerProfilePhoto\\\/Photo\\\/benetton-topmanager.jpg\"},{\"@type\":\"BreadcrumbList\",\"@id\":\"https:\\\/\\\/www.article-marketing.eu\\\/comunicatistampa\\\/alessandro-benetton-il-restauro-di-palazzo-ancilotto-nuova-sede-di-21-invest\\\/#breadcrumb\",\"itemListElement\":[{\"@type\":\"ListItem\",\"position\":1,\"name\":\"Home\",\"item\":\"https:\\\/\\\/www.article-marketing.eu\\\/comunicatistampa\\\/\"},{\"@type\":\"ListItem\",\"position\":2,\"name\":\"Alessandro Benetton: il restauro di Palazzo Ancilotto, nuova sede di 21 Invest\"}]},{\"@type\":\"WebSite\",\"@id\":\"https:\\\/\\\/www.article-marketing.eu\\\/comunicatistampa\\\/#website\",\"url\":\"https:\\\/\\\/www.article-marketing.eu\\\/comunicatistampa\\\/\",\"name\":\"Article Marketing\",\"description\":\"article marketing &amp; press release\",\"potentialAction\":[{\"@type\":\"SearchAction\",\"target\":{\"@type\":\"EntryPoint\",\"urlTemplate\":\"https:\\\/\\\/www.article-marketing.eu\\\/comunicatistampa\\\/?s={search_term_string}\"},\"query-input\":{\"@type\":\"PropertyValueSpecification\",\"valueRequired\":true,\"valueName\":\"search_term_string\"}}],\"inLanguage\":\"it-IT\"},{\"@type\":\"Person\",\"@id\":\"https:\\\/\\\/www.article-marketing.eu\\\/comunicatistampa\\\/#\\\/schema\\\/person\\\/387302ea07720c8cca9cb7cbc223fca4\",\"name\":\"agencyabweb\",\"image\":{\"@type\":\"ImageObject\",\"inLanguage\":\"it-IT\",\"@id\":\"https:\\\/\\\/secure.gravatar.com\\\/avatar\\\/c9b06452f87b0cd78054668e3d508288cb2761bcd8a9f8bb19bb1cfb5638006f?s=96&d=mm&r=g\",\"url\":\"https:\\\/\\\/secure.gravatar.com\\\/avatar\\\/c9b06452f87b0cd78054668e3d508288cb2761bcd8a9f8bb19bb1cfb5638006f?s=96&d=mm&r=g\",\"contentUrl\":\"https:\\\/\\\/secure.gravatar.com\\\/avatar\\\/c9b06452f87b0cd78054668e3d508288cb2761bcd8a9f8bb19bb1cfb5638006f?s=96&d=mm&r=g\",\"caption\":\"agencyabweb\"},\"url\":\"https:\\\/\\\/www.article-marketing.eu\\\/comunicatistampa\\\/author\\\/agencyabweb\\\/\"}]}<\/script>\n<!-- \/ Yoast SEO plugin. -->","yoast_head_json":{"title":"Alessandro Benetton: il restauro di Palazzo Ancilotto, nuova sede di 21 Invest","robots":{"index":"index","follow":"follow","max-snippet":"max-snippet:-1","max-image-preview":"max-image-preview:large","max-video-preview":"max-video-preview:-1"},"canonical":"https:\/\/www.article-marketing.eu\/comunicatistampa\/alessandro-benetton-il-restauro-di-palazzo-ancilotto-nuova-sede-di-21-invest\/","og_locale":"it_IT","og_type":"article","og_title":"Alessandro Benetton: il restauro di Palazzo Ancilotto, nuova sede di 21 Invest","og_description":"La nuova sede di 21 Invest a Treviso \u00e8 a Palazzo Ancilotto, un \u201cedificio che, oggi, rappresenta pi\u00f9 che mai il punto di contatto tra il passato e il futuro, tra la tradizione e la modernit\u00e0\u201d: la soddisfazione di Alessandro Benetton. Alessandro Benetton: Palazzo Ancilotto, la responsabilit\u00e0 di far riemergere un\u2019intera eredit\u00e0 artistica e storica Per Alessandro Benetton quello dietro il restauro di Palazzo Ancilotto, nuova sede di 21 Invest,Continue reading...","og_url":"https:\/\/www.article-marketing.eu\/comunicatistampa\/alessandro-benetton-il-restauro-di-palazzo-ancilotto-nuova-sede-di-21-invest\/","og_site_name":"Article Marketing","article_published_time":"2023-06-28T08:26:25+00:00","og_image":[{"url":"https:\/\/www.topmanagers.it\/SharingFolder\/TopManager\/it\/ManagerProfilePhoto\/Photo\/benetton-topmanager.jpg","type":"","width":"","height":""}],"author":"agencyabweb","twitter_card":"summary_large_image","twitter_misc":{"Scritto da":"agencyabweb","Tempo di lettura stimato":"3 minuti"},"schema":{"@context":"https:\/\/schema.org","@graph":[{"@type":"Article","@id":"https:\/\/www.article-marketing.eu\/comunicatistampa\/alessandro-benetton-il-restauro-di-palazzo-ancilotto-nuova-sede-di-21-invest\/#article","isPartOf":{"@id":"https:\/\/www.article-marketing.eu\/comunicatistampa\/alessandro-benetton-il-restauro-di-palazzo-ancilotto-nuova-sede-di-21-invest\/"},"author":{"name":"agencyabweb","@id":"https:\/\/www.article-marketing.eu\/comunicatistampa\/#\/schema\/person\/387302ea07720c8cca9cb7cbc223fca4"},"headline":"Alessandro Benetton: il restauro di Palazzo Ancilotto, nuova sede di 21 Invest","datePublished":"2023-06-28T08:26:25+00:00","mainEntityOfPage":{"@id":"https:\/\/www.article-marketing.eu\/comunicatistampa\/alessandro-benetton-il-restauro-di-palazzo-ancilotto-nuova-sede-di-21-invest\/"},"wordCount":491,"commentCount":0,"image":{"@id":"https:\/\/www.article-marketing.eu\/comunicatistampa\/alessandro-benetton-il-restauro-di-palazzo-ancilotto-nuova-sede-di-21-invest\/#primaryimage"},"thumbnailUrl":"https:\/\/www.topmanagers.it\/SharingFolder\/TopManager\/it\/ManagerProfilePhoto\/Photo\/benetton-topmanager.jpg","keywords":["Alessandro Benetton"],"articleSection":["Arte e cultura"],"inLanguage":"it-IT","potentialAction":[{"@type":"CommentAction","name":"Comment","target":["https:\/\/www.article-marketing.eu\/comunicatistampa\/alessandro-benetton-il-restauro-di-palazzo-ancilotto-nuova-sede-di-21-invest\/#respond"]}]},{"@type":"WebPage","@id":"https:\/\/www.article-marketing.eu\/comunicatistampa\/alessandro-benetton-il-restauro-di-palazzo-ancilotto-nuova-sede-di-21-invest\/","url":"https:\/\/www.article-marketing.eu\/comunicatistampa\/alessandro-benetton-il-restauro-di-palazzo-ancilotto-nuova-sede-di-21-invest\/","name":"Alessandro Benetton: il restauro di Palazzo Ancilotto, nuova sede di 21 Invest","isPartOf":{"@id":"https:\/\/www.article-marketing.eu\/comunicatistampa\/#website"},"primaryImageOfPage":{"@id":"https:\/\/www.article-marketing.eu\/comunicatistampa\/alessandro-benetton-il-restauro-di-palazzo-ancilotto-nuova-sede-di-21-invest\/#primaryimage"},"image":{"@id":"https:\/\/www.article-marketing.eu\/comunicatistampa\/alessandro-benetton-il-restauro-di-palazzo-ancilotto-nuova-sede-di-21-invest\/#primaryimage"},"thumbnailUrl":"https:\/\/www.topmanagers.it\/SharingFolder\/TopManager\/it\/ManagerProfilePhoto\/Photo\/benetton-topmanager.jpg","datePublished":"2023-06-28T08:26:25+00:00","author":{"@id":"https:\/\/www.article-marketing.eu\/comunicatistampa\/#\/schema\/person\/387302ea07720c8cca9cb7cbc223fca4"},"breadcrumb":{"@id":"https:\/\/www.article-marketing.eu\/comunicatistampa\/alessandro-benetton-il-restauro-di-palazzo-ancilotto-nuova-sede-di-21-invest\/#breadcrumb"},"inLanguage":"it-IT","potentialAction":[{"@type":"ReadAction","target":["https:\/\/www.article-marketing.eu\/comunicatistampa\/alessandro-benetton-il-restauro-di-palazzo-ancilotto-nuova-sede-di-21-invest\/"]}]},{"@type":"ImageObject","inLanguage":"it-IT","@id":"https:\/\/www.article-marketing.eu\/comunicatistampa\/alessandro-benetton-il-restauro-di-palazzo-ancilotto-nuova-sede-di-21-invest\/#primaryimage","url":"https:\/\/www.topmanagers.it\/SharingFolder\/TopManager\/it\/ManagerProfilePhoto\/Photo\/benetton-topmanager.jpg","contentUrl":"https:\/\/www.topmanagers.it\/SharingFolder\/TopManager\/it\/ManagerProfilePhoto\/Photo\/benetton-topmanager.jpg"},{"@type":"BreadcrumbList","@id":"https:\/\/www.article-marketing.eu\/comunicatistampa\/alessandro-benetton-il-restauro-di-palazzo-ancilotto-nuova-sede-di-21-invest\/#breadcrumb","itemListElement":[{"@type":"ListItem","position":1,"name":"Home","item":"https:\/\/www.article-marketing.eu\/comunicatistampa\/"},{"@type":"ListItem","position":2,"name":"Alessandro Benetton: il restauro di Palazzo Ancilotto, nuova sede di 21 Invest"}]},{"@type":"WebSite","@id":"https:\/\/www.article-marketing.eu\/comunicatistampa\/#website","url":"https:\/\/www.article-marketing.eu\/comunicatistampa\/","name":"Article Marketing","description":"article marketing &amp; press release","potentialAction":[{"@type":"SearchAction","target":{"@type":"EntryPoint","urlTemplate":"https:\/\/www.article-marketing.eu\/comunicatistampa\/?s={search_term_string}"},"query-input":{"@type":"PropertyValueSpecification","valueRequired":true,"valueName":"search_term_string"}}],"inLanguage":"it-IT"},{"@type":"Person","@id":"https:\/\/www.article-marketing.eu\/comunicatistampa\/#\/schema\/person\/387302ea07720c8cca9cb7cbc223fca4","name":"agencyabweb","image":{"@type":"ImageObject","inLanguage":"it-IT","@id":"https:\/\/secure.gravatar.com\/avatar\/c9b06452f87b0cd78054668e3d508288cb2761bcd8a9f8bb19bb1cfb5638006f?s=96&d=mm&r=g","url":"https:\/\/secure.gravatar.com\/avatar\/c9b06452f87b0cd78054668e3d508288cb2761bcd8a9f8bb19bb1cfb5638006f?s=96&d=mm&r=g","contentUrl":"https:\/\/secure.gravatar.com\/avatar\/c9b06452f87b0cd78054668e3d508288cb2761bcd8a9f8bb19bb1cfb5638006f?s=96&d=mm&r=g","caption":"agencyabweb"},"url":"https:\/\/www.article-marketing.eu\/comunicatistampa\/author\/agencyabweb\/"}]}},"_links":{"self":[{"href":"https:\/\/www.article-marketing.eu\/comunicatistampa\/wp-json\/wp\/v2\/posts\/27672","targetHints":{"allow":["GET"]}}],"collection":[{"href":"https:\/\/www.article-marketing.eu\/comunicatistampa\/wp-json\/wp\/v2\/posts"}],"about":[{"href":"https:\/\/www.article-marketing.eu\/comunicatistampa\/wp-json\/wp\/v2\/types\/post"}],"author":[{"embeddable":true,"href":"https:\/\/www.article-marketing.eu\/comunicatistampa\/wp-json\/wp\/v2\/users\/7191"}],"replies":[{"embeddable":true,"href":"https:\/\/www.article-marketing.eu\/comunicatistampa\/wp-json\/wp\/v2\/comments?post=27672"}],"version-history":[{"count":2,"href":"https:\/\/www.article-marketing.eu\/comunicatistampa\/wp-json\/wp\/v2\/posts\/27672\/revisions"}],"predecessor-version":[{"id":27693,"href":"https:\/\/www.article-marketing.eu\/comunicatistampa\/wp-json\/wp\/v2\/posts\/27672\/revisions\/27693"}],"wp:attachment":[{"href":"https:\/\/www.article-marketing.eu\/comunicatistampa\/wp-json\/wp\/v2\/media?parent=27672"}],"wp:term":[{"taxonomy":"category","embeddable":true,"href":"https:\/\/www.article-marketing.eu\/comunicatistampa\/wp-json\/wp\/v2\/categories?post=27672"},{"taxonomy":"post_tag","embeddable":true,"href":"https:\/\/www.article-marketing.eu\/comunicatistampa\/wp-json\/wp\/v2\/tags?post=27672"}],"curies":[{"name":"wp","href":"https:\/\/api.w.org\/{rel}","templated":true}]}}